{"id":8840,"date":"2023-07-05T15:38:36","date_gmt":"2023-07-05T19:38:36","guid":{"rendered":"https:\/\/mcq.org\/?post_type=presse&#038;p=8840"},"modified":"2024-08-15T12:55:38","modified_gmt":"2024-08-15T16:55:38","slug":"titanic-lexposition-presentee-en-exclusivite-canadienne-au-musee-de-la-civilisation-en-2025","status":"publish","type":"presse","link":"https:\/\/mcq.org\/en\/a-propos\/medias\/communiques\/titanic-lexposition-presentee-en-exclusivite-canadienne-au-musee-de-la-civilisation-en-2025\/","title":{"rendered":"Titanic, l\u2019exposition pr\u00e9sent\u00e9e en exclusivit\u00e9 canadienne au Mus\u00e9e de la civilisation en 2025"},"content":{"rendered":"<div  class=\"container contenu-centre\">\n  <div class=\"row justify-content-center\">\n    <div class=\"col-lg-10 col-xl-8\">\n      \n        \n\n<p>Toujours \u00e0 l\u2019aff\u00fbt de grandes expositions internationales en tourn\u00e9e \u00e0 travers le monde, le Mus\u00e9e de la civilisation est fier de pouvoir inscrire \u00e0 sa programmation de 2025 une exposition extr\u00eamement touchante mettant en lumi\u00e8re la construction et l\u2019organisation de la vie \u00e0 bord du Titanic, le plus c\u00e9l\u00e8bre transatlantique du 20<sup>e<\/sup> si\u00e8cle. C\u2019est gr\u00e2ce au soutien de 500\u2009000 $, issu de l\u2019Entente de d\u00e9veloppement culturel dans le cadre de la Mesure d\u2019aide financi\u00e8re \u00e0 l\u2019intention des mus\u00e9es d\u2019\u00c9tat, que <em>Titanic, l\u2019exposition<\/em> sera pr\u00e9sent\u00e9e \u00e0 Qu\u00e9bec en exclusivit\u00e9 canadienne.<\/p>\n<h2>Citation<\/h2>\n<p>\u00ab\u2009L\u2019aide octroy\u00e9e par la Ville de Qu\u00e9bec et par le minist\u00e8re de la Culture et des Communications est extr\u00eamement appr\u00e9ci\u00e9e. Elle permet \u00e0 notre institution de poursuivre son objectif d\u2019offrir, \u00e0 la client\u00e8le qu\u00e9b\u00e9coise et touristique, des expositions internationales aux th\u00e8mes fascinants et d\u2019une qualit\u00e9 exceptionnelle. Cela renforce notre positionnement \u00e0 titre d\u2019acteur majeur sur la sc\u00e8ne mus\u00e9ale \u00e9trang\u00e8re et celui de notre belle r\u00e9gion comme destination incontournable. Nous sommes convaincus que <em>Titanic, l\u2019exposition<\/em> aura un vif succ\u00e8s puisque son sujet fait partie de la m\u00e9moire universelle et qu\u2019\u00e0 sa seule \u00e9vocation, il fait vibrer une fibre sensible commune \u00e0 tous et \u00e0 toutes.\u2009\u00bb <strong><em>St\u00e9phan La Roche, pr\u00e9sident-directeur g\u00e9n\u00e9ral du Mus\u00e9e de la civilisation<\/em><\/strong><\/p>\n<h2>Faits saillants<\/h2>\n<ul>\n<li>D\u00e0s juin 2025, le public pourra admirer des objets ayant appartenu \u00e0 des membres de l\u2019\u00e9quipage et aux personnes qui voyageaient \u00e0 son bord (bijoux, v\u00eatements, objets du quotidien et archives) selon leur classe sociale.<\/li>\n<li>Pr\u00e8s de 200 tr\u00e9sors illustreront le propos, dont plusieurs seront mis en valeur \u00e0 l\u2019int\u00e9rieur de fid\u00e8les reconstitutions d\u2019espaces qui composaient le paquebot dit insubmersible.<\/li>\n<li>Un d\u00e9ploiement mus\u00e9ologique extr\u00eamement fort et saisissant qui g\u00e9n\u00e8re une vive \u00e9motion d\u00e9cupl\u00e9e gr\u00e2ce \u00e0 un audioguide diffusant une trame narrative des plus bouleversantes, redonnant vie \u00e0 celles et \u00e0 ceux qui ont v\u00e9cu la funeste nuit du 14 au 15 avril 1912.<\/li>\n<li>Titanic, l\u2019exposition est une r\u00e9alisation de Musealia, une firme espagnole reconnue sur la sc\u00e8ne internationale, depuis maintenant plus de 20 ans, pour ses projets sur des \u00e9v\u00e9nements historiques significatifs et pour la gamme d\u2019\u00e9motions qu\u2019ils font vivre aux publics.<\/li>\n<li>Le parcours de cette exposition a \u00e9t\u00e9 d\u00e9velopp\u00e9 par l\u2019un des experts mondiaux de l\u2019histoire du Titanic, Claes-G\u00f6ran Wetterholm, comptant \u00e0 son actif quatre voyages de recherche vers l\u2019\u00e9pave. Il a notamment proc\u00e9d\u00e9 \u00e0 la fine s\u00e9lection des objets pr\u00e9sent\u00e9s dans l\u2019exposition et a veill\u00e9 \u00e0 ce que ces derniers aient un lien direct avec une personne ayant s\u00e9journ\u00e9 sur le Titanic, toute classe sociale confondue.<\/li>\n<li>Fid\u00e8le \u00e0 sa mission et \u00e0 sa fa\u00e7on de faire, le Mus\u00e9e de la civilisation envisage d\u2019y ajouter du contenu relatif \u00e0 l\u2019histoire maritime qu\u00e9b\u00e9coise.<\/li>\n<li>Titanic, l\u2019exposition a \u00e9t\u00e9 \u00e0 l\u2019affiche d\u2019une vingtaine de lieux mus\u00e9aux internationaux situ\u00e9s principalement en Europe (Barcelone, Bilbao, Stockholm et Londres) et en Am\u00e9rique du Nord (Mexico et New York).<\/li>\n<\/ul>\n<p><strong>Liens connexes :<\/strong><br \/>Musealia : <a href=\"https:\/\/www.musealia.net\/\" target=\"_blank\" rel=\"noopener\">https:\/\/www.musealia.net\/<\/a><\/p>\n<p style=\"text-align: center;\">\u2013 30 \u2013<\/p>\n<p><strong>Relations de presse<\/strong><br \/><strong>Qu\u00e9bec :<\/strong><br \/>Agn\u00e8s Dufour, 418 643-2158 poste 433\u2009; courriel : <a href=\"mailto:agnes.dufour@mcq.org\">agnes.dufour@mcq.org<\/a><br \/>Anne-Sophie Desmeules : 418 643-2158, poste 208\u2009; courriel : <a href=\"mailto:anne-sophie.desmeules@mcq.org\">anne-sophie.desmeules@mcq.org<\/a><\/p>\n<p><strong>Montr\u00e9al :<\/strong><br \/>Rosemonde Gingras : 514 458-8355\u2009; courriel : <a href=\"mailto:rosemonde@rosemondecommunications.com\">rosemonde@rosemondecommunications.com<\/a><\/p>\n\n\n          <\/div>\n  <\/div>\n<\/div>","protected":false},"excerpt":{"rendered":"","protected":false},"featured_media":8838,"parent":0,"menu_order":0,"template":"","comm-tax":[8],"class_list":["post-8840","presse","type-presse","status-publish","has-post-thumbnail","hentry","comm-tax-communique"],"acf":[],"yoast_head":"<!-- This site is optimized with the Yoast SEO Premium plugin v27.3 (Yoast SEO v27.3) - https:\/\/yoast.com\/product\/yoast-seo-premium-wordpress\/ -->\n<title>Titanic, l\u2019exposition pr\u00e9sent\u00e9e en exclusivit\u00e9 canadienne au Mus\u00e9e de la civilisation en 2025 - Communiqu\u00e9 de presse | Mus\u00e9e de la civilisation<\/title>\n<meta name=\"description\" content=\"Titanic, l\u2019exposition pr\u00e9sent\u00e9e en exclusivit\u00e9 canadienne au Mus\u00e9e de la civilisation en 2025- communiqu\u00e9 de presse du Mus\u00e9e de la civilisation \u00e0 Qu\u00e9bec.\" \/>\n<meta name=\"robots\" content=\"index, follow, max-snippet:-1, max-image-preview:large, max-video-preview:-1\" \/>\n<link rel=\"canonical\" href=\"https:\/\/mcq.org\/en\/a-propos\/medias\/communiques\/titanic-lexposition-presentee-en-exclusivite-canadienne-au-musee-de-la-civilisation-en-2025\/\" \/>\n<meta property=\"og:locale\" content=\"en_US\" \/>\n<meta property=\"og:type\" content=\"article\" \/>\n<meta property=\"og:title\" content=\"Titanic, l\u2019exposition pr\u00e9sent\u00e9e en exclusivit\u00e9 canadienne au Mus\u00e9e de la civilisation en 2025 - Communiqu\u00e9 de presse | Mus\u00e9e de la civilisation\" \/>\n<meta property=\"og:description\" content=\"Titanic, l\u2019exposition pr\u00e9sent\u00e9e en exclusivit\u00e9 canadienne au Mus\u00e9e de la civilisation en 2025- communiqu\u00e9 de presse du Mus\u00e9e de la civilisation \u00e0 Qu\u00e9bec.\" \/>\n<meta property=\"og:url\" content=\"https:\/\/mcq.org\/en\/a-propos\/medias\/communiques\/titanic-lexposition-presentee-en-exclusivite-canadienne-au-musee-de-la-civilisation-en-2025\/\" \/>\n<meta property=\"og:site_name\" content=\"Mus\u00e9e de la civilisation\" \/>\n<meta property=\"article:publisher\" content=\"https:\/\/www.facebook.com\/mcqorg\" \/>\n<meta property=\"article:modified_time\" content=\"2024-08-15T16:55:38+00:00\" \/>\n<meta property=\"og:image\" content=\"https:\/\/mcq.org\/wp-content\/uploads\/2023\/07\/presse-titanic-mer-noir-blanc.jpg\" \/>\n\t<meta property=\"og:image:width\" content=\"600\" \/>\n\t<meta property=\"og:image:height\" content=\"600\" \/>\n\t<meta property=\"og:image:type\" content=\"image\/jpeg\" \/>\n<meta name=\"twitter:card\" content=\"summary_large_image\" \/>\n<meta name=\"twitter:site\" content=\"@mcqorg\" \/>\n<meta name=\"twitter:label1\" content=\"Est. reading time\" \/>\n\t<meta name=\"twitter:data1\" content=\"3 minutes\" \/>\n<!-- \/ Yoast SEO Premium plugin. -->","yoast_head_json":{"title":"Titanic, l\u2019exposition pr\u00e9sent\u00e9e en exclusivit\u00e9 canadienne au Mus\u00e9e de la civilisation en 2025 - Communiqu\u00e9 de presse | Mus\u00e9e de la civilisation","description":"Titanic, l\u2019exposition pr\u00e9sent\u00e9e en exclusivit\u00e9 canadienne au Mus\u00e9e de la civilisation en 2025- communiqu\u00e9 de presse du Mus\u00e9e de la civilisation \u00e0 Qu\u00e9bec.","robots":{"index":"index","follow":"follow","max-snippet":"max-snippet:-1","max-image-preview":"max-image-preview:large","max-video-preview":"max-video-preview:-1"},"canonical":"https:\/\/mcq.org\/en\/a-propos\/medias\/communiques\/titanic-lexposition-presentee-en-exclusivite-canadienne-au-musee-de-la-civilisation-en-2025\/","og_locale":"en_US","og_type":"article","og_title":"Titanic, l\u2019exposition pr\u00e9sent\u00e9e en exclusivit\u00e9 canadienne au Mus\u00e9e de la civilisation en 2025 - Communiqu\u00e9 de presse | Mus\u00e9e de la civilisation","og_description":"Titanic, l\u2019exposition pr\u00e9sent\u00e9e en exclusivit\u00e9 canadienne au Mus\u00e9e de la civilisation en 2025- communiqu\u00e9 de presse du Mus\u00e9e de la civilisation \u00e0 Qu\u00e9bec.","og_url":"https:\/\/mcq.org\/en\/a-propos\/medias\/communiques\/titanic-lexposition-presentee-en-exclusivite-canadienne-au-musee-de-la-civilisation-en-2025\/","og_site_name":"Mus\u00e9e de la civilisation","article_publisher":"https:\/\/www.facebook.com\/mcqorg","article_modified_time":"2024-08-15T16:55:38+00:00","og_image":[{"width":600,"height":600,"url":"https:\/\/mcq.org\/wp-content\/uploads\/2023\/07\/presse-titanic-mer-noir-blanc.jpg","type":"image\/jpeg"}],"twitter_card":"summary_large_image","twitter_site":"@mcqorg","twitter_misc":{"Est. reading time":"3 minutes"},"schema":{"@context":"https:\/\/schema.org","@graph":[{"@type":"WebPage","@id":"https:\/\/mcq.org\/en\/a-propos\/medias\/communiques\/titanic-lexposition-presentee-en-exclusivite-canadienne-au-musee-de-la-civilisation-en-2025\/","url":"https:\/\/mcq.org\/en\/a-propos\/medias\/communiques\/titanic-lexposition-presentee-en-exclusivite-canadienne-au-musee-de-la-civilisation-en-2025\/","name":"Titanic, l\u2019exposition pr\u00e9sent\u00e9e en exclusivit\u00e9 canadienne au Mus\u00e9e de la civilisation en 2025 - Communiqu\u00e9 de presse | Mus\u00e9e de la civilisation","isPartOf":{"@id":"https:\/\/mcq.org\/en\/#website"},"primaryImageOfPage":{"@id":"https:\/\/mcq.org\/en\/a-propos\/medias\/communiques\/titanic-lexposition-presentee-en-exclusivite-canadienne-au-musee-de-la-civilisation-en-2025\/#primaryimage"},"image":{"@id":"https:\/\/mcq.org\/en\/a-propos\/medias\/communiques\/titanic-lexposition-presentee-en-exclusivite-canadienne-au-musee-de-la-civilisation-en-2025\/#primaryimage"},"thumbnailUrl":"https:\/\/mcq.org\/wp-content\/uploads\/2023\/07\/presse-titanic-mer-noir-blanc.jpg","datePublished":"2023-07-05T19:38:36+00:00","dateModified":"2024-08-15T16:55:38+00:00","description":"Titanic, l\u2019exposition pr\u00e9sent\u00e9e en exclusivit\u00e9 canadienne au Mus\u00e9e de la civilisation en 2025- communiqu\u00e9 de presse du Mus\u00e9e de la civilisation \u00e0 Qu\u00e9bec.","breadcrumb":{"@id":"https:\/\/mcq.org\/en\/a-propos\/medias\/communiques\/titanic-lexposition-presentee-en-exclusivite-canadienne-au-musee-de-la-civilisation-en-2025\/#breadcrumb"},"inLanguage":"en-US","potentialAction":[{"@type":"ReadAction","target":["https:\/\/mcq.org\/en\/a-propos\/medias\/communiques\/titanic-lexposition-presentee-en-exclusivite-canadienne-au-musee-de-la-civilisation-en-2025\/"]}]},{"@type":"ImageObject","inLanguage":"en-US","@id":"https:\/\/mcq.org\/en\/a-propos\/medias\/communiques\/titanic-lexposition-presentee-en-exclusivite-canadienne-au-musee-de-la-civilisation-en-2025\/#primaryimage","url":"https:\/\/mcq.org\/wp-content\/uploads\/2023\/07\/presse-titanic-mer-noir-blanc.jpg","contentUrl":"https:\/\/mcq.org\/wp-content\/uploads\/2023\/07\/presse-titanic-mer-noir-blanc.jpg","width":600,"height":600,"caption":"Photo d'archives en noir et blanc du Titanic en mer"},{"@type":"BreadcrumbList","@id":"https:\/\/mcq.org\/en\/a-propos\/medias\/communiques\/titanic-lexposition-presentee-en-exclusivite-canadienne-au-musee-de-la-civilisation-en-2025\/#breadcrumb","itemListElement":[{"@type":"ListItem","position":1,"name":"Home","item":"https:\/\/mcq.org\/en\/"},{"@type":"ListItem","position":2,"name":"Communiqu\u00e9s presse","item":"https:\/\/mcq.org\/en\/a-propos\/medias\/communiques\/"},{"@type":"ListItem","position":3,"name":"Titanic, l\u2019exposition pr\u00e9sent\u00e9e en exclusivit\u00e9 canadienne au Mus\u00e9e de la civilisation en 2025"}]},{"@type":"WebSite","@id":"https:\/\/mcq.org\/en\/#website","url":"https:\/\/mcq.org\/en\/","name":"Mus\u00e9e de la civilisation","description":"Le Mus\u00e9e de la civilisation explore les diff\u00e9rentes facettes de la r\u00e9alit\u00e9 humaine avec sa d\u00e9marche unique qui combine enchantement, connaissance et r\u00e9flexion.","publisher":{"@id":"https:\/\/mcq.org\/en\/#organization"},"alternateName":"MCQ","potentialAction":[{"@type":"SearchAction","target":{"@type":"EntryPoint","urlTemplate":"https:\/\/mcq.org\/en\/?s={search_term_string}"},"query-input":{"@type":"PropertyValueSpecification","valueRequired":true,"valueName":"search_term_string"}}],"inLanguage":"en-US"},{"@type":"Organization","@id":"https:\/\/mcq.org\/en\/#organization","name":"Mus\u00e9e de la civilisation","alternateName":"MCQ","url":"https:\/\/mcq.org\/en\/","logo":{"@type":"ImageObject","inLanguage":"en-US","@id":"https:\/\/mcq.org\/en\/#\/schema\/logo\/image\/","url":"https:\/\/mcq.org\/wp-content\/uploads\/2023\/04\/logo-mcq-300x123-1.png","contentUrl":"https:\/\/mcq.org\/wp-content\/uploads\/2023\/04\/logo-mcq-300x123-1.png","width":300,"height":123,"caption":"Mus\u00e9e de la civilisation"},"image":{"@id":"https:\/\/mcq.org\/en\/#\/schema\/logo\/image\/"},"sameAs":["https:\/\/www.facebook.com\/mcqorg","https:\/\/x.com\/mcqorg","https:\/\/www.instagram.com\/mcqorg\/","https:\/\/www.linkedin.com\/company\/mcqorg\/"]}]}},"_links":{"self":[{"href":"https:\/\/mcq.org\/en\/wp-json\/wp\/v2\/presse\/8840","targetHints":{"allow":["GET"]}}],"collection":[{"href":"https:\/\/mcq.org\/en\/wp-json\/wp\/v2\/presse"}],"about":[{"href":"https:\/\/mcq.org\/en\/wp-json\/wp\/v2\/types\/presse"}],"version-history":[{"count":6,"href":"https:\/\/mcq.org\/en\/wp-json\/wp\/v2\/presse\/8840\/revisions"}],"predecessor-version":[{"id":17892,"href":"https:\/\/mcq.org\/en\/wp-json\/wp\/v2\/presse\/8840\/revisions\/17892"}],"wp:featuredmedia":[{"embeddable":true,"href":"https:\/\/mcq.org\/en\/wp-json\/wp\/v2\/media\/8838"}],"wp:attachment":[{"href":"https:\/\/mcq.org\/en\/wp-json\/wp\/v2\/media?parent=8840"}],"wp:term":[{"taxonomy":"comm-tax","embeddable":true,"href":"https:\/\/mcq.org\/en\/wp-json\/wp\/v2\/comm-tax?post=8840"}],"curies":[{"name":"wp","href":"https:\/\/api.w.org\/{rel}","templated":true}]}}