{"id":8761,"date":"2023-06-27T10:45:13","date_gmt":"2023-06-27T14:45:13","guid":{"rendered":"https:\/\/mcq.org\/?post_type=presse&#038;p=8761"},"modified":"2023-07-27T15:41:43","modified_gmt":"2023-07-27T19:41:43","slug":"un-ete-au-musee","status":"publish","type":"presse","link":"https:\/\/mcq.org\/en\/a-propos\/medias\/communiques\/un-ete-au-musee\/","title":{"rendered":"Un \u00e9t\u00e9 au Mus\u00e9e!"},"content":{"rendered":"<div  class=\"container contenu-centre\">\n  <div class=\"row justify-content-center\">\n    <div class=\"col-lg-10 col-xl-8\">\n      \n        \n\n<p>Durant toute la saison estivale, le Mus\u00e9e de la civilisation s\u2019animera tout particuli\u00e8rement pour offrir une exp\u00e9rience de visite ensoleill\u00e9e et riche \u00e0 souhait \u00e0 ses publics, d\u2019ici et d\u2019ailleurs. La belle saison est l\u2019occasion id\u00e9ale pour planifier une visite au Mus\u00e9e o\u00f9 une programmation sp\u00e9ciale d\u2019activit\u00e9s et l\u2019acc\u00e8s aux exceptionnelles terrasses du Mus\u00e9e (un secret bien gard\u00e9\u2009!) vous attend en plus des <a href=\"\/decouvrir\/expositions\/\">expositions en cours<\/a>.<\/p>\n<h2>Nouveau spectacle d\u2019\u00e9t\u00e9<\/h2>\n<p>Cet \u00e9t\u00e9, faites la connaissance d\u2019Hydro et Oxy, deux dr\u00f4les d\u2019amis, dans un tout nouveau <a href=\"\/decouvrir\/activites\/apporter-demain\/\">spectacle<\/a> pour la famille pr\u00e9sent\u00e9 gratuitement au Mus\u00e9e dans le cadre de l\u2019exposition <a href=\"\/decouvrir\/expositions\/pour-demain\/\"><em>Pour demain<\/em><\/a>. Entre le rire et la r\u00e9flexion, votre mission sera de les aider \u00e0 r\u00e9tablir l\u2019\u00e9quilibre sur la Terre. Y parviendrez-vous\u2009? Pr\u00e9sent\u00e9 dans le hall d\u00e8s le 28 juin, du mercredi au dimanche, \u00e0 12\u00a0h\u00a030 et 14\u00a0h. Une production de Par \u00c9pisode.<\/p>\n<h2>Visites comment\u00e9es <em>Place-Royale autrement<\/em><\/h2>\n<p>D\u00e9couvrez ce quartier riche de plus de 400 ans d\u2019histoire comme vous ne l\u2019avez jamais vu avec une visite comment\u00e9e. Partez \u00e0 la d\u00e9couverte des lieux, personnages et \u00e9v\u00e9nements marquants qui l\u2019ont fa\u00e7onn\u00e9, d\u2019hier \u00e0 aujourd\u2019hui. Des premi\u00e8res habitations de Champlain \u00e0 la Batterie Royale, en passant par l\u2019\u00e9glise Notre-Dame-des-Victoires et les anciennes rives du Saint-Laurent, <a href=\"\/decouvrir\/activites\/visite-de-place-royale\/\">Place-Royale n\u2019aura (presque) plus de secrets<\/a> pour vous.<\/p>\n<p>Tous les jours, jusqu\u2019au 4 septembre.<\/p>\n<h2>5 \u00e0 7 \u00e0 la terrasse de la cour int\u00e9rieure<\/h2>\n<p>Enclav\u00e9e entre les murs du Mus\u00e9e et ceux de la Maison historique Est\u00e8be, la terrasse de la cour int\u00e9rieure du Mus\u00e9e est un secret bien gard\u00e9.<\/p>\n<p>En visite au Mus\u00e9e ou simplement de passage dans le Vieux-Qu\u00e9bec, c\u2019est l\u2019endroit tout indiqu\u00e9 pour se d\u00e9salt\u00e9rer et manger une bouch\u00e9e\u2009! Nollen y propose des boissons fra\u00eeches alcoolis\u00e9es ou non, caf\u00e9s, th\u00e9s et matchas disponibles en version glac\u00e9e, sandwichs \u00e0 la cr\u00e8me glac\u00e9e maison, flotteurs, assiettes de charcuterie et terrine, de savoureuses bruschettas et plus encore.<\/p>\n<p>Les vendredis soir, du 23 juin au 28 juillet. Une occasion de faire une pause juste avant d\u2019amorcer la fin de semaine!<\/p>\n<h2>Animation <em>Un corbillard exceptionnel<\/em><\/h2>\n<p>Le Mus\u00e9e ouvre une fen\u00eatre sur ses coulisses en pr\u00e9sentant le travail de restauration du somptueux <a href=\"https:\/\/mcq.org\/decouvrir\/activites\/un-corbillard-exceptionnel\/\">corbillard d\u2019apparat de la Maison L\u00e9pine<\/a>, datant de 1901. Profitez de cette occasion unique pour observer le travail de la restauratrice en compagnie d\u2019une personne guide-animatrice et laissez-vous surprendre en lisant sur la minutieuse op\u00e9ration de levage qu\u2019il a connue pour \u00eatre hiss\u00e9 jusqu\u2019\u00e0 l\u2019\u00e9tage du Mus\u00e9e\u2009!<\/p>\n<p>Jusqu\u2019au 4 septembre (pr\u00e9sence de la restauratrice du lundi au vendredi durant le mois de juillet, de 13\u00a0h \u00e0 17\u00a0h).<\/p>\n<h2>Rencontrez un.e apiculteur.trice sur les toits du Mus\u00e9e<\/h2>\n<p>Pendant la saison estivale, nos abeilles butinent et viennent concocter leur d\u00e9licieux miel sur les toits du Mus\u00e9e\u2009! Une fois par mois, un.e apiculteur.trice d\u2019Alv\u00e9ole vient faire l\u2019entretien de la ruche et se rend disponible pour le public. <a href=\"\/decouvrir\/activites\/entretien-de-la-ruche\/\">Ne manquez pas ses explications sur cet univers fascinant<\/a>. Pour les gourmets, le miel est en vente \u00e0 la Boutique du Mus\u00e9e!<\/p>\n<h2>Parcours d\u2019\u0153uvres d\u2019art public <em>Les passages insolites<\/em> au Mus\u00e9e\u2009!<\/h2>\n<p>Pour cette \u00e9dition anniversaire des <em><a href=\"https:\/\/passagesinsolites.com\/\" target=\"_blank\" rel=\"noopener\">Passages insolites<\/a><\/em>, voyez la ville autrement avec ce circuit urbain qui passe notamment par le Mus\u00e9e. Suivez la carte et arr\u00eatez-vous sur les toits du Mus\u00e9e pour appr\u00e9cier l\u2019\u0153uvre de r\u00e9alit\u00e9 augment\u00e9e <em>Le Jugement<\/em>, de Cooke-Sasseville, qui vous pointera du doigt ou encore, cherchez le regard qui ne vous quittera jamais des yeux avec l\u2019\u0153uvre Big Other, du duo Pierre&amp;Marie.<\/p>\n<h2>La fin du MLab Creaform<\/h2>\n<p>C\u2019est d\u00e9j\u00e0 la fin du MLab Creaform qui fermera ses portes apr\u00e8s cinq ann\u00e9es d\u2019activit\u00e9s, le 5 septembre prochain. C\u2019est donc la derni\u00e8re chance d\u2019en profiter\u2009! Venez tester des prototypes innovants et des dispositifs num\u00e9riques qui pourraient trouver leur chemin en exposition et n\u2019importe o\u00f9 ailleurs dans le Mus\u00e9e avec <a href=\"\/decouvrir\/activites\/jmlab\/\">l\u2019activit\u00e9 <em>J\u2019M Lab\u2009!<\/em><\/a><\/p>\n<h2>Horaire d\u2019\u00e9t\u00e9<\/h2>\n<p>Jusqu\u2019au 4 septembre, le Mus\u00e9e de la civilisation ouvre ses portes tous les jours de la semaine, y compris les lundis, de 10\u00a0h \u00e0 17\u00a0h.<\/p>\n<p>\u00a0<\/p>\n<p style=\"text-align: center;\">&#8211;\u00a030\u00a0\u2013<\/p>\n<p>\u00a0<\/p>\n<p><strong>Relations de presse\u00a0<\/strong><\/p>\n<p><strong>Qu\u00e9bec\u00a0:<br \/><\/strong>Anne-Sophie Desmeules\u00a0: 418\u00a0643-2158 poste 208\u2009; courriel\u00a0: <a href=\"mailto:anne-sophie.desmeules@mcq.org\">anne-sophie.desmeules@mcq.org\u00a0<\/a><\/p>\n<p>Agn\u00e8s Dufour\u00a0: 418\u00a0643-2158 poste 433\u2009; courriel\u00a0: <a href=\"mailto:agnes.dufour@mcq.org\">agnes.dufour@mcq.org<\/a><\/p>\n<p><strong>Montr\u00e9al\u00a0:<br \/><\/strong>Rosemonde Gingras\u00a0: 514\u00a0458-8355\u2009; courriel\u00a0: <a href=\"mailto:rosemonde@rosemondecommunications.com\">rosemonde@rosemondecommunications.com<\/a><\/p>\n<p class=\"vignette\">Publi\u00e9 le 27 juin 2023<\/p>\n\n\n          <\/div>\n  <\/div>\n<\/div>","protected":false},"excerpt":{"rendered":"","protected":false},"featured_media":8759,"parent":0,"menu_order":0,"template":"","comm-tax":[8],"class_list":["post-8761","presse","type-presse","status-publish","has-post-thumbnail","hentry","comm-tax-communique"],"acf":[],"yoast_head":"<!-- This site is optimized with the Yoast SEO Premium plugin v27.3 (Yoast SEO v27.3) - https:\/\/yoast.com\/product\/yoast-seo-premium-wordpress\/ -->\n<title>Un \u00e9t\u00e9 au Mus\u00e9e! - Communiqu\u00e9 de presse | Mus\u00e9e de la civilisation<\/title>\n<meta name=\"description\" content=\"Un \u00e9t\u00e9 au Mus\u00e9e!- communiqu\u00e9 de presse du Mus\u00e9e de la civilisation \u00e0 Qu\u00e9bec.\" \/>\n<meta name=\"robots\" content=\"index, follow, max-snippet:-1, max-image-preview:large, max-video-preview:-1\" \/>\n<link rel=\"canonical\" href=\"https:\/\/mcq.org\/en\/a-propos\/medias\/communiques\/un-ete-au-musee\/\" \/>\n<meta property=\"og:locale\" content=\"en_US\" \/>\n<meta property=\"og:type\" content=\"article\" \/>\n<meta property=\"og:title\" content=\"Un \u00e9t\u00e9 au Mus\u00e9e! - Communiqu\u00e9 de presse | Mus\u00e9e de la civilisation\" \/>\n<meta property=\"og:description\" content=\"Un \u00e9t\u00e9 au Mus\u00e9e!- communiqu\u00e9 de presse du Mus\u00e9e de la civilisation \u00e0 Qu\u00e9bec.\" \/>\n<meta property=\"og:url\" content=\"https:\/\/mcq.org\/en\/a-propos\/medias\/communiques\/un-ete-au-musee\/\" \/>\n<meta property=\"og:site_name\" content=\"Mus\u00e9e de la civilisation\" \/>\n<meta property=\"article:publisher\" content=\"https:\/\/www.facebook.com\/mcqorg\" \/>\n<meta property=\"article:modified_time\" content=\"2023-07-27T19:41:43+00:00\" \/>\n<meta property=\"og:image\" content=\"https:\/\/mcq.org\/wp-content\/uploads\/2023\/06\/programmation-ete-2023.jpg\" \/>\n\t<meta property=\"og:image:width\" content=\"600\" \/>\n\t<meta property=\"og:image:height\" content=\"600\" \/>\n\t<meta property=\"og:image:type\" content=\"image\/jpeg\" \/>\n<meta name=\"twitter:card\" content=\"summary_large_image\" \/>\n<meta name=\"twitter:site\" content=\"@mcqorg\" \/>\n<meta name=\"twitter:label1\" content=\"Est. reading time\" \/>\n\t<meta name=\"twitter:data1\" content=\"4 minutes\" \/>\n<!-- \/ Yoast SEO Premium plugin. -->","yoast_head_json":{"title":"Un \u00e9t\u00e9 au Mus\u00e9e! - Communiqu\u00e9 de presse | Mus\u00e9e de la civilisation","description":"Un \u00e9t\u00e9 au Mus\u00e9e!- communiqu\u00e9 de presse du Mus\u00e9e de la civilisation \u00e0 Qu\u00e9bec.","robots":{"index":"index","follow":"follow","max-snippet":"max-snippet:-1","max-image-preview":"max-image-preview:large","max-video-preview":"max-video-preview:-1"},"canonical":"https:\/\/mcq.org\/en\/a-propos\/medias\/communiques\/un-ete-au-musee\/","og_locale":"en_US","og_type":"article","og_title":"Un \u00e9t\u00e9 au Mus\u00e9e! - Communiqu\u00e9 de presse | Mus\u00e9e de la civilisation","og_description":"Un \u00e9t\u00e9 au Mus\u00e9e!- communiqu\u00e9 de presse du Mus\u00e9e de la civilisation \u00e0 Qu\u00e9bec.","og_url":"https:\/\/mcq.org\/en\/a-propos\/medias\/communiques\/un-ete-au-musee\/","og_site_name":"Mus\u00e9e de la civilisation","article_publisher":"https:\/\/www.facebook.com\/mcqorg","article_modified_time":"2023-07-27T19:41:43+00:00","og_image":[{"width":600,"height":600,"url":"https:\/\/mcq.org\/wp-content\/uploads\/2023\/06\/programmation-ete-2023.jpg","type":"image\/jpeg"}],"twitter_card":"summary_large_image","twitter_site":"@mcqorg","twitter_misc":{"Est. reading time":"4 minutes"},"schema":{"@context":"https:\/\/schema.org","@graph":[{"@type":"WebPage","@id":"https:\/\/mcq.org\/en\/a-propos\/medias\/communiques\/un-ete-au-musee\/","url":"https:\/\/mcq.org\/en\/a-propos\/medias\/communiques\/un-ete-au-musee\/","name":"Un \u00e9t\u00e9 au Mus\u00e9e! - Communiqu\u00e9 de presse | Mus\u00e9e de la civilisation","isPartOf":{"@id":"https:\/\/mcq.org\/en\/#website"},"primaryImageOfPage":{"@id":"https:\/\/mcq.org\/en\/a-propos\/medias\/communiques\/un-ete-au-musee\/#primaryimage"},"image":{"@id":"https:\/\/mcq.org\/en\/a-propos\/medias\/communiques\/un-ete-au-musee\/#primaryimage"},"thumbnailUrl":"https:\/\/mcq.org\/wp-content\/uploads\/2023\/06\/programmation-ete-2023.jpg","datePublished":"2023-06-27T14:45:13+00:00","dateModified":"2023-07-27T19:41:43+00:00","description":"Un \u00e9t\u00e9 au Mus\u00e9e!- communiqu\u00e9 de presse du Mus\u00e9e de la civilisation \u00e0 Qu\u00e9bec.","breadcrumb":{"@id":"https:\/\/mcq.org\/en\/a-propos\/medias\/communiques\/un-ete-au-musee\/#breadcrumb"},"inLanguage":"en-US","potentialAction":[{"@type":"ReadAction","target":["https:\/\/mcq.org\/en\/a-propos\/medias\/communiques\/un-ete-au-musee\/"]}]},{"@type":"ImageObject","inLanguage":"en-US","@id":"https:\/\/mcq.org\/en\/a-propos\/medias\/communiques\/un-ete-au-musee\/#primaryimage","url":"https:\/\/mcq.org\/wp-content\/uploads\/2023\/06\/programmation-ete-2023.jpg","contentUrl":"https:\/\/mcq.org\/wp-content\/uploads\/2023\/06\/programmation-ete-2023.jpg","width":600,"height":600,"caption":"Cockail \u00e0 base de fraise dans un grand verre sur un des murets de la cour int\u00e9rieure du Mus\u00e9e"},{"@type":"BreadcrumbList","@id":"https:\/\/mcq.org\/en\/a-propos\/medias\/communiques\/un-ete-au-musee\/#breadcrumb","itemListElement":[{"@type":"ListItem","position":1,"name":"Home","item":"https:\/\/mcq.org\/en\/"},{"@type":"ListItem","position":2,"name":"Communiqu\u00e9s presse","item":"https:\/\/mcq.org\/en\/a-propos\/medias\/communiques\/"},{"@type":"ListItem","position":3,"name":"Un \u00e9t\u00e9 au Mus\u00e9e!"}]},{"@type":"WebSite","@id":"https:\/\/mcq.org\/en\/#website","url":"https:\/\/mcq.org\/en\/","name":"Mus\u00e9e de la civilisation","description":"Le Mus\u00e9e de la civilisation explore les diff\u00e9rentes facettes de la r\u00e9alit\u00e9 humaine avec sa d\u00e9marche unique qui combine enchantement, connaissance et r\u00e9flexion.","publisher":{"@id":"https:\/\/mcq.org\/en\/#organization"},"alternateName":"MCQ","potentialAction":[{"@type":"SearchAction","target":{"@type":"EntryPoint","urlTemplate":"https:\/\/mcq.org\/en\/?s={search_term_string}"},"query-input":{"@type":"PropertyValueSpecification","valueRequired":true,"valueName":"search_term_string"}}],"inLanguage":"en-US"},{"@type":"Organization","@id":"https:\/\/mcq.org\/en\/#organization","name":"Mus\u00e9e de la civilisation","alternateName":"MCQ","url":"https:\/\/mcq.org\/en\/","logo":{"@type":"ImageObject","inLanguage":"en-US","@id":"https:\/\/mcq.org\/en\/#\/schema\/logo\/image\/","url":"https:\/\/mcq.org\/wp-content\/uploads\/2023\/04\/logo-mcq-300x123-1.png","contentUrl":"https:\/\/mcq.org\/wp-content\/uploads\/2023\/04\/logo-mcq-300x123-1.png","width":300,"height":123,"caption":"Mus\u00e9e de la civilisation"},"image":{"@id":"https:\/\/mcq.org\/en\/#\/schema\/logo\/image\/"},"sameAs":["https:\/\/www.facebook.com\/mcqorg","https:\/\/x.com\/mcqorg","https:\/\/www.instagram.com\/mcqorg\/","https:\/\/www.linkedin.com\/company\/mcqorg\/"]}]}},"_links":{"self":[{"href":"https:\/\/mcq.org\/en\/wp-json\/wp\/v2\/presse\/8761","targetHints":{"allow":["GET"]}}],"collection":[{"href":"https:\/\/mcq.org\/en\/wp-json\/wp\/v2\/presse"}],"about":[{"href":"https:\/\/mcq.org\/en\/wp-json\/wp\/v2\/types\/presse"}],"version-history":[{"count":11,"href":"https:\/\/mcq.org\/en\/wp-json\/wp\/v2\/presse\/8761\/revisions"}],"predecessor-version":[{"id":9276,"href":"https:\/\/mcq.org\/en\/wp-json\/wp\/v2\/presse\/8761\/revisions\/9276"}],"wp:featuredmedia":[{"embeddable":true,"href":"https:\/\/mcq.org\/en\/wp-json\/wp\/v2\/media\/8759"}],"wp:attachment":[{"href":"https:\/\/mcq.org\/en\/wp-json\/wp\/v2\/media?parent=8761"}],"wp:term":[{"taxonomy":"comm-tax","embeddable":true,"href":"https:\/\/mcq.org\/en\/wp-json\/wp\/v2\/comm-tax?post=8761"}],"curies":[{"name":"wp","href":"https:\/\/api.w.org\/{rel}","templated":true}]}}