{"id":8626,"date":"2023-06-20T16:42:31","date_gmt":"2023-06-20T20:42:31","guid":{"rendered":"https:\/\/mcq.org\/?post_type=presse&#038;p=8626"},"modified":"2023-06-21T14:53:50","modified_gmt":"2023-06-21T18:53:50","slug":"reconnaitre-lapport-des-peuples-autochtones","status":"publish","type":"presse","link":"https:\/\/mcq.org\/en\/a-propos\/medias\/communiques\/reconnaitre-lapport-des-peuples-autochtones\/","title":{"rendered":"Reconna\u00eetre l\u2019apport des peuples autochtones\u00a0:\u00a0des contenus vari\u00e9s et une approche globale\u00a0"},"content":{"rendered":"\n<p><\/p>\n\n\n<div  class=\"container contenu-centre\">\n  <div class=\"row justify-content-center\">\n    <div class=\"col-lg-10 col-xl-8\">\n      \n        \n\n<p>L\u2019histoire, les cultures et les contributions des peuples autochtones \u00e0 notre soci\u00e9t\u00e9 sont importantes. La Journ\u00e9e nationale des peuples autochtones vise \u00e0 amener toute la collectivit\u00e9 \u00e0 reconna\u00eetre cet apport, mais constitue aussi une occasion tout indiqu\u00e9e pour en apprendre davantage. En plus de pr\u00e9senter de nombreux contenus dans le cadre de sa programmation, le Mus\u00e9e cherche depuis toujours des mani\u00e8res d\u2019\u00eatre plus \u00e0 l\u2019\u00e9coute, respectueux et sensible dans ses fa\u00e7ons d\u2019aborder ce sujet et de travailler avec les nations autochtones. \u00a0\u00a0<\/p>\n<p>\u00a0<\/p>\n<h2><strong>Un nouveau cadre de collaboration avec les nations autochtones<\/strong><\/h2>\n<p>En continuit\u00e9 de cette volont\u00e9, le Mus\u00e9e de la civilisation a d\u00e9velopp\u00e9, avec le soutien de ses collaborateurs Inuit et des Premi\u00e8res Nations, un <a href=\"\/wp-content\/uploads\/2023\/06\/cadre-collaboration-autochtones-musee-civilisation.pdf\" target=\"_blank\" rel=\"noopener\" data-wplink-edit=\"true\">cadre de collaboration avec les nations autochtones<\/a>, dont l\u2019objectif est de favoriser le d\u00e9veloppement et le perfectionnement d\u2019approches respectueuses des voix, des savoirs et des int\u00e9r\u00eats autochtones. Cette initiative permettra au Mus\u00e9e de poursuivre son cheminement vers des relations, avec les peuples autochtones, fond\u00e9es sur l\u2019importance de la rencontre, de la r\u00e9conciliation et de l\u2019\u00e9coute, tant dans son approche institutionnelle que dans le d\u00e9veloppement de ses contenus.<\/p>\n<p>\u00a0<\/p>\n<h2>Principales actions<\/h2>\n<p><strong>Mise sur pied d\u2019un comit\u00e9 d\u2019action mus\u00e9ale autochtone (CAMA)\u00a0<\/strong><\/p>\n<p>Compos\u00e9 de membres des 11 nations autochtones pr\u00e9sentes au Qu\u00e9bec, ainsi que de professionnels et d\u2019un gestionnaire du Mus\u00e9e, le CAMA est un comit\u00e9 permanent qui aura pour mandat de faire des recommandations au comit\u00e9 de direction du Mus\u00e9e, proposer des initiatives, discuter des enjeux mus\u00e9aux et valider des propositions concernant, directement ou indirectement, les Autochtones.<\/p>\n<p>Une action transversale qui vise les champs d\u2019intervention suivants\u00a0:<\/p>\n<ul>\n<li>Programmation\u2009;<\/li>\n<li>Collections\u2009;<\/li>\n<li>Accueil et services aux visiteurs\u2009;<\/li>\n<li>Gestion des ressources humaines\u2009;<\/li>\n<li>Communications.<\/li>\n<\/ul>\n<p>\u00ab\u2009Une rencontre \u00e9galitaire des sensibilit\u00e9s et des savoirs de nos soci\u00e9t\u00e9s ne peut qu\u2019\u00eatre b\u00e9n\u00e9fique pour le vivre-ensemble et le d\u00e9veloppement des connaissances sur le monde, sur cet univers de territoires enchev\u00eatr\u00e9s que l\u2019on nomme aujourd\u2019hui le Qu\u00e9bec, et sur les humains et les autres formes de vie qui, depuis des milliers d\u2019ann\u00e9es, l\u2019ont parcouru, fa\u00e7onn\u00e9, d\u00e9velopp\u00e9, pens\u00e9, incarn\u00e9, aim\u00e9. \u00c0 toutes les personnes qui ont particip\u00e9 \u00e0 l\u2019\u00e9laboration de ce cadre\u00a0: nakurmiik, woliwon, mikwetc, tshinashkumitinau, tiawenk, nia\u2019wen, wela\u2019lioq, wliwni, migwech, merci!\u2009\u00bb <strong><em>St\u00e9phan La Roche, pr\u00e9sident-directeur g\u00e9n\u00e9ral, Mus\u00e9e de la civilisation<\/em><\/strong><\/p>\n<p>\u00a0<\/p>\n<p>\u00ab\u2009La rencontre de nos cultures et de nos expertises est prometteuse non seulement pour soutenir les efforts des nations autochtones, mais aussi pour inspirer la mus\u00e9ologie qu\u00e9b\u00e9coise dans son \u00e9volution en tant que discipline. Plus largement, cela signifie que le moment est venu pour nous, nations autochtones, de reprendre notre place dans le monde et l\u2019enrichir de nos chants, de nos danses, de nos savoirs et de nos expertises.\u2009\u00bb <em><strong>Nicole O\u2019Bomsawin, membre de la nation Ab\u00e9nakise, anthropologue, mus\u00e9ologue et membre du conseil d\u2019administration du Mus\u00e9e de la civilisation<\/strong><\/em><\/p>\n<p>\u00a0<\/p>\n<h2>Une invitation \u00e0 (re) d\u00e9couvrir diff\u00e9rents contenus portant sur les Premi\u00e8res Nations, les Inuit et leurs r\u00e9alit\u00e9s<\/h2>\n<p>Que ce soit par une visite sur place ou virtuelle, par l\u2019\u00e9coute d\u2019un balado, d\u2019une table ronde ou encore par la d\u00e9couverte d\u2019un livre ou d\u2019un produit autochtone, chaque nouvel apprentissage permet de s\u2019ouvrir \u00e0 une partie de la culture autochtone et de c\u00e9l\u00e9brer la diversit\u00e9. Une occasion tout indiqu\u00e9e pour en apprendre davantage sur l\u2019histoire, les cultures et les contributions des Premiers Peuples \u00e0 notre soci\u00e9t\u00e9.\u00a0<br \/><a href=\"\/decouvrir\/expositions\/cest-notre-histoire\/des-contenus-pour-en-apprendre-plus-sur-les-cultures-autochtones-au-quebec\/\">Parcourez des contenus pour en apprendre plus sur les cultures autochtones au Qu\u00e9bec<\/a><\/p>\n<p>\u00a0<\/p>\n<p><strong>Exposition permanente<\/strong><\/p>\n<p><strong><a href=\"\/decouvrir\/expositions\/cest-notre-histoire\/\"><em>C\u2019est notre histoire. Premi\u00e8res Nations et Inuit du XXI<sup>e<\/sup> si\u00e8cle<\/em><\/a><\/strong><\/p>\n<p>Que signifie \u00eatre Autochtone au XXI<sup>e<\/sup> si\u00e8cle\u2009? Partez \u00e0 la d\u00e9couverte des cultures autochtones d\u2019aujourd\u2019hui et de leurs visions du monde dans l\u2019exposition <em>C\u2019est notre histoire. Premi\u00e8res Nations et Inuit du XXI<sup>e<\/sup> si\u00e8cle<\/em>, pr\u00e9sent\u00e9e par Hydro-Qu\u00e9bec. S\u2019appuyant sur une riche collection avec la pr\u00e9sentation de plus de 450 objets, ainsi que sur des \u0153uvres d\u2019art contemporain d\u2019artistes autochtones, l\u2019exposition est le fruit d\u2019une concertation \u00e9troite avec les 11 nations autochtones pr\u00e9sentes au Qu\u00e9bec.<\/p>\n<p><a href=\"\/decouvrir\/expositions\/pour-demain\"><em><strong>Pour demain<\/strong><\/em><\/a><\/p>\n<p>Quelle est notre relation avec la Terre\u2009? Que pouvons-nous faire aujourd\u2019hui, pour demain\u2009? Dans les cultures autochtones, le respect de l\u2019environnement est une valeur fondamentale. Plusieurs apprentissages peuvent \u00eatre faits en comprenant comment la nature et l\u2019humain sont interd\u00e9pendants, que la relation \u00e0 la Terre implique un respect profond.<\/p>\n<p>L\u2019interd\u00e9pendance du vivant est d\u2019ailleurs bien illustr\u00e9e dans l\u2019\u0153uvre\u00a0<em>Three Sisters<\/em>\u00a0de l\u2019artiste Kanien\u2019keh\u00e0\u00a0: ka (mohawk) Skawennati, pr\u00e9sent\u00e9e dans l\u2019exposition\u00a0<em>Pour demain<\/em>. Dans un futur pas trop lointain, les mythiques trois s\u0153urs (la courge, le ma\u00efs et les haricots), repr\u00e9sent\u00e9es sous forme de superh\u00e9ro\u00efnes, sont \u00e0 nouveau respect\u00e9es et reconnues pour agir en symbiose, avec attention et gentillesse, et sauver l\u2019humanit\u00e9.<\/p>\n<p>\u00a0<\/p>\n<p style=\"text-align: center;\">&#8211;\u00a030\u00a0\u2013<\/p>\n<p>\u00a0<\/p>\n<p><strong>Relations de presse\u00a0<\/strong><\/p>\n<p><strong>Qu\u00e9bec\u00a0:<\/strong><\/p>\n<p>Anne-Sophie Desmeules\u00a0: 418\u00a0643-2158 poste 208\u2009; courriel\u00a0: <a href=\"mailto:anne-sophie.desmeules@mcq.org\">anne-sophie.desmeules@mcq.org<\/a><\/p>\n<p>Agn\u00e8s Dufour\u00a0: 418\u00a0643-2158 poste 433\u2009; courriel\u00a0: <a href=\"mailto:agnes.dufour@mcq.org\">agnes.dufour@mcq.org<\/a><\/p>\n<p>\u00a0<\/p>\n<p><strong>Montr\u00e9al\u00a0:<\/strong><\/p>\n<p>Rosemonde Gingras\u00a0: 514\u00a0458-8355\u2009; courriel\u00a0: <a href=\"mailto:rosemonde@rosemondecommunications.com\">rosemonde@rosemondecommunications.com<\/a><\/p>\n<p class=\"vignette\">Publi\u00e9 le 21 juin 2023<\/p>\n\n\n          <\/div>\n  <\/div>\n<\/div>","protected":false},"excerpt":{"rendered":"","protected":false},"featured_media":5995,"parent":0,"menu_order":0,"template":"","comm-tax":[8],"class_list":["post-8626","presse","type-presse","status-publish","has-post-thumbnail","hentry","comm-tax-communique"],"acf":[],"yoast_head":"<!-- This site is optimized with the Yoast SEO Premium plugin v27.3 (Yoast SEO v27.3) - https:\/\/yoast.com\/product\/yoast-seo-premium-wordpress\/ -->\n<title>Reconna\u00eetre l\u2019apport des peuples autochtones\u00a0:\u00a0des contenus vari\u00e9s et une approche globale\u00a0 - Communiqu\u00e9 de presse | Mus\u00e9e de la civilisation<\/title>\n<meta name=\"description\" content=\"Reconna\u00eetre l\u2019apport des peuples autochtones\u00a0:\u00a0des contenus vari\u00e9s et une approche globale\u00a0- communiqu\u00e9 de presse du Mus\u00e9e de la civilisation \u00e0 Qu\u00e9bec.\" \/>\n<meta name=\"robots\" content=\"index, follow, max-snippet:-1, max-image-preview:large, max-video-preview:-1\" \/>\n<link rel=\"canonical\" href=\"https:\/\/mcq.org\/en\/a-propos\/medias\/communiques\/reconnaitre-lapport-des-peuples-autochtones\/\" \/>\n<meta property=\"og:locale\" content=\"en_US\" \/>\n<meta property=\"og:type\" content=\"article\" \/>\n<meta property=\"og:title\" content=\"Reconna\u00eetre l\u2019apport des peuples autochtones\u00a0:\u00a0des contenus vari\u00e9s et une approche globale\u00a0 - Communiqu\u00e9 de presse | Mus\u00e9e de la civilisation\" \/>\n<meta property=\"og:description\" content=\"Reconna\u00eetre l\u2019apport des peuples autochtones\u00a0:\u00a0des contenus vari\u00e9s et une approche globale\u00a0- communiqu\u00e9 de presse du Mus\u00e9e de la civilisation \u00e0 Qu\u00e9bec.\" \/>\n<meta property=\"og:url\" content=\"https:\/\/mcq.org\/en\/a-propos\/medias\/communiques\/reconnaitre-lapport-des-peuples-autochtones\/\" \/>\n<meta property=\"og:site_name\" content=\"Mus\u00e9e de la civilisation\" \/>\n<meta property=\"article:publisher\" content=\"https:\/\/www.facebook.com\/mcqorg\" \/>\n<meta property=\"article:modified_time\" content=\"2023-06-21T18:53:50+00:00\" \/>\n<meta property=\"og:image\" content=\"https:\/\/mcq.org\/wp-content\/uploads\/2023\/05\/envolee-noiretblanc-presse-600x600-1.jpg\" \/>\n\t<meta property=\"og:image:width\" content=\"600\" \/>\n\t<meta property=\"og:image:height\" content=\"600\" \/>\n\t<meta property=\"og:image:type\" content=\"image\/jpeg\" \/>\n<meta name=\"twitter:card\" content=\"summary_large_image\" \/>\n<meta name=\"twitter:site\" content=\"@mcqorg\" \/>\n<meta name=\"twitter:label1\" content=\"Est. reading time\" \/>\n\t<meta name=\"twitter:data1\" content=\"4 minutes\" \/>\n<!-- \/ Yoast SEO Premium plugin. -->","yoast_head_json":{"title":"Reconna\u00eetre l\u2019apport des peuples autochtones\u00a0:\u00a0des contenus vari\u00e9s et une approche globale\u00a0 - Communiqu\u00e9 de presse | Mus\u00e9e de la civilisation","description":"Reconna\u00eetre l\u2019apport des peuples autochtones\u00a0:\u00a0des contenus vari\u00e9s et une approche globale\u00a0- communiqu\u00e9 de presse du Mus\u00e9e de la civilisation \u00e0 Qu\u00e9bec.","robots":{"index":"index","follow":"follow","max-snippet":"max-snippet:-1","max-image-preview":"max-image-preview:large","max-video-preview":"max-video-preview:-1"},"canonical":"https:\/\/mcq.org\/en\/a-propos\/medias\/communiques\/reconnaitre-lapport-des-peuples-autochtones\/","og_locale":"en_US","og_type":"article","og_title":"Reconna\u00eetre l\u2019apport des peuples autochtones\u00a0:\u00a0des contenus vari\u00e9s et une approche globale\u00a0 - Communiqu\u00e9 de presse | Mus\u00e9e de la civilisation","og_description":"Reconna\u00eetre l\u2019apport des peuples autochtones\u00a0:\u00a0des contenus vari\u00e9s et une approche globale\u00a0- communiqu\u00e9 de presse du Mus\u00e9e de la civilisation \u00e0 Qu\u00e9bec.","og_url":"https:\/\/mcq.org\/en\/a-propos\/medias\/communiques\/reconnaitre-lapport-des-peuples-autochtones\/","og_site_name":"Mus\u00e9e de la civilisation","article_publisher":"https:\/\/www.facebook.com\/mcqorg","article_modified_time":"2023-06-21T18:53:50+00:00","og_image":[{"width":600,"height":600,"url":"https:\/\/mcq.org\/wp-content\/uploads\/2023\/05\/envolee-noiretblanc-presse-600x600-1.jpg","type":"image\/jpeg"}],"twitter_card":"summary_large_image","twitter_site":"@mcqorg","twitter_misc":{"Est. reading time":"4 minutes"},"schema":{"@context":"https:\/\/schema.org","@graph":[{"@type":"WebPage","@id":"https:\/\/mcq.org\/en\/a-propos\/medias\/communiques\/reconnaitre-lapport-des-peuples-autochtones\/","url":"https:\/\/mcq.org\/en\/a-propos\/medias\/communiques\/reconnaitre-lapport-des-peuples-autochtones\/","name":"Reconna\u00eetre l\u2019apport des peuples autochtones\u00a0:\u00a0des contenus vari\u00e9s et une approche globale\u00a0 - Communiqu\u00e9 de presse | Mus\u00e9e de la civilisation","isPartOf":{"@id":"https:\/\/mcq.org\/en\/#website"},"primaryImageOfPage":{"@id":"https:\/\/mcq.org\/en\/a-propos\/medias\/communiques\/reconnaitre-lapport-des-peuples-autochtones\/#primaryimage"},"image":{"@id":"https:\/\/mcq.org\/en\/a-propos\/medias\/communiques\/reconnaitre-lapport-des-peuples-autochtones\/#primaryimage"},"thumbnailUrl":"https:\/\/mcq.org\/wp-content\/uploads\/2023\/05\/envolee-noiretblanc-presse-600x600-1.jpg","datePublished":"2023-06-20T20:42:31+00:00","dateModified":"2023-06-21T18:53:50+00:00","description":"Reconna\u00eetre l\u2019apport des peuples autochtones\u00a0:\u00a0des contenus vari\u00e9s et une approche globale\u00a0- communiqu\u00e9 de presse du Mus\u00e9e de la civilisation \u00e0 Qu\u00e9bec.","breadcrumb":{"@id":"https:\/\/mcq.org\/en\/a-propos\/medias\/communiques\/reconnaitre-lapport-des-peuples-autochtones\/#breadcrumb"},"inLanguage":"en-US","potentialAction":[{"@type":"ReadAction","target":["https:\/\/mcq.org\/en\/a-propos\/medias\/communiques\/reconnaitre-lapport-des-peuples-autochtones\/"]}]},{"@type":"ImageObject","inLanguage":"en-US","@id":"https:\/\/mcq.org\/en\/a-propos\/medias\/communiques\/reconnaitre-lapport-des-peuples-autochtones\/#primaryimage","url":"https:\/\/mcq.org\/wp-content\/uploads\/2023\/05\/envolee-noiretblanc-presse-600x600-1.jpg","contentUrl":"https:\/\/mcq.org\/wp-content\/uploads\/2023\/05\/envolee-noiretblanc-presse-600x600-1.jpg","width":600,"height":600,"caption":"Photo en noir et blanc de l'oeuvre d'art l'Envol\u00e9e de l\u2019artiste Hanna Claus form\u00e9e de beaucoup de pastilles de papier blanc supsendues."},{"@type":"BreadcrumbList","@id":"https:\/\/mcq.org\/en\/a-propos\/medias\/communiques\/reconnaitre-lapport-des-peuples-autochtones\/#breadcrumb","itemListElement":[{"@type":"ListItem","position":1,"name":"Home","item":"https:\/\/mcq.org\/en\/"},{"@type":"ListItem","position":2,"name":"Communiqu\u00e9s presse","item":"https:\/\/mcq.org\/en\/a-propos\/medias\/communiques\/"},{"@type":"ListItem","position":3,"name":"Reconna\u00eetre l\u2019apport des peuples autochtones\u00a0:\u00a0des contenus vari\u00e9s et une approche globale\u00a0"}]},{"@type":"WebSite","@id":"https:\/\/mcq.org\/en\/#website","url":"https:\/\/mcq.org\/en\/","name":"Mus\u00e9e de la civilisation","description":"Le Mus\u00e9e de la civilisation explore les diff\u00e9rentes facettes de la r\u00e9alit\u00e9 humaine avec sa d\u00e9marche unique qui combine enchantement, connaissance et r\u00e9flexion.","publisher":{"@id":"https:\/\/mcq.org\/en\/#organization"},"alternateName":"MCQ","potentialAction":[{"@type":"SearchAction","target":{"@type":"EntryPoint","urlTemplate":"https:\/\/mcq.org\/en\/?s={search_term_string}"},"query-input":{"@type":"PropertyValueSpecification","valueRequired":true,"valueName":"search_term_string"}}],"inLanguage":"en-US"},{"@type":"Organization","@id":"https:\/\/mcq.org\/en\/#organization","name":"Mus\u00e9e de la civilisation","alternateName":"MCQ","url":"https:\/\/mcq.org\/en\/","logo":{"@type":"ImageObject","inLanguage":"en-US","@id":"https:\/\/mcq.org\/en\/#\/schema\/logo\/image\/","url":"https:\/\/mcq.org\/wp-content\/uploads\/2023\/04\/logo-mcq-300x123-1.png","contentUrl":"https:\/\/mcq.org\/wp-content\/uploads\/2023\/04\/logo-mcq-300x123-1.png","width":300,"height":123,"caption":"Mus\u00e9e de la civilisation"},"image":{"@id":"https:\/\/mcq.org\/en\/#\/schema\/logo\/image\/"},"sameAs":["https:\/\/www.facebook.com\/mcqorg","https:\/\/x.com\/mcqorg","https:\/\/www.instagram.com\/mcqorg\/","https:\/\/www.linkedin.com\/company\/mcqorg\/"]}]}},"_links":{"self":[{"href":"https:\/\/mcq.org\/en\/wp-json\/wp\/v2\/presse\/8626","targetHints":{"allow":["GET"]}}],"collection":[{"href":"https:\/\/mcq.org\/en\/wp-json\/wp\/v2\/presse"}],"about":[{"href":"https:\/\/mcq.org\/en\/wp-json\/wp\/v2\/types\/presse"}],"version-history":[{"count":14,"href":"https:\/\/mcq.org\/en\/wp-json\/wp\/v2\/presse\/8626\/revisions"}],"predecessor-version":[{"id":8688,"href":"https:\/\/mcq.org\/en\/wp-json\/wp\/v2\/presse\/8626\/revisions\/8688"}],"wp:featuredmedia":[{"embeddable":true,"href":"https:\/\/mcq.org\/en\/wp-json\/wp\/v2\/media\/5995"}],"wp:attachment":[{"href":"https:\/\/mcq.org\/en\/wp-json\/wp\/v2\/media?parent=8626"}],"wp:term":[{"taxonomy":"comm-tax","embeddable":true,"href":"https:\/\/mcq.org\/en\/wp-json\/wp\/v2\/comm-tax?post=8626"}],"curies":[{"name":"wp","href":"https:\/\/api.w.org\/{rel}","templated":true}]}}