{"id":7631,"date":"2023-06-13T16:49:27","date_gmt":"2023-06-13T20:49:27","guid":{"rendered":"https:\/\/prod.mcq.org\/?post_type=presse&#038;p=7631"},"modified":"2023-06-13T17:02:58","modified_gmt":"2023-06-13T21:02:58","slug":"pour-demain-voir-lavenir-et-toute-la-beaute-du-monde","status":"publish","type":"presse","link":"https:\/\/mcq.org\/en\/a-propos\/medias\/communiques\/pour-demain-voir-lavenir-et-toute-la-beaute-du-monde\/","title":{"rendered":"Pour demain : voir l&#8217;avenir et toute la beaut\u00e9 du monde"},"content":{"rendered":"<div  class=\"container contenu-centre\">\n  <div class=\"row justify-content-center\">\n    <div class=\"col-lg-10 col-xl-8\">\n      \n        \n\n<p>L\u2019urgence climatique est un sujet plus que d\u2019actualit\u00e9. Le monde entier est conscient que l\u2019h\u00e9ritage environnemental est s\u00e9rieusement compromis pour les g\u00e9n\u00e9rations futures en raison de la crise climatique. Les gouvernements, les m\u00e9dias, de nombreux organismes et plateformes nous sensibilisent \u00e0 la question. Mais \u00e0 travers ce flot d\u2019informations n\u00e9cessaire, serait-il possible, aussi, d\u2019interpeller en misant sur la beaut\u00e9 de notre plan\u00e8te et sur un positivisme responsable\u2009? C\u2019est ce que propose la nouvelle grande exposition internationale <em>Pour demain<\/em>, con\u00e7ue par le Barbican de Londres avec les commissaires invit\u00e9es FranklinTill, coproduite et adapt\u00e9e par le Mus\u00e9e de la civilisation.<\/p>\n<h3><strong>Le pouvoir de l\u2019art<\/strong><\/h3>\n<p>Le point de d\u00e9part de cette proposition : des \u0153uvres d\u2019art magistrales pr\u00e9sent\u00e9es \u00e0 Londres au prestigieux Barbican \u00e0 l\u2019\u00e9t\u00e9 2022, auxquelles le Mus\u00e9e de la civilisation a ajout\u00e9 une grande zone afin de rendre compte des enjeux qu\u00e9b\u00e9cois li\u00e9s \u00e0 la crise climatique, mais surtout y associer des gestes simples et concrets pour favoriser un changement positif face aux bouleversements climatiques, sans faire la morale ou \u00eatre alarmiste.<\/p>\n<p>En misant sur notre capacit\u00e9 d\u2019\u00e9merveillement, notre curiosit\u00e9 et la sensibilit\u00e9 qu\u2019\u00e9veille en nous la beaut\u00e9 du monde, Pour demain se d\u00e9ploie dans une approche positive et dynamique au moyen du design, de l\u2019art, de la science, des technologies et de la philosophie, ouvrant une fen\u00eatre sur un futur plus radieux.<\/p>\n<p>Pour demain est pr\u00e9sent\u00e9e du 14 juin 2023 au 7 janvier 2024, en collaboration avec le <a href=\"https:\/\/www.quebec.ca\/gouvernement\/ministere\/environnement\" target=\"_blank\" rel=\"noopener\">minist\u00e8re de l\u2019Environnement, de la Lutte contre les changements climatiques, de la Faune et des Parcs<\/a>, <a href=\"https:\/\/www.recyc-quebec.gouv.qc.ca\/\" target=\"_blank\" rel=\"noopener\">RECYC-QU\u00c9BEC<\/a> et <a href=\"https:\/\/www.desjardins.com\/\" target=\"_blank\" rel=\"noopener\">Desjardins<\/a>, ainsi qu\u2019avec le soutien financier du <a href=\"https:\/\/www.quebec.ca\/\" target=\"_blank\" rel=\"noopener\">gouvernement du Qu\u00e9bec<\/a> et de la <a href=\"https:\/\/www.ville.quebec.qc.ca\/\" target=\"_blank\" rel=\"noopener\">Ville de Qu\u00e9bec<\/a> dans le cadre de l\u2019Entente de d\u00e9veloppement culturel.<\/p>\n<p>\u00a0<\/p>\n<p><strong>Citations :<\/strong><\/p>\n<p>\u00ab\u2009La pr\u00e9servation de notre plan\u00e8te est une responsabilit\u00e9 individuelle et collective, qui requiert des actions concert\u00e9es et imm\u00e9diates. En misant sur la beaut\u00e9 de notre environnement et en adoptant une approche optimiste, nous suscitons un v\u00e9ritable \u00e9lan d\u2019enthousiasme et de curiosit\u00e9, mais aussi une prise de conscience collective. Je suis fier que notre gouvernement soutienne financi\u00e8rement l\u2019exposition Pour demain, qui incarne cette vision et qui permet de sensibiliser la communaut\u00e9 \u00e0 l\u2019impact de nos actions sur notre pr\u00e9sent et notre avenir.\u2009\u00bb <strong><em>Benoit Charette, ministre de l\u2019Environnement, de la Lutte contre les changements climatiques, de la Faune et des Parcs et ministre responsable de la r\u00e9gion des Laurentides<\/em><\/strong><\/p>\n<p>\u00ab Inspirer par la beaut\u00e9 de ce qui nous entoure, miser sur le positivisme et la curiosit\u00e9, voil\u00e0 ce qu&#8217;on garde en t\u00eate gr\u00e2ce \u00e0 l&#8217;exposition <em>Pour demain<\/em>. Les effets des changements climatiques sont de plus en plus visibles et fr\u00e9quents. Inondations, feux de for\u00eat, chaleurs extr\u00eames : tous les jours, nous sommes devant des d\u00e9fis importants en mati\u00e8re d&#8217;environnement et nous pouvons facilement tomber dans le fatalisme statique. Changer de perspective pour avoir comme point de d\u00e9part l&#8217;\u00e9merveillement et la magnificence de notre environnement ne peut que nous pousser \u00e0 agir pour en faire davantage pour le pr\u00e9server et le prot\u00e9ger. \u00bb <strong><em>Bruno Marchand, maire de Qu\u00e9bec<\/em><\/strong><\/p>\n<p>\u00ab\u2009Choisir une approche positive pour parler d\u2019un enjeu aussi important ne signifie pas qu\u2019il n\u2019est pas s\u00e9rieux. Au contraire, c\u2019est un retour \u00e0 l\u2019essentiel : voir toute la beaut\u00e9 du monde, l\u2019aimer et vouloir en prendre soin. C\u2019est miser d\u2019abord sur la capacit\u00e9 d\u2019\u00e9merveillement des gens, leur curiosit\u00e9 et leur sensibilit\u00e9, ce qui permet d\u2019ouvrir une porte sur le passage \u00e0 l\u2019action. C\u2019est une grande fiert\u00e9 de collaborer avec le Barbican, un des plus grands centres d\u2019art d\u2019Europe, qui a choisi le Mus\u00e9e de la civilisation pour faire voyager ce projet exceptionnel, auquel nous avons su ajouter ce qui nous rend unique, au Qu\u00e9bec.\u2009\u00bb <strong><em>St\u00e9phan La Roche, pr\u00e9sident-directeur g\u00e9n\u00e9ral, Mus\u00e9e de la civilisation<\/em><\/strong><\/p>\n<p>\u00ab\u2009Maintenant plus que jamais, il semble essentiel d\u2019apporter des visions d\u2019espoir et de positivit\u00e9 face \u00e0 l\u2019urgence climatique. La collaboration, la connexion et la compr\u00e9hension sont des \u00e9l\u00e9ments cl\u00e9s \u00e0 cet \u00e9gard. <em>Pour Demain\/Our Time on Earth<\/em> permet non seulement aux visiteurs d\u2019imaginer diff\u00e9rentes mani\u00e8res d\u2019exister avec notre plan\u00e8te, mais aussi de la visualiser et de l\u2019embrasser. En collaboration avec l\u2019exceptionnel Mus\u00e9e de la civilisation, cette importante exp\u00e9rience se poursuit et ouvre un nouveau chapitre, avec de nouvelles \u0153uvres et pr\u00e9sentations. Le Barbican est tr\u00e8s heureux de pr\u00e9senter \u00e0 Qu\u00e9bec l\u2019exposition coproduite avec le Mus\u00e9e de la civilisation.\u2009\u00bb <strong><em>Luke Kemp, co-directeur du Barbican Immersive et co-commissaire de l\u2019exposition Our Time on Earth, Barbican Centre<\/em><\/strong><\/p>\n<p>\u00ab\u2009Pour demain s\u00e8me une lueur d\u2019espoir pour un avenir meilleur, ce dont nous aurons grandement besoin afin de relever les d\u00e9fis importants qui nous attendent. Ce genre de projet contribue non seulement \u00e0 la cause environnementale, mais il interpelle le spectateur de mani\u00e8re diff\u00e9rente, en suscitant des \u00e9motions qu\u2019aucun autre m\u00e9dium ne saurait transmettre. Nous saluons la d\u00e9marche artistique et encourageons les initiatives similaires qui rapprochent le Qu\u00e9bec toujours plus pr\u00e8s de ses objectifs.\u2009\u00bb <strong><em>Emmanuelle G\u00e9hin, pr\u00e9sidente-directrice g\u00e9n\u00e9rale, RECYC-QU\u00c9BEC<\/em><\/strong><\/p>\n<p>\u00ab\u2009Chez Desjardins, le d\u00e9veloppement durable fait partie de notre ADN. Nous avons mis en place un plan d\u2019action climatique avec l\u2019ambition d\u2019atteindre un bilan z\u00e9ro \u00e9mission nette d\u2019ici 2040. Nous avons \u00e9galement pris des engagements fermes en finance responsable qui se traduisent par l\u2019int\u00e9gration des facteurs environnementaux, sociaux et de gouvernance (ESG) dans l\u2019ensemble de nos activit\u00e9s, par une offre de produits responsables performants et par des actions concr\u00e8tes visant le bien-\u00eatre des communaut\u00e9s pour aujourd\u2019hui. Et Pour demain\u2009!\u2009\u00bb <strong><em>J<\/em><em>oana Dufour, pr\u00e9sidente, Caisse Desjardins de Qu\u00e9bec<\/em><\/strong><\/p>\n<h3><strong>Faits saillants :<\/strong><\/h3>\n<ul>\n<li>En plus des \u0153uvres originales provenant de l\u2019exposition <em>Our Time on Earth<\/em> du Barbican, on retrouve une nouvelle \u0153uvre autochtone locale, con\u00e7ue sp\u00e9cialement pour cette exposition par Skawennati, artiste multim\u00e9dia mohawk, intitul\u00e9e <em>Les Trois S\u0153urs : nous r\u00e9approprier l\u2019abondance<\/em>, \u00e0 la suite d\u2019un appel \u00e0 cr\u00e9ation lanc\u00e9 par le Mus\u00e9e de la civilisation. Cette \u0153uvre \u00e9voque comment les peuples autochtones se sont toujours assur\u00e9s de l\u2019abondance par diverses pratiques et valeurs, comme le fait de ne jamais prendre plus que ce dont ils avaient besoin, afin qu\u2019eux et leurs descendant.es disposent toujours de ressources en abondance.<\/li>\n<li>Cinq grands th\u00e8mes d\u00e9coupent l\u2019exposition : protection de la biodiversit\u00e9; agriculture et alimentation; consommation; construction; \u00e9nergie\/mobilit\u00e9\/transport. Au total et en lien avec ces th\u00e8mes, plus de 120 objets li\u00e9s \u00e0 des solutions locales d\u00e9velopp\u00e9es par des gens d\u2019ici, en plus d\u2019entrevues vid\u00e9o avec des personnes impliqu\u00e9es dans l\u2019action climatique, dont Florence L\u00e9a Siry, Tommy Bouillon, Marie-\u00c8ve Leclerc et No\u00e9mie Larouche, compl\u00e8tent le corpus.<\/li>\n<li>Tout au long du parcours, l\u2019interactif <em>Quel est ton profil vert\u2009?<\/em> propose aux visiteur.euses de se choisir un avatar et ouvre le dialogue sur plusieurs stations avec diff\u00e9rentes questions li\u00e9es aux \u0153uvres pr\u00e9sent\u00e9es ou aux habitudes, de m\u00eame qu\u2019avec des jeux. En fin de parcours, les visiteur.euses peuvent en savoir plus sur leur profil et conna\u00eetre des suggestions personnalis\u00e9es.<\/li>\n<li>Le design \u00e9coresponsable de l\u2019exposition s\u2019inscrit dans le propos avec des murs en myc\u00e9lium, des machines distributrices usag\u00e9es, la r\u00e9cup\u00e9ration de lattes de m\u00e9tal de l\u2019exposition <em>Ha\u00efti in extremis<\/em>, notamment, pour limiter les achats de mat\u00e9riel neuf. Notons \u00e9galement que le transport des \u0153uvres et du mobilier provenant du Barbican s\u2019est effectu\u00e9 par voie maritime.<\/li>\n<\/ul>\n<h3><strong>\u00c0 propos du Barbican<\/strong><\/h3>\n<p>Organisation d\u2019arts et d\u2019\u00e9ducation de classe mondiale, le Barbican repousse les limites de toutes les principales formes d\u2019art, notamment la danse, le cin\u00e9ma, la musique, le th\u00e9\u00e2tre et les arts visuels. Son programme d\u2019apprentissage cr\u00e9atif sous-tend tout ce qu\u2019il fait. Plus d\u2019un million de personnes assistent \u00e0 des \u00e9v\u00e9nements chaque ann\u00e9e, des centaines d\u2019artistes et d\u2019interpr\u00e8tes sont pr\u00e9sent\u00e9s et plus de 700 employ\u00e9.es travaillent sur place. Ce centre de renomm\u00e9e architecturale a ouvert ses portes en 1982 et comprend le Barbican Hall\u2009; le Barbican Theatre\u2009; The Pit; les cin\u00e9mas 1, 2 et 3\u2009; la Barbican Art Gallery\u2009; une deuxi\u00e8me galerie -The Curve -\u2009; des espaces publics\u2009; une biblioth\u00e8que\u2009; la Lakeside Terrace\u2009; une serre\u2009; des salles de conf\u00e9rence et trois restaurants. La City of London Corporation est le fondateur et le principal bailleur de fonds du Barbican Centre.<\/p>\n<p>Retrouvez-le sur <a href=\"https:\/\/www.facebook.com\/BarbicanCentre\" target=\"_blank\" rel=\"noopener\">Facebook<\/a> | <a href=\"https:\/\/twitter.com\/barbicancentre\" target=\"_blank\" rel=\"noopener\">Twitter<\/a> | <a href=\"https:\/\/www.instagram.com\/barbicancentre\/\" target=\"_blank\" rel=\"noopener\">Instagram<\/a> | <a href=\"https:\/\/www.youtube.com\/barbicanlondon\" target=\"_blank\" rel=\"noopener\">YouTube<\/a> | <a href=\"https:\/\/open.spotify.com\/user\/barbicancentre\" target=\"_blank\" rel=\"noopener\">Spotify<\/a><\/p>\n<p><strong>Barbican Immersive<\/strong><\/p>\n<p>Avec Barbican Immersive, les commissaires et organisateur.trices d\u2019expositions d\u00e9veloppent et con\u00e7oivent des expositions majeures ax\u00e9es sur la culture contemporaine, les technologies \u00e9mergentes et la cr\u00e9ativit\u00e9 num\u00e9rique. Immersives et exp\u00e9rientielles, les expositions Barbican Immersive sont suivies de tourn\u00e9es internationales.<\/p>\n<p>Le Mus\u00e9e de la civilisation et le Barbican ont des approches compl\u00e9mentaires, le premier comme mus\u00e9e de soci\u00e9t\u00e9 et le second comme organisme pluridisciplinaire d\u2019art et de savoir. Les deux institutions puisent donc dans leurs pratiques respectives pour enrichir ce projet d\u2019exposition tout en tenant compte des diff\u00e9rents publics potentiels.<\/p>\n<p style=\"text-align: center;\">-30 \u2013<\/p>\n<p><strong>Liens connexes :<\/strong><br \/><a href=\"https:\/\/www.barbican.org.uk\/\" target=\"_blank\" rel=\"noopener\">Barbican<\/a>\u00a0<br \/><a href=\"https:\/\/www.mcq.org\/fr\/pour-demain\/artistes\">Pr\u00e9sentation des oeuvres et des artistes de l&#8217;exposition<\/a><\/p>\n<p>Relations de presse <br \/>Qu\u00e9bec :<br \/>Anne-Sophie Desmeules : 418 643-2158, poste 208\u2009; courriel : <a href=\"mailto:anne-sophie.desmeules@mcq.org\">anne-sophie.desmeules@mcq.org<\/a> <br \/>Agn\u00e8s Dufour : 418 643-2158, poste 433\u2009; courriel :<a href=\"mailto:agnes.dufour@mcq.org\"> agnes.dufour@mcq.org<\/a><\/p>\n<p>Montr\u00e9al :<br \/>Rosemonde Gingras : 514 458-8355\u2009; courriel : <a href=\"mailto:rosemonde@rosemondecommunications.com\">rosemonde@rosemondecommunications.com<\/a><\/p>\n<p class=\"vignette\">Publi\u00e9 le 13 juin 2023<\/p>\n\n\n          <\/div>\n  <\/div>\n<\/div>","protected":false},"excerpt":{"rendered":"","protected":false},"featured_media":7629,"parent":0,"menu_order":0,"template":"","comm-tax":[8],"class_list":["post-7631","presse","type-presse","status-publish","has-post-thumbnail","hentry","comm-tax-communique"],"acf":[],"yoast_head":"<!-- This site is optimized with the Yoast SEO Premium plugin v27.3 (Yoast SEO v27.3) - https:\/\/yoast.com\/product\/yoast-seo-premium-wordpress\/ -->\n<title>Pour demain : voir l&#039;avenir et toute la beaut\u00e9 du monde - Communiqu\u00e9 de presse | Mus\u00e9e de la civilisation<\/title>\n<meta name=\"description\" content=\"Pour demain : voir l&#039;avenir et toute la beaut\u00e9 du monde- communiqu\u00e9 de presse du Mus\u00e9e de la civilisation \u00e0 Qu\u00e9bec.\" \/>\n<meta name=\"robots\" content=\"index, follow, max-snippet:-1, max-image-preview:large, max-video-preview:-1\" \/>\n<link rel=\"canonical\" href=\"https:\/\/mcq.org\/en\/a-propos\/medias\/communiques\/pour-demain-voir-lavenir-et-toute-la-beaute-du-monde\/\" \/>\n<meta property=\"og:locale\" content=\"en_US\" \/>\n<meta property=\"og:type\" content=\"article\" \/>\n<meta property=\"og:title\" content=\"Pour demain : voir l&#039;avenir et toute la beaut\u00e9 du monde - Communiqu\u00e9 de presse | Mus\u00e9e de la civilisation\" \/>\n<meta property=\"og:description\" content=\"Pour demain : voir l&#039;avenir et toute la beaut\u00e9 du monde- communiqu\u00e9 de presse du Mus\u00e9e de la civilisation \u00e0 Qu\u00e9bec.\" \/>\n<meta property=\"og:url\" content=\"https:\/\/mcq.org\/en\/a-propos\/medias\/communiques\/pour-demain-voir-lavenir-et-toute-la-beaute-du-monde\/\" \/>\n<meta property=\"og:site_name\" content=\"Mus\u00e9e de la civilisation\" \/>\n<meta property=\"article:publisher\" content=\"https:\/\/www.facebook.com\/mcqorg\" \/>\n<meta property=\"article:modified_time\" content=\"2023-06-13T21:02:58+00:00\" \/>\n<meta property=\"og:image\" content=\"https:\/\/mcq.org\/wp-content\/uploads\/2023\/06\/pour-demain-presse-600x600.jpg?ver=1686688351\" \/>\n\t<meta property=\"og:image:width\" content=\"600\" \/>\n\t<meta property=\"og:image:height\" content=\"600\" \/>\n\t<meta property=\"og:image:type\" content=\"image\/jpeg\" \/>\n<meta name=\"twitter:card\" content=\"summary_large_image\" \/>\n<meta name=\"twitter:site\" content=\"@mcqorg\" \/>\n<meta name=\"twitter:label1\" content=\"Est. reading time\" \/>\n\t<meta name=\"twitter:data1\" content=\"8 minutes\" \/>\n<!-- \/ Yoast SEO Premium plugin. -->","yoast_head_json":{"title":"Pour demain : voir l'avenir et toute la beaut\u00e9 du monde - Communiqu\u00e9 de presse | Mus\u00e9e de la civilisation","description":"Pour demain : voir l'avenir et toute la beaut\u00e9 du monde- communiqu\u00e9 de presse du Mus\u00e9e de la civilisation \u00e0 Qu\u00e9bec.","robots":{"index":"index","follow":"follow","max-snippet":"max-snippet:-1","max-image-preview":"max-image-preview:large","max-video-preview":"max-video-preview:-1"},"canonical":"https:\/\/mcq.org\/en\/a-propos\/medias\/communiques\/pour-demain-voir-lavenir-et-toute-la-beaute-du-monde\/","og_locale":"en_US","og_type":"article","og_title":"Pour demain : voir l'avenir et toute la beaut\u00e9 du monde - Communiqu\u00e9 de presse | Mus\u00e9e de la civilisation","og_description":"Pour demain : voir l'avenir et toute la beaut\u00e9 du monde- communiqu\u00e9 de presse du Mus\u00e9e de la civilisation \u00e0 Qu\u00e9bec.","og_url":"https:\/\/mcq.org\/en\/a-propos\/medias\/communiques\/pour-demain-voir-lavenir-et-toute-la-beaute-du-monde\/","og_site_name":"Mus\u00e9e de la civilisation","article_publisher":"https:\/\/www.facebook.com\/mcqorg","article_modified_time":"2023-06-13T21:02:58+00:00","og_image":[{"width":600,"height":600,"url":"https:\/\/mcq.org\/wp-content\/uploads\/2023\/06\/pour-demain-presse-600x600.jpg?ver=1686688351","type":"image\/jpeg"}],"twitter_card":"summary_large_image","twitter_site":"@mcqorg","twitter_misc":{"Est. reading time":"8 minutes"},"schema":{"@context":"https:\/\/schema.org","@graph":[{"@type":"WebPage","@id":"https:\/\/mcq.org\/en\/a-propos\/medias\/communiques\/pour-demain-voir-lavenir-et-toute-la-beaute-du-monde\/","url":"https:\/\/mcq.org\/en\/a-propos\/medias\/communiques\/pour-demain-voir-lavenir-et-toute-la-beaute-du-monde\/","name":"Pour demain : voir l'avenir et toute la beaut\u00e9 du monde - Communiqu\u00e9 de presse | Mus\u00e9e de la civilisation","isPartOf":{"@id":"https:\/\/mcq.org\/en\/#website"},"primaryImageOfPage":{"@id":"https:\/\/mcq.org\/en\/a-propos\/medias\/communiques\/pour-demain-voir-lavenir-et-toute-la-beaute-du-monde\/#primaryimage"},"image":{"@id":"https:\/\/mcq.org\/en\/a-propos\/medias\/communiques\/pour-demain-voir-lavenir-et-toute-la-beaute-du-monde\/#primaryimage"},"thumbnailUrl":"https:\/\/mcq.org\/wp-content\/uploads\/2023\/06\/pour-demain-presse-600x600.jpg?ver=1686688351","datePublished":"2023-06-13T20:49:27+00:00","dateModified":"2023-06-13T21:02:58+00:00","description":"Pour demain : voir l'avenir et toute la beaut\u00e9 du monde- communiqu\u00e9 de presse du Mus\u00e9e de la civilisation \u00e0 Qu\u00e9bec.","breadcrumb":{"@id":"https:\/\/mcq.org\/en\/a-propos\/medias\/communiques\/pour-demain-voir-lavenir-et-toute-la-beaute-du-monde\/#breadcrumb"},"inLanguage":"en-US","potentialAction":[{"@type":"ReadAction","target":["https:\/\/mcq.org\/en\/a-propos\/medias\/communiques\/pour-demain-voir-lavenir-et-toute-la-beaute-du-monde\/"]}]},{"@type":"ImageObject","inLanguage":"en-US","@id":"https:\/\/mcq.org\/en\/a-propos\/medias\/communiques\/pour-demain-voir-lavenir-et-toute-la-beaute-du-monde\/#primaryimage","url":"https:\/\/mcq.org\/wp-content\/uploads\/2023\/06\/pour-demain-presse-600x600.jpg?ver=1686688351","contentUrl":"https:\/\/mcq.org\/wp-content\/uploads\/2023\/06\/pour-demain-presse-600x600.jpg?ver=1686688351","width":600,"height":600,"caption":"Signature visuelle de l'exposition Pour demain pr\u00e9sentant une feuille sous forme d'ampoule."},{"@type":"BreadcrumbList","@id":"https:\/\/mcq.org\/en\/a-propos\/medias\/communiques\/pour-demain-voir-lavenir-et-toute-la-beaute-du-monde\/#breadcrumb","itemListElement":[{"@type":"ListItem","position":1,"name":"Home","item":"https:\/\/mcq.org\/en\/"},{"@type":"ListItem","position":2,"name":"Communiqu\u00e9s presse","item":"https:\/\/mcq.org\/en\/a-propos\/medias\/communiques\/"},{"@type":"ListItem","position":3,"name":"Pour demain : voir l&rsquo;avenir et toute la beaut\u00e9 du monde"}]},{"@type":"WebSite","@id":"https:\/\/mcq.org\/en\/#website","url":"https:\/\/mcq.org\/en\/","name":"Mus\u00e9e de la civilisation","description":"Le Mus\u00e9e de la civilisation explore les diff\u00e9rentes facettes de la r\u00e9alit\u00e9 humaine avec sa d\u00e9marche unique qui combine enchantement, connaissance et r\u00e9flexion.","publisher":{"@id":"https:\/\/mcq.org\/en\/#organization"},"alternateName":"MCQ","potentialAction":[{"@type":"SearchAction","target":{"@type":"EntryPoint","urlTemplate":"https:\/\/mcq.org\/en\/?s={search_term_string}"},"query-input":{"@type":"PropertyValueSpecification","valueRequired":true,"valueName":"search_term_string"}}],"inLanguage":"en-US"},{"@type":"Organization","@id":"https:\/\/mcq.org\/en\/#organization","name":"Mus\u00e9e de la civilisation","alternateName":"MCQ","url":"https:\/\/mcq.org\/en\/","logo":{"@type":"ImageObject","inLanguage":"en-US","@id":"https:\/\/mcq.org\/en\/#\/schema\/logo\/image\/","url":"https:\/\/mcq.org\/wp-content\/uploads\/2023\/04\/logo-mcq-300x123-1.png","contentUrl":"https:\/\/mcq.org\/wp-content\/uploads\/2023\/04\/logo-mcq-300x123-1.png","width":300,"height":123,"caption":"Mus\u00e9e de la civilisation"},"image":{"@id":"https:\/\/mcq.org\/en\/#\/schema\/logo\/image\/"},"sameAs":["https:\/\/www.facebook.com\/mcqorg","https:\/\/x.com\/mcqorg","https:\/\/www.instagram.com\/mcqorg\/","https:\/\/www.linkedin.com\/company\/mcqorg\/"]}]}},"_links":{"self":[{"href":"https:\/\/mcq.org\/en\/wp-json\/wp\/v2\/presse\/7631","targetHints":{"allow":["GET"]}}],"collection":[{"href":"https:\/\/mcq.org\/en\/wp-json\/wp\/v2\/presse"}],"about":[{"href":"https:\/\/mcq.org\/en\/wp-json\/wp\/v2\/types\/presse"}],"version-history":[{"count":7,"href":"https:\/\/mcq.org\/en\/wp-json\/wp\/v2\/presse\/7631\/revisions"}],"predecessor-version":[{"id":8651,"href":"https:\/\/mcq.org\/en\/wp-json\/wp\/v2\/presse\/7631\/revisions\/8651"}],"wp:featuredmedia":[{"embeddable":true,"href":"https:\/\/mcq.org\/en\/wp-json\/wp\/v2\/media\/7629"}],"wp:attachment":[{"href":"https:\/\/mcq.org\/en\/wp-json\/wp\/v2\/media?parent=7631"}],"wp:term":[{"taxonomy":"comm-tax","embeddable":true,"href":"https:\/\/mcq.org\/en\/wp-json\/wp\/v2\/comm-tax?post=7631"}],"curies":[{"name":"wp","href":"https:\/\/api.w.org\/{rel}","templated":true}]}}