{"id":2774,"date":"2022-09-30T14:33:00","date_gmt":"2022-09-30T18:33:00","guid":{"rendered":"https:\/\/prod.mcq.org\/?post_type=presse&#038;p=2774"},"modified":"2023-05-11T14:38:45","modified_gmt":"2023-05-11T18:38:45","slug":"la-couverture-des-temoins-une-oeuvre-dart-percutante","status":"publish","type":"presse","link":"https:\/\/mcq.org\/en\/a-propos\/medias\/communiques\/la-couverture-des-temoins-une-oeuvre-dart-percutante\/","title":{"rendered":"La Couverture des t\u00e9moins, une \u0153uvre d&#8217;art percutante"},"content":{"rendered":"<div  class=\"container contenu-centre\">\n  <div class=\"row justify-content-center\">\n    <div class=\"col-lg-10 col-xl-8\">\n      \n        \n\n<p>Une chaussure ab\u00eem\u00e9e. Des tresses de cheveux. Un troph\u00e9e de hockey. Une porte en bois. Des photographies en noir et blanc. Un morceau de vitrail. Loin d&#8217;\u00eatre ordinaires, ces objets sont des t\u00e9moins silencieux de l&#8217;\u00e9poque des pensionnats pour Autochtones qui font partie du corpus des quelque 800 pi\u00e8ces formant l&#8217;\u0153uvre magistrale La Couverture des t\u00e9moins, cr\u00e9\u00e9e par le ma\u00eetre sculpteur Carey Newman, membre des Premi\u00e8res Nations Kwakwaka&#8217;wakw et Salish du littoral.<\/p>\n<p>Pour souligner de fa\u00e7on significative la Journ\u00e9e nationale de la v\u00e9rit\u00e9 et de la r\u00e9conciliation, cette imposante installation, de 12 m\u00e8tres de longueur et vibrante d&#8217;\u00e9motions g\u00e9n\u00e9r\u00e9es par l&#8217;histoire unique \u00e0 chacune de ces pi\u00e8ces, a \u00e9t\u00e9 d\u00e9voil\u00e9e ce matin, au Mus\u00e9e de la civilisation \u00e0 Qu\u00e9bec par son pr\u00e9sident-directeur g\u00e9n\u00e9ral, St\u00e9phan La Roche. Pour l&#8217;occasion, \u00e9taient pr\u00e9sents la directrice g\u00e9n\u00e9rale du Mus\u00e9e canadien pour les droits de la personne et institution responsable de la tourn\u00e9e de l&#8217;\u0153uvre \u00e0 travers le pays, M<sup>me <\/sup>Isha Khan, le Grand Chef de la nation huronne-wendat, R\u00e9my Vincent. On pourra admirer l&#8217;\u0153uvre d&#8217;art et s&#8217;y recueillir jusqu&#8217;au 19 f\u00e9vrier 2023.<\/p>\n<p>Inspir\u00e9 par l&#8217;exp\u00e9rience troublante de son p\u00e8re dans un pensionnat, Carey Newman souhaitait que sa cr\u00e9ation rassemble des objets qui, individuellement sont les paragraphes d&#8217;une histoire qui s&#8217;efface. Mais, d\u00e8s qu&#8217;ils sont pris collectivement, il en surgit un r\u00e9cit fort, apte \u00e0 transmettre aux g\u00e9n\u00e9rations futures la v\u00e9ritable histoire de perte, mais aussi de force, de fiert\u00e9 et de r\u00e9conciliation, amalgam\u00e9e \u00e0 un message d&#8217;espoir, de paix et de v\u00e9rit\u00e9.<\/p>\n<h3>Citations<\/h3>\n<p>\u00ab C&#8217;est un privil\u00e8ge de recevoir la<a href=\"https:\/\/www.mcq.org\/fr\/exposition?id=923123\"> <em>Couverture des t\u00e9moins<\/em><\/a> \u00e0 Qu\u00e9bec, en nos murs, surtout \u00e0 l&#8217;occasion de cette Journ\u00e9e si importante pour le processus de r\u00e9conciliation. Sa charge symbolique, historique et \u00e9motionnelle est en ad\u00e9quation parfaite avec notre mandat, qui place l&#8217;humain au c\u0153ur de nos pr\u00e9occupations, en plus de susciter la r\u00e9flexion sur notre responsabilit\u00e9 \u00e0 tous de poser des gestes de r\u00e9conciliation. \u00bb &#8211;\u00a0<em>St\u00e9phan La Roche, pr\u00e9sident-directeur g\u00e9n\u00e9ral<\/em><\/p>\n<p>\u00ab La <em>Couverture t\u00e9moin<\/em> a \u00e9t\u00e9 pr\u00e9sent\u00e9e \u00e0 de nombreux endroits au pays, mais sa visite au Mus\u00e9e de la civilisation est particuli\u00e8rement significative, car c&#8217;est la premi\u00e8re fois qu&#8217;elle se trouve au Qu\u00e9bec. Lorsque j&#8217;ai termin\u00e9 la <em>Couverture t\u00e9moin<\/em> et que la tourn\u00e9e a commenc\u00e9, notre objectif \u00e9tait de la ramener dans les nombreux endroits d&#8217;o\u00f9 proviennent les pi\u00e8ces et les histoires qui lui donnent son sens. Cette exposition nous rapproche de cet objectif. Le 30 septembre est un jour important. C&#8217;est une journ\u00e9e qui nous permet de nous souvenir des exp\u00e9riences v\u00e9cues par les survivant.e.s des pensionnats pour Autochtones et de r\u00e9fl\u00e9chir aux m\u00e9faits du pass\u00e9 et du pr\u00e9sent colonial du Canada. J&#8217;esp\u00e8re que l&#8217;ouverture de l&#8217;exposition en ce jour si important contribuera \u00e0 faire en sorte que ces conversations importantes se poursuivent tout au long de l&#8217;ann\u00e9e. \u00bb &#8211; Carey Newman (Hayalthkin&#8217;geme), artiste et ma\u00eetre sculpteur<\/p>\n<p>\u00ab Nous sommes tr\u00e8s fiers de participer aux efforts visant \u00e0 faire conna\u00eetre les histoires de la <em>Couverture des t\u00e9moins. <\/em>Il s&#8217;agit d&#8217;une \u0153uvre d&#8217;importance nationale qui peut aider toute la population canadienne \u00e0 comprendre les v\u00e9rit\u00e9s de l&#8217;\u00e9poque des pensionnats pour Autochtones et les impacts qu&#8217;ont ces \u00e9coles encore aujourd&#8217;hui. La r\u00e9conciliation doit passer par la v\u00e9rit\u00e9. \u00bb &#8211;\u00a0<em>M<sup>me <\/sup>Isha Khan<\/em><em>, directrice g\u00e9n\u00e9rale du Mus\u00e9e canadien pour les droits de la personne, mus\u00e9e responsable de la tourn\u00e9e de l&#8217;\u0153uvre \u00e0 travers le pays<\/em>.<\/p>\n<p>\u00ab\u00a0Si on dit qu&#8217;une image vaut mille mots, cette \u0153uvre vaut \u00e0 elle seule au moins mille histoires qui doivent \u00eatre racont\u00e9es et connues, sp\u00e9cialement en cette Journ\u00e9e nationale de la v\u00e9rit\u00e9 et de la r\u00e9conciliation. Je souhaite que l&#8217;\u0153uvre la <em>Couverture des t\u00e9moins <\/em>permette \u00e0 tous les visiteurs de se recueillir et de rendre hommage aux trop nombreuses victimes et aux survivants du syst\u00e8me des pensionnats. C&#8217;est en posant des gestes simples, mais significatifs, comme la visite de cette exposition, que le rapprochement et la r\u00e9conciliation entre tous les peuples deviennent possibles. \u00bb &#8211;\u00a0<em>R\u00e9my Vincent, Grand Chef de la Nation huronne-wendat<\/em><\/p>\n<h3><strong>Faits saillants<\/strong><\/h3>\n<ul>\n<li>La <em>Couverture des t\u00e9moins<\/em> rappelle les courtepointes fabriqu\u00e9es d&#8217;une multitude de bouts de tissus. Une fois rassembl\u00e9s, ils forment un objet enveloppant et r\u00e9confortant.<\/li>\n<li>Les quelque 800 morceaux qui composent la <em>Couverture des t\u00e9moins<\/em> ont \u00e9t\u00e9 offerts d&#8217;une part, par des survivant.e.s de pensionnats pour Autochtones et leurs familles, des conseils de bandes, des centre d&#8217;amiti\u00e9s. D&#8217;autres parts, certains objets ont \u00e9t\u00e9 r\u00e9cup\u00e9r\u00e9s, \u00e0 travers le pays, sur des sites d&#8217;anciens pensionnats, d&#8217;\u00e9glises, de b\u00e2timents gouvernementaux et de structures culturelles.\u00a0<\/li>\n<li>Le site Web <u>couverturedestemoins.ca<\/u> ajoute une dimension num\u00e9rique \u00e0 l&#8217;\u0153uvre. La ressource comprend des t\u00e9moignages de survivant.e.s, des histoires approfondies inspir\u00e9es de certains objets de la <em>Couverture des t\u00e9moins<\/em>, un guide p\u00e9dagogique et plus encore.\u00a0<\/li>\n<li>Carey Newman, dont le nom traditionnel est Hayalthkin&#8217;geme, a des origines kwagiulth, salish du littoral du c\u00f4t\u00e9 de son p\u00e8re tandis que, du c\u00f4t\u00e9 de sa m\u00e8re, ses anc\u00eatres sont des allochtones d&#8217;origines anglaise, \u00e9cossaise et irlandaise. Le m\u00e9tissage de ces cultures influence grandement sa d\u00e9marche artistique.\u00a0<\/li>\n<li>Pendant plus d&#8217;un an, appuy\u00e9 d&#8217;une \u00e9quipe d\u00e9vou\u00e9e, Carey Newman a parcouru plus de 200 000 kilom\u00e8tres \u00e0 travers le pays, visit\u00e9 77 communaut\u00e9s, rencontr\u00e9 plus de 10 000 personnes et accept\u00e9 de prendre en charge plus d&#8217;un millier d&#8217;articles qui racontent les exp\u00e9riences des pensionnats pour Autochtones.\u00a0<\/li>\n<li>Pour en savoir plus sur le processus de cr\u00e9ation de l&#8217;\u0153uvre, il est possible d&#8217;assister \u00e0 la diffusion de <em>Recoller les morceaux\u00a0: la fabrication de la Couverture des t\u00e9moins, <\/em>le vendredi 30 septembre, \u00e0 13 h, \u00e0 l&#8217;auditorium Roland-Arpin du Mus\u00e9e. Version anglaise avec sous-titrage fran\u00e7ais.\u00a0<\/li>\n<li>Le Mus\u00e9e canadien pour les droits de la personne \u00e0 Winnipeg et Carey Newman ont sign\u00e9 une entente historique et unique qui r\u00e9unit des traditions juridiques autochtones et des principes juridiques occidentaux. Cette entente d\u00e9finit leurs responsabilit\u00e9s mutuelles quant \u00e0 l&#8217;entretien continu de l&#8217;\u0153uvre, et accorde une importance \u00e9gale aux documents \u00e9crits et \u00e0 la tradition orale. Elle conf\u00e8re des droits l\u00e9gaux \u00e0 l&#8217;\u0153uvre d&#8217;art elle-m\u00eame et respecte son r\u00f4le important de gardienne des histoires des survivant.e.s. Plus g\u00e9n\u00e9ralement, l&#8217;entente reconna\u00eet l&#8217;importance de transformer les relations coloniales et de s&#8217;engager dans les collaborations respectueuses dans le cadre du processus de r\u00e9conciliation en cours.\u00a0<\/li>\n<li>Pendant toute la dur\u00e9e de l&#8217;exposition de la <em>Couverture des t\u00e9moins<\/em> au Mus\u00e9e de la civilisation, les membres des diff\u00e9rentes communaut\u00e9s autochtones au Qu\u00e9bec et autres provinces, auront acc\u00e8s \u00e0 l&#8217;\u0153uvre d&#8217;art gratuitement tout comme \u00e0 l&#8217;ensemble des salles d&#8217;exposition de l&#8217;institution mus\u00e9ale nationale.\u00a0<\/li>\n<\/ul>\n<h3><strong>Liens connexes\u00a0:<\/strong><\/h3>\n<p>Couverture des t\u00e9moins\u00a0: <a href=\"http:\/\/couverturedestemoins.ca\" target=\"_blank\" rel=\"noopener\">couverturedestemoins.ca<span class=\"access-alt\">Ce lien ouvrira dans une autre fen\u00eatre<\/span><\/a><\/p>\n<p>Carey Newman: <a href=\"http:\/\/uvic.ca\/finearts\/ahvs\/people\/faculty\/profiles\/cnewman.php\" target=\"_blank\" rel=\"noopener\">uvic.ca\/finearts\/ahvs\/people\/faculty\/profiles\/cnewman.php<span class=\"access-alt\">Ce lien ouvrira dans une autre fen\u00eatre<\/span><\/a><\/p>\n<p>Mus\u00e9e canadien pour les droits de la personne\u00a0: <a href=\"http:\/\/droitsdelapersonne.ca\" target=\"_blank\" rel=\"noopener\">droitsdelapersonne.ca<span class=\"access-alt\">Ce lien ouvrira dans une autre fen\u00eatre<\/span><\/a><\/p>\n<p>\u00a0<\/p>\n<p><strong>Relations de presse<\/strong><\/p>\n<p><strong>Qu\u00e9bec<\/strong><\/p>\n<p>Anne-Sophie Desmeules\u00a0: <u>418\u00a0643-2158, poste 208; courriel\u00a0: <\/u><a href=\"mailto:anne-sophie.desmeules@mcq.org\">anne-sophie.desmeules@mcq.org<\/a><br \/>Agn\u00e8s Dufour\u00a0: 418\u00a0643-2158, poste 433; courriel\u00a0: <a href=\"mailto:agnes.dufour@mcq.org\">agnes.dufour@mcq.org<\/a><\/p>\n<p><strong>Montr\u00e9al<\/strong><\/p>\n<p>Rosemonde Gingras\u00a0: 514\u00a0458-8355; courriel\u00a0: <a href=\"mailto:rosemonde@rosemondecommunications.com\">rosemonde@rosemondecommunications.com<\/a><\/p>\n<p class=\"vignette\">Publi\u00e9 le 30 septembre 2022\u00a0<\/p>\n\n\n          <\/div>\n  <\/div>\n<\/div>","protected":false},"excerpt":{"rendered":"","protected":false},"featured_media":2793,"parent":0,"menu_order":0,"template":"","comm-tax":[8],"class_list":["post-2774","presse","type-presse","status-publish","has-post-thumbnail","hentry","comm-tax-communique"],"acf":[],"yoast_head":"<!-- This site is optimized with the Yoast SEO Premium plugin v27.3 (Yoast SEO v27.3) - https:\/\/yoast.com\/product\/yoast-seo-premium-wordpress\/ -->\n<title>La Couverture des t\u00e9moins, une \u0153uvre d&#039;art percutante - Communiqu\u00e9 de presse | Mus\u00e9e de la civilisation<\/title>\n<meta name=\"description\" content=\"La Couverture des t\u00e9moins, une \u0153uvre d&#039;art percutante- communiqu\u00e9 de presse du Mus\u00e9e de la civilisation \u00e0 Qu\u00e9bec.\" \/>\n<meta name=\"robots\" content=\"index, follow, max-snippet:-1, max-image-preview:large, max-video-preview:-1\" \/>\n<link rel=\"canonical\" href=\"https:\/\/mcq.org\/en\/a-propos\/medias\/communiques\/la-couverture-des-temoins-une-oeuvre-dart-percutante\/\" \/>\n<meta property=\"og:locale\" content=\"en_US\" \/>\n<meta property=\"og:type\" content=\"article\" \/>\n<meta property=\"og:title\" content=\"La Couverture des t\u00e9moins, une \u0153uvre d&#039;art percutante - Communiqu\u00e9 de presse | Mus\u00e9e de la civilisation\" \/>\n<meta property=\"og:description\" content=\"La Couverture des t\u00e9moins, une \u0153uvre d&#039;art percutante- communiqu\u00e9 de presse du Mus\u00e9e de la civilisation \u00e0 Qu\u00e9bec.\" \/>\n<meta property=\"og:url\" content=\"https:\/\/mcq.org\/en\/a-propos\/medias\/communiques\/la-couverture-des-temoins-une-oeuvre-dart-percutante\/\" \/>\n<meta property=\"og:site_name\" content=\"Mus\u00e9e de la civilisation\" \/>\n<meta property=\"article:publisher\" content=\"https:\/\/www.facebook.com\/mcqorg\" \/>\n<meta property=\"article:modified_time\" content=\"2023-05-11T18:38:45+00:00\" \/>\n<meta property=\"og:image\" content=\"https:\/\/mcq.org\/wp-content\/uploads\/2023\/05\/309696680_10160234897504028_4796489136307571806_n.jpg\" \/>\n\t<meta property=\"og:image:width\" content=\"600\" \/>\n\t<meta property=\"og:image:height\" content=\"600\" \/>\n\t<meta property=\"og:image:type\" content=\"image\/jpeg\" \/>\n<meta name=\"twitter:card\" content=\"summary_large_image\" \/>\n<meta name=\"twitter:site\" content=\"@mcqorg\" \/>\n<meta name=\"twitter:label1\" content=\"Est. reading time\" \/>\n\t<meta name=\"twitter:data1\" content=\"6 minutes\" \/>\n<!-- \/ Yoast SEO Premium plugin. -->","yoast_head_json":{"title":"La Couverture des t\u00e9moins, une \u0153uvre d'art percutante - Communiqu\u00e9 de presse | Mus\u00e9e de la civilisation","description":"La Couverture des t\u00e9moins, une \u0153uvre d'art percutante- communiqu\u00e9 de presse du Mus\u00e9e de la civilisation \u00e0 Qu\u00e9bec.","robots":{"index":"index","follow":"follow","max-snippet":"max-snippet:-1","max-image-preview":"max-image-preview:large","max-video-preview":"max-video-preview:-1"},"canonical":"https:\/\/mcq.org\/en\/a-propos\/medias\/communiques\/la-couverture-des-temoins-une-oeuvre-dart-percutante\/","og_locale":"en_US","og_type":"article","og_title":"La Couverture des t\u00e9moins, une \u0153uvre d'art percutante - Communiqu\u00e9 de presse | Mus\u00e9e de la civilisation","og_description":"La Couverture des t\u00e9moins, une \u0153uvre d'art percutante- communiqu\u00e9 de presse du Mus\u00e9e de la civilisation \u00e0 Qu\u00e9bec.","og_url":"https:\/\/mcq.org\/en\/a-propos\/medias\/communiques\/la-couverture-des-temoins-une-oeuvre-dart-percutante\/","og_site_name":"Mus\u00e9e de la civilisation","article_publisher":"https:\/\/www.facebook.com\/mcqorg","article_modified_time":"2023-05-11T18:38:45+00:00","og_image":[{"width":600,"height":600,"url":"https:\/\/mcq.org\/wp-content\/uploads\/2023\/05\/309696680_10160234897504028_4796489136307571806_n.jpg","type":"image\/jpeg"}],"twitter_card":"summary_large_image","twitter_site":"@mcqorg","twitter_misc":{"Est. reading time":"6 minutes"},"schema":{"@context":"https:\/\/schema.org","@graph":[{"@type":"WebPage","@id":"https:\/\/mcq.org\/en\/a-propos\/medias\/communiques\/la-couverture-des-temoins-une-oeuvre-dart-percutante\/","url":"https:\/\/mcq.org\/en\/a-propos\/medias\/communiques\/la-couverture-des-temoins-une-oeuvre-dart-percutante\/","name":"La Couverture des t\u00e9moins, une \u0153uvre d'art percutante - Communiqu\u00e9 de presse | Mus\u00e9e de la civilisation","isPartOf":{"@id":"https:\/\/mcq.org\/en\/#website"},"primaryImageOfPage":{"@id":"https:\/\/mcq.org\/en\/a-propos\/medias\/communiques\/la-couverture-des-temoins-une-oeuvre-dart-percutante\/#primaryimage"},"image":{"@id":"https:\/\/mcq.org\/en\/a-propos\/medias\/communiques\/la-couverture-des-temoins-une-oeuvre-dart-percutante\/#primaryimage"},"thumbnailUrl":"https:\/\/mcq.org\/wp-content\/uploads\/2023\/05\/309696680_10160234897504028_4796489136307571806_n.jpg","datePublished":"2022-09-30T18:33:00+00:00","dateModified":"2023-05-11T18:38:45+00:00","description":"La Couverture des t\u00e9moins, une \u0153uvre d'art percutante- communiqu\u00e9 de presse du Mus\u00e9e de la civilisation \u00e0 Qu\u00e9bec.","breadcrumb":{"@id":"https:\/\/mcq.org\/en\/a-propos\/medias\/communiques\/la-couverture-des-temoins-une-oeuvre-dart-percutante\/#breadcrumb"},"inLanguage":"en-US","potentialAction":[{"@type":"ReadAction","target":["https:\/\/mcq.org\/en\/a-propos\/medias\/communiques\/la-couverture-des-temoins-une-oeuvre-dart-percutante\/"]}]},{"@type":"ImageObject","inLanguage":"en-US","@id":"https:\/\/mcq.org\/en\/a-propos\/medias\/communiques\/la-couverture-des-temoins-une-oeuvre-dart-percutante\/#primaryimage","url":"https:\/\/mcq.org\/wp-content\/uploads\/2023\/05\/309696680_10160234897504028_4796489136307571806_n.jpg","contentUrl":"https:\/\/mcq.org\/wp-content\/uploads\/2023\/05\/309696680_10160234897504028_4796489136307571806_n.jpg","width":600,"height":600,"caption":"\u00c9l\u00e9ments de bois peints, morceaux de quincailleries, cailloux et jouets rassembl\u00e9s comme un t\u00e9moignage sur un mur de bois."},{"@type":"BreadcrumbList","@id":"https:\/\/mcq.org\/en\/a-propos\/medias\/communiques\/la-couverture-des-temoins-une-oeuvre-dart-percutante\/#breadcrumb","itemListElement":[{"@type":"ListItem","position":1,"name":"Home","item":"https:\/\/mcq.org\/en\/"},{"@type":"ListItem","position":2,"name":"Communiqu\u00e9s presse","item":"https:\/\/mcq.org\/en\/a-propos\/medias\/communiques\/"},{"@type":"ListItem","position":3,"name":"La Couverture des t\u00e9moins, une \u0153uvre d&rsquo;art percutante"}]},{"@type":"WebSite","@id":"https:\/\/mcq.org\/en\/#website","url":"https:\/\/mcq.org\/en\/","name":"Mus\u00e9e de la civilisation","description":"Le Mus\u00e9e de la civilisation explore les diff\u00e9rentes facettes de la r\u00e9alit\u00e9 humaine avec sa d\u00e9marche unique qui combine enchantement, connaissance et r\u00e9flexion.","publisher":{"@id":"https:\/\/mcq.org\/en\/#organization"},"alternateName":"MCQ","potentialAction":[{"@type":"SearchAction","target":{"@type":"EntryPoint","urlTemplate":"https:\/\/mcq.org\/en\/?s={search_term_string}"},"query-input":{"@type":"PropertyValueSpecification","valueRequired":true,"valueName":"search_term_string"}}],"inLanguage":"en-US"},{"@type":"Organization","@id":"https:\/\/mcq.org\/en\/#organization","name":"Mus\u00e9e de la civilisation","alternateName":"MCQ","url":"https:\/\/mcq.org\/en\/","logo":{"@type":"ImageObject","inLanguage":"en-US","@id":"https:\/\/mcq.org\/en\/#\/schema\/logo\/image\/","url":"https:\/\/mcq.org\/wp-content\/uploads\/2023\/04\/logo-mcq-300x123-1.png","contentUrl":"https:\/\/mcq.org\/wp-content\/uploads\/2023\/04\/logo-mcq-300x123-1.png","width":300,"height":123,"caption":"Mus\u00e9e de la civilisation"},"image":{"@id":"https:\/\/mcq.org\/en\/#\/schema\/logo\/image\/"},"sameAs":["https:\/\/www.facebook.com\/mcqorg","https:\/\/x.com\/mcqorg","https:\/\/www.instagram.com\/mcqorg\/","https:\/\/www.linkedin.com\/company\/mcqorg\/"]}]}},"_links":{"self":[{"href":"https:\/\/mcq.org\/en\/wp-json\/wp\/v2\/presse\/2774","targetHints":{"allow":["GET"]}}],"collection":[{"href":"https:\/\/mcq.org\/en\/wp-json\/wp\/v2\/presse"}],"about":[{"href":"https:\/\/mcq.org\/en\/wp-json\/wp\/v2\/types\/presse"}],"version-history":[{"count":14,"href":"https:\/\/mcq.org\/en\/wp-json\/wp\/v2\/presse\/2774\/revisions"}],"predecessor-version":[{"id":2814,"href":"https:\/\/mcq.org\/en\/wp-json\/wp\/v2\/presse\/2774\/revisions\/2814"}],"wp:featuredmedia":[{"embeddable":true,"href":"https:\/\/mcq.org\/en\/wp-json\/wp\/v2\/media\/2793"}],"wp:attachment":[{"href":"https:\/\/mcq.org\/en\/wp-json\/wp\/v2\/media?parent=2774"}],"wp:term":[{"taxonomy":"comm-tax","embeddable":true,"href":"https:\/\/mcq.org\/en\/wp-json\/wp\/v2\/comm-tax?post=2774"}],"curies":[{"name":"wp","href":"https:\/\/api.w.org\/{rel}","templated":true}]}}