{"id":27717,"date":"2025-11-29T08:07:00","date_gmt":"2025-11-29T13:07:00","guid":{"rendered":"https:\/\/mcq.org\/?post_type=presse&#038;p=27717"},"modified":"2025-11-28T11:12:17","modified_gmt":"2025-11-28T16:12:17","slug":"sous-le-meme-ciel-une-rencontre-a-travers-lart-une-exposition-qui-revele-la-beaute-de-la-solidarite-et-la-force-du-lien-humain","status":"publish","type":"presse","link":"https:\/\/mcq.org\/en\/a-propos\/medias\/communiques\/sous-le-meme-ciel-une-rencontre-a-travers-lart-une-exposition-qui-revele-la-beaute-de-la-solidarite-et-la-force-du-lien-humain\/","title":{"rendered":"Sous le m\u00eame ciel, une rencontre \u00e0 travers l\u2019art\u00a0: une exposition qui r\u00e9v\u00e8le la beaut\u00e9 de la solidarit\u00e9 et la force du lien humain"},"content":{"rendered":"<div  class=\"container contenu-centre\">\n  <div class=\"row justify-content-center\">\n    <div class=\"col-lg-10 col-xl-8\">\n      \n        \n\n<p>Un projet. Deux \u00e9coles. Un m\u00eame \u00e9lan qui m\u00e8ne \u00e0 la rencontre du milieu scolaire et du milieu mus\u00e9al\u00a0: l\u2019exposition <em>Sous le m\u00eame ciel, une rencontre \u00e0 travers l\u2019art<\/em>, fruit d\u2019un projet de r\u00e9sidence au Mus\u00e9e de la civilisation, ouvre un espace de m\u00e9moire, d\u2019espoir et d\u2019humanit\u00e9.<\/p>\n<p>Dans ce projet de m\u00e9diation de grande ampleur, plus de 200\u00a0\u00e9l\u00e8ves de 12\u00a0\u00e0\u00a015\u00a0ans des \u00e9coles de l\u2019Envol et de l\u2019Aubier, du Centre de services scolaire des Navigateurs, guid\u00e9s par leurs enseignantes et enseignants d\u2019arts plastiques, ont d\u00e9couvert l\u2019envers du d\u00e9cor du Mus\u00e9e de la civilisation et l\u2019exposition <a href=\"https:\/\/mcq.org\/decouvrir\/expositions\/trouver-refuge\/\"><em>Trouver refuge<\/em><\/a>, qui propose un parcours sonore immersif sur la vie de Mohammed Shofi, r\u00e9fugi\u00e9 Rohingya, \u00e0 travers ses propres mots et souvenirs.<\/p>\n<p>L\u2019exposition s\u2019est ensuite d\u00e9velopp\u00e9e autour de quatre projets artistiques pour lesquels des enseignantes et enseignants en fran\u00e7ais, en art dramatique et en musique ont \u00e9galement donn\u00e9 leur soutien. \u00c0 travers la confection de petits refuges color\u00e9s, de broderies sur des photos de camps de r\u00e9fugi\u00e9s, de cerfs-volants porteurs d\u2019espoir et de ha\u00efkus \u00e9vocateurs, les jeunes de secondaire un \u00e0 trois et de classes d\u2019adaptation scolaire expriment leurs visions et leurs \u00e9motions face aux r\u00e9alit\u00e9s de l\u2019exil, du d\u00e9racinement et du refuge. Individuellement, chaque \u0153uvre porte un regard sensible et empreint d\u2019empathie. Ensemble, elles r\u00e9v\u00e8lent la beaut\u00e9 de la solidarit\u00e9 et la force du lien humain. Cette exposition d\u00e9montre que l\u2019art permet d\u2019entendre des voix trop souvent oubli\u00e9es, de cr\u00e9er des ponts entre les cultures et de nourrir l\u2019espoir d\u2019un avenir meilleur.<\/p>\n<p>Cette exposition est pr\u00e9sent\u00e9e dans l\u2019espace collectif <a href=\"https:\/\/mcq.org\/decouvrir\/voie-libre\/\"><em>Voie libre<\/em><\/a>, qui est accessible gratuitement en tout temps \u00e0 la population. Il s\u2019agit d\u2019un deuxi\u00e8me projet de r\u00e9sidence pr\u00e9sent\u00e9 dans cet espace. Le premier, r\u00e9alis\u00e9 avec la Maison des Adultes, par et pour des \u00e9l\u00e8ves adultes ayant des besoins particuliers, avait donn\u00e9 naissance \u00e0 l\u2019installation <em>S\u2019\u00e9panouir \u2013 Un champ de possibilit\u00e9s<\/em>.<\/p>\n<p>Rappelons que l\u2019exposition <em>Trouver refuge<\/em>, con\u00e7ue et r\u00e9alis\u00e9e conjointement avec\u00a0<a href=\"https:\/\/mofilms.ca\/fr\/\">M\u00d6 FILMS<\/a>\u00a0et les artistes M\u00e9lanie Carrier, Olivier Higgins et\u00a0<a href=\"https:\/\/www.karinegiboulo.com\/\">Karine Giboulo<\/a>, se terminera le 4 janvier 2026, tout comme l\u2019exposition <em>Sous le m\u00eame ciel, une rencontre \u00e0 travers l\u2019art<\/em>.<\/p>\n<p><strong>Citations<\/strong><\/p>\n<p>\u00ab\u00a0Quand nous avons con\u00e7u <em>Voie libre<\/em>, c\u2019\u00e9tait avec l\u2019intention de laisser une place r\u00e9elle d\u2019expression pour la communaut\u00e9. Ce magnifique projet de r\u00e9sidence qui a men\u00e9 \u00e0 l\u2019exposition <em>Sous le m\u00eame ciel,<\/em> <em>une rencontre \u00e0 travers l\u2019art<\/em> r\u00e9pond pleinement \u00e0 cet objectif. C\u2019est une grande fiert\u00e9 de voir les jeunes prendre leur place dans notre Mus\u00e9e et exprimer tout ce que l\u2019exposition <em>Trouver refuge<\/em> leur a inspir\u00e9. Pour le Mus\u00e9e, c\u2019est une belle richesse de pouvoir tisser des liens avec le milieu scolaire, qui vont au-del\u00e0 du cadre habituel.\u00a0\u00bb<br \/><em>&#8211;\u00a0Genevi\u00e8ve de Blois, directrice de la programmation, Mus\u00e9e de la civilisation<\/em><\/p>\n<p>\u00ab\u00a0Nous sommes ravis de constater la remarquable cr\u00e9ativit\u00e9 dont font preuve nos \u00e9l\u00e8ves. L\u2019art est une forme d\u2019expression puissante et nos jeunes, accompagn\u00e9s de nos enseignantes et enseignants, aussi investis que passionn\u00e9s, ont eu la chance d\u2019en explorer toute la richesse\u2026 et de briller! Le Centre de services scolaire des Navigateurs remercie sinc\u00e8rement le Mus\u00e9e de la civilisation pour ce pr\u00e9cieux partenariat, qui contribue \u00e0 \u00e9largir leurs horizons et marquera assur\u00e9ment leur parcours scolaire.\u00a0\u00bb<br \/><em>&#8211;\u00a0\u00c9ric Pouliot, directeur g\u00e9n\u00e9ral adjoint, Centre de services scolaire des Navigateurs<\/em><\/p>\n\n\n          <\/div>\n  <\/div>\n<\/div>","protected":false},"excerpt":{"rendered":"","protected":false},"featured_media":27715,"parent":0,"menu_order":0,"template":"","comm-tax":[8],"class_list":["post-27717","presse","type-presse","status-publish","has-post-thumbnail","hentry","comm-tax-communique"],"acf":[],"yoast_head":"<!-- This site is optimized with the Yoast SEO Premium plugin v27.3 (Yoast SEO v27.3) - https:\/\/yoast.com\/product\/yoast-seo-premium-wordpress\/ -->\n<title>Sous le m\u00eame ciel, une rencontre \u00e0 travers l\u2019art\u00a0: une exposition qui r\u00e9v\u00e8le la beaut\u00e9 de la solidarit\u00e9 et la force du lien humain - Communiqu\u00e9 de presse | Mus\u00e9e de la civilisation<\/title>\n<meta name=\"description\" content=\"Sous le m\u00eame ciel, une rencontre \u00e0 travers l\u2019art\u00a0: une exposition qui r\u00e9v\u00e8le la beaut\u00e9 de la solidarit\u00e9 et la force du lien humain- communiqu\u00e9 de presse du Mus\u00e9e de la civilisation \u00e0 Qu\u00e9bec.\" \/>\n<meta name=\"robots\" content=\"index, follow, max-snippet:-1, max-image-preview:large, max-video-preview:-1\" \/>\n<link rel=\"canonical\" href=\"https:\/\/mcq.org\/en\/a-propos\/medias\/communiques\/sous-le-meme-ciel-une-rencontre-a-travers-lart-une-exposition-qui-revele-la-beaute-de-la-solidarite-et-la-force-du-lien-humain\/\" \/>\n<meta property=\"og:locale\" content=\"en_US\" \/>\n<meta property=\"og:type\" content=\"article\" \/>\n<meta property=\"og:title\" content=\"Sous le m\u00eame ciel, une rencontre \u00e0 travers l\u2019art\u00a0: une exposition qui r\u00e9v\u00e8le la beaut\u00e9 de la solidarit\u00e9 et la force du lien humain - Communiqu\u00e9 de presse | Mus\u00e9e de la civilisation\" \/>\n<meta property=\"og:description\" content=\"Sous le m\u00eame ciel, une rencontre \u00e0 travers l\u2019art\u00a0: une exposition qui r\u00e9v\u00e8le la beaut\u00e9 de la solidarit\u00e9 et la force du lien humain- communiqu\u00e9 de presse du Mus\u00e9e de la civilisation \u00e0 Qu\u00e9bec.\" \/>\n<meta property=\"og:url\" content=\"https:\/\/mcq.org\/en\/a-propos\/medias\/communiques\/sous-le-meme-ciel-une-rencontre-a-travers-lart-une-exposition-qui-revele-la-beaute-de-la-solidarite-et-la-force-du-lien-humain\/\" \/>\n<meta property=\"og:site_name\" content=\"Mus\u00e9e de la civilisation\" \/>\n<meta property=\"article:publisher\" content=\"https:\/\/www.facebook.com\/mcqorg\" \/>\n<meta property=\"og:image\" content=\"https:\/\/mcq.org\/wp-content\/uploads\/2025\/11\/expo-installation-sous-le-meme-ciel-e1764346017861.png\" \/>\n\t<meta property=\"og:image:width\" content=\"600\" \/>\n\t<meta property=\"og:image:height\" content=\"600\" \/>\n\t<meta property=\"og:image:type\" content=\"image\/png\" \/>\n<meta name=\"twitter:card\" content=\"summary_large_image\" \/>\n<meta name=\"twitter:site\" content=\"@mcqorg\" \/>\n<meta name=\"twitter:label1\" content=\"Est. reading time\" \/>\n\t<meta name=\"twitter:data1\" content=\"3 minutes\" \/>\n<!-- \/ Yoast SEO Premium plugin. -->","yoast_head_json":{"title":"Sous le m\u00eame ciel, une rencontre \u00e0 travers l\u2019art\u00a0: une exposition qui r\u00e9v\u00e8le la beaut\u00e9 de la solidarit\u00e9 et la force du lien humain - Communiqu\u00e9 de presse | Mus\u00e9e de la civilisation","description":"Sous le m\u00eame ciel, une rencontre \u00e0 travers l\u2019art\u00a0: une exposition qui r\u00e9v\u00e8le la beaut\u00e9 de la solidarit\u00e9 et la force du lien humain- communiqu\u00e9 de presse du Mus\u00e9e de la civilisation \u00e0 Qu\u00e9bec.","robots":{"index":"index","follow":"follow","max-snippet":"max-snippet:-1","max-image-preview":"max-image-preview:large","max-video-preview":"max-video-preview:-1"},"canonical":"https:\/\/mcq.org\/en\/a-propos\/medias\/communiques\/sous-le-meme-ciel-une-rencontre-a-travers-lart-une-exposition-qui-revele-la-beaute-de-la-solidarite-et-la-force-du-lien-humain\/","og_locale":"en_US","og_type":"article","og_title":"Sous le m\u00eame ciel, une rencontre \u00e0 travers l\u2019art\u00a0: une exposition qui r\u00e9v\u00e8le la beaut\u00e9 de la solidarit\u00e9 et la force du lien humain - Communiqu\u00e9 de presse | Mus\u00e9e de la civilisation","og_description":"Sous le m\u00eame ciel, une rencontre \u00e0 travers l\u2019art\u00a0: une exposition qui r\u00e9v\u00e8le la beaut\u00e9 de la solidarit\u00e9 et la force du lien humain- communiqu\u00e9 de presse du Mus\u00e9e de la civilisation \u00e0 Qu\u00e9bec.","og_url":"https:\/\/mcq.org\/en\/a-propos\/medias\/communiques\/sous-le-meme-ciel-une-rencontre-a-travers-lart-une-exposition-qui-revele-la-beaute-de-la-solidarite-et-la-force-du-lien-humain\/","og_site_name":"Mus\u00e9e de la civilisation","article_publisher":"https:\/\/www.facebook.com\/mcqorg","og_image":[{"width":600,"height":600,"url":"https:\/\/mcq.org\/wp-content\/uploads\/2025\/11\/expo-installation-sous-le-meme-ciel-e1764346017861.png","type":"image\/png"}],"twitter_card":"summary_large_image","twitter_site":"@mcqorg","twitter_misc":{"Est. reading time":"3 minutes"},"schema":{"@context":"https:\/\/schema.org","@graph":[{"@type":"WebPage","@id":"https:\/\/mcq.org\/en\/a-propos\/medias\/communiques\/sous-le-meme-ciel-une-rencontre-a-travers-lart-une-exposition-qui-revele-la-beaute-de-la-solidarite-et-la-force-du-lien-humain\/","url":"https:\/\/mcq.org\/en\/a-propos\/medias\/communiques\/sous-le-meme-ciel-une-rencontre-a-travers-lart-une-exposition-qui-revele-la-beaute-de-la-solidarite-et-la-force-du-lien-humain\/","name":"Sous le m\u00eame ciel, une rencontre \u00e0 travers l\u2019art\u00a0: une exposition qui r\u00e9v\u00e8le la beaut\u00e9 de la solidarit\u00e9 et la force du lien humain - Communiqu\u00e9 de presse | Mus\u00e9e de la civilisation","isPartOf":{"@id":"https:\/\/mcq.org\/en\/#website"},"primaryImageOfPage":{"@id":"https:\/\/mcq.org\/en\/a-propos\/medias\/communiques\/sous-le-meme-ciel-une-rencontre-a-travers-lart-une-exposition-qui-revele-la-beaute-de-la-solidarite-et-la-force-du-lien-humain\/#primaryimage"},"image":{"@id":"https:\/\/mcq.org\/en\/a-propos\/medias\/communiques\/sous-le-meme-ciel-une-rencontre-a-travers-lart-une-exposition-qui-revele-la-beaute-de-la-solidarite-et-la-force-du-lien-humain\/#primaryimage"},"thumbnailUrl":"https:\/\/mcq.org\/wp-content\/uploads\/2025\/11\/expo-installation-sous-le-meme-ciel-e1764346017861.png","datePublished":"2025-11-29T13:07:00+00:00","description":"Sous le m\u00eame ciel, une rencontre \u00e0 travers l\u2019art\u00a0: une exposition qui r\u00e9v\u00e8le la beaut\u00e9 de la solidarit\u00e9 et la force du lien humain- communiqu\u00e9 de presse du Mus\u00e9e de la civilisation \u00e0 Qu\u00e9bec.","breadcrumb":{"@id":"https:\/\/mcq.org\/en\/a-propos\/medias\/communiques\/sous-le-meme-ciel-une-rencontre-a-travers-lart-une-exposition-qui-revele-la-beaute-de-la-solidarite-et-la-force-du-lien-humain\/#breadcrumb"},"inLanguage":"en-US","potentialAction":[{"@type":"ReadAction","target":["https:\/\/mcq.org\/en\/a-propos\/medias\/communiques\/sous-le-meme-ciel-une-rencontre-a-travers-lart-une-exposition-qui-revele-la-beaute-de-la-solidarite-et-la-force-du-lien-humain\/"]}]},{"@type":"ImageObject","inLanguage":"en-US","@id":"https:\/\/mcq.org\/en\/a-propos\/medias\/communiques\/sous-le-meme-ciel-une-rencontre-a-travers-lart-une-exposition-qui-revele-la-beaute-de-la-solidarite-et-la-force-du-lien-humain\/#primaryimage","url":"https:\/\/mcq.org\/wp-content\/uploads\/2025\/11\/expo-installation-sous-le-meme-ciel-e1764346017861.png","contentUrl":"https:\/\/mcq.org\/wp-content\/uploads\/2025\/11\/expo-installation-sous-le-meme-ciel-e1764346017861.png","width":600,"height":600,"caption":"Sous le m\u00eame ciel \u00e9crit en cordage sur un fond bleu p\u00e2le"},{"@type":"BreadcrumbList","@id":"https:\/\/mcq.org\/en\/a-propos\/medias\/communiques\/sous-le-meme-ciel-une-rencontre-a-travers-lart-une-exposition-qui-revele-la-beaute-de-la-solidarite-et-la-force-du-lien-humain\/#breadcrumb","itemListElement":[{"@type":"ListItem","position":1,"name":"Home","item":"https:\/\/mcq.org\/en\/"},{"@type":"ListItem","position":2,"name":"Communiqu\u00e9s presse","item":"https:\/\/mcq.org\/en\/a-propos\/medias\/communiques\/"},{"@type":"ListItem","position":3,"name":"Sous le m\u00eame ciel, une rencontre \u00e0 travers l\u2019art\u00a0: une exposition qui r\u00e9v\u00e8le la beaut\u00e9 de la solidarit\u00e9 et la force du lien humain"}]},{"@type":"WebSite","@id":"https:\/\/mcq.org\/en\/#website","url":"https:\/\/mcq.org\/en\/","name":"Mus\u00e9e de la civilisation","description":"Le Mus\u00e9e de la civilisation explore les diff\u00e9rentes facettes de la r\u00e9alit\u00e9 humaine avec sa d\u00e9marche unique qui combine enchantement, connaissance et r\u00e9flexion.","publisher":{"@id":"https:\/\/mcq.org\/en\/#organization"},"alternateName":"MCQ","potentialAction":[{"@type":"SearchAction","target":{"@type":"EntryPoint","urlTemplate":"https:\/\/mcq.org\/en\/?s={search_term_string}"},"query-input":{"@type":"PropertyValueSpecification","valueRequired":true,"valueName":"search_term_string"}}],"inLanguage":"en-US"},{"@type":"Organization","@id":"https:\/\/mcq.org\/en\/#organization","name":"Mus\u00e9e de la civilisation","alternateName":"MCQ","url":"https:\/\/mcq.org\/en\/","logo":{"@type":"ImageObject","inLanguage":"en-US","@id":"https:\/\/mcq.org\/en\/#\/schema\/logo\/image\/","url":"https:\/\/mcq.org\/wp-content\/uploads\/2023\/04\/logo-mcq-300x123-1.png","contentUrl":"https:\/\/mcq.org\/wp-content\/uploads\/2023\/04\/logo-mcq-300x123-1.png","width":300,"height":123,"caption":"Mus\u00e9e de la civilisation"},"image":{"@id":"https:\/\/mcq.org\/en\/#\/schema\/logo\/image\/"},"sameAs":["https:\/\/www.facebook.com\/mcqorg","https:\/\/x.com\/mcqorg","https:\/\/www.instagram.com\/mcqorg\/","https:\/\/www.linkedin.com\/company\/mcqorg\/"]}]}},"_links":{"self":[{"href":"https:\/\/mcq.org\/en\/wp-json\/wp\/v2\/presse\/27717","targetHints":{"allow":["GET"]}}],"collection":[{"href":"https:\/\/mcq.org\/en\/wp-json\/wp\/v2\/presse"}],"about":[{"href":"https:\/\/mcq.org\/en\/wp-json\/wp\/v2\/types\/presse"}],"version-history":[{"count":1,"href":"https:\/\/mcq.org\/en\/wp-json\/wp\/v2\/presse\/27717\/revisions"}],"predecessor-version":[{"id":27718,"href":"https:\/\/mcq.org\/en\/wp-json\/wp\/v2\/presse\/27717\/revisions\/27718"}],"wp:featuredmedia":[{"embeddable":true,"href":"https:\/\/mcq.org\/en\/wp-json\/wp\/v2\/media\/27715"}],"wp:attachment":[{"href":"https:\/\/mcq.org\/en\/wp-json\/wp\/v2\/media?parent=27717"}],"wp:term":[{"taxonomy":"comm-tax","embeddable":true,"href":"https:\/\/mcq.org\/en\/wp-json\/wp\/v2\/comm-tax?post=27717"}],"curies":[{"name":"wp","href":"https:\/\/api.w.org\/{rel}","templated":true}]}}