{"id":2765,"date":"2022-10-03T14:18:00","date_gmt":"2022-10-03T18:18:00","guid":{"rendered":"https:\/\/prod.mcq.org\/?post_type=presse&#038;p=2765"},"modified":"2023-05-25T17:25:13","modified_gmt":"2023-05-25T21:25:13","slug":"laudacieuse-exposition-o-merde-remporte-un-prix-dexcellence-de-la-societe-des-musees-du-quebec","status":"publish","type":"presse","link":"https:\/\/mcq.org\/en\/a-propos\/medias\/communiques\/laudacieuse-exposition-o-merde-remporte-un-prix-dexcellence-de-la-societe-des-musees-du-quebec\/","title":{"rendered":"L&#8217;audacieuse exposition \u00d4 merde!\u00a0remporte un Prix d&#8217;excellence de la Soci\u00e9t\u00e9 des mus\u00e9es du Qu\u00e9bec"},"content":{"rendered":"<div  class=\"container contenu-centre\">\n  <div class=\"row justify-content-center\">\n    <div class=\"col-lg-10 col-xl-8\">\n      \n        \n\n<p>Le Mus\u00e9e de la civilisation a remport\u00e9 un Prix d&#8217;excellence pour son audacieuse exposition <a href=\"\/decouvrir\/expositions\/o-merde\/\">\u00d4 merde!<\/a> lors du congr\u00e8s de la Soci\u00e9t\u00e9 des mus\u00e9es du Qu\u00e9bec (SMQ), tenu \u00e0 Roberval la semaine derni\u00e8re.<\/p>\n<p>Les Prix d&#8217;excellence visent \u00e0 reconna\u00eetre, stimuler et r\u00e9compenser l&#8217;excellence de la pratique mus\u00e9ale au Qu\u00e9bec en mettant \u00e0 l&#8217;honneur les r\u00e9alisations des membres de la SMQ ayant contribu\u00e9, de fa\u00e7on significative, \u00e0 l&#8217;avancement de la mus\u00e9ologie qu\u00e9b\u00e9coise. <em>\u00d4 merde!, est <\/em><em>pr\u00e9sent\u00e9e par <\/em><a href=\"https:\/\/www.h2oinnovation.com\/fr\/groupe-h2o-innovation\/compagnie\/\"><em>H\u2082O<\/em><em> Innovation<\/em><\/a><em> avec la collaboration de <\/em><a href=\"https:\/\/www.recyc-quebec.gouv.qc.ca\/\"><em>RECYC-QU\u00c9BEC<\/em><\/a><em> et <\/em><a href=\"https:\/\/www.cascades.com\/fr\"><em>Cascades,<\/em><\/a><em> ainsi que la participation de <\/em><a href=\"http:\/\/www.lescabinets.com\/\"><em>Les Cabinets<\/em><\/a><em> et du <\/em><a href=\"https:\/\/www.fairmont.fr\/frontenac-quebec\/\"><em>Fairmont Le Ch\u00e2teau Frontenac<\/em><\/a><em> \u00e0 titre d&#8217;h\u00f4tel officiel.<\/em><\/p>\n<p><\/p>\n<h3><strong>Citation<\/strong><\/h3>\n<p>\u00ab C&#8217;est un honneur d&#8217;\u00eatre reconnus par ses pairs. Nous avons jou\u00e9 d&#8217;audace en pr\u00e9sentant un sujet aussi tabou. Nombreux sont les visiteurs qui nous expriment leur appr\u00e9ciation ainsi que leur changement de perception et les effets positifs sur leur comportement insuffl\u00e9s par cette exposition. \u00c0 titre de mus\u00e9e de soci\u00e9t\u00e9, il est du mandat du Mus\u00e9e de la civilisation de faire tomber les pr\u00e9jug\u00e9s, de d\u00e9montrer les enjeux sociaux et environnementaux qui nous touchent et de provoquer le questionnement et inciter \u00e0 agir. \u00bb <em>St\u00e9phan La Roche, pr\u00e9sident-directeur g\u00e9n\u00e9ral <\/em><em>du Mus\u00e9e de la civilisation<\/em><\/p>\n<p><\/p>\n<p>L&#8217;exposition<em> <a href=\"https:\/\/www.mcq.org\/fr\/exposition?id=819704\">\u00d4 merde!<\/a><\/em>, que l&#8217;on peut voir jusqu&#8217;au 26 mars 2023, est a \u00e9t\u00e9 enti\u00e8rement con\u00e7ue et r\u00e9alis\u00e9e par l&#8217;\u00e9quipe du Mus\u00e9e de la civilisation, sous la responsabilit\u00e9 de la charg\u00e9e de projets d&#8217;exposition, Coline Niess, appuy\u00e9e de la designer Jeanne Poulin et du conservateur Vincent Gigu\u00e8re. De concert avec un comit\u00e9 scientifique, ils ont su relever le d\u00e9fi de fa\u00e7on intelligente, ludique et inusit\u00e9e.<\/p>\n<p>Le Mus\u00e9e de la civilisation peut se f\u00e9liciter de conserver une place \u00e0 l&#8217;avant plan de la sc\u00e8ne mus\u00e9ale nationale et internationale, en mati\u00e8re d&#8217;innovation et d&#8217;excellence. D\u00e9j\u00e0, l&#8217;exposition suscite un vif int\u00e9r\u00eat de la part de mus\u00e9es nord-am\u00e9ricains et des d\u00e9marches sont en cours afin de la faire circuler en Europe d\u00e8s 2025.<\/p>\n<p><\/p>\n<p><strong>Relations de presse&nbsp;:<\/strong><br>Agn\u00e8s Dufour&nbsp;: 418&nbsp;643-2158 poste 433; courriel&nbsp;: <a href=\"mailto:agnes.dufour@mcq.org\">agnes.dufour@mcq.org<\/a><\/p>\n<p class=\"vignette\">Publi\u00e9 le 3 octobre 2022<\/p>\n\n\n          <\/div>\n  <\/div>\n<\/div>","protected":false},"excerpt":{"rendered":"","protected":false},"featured_media":5953,"parent":0,"menu_order":0,"template":"","comm-tax":[8],"class_list":["post-2765","presse","type-presse","status-publish","has-post-thumbnail","hentry","comm-tax-communique"],"acf":[],"yoast_head":"<!-- This site is optimized with the Yoast SEO Premium plugin v27.3 (Yoast SEO v27.3) - https:\/\/yoast.com\/product\/yoast-seo-premium-wordpress\/ -->\n<title>L&#039;audacieuse exposition \u00d4 merde!\u00a0remporte un Prix d&#039;excellence de la Soci\u00e9t\u00e9 des mus\u00e9es du Qu\u00e9bec - Communiqu\u00e9 de presse | Mus\u00e9e de la civilisation<\/title>\n<meta name=\"description\" content=\"L&#039;audacieuse exposition \u00d4 merde!\u00a0remporte un Prix d&#039;excellence de la Soci\u00e9t\u00e9 des mus\u00e9es du Qu\u00e9bec- communiqu\u00e9 de presse du Mus\u00e9e de la civilisation \u00e0 Qu\u00e9bec.\" \/>\n<meta name=\"robots\" content=\"index, follow, max-snippet:-1, max-image-preview:large, max-video-preview:-1\" \/>\n<link rel=\"canonical\" href=\"https:\/\/mcq.org\/en\/a-propos\/medias\/communiques\/laudacieuse-exposition-o-merde-remporte-un-prix-dexcellence-de-la-societe-des-musees-du-quebec\/\" \/>\n<meta property=\"og:locale\" content=\"en_US\" \/>\n<meta property=\"og:type\" content=\"article\" \/>\n<meta property=\"og:title\" content=\"L&#039;audacieuse exposition \u00d4 merde!\u00a0remporte un Prix d&#039;excellence de la Soci\u00e9t\u00e9 des mus\u00e9es du Qu\u00e9bec - Communiqu\u00e9 de presse | Mus\u00e9e de la civilisation\" \/>\n<meta property=\"og:description\" content=\"L&#039;audacieuse exposition \u00d4 merde!\u00a0remporte un Prix d&#039;excellence de la Soci\u00e9t\u00e9 des mus\u00e9es du Qu\u00e9bec- communiqu\u00e9 de presse du Mus\u00e9e de la civilisation \u00e0 Qu\u00e9bec.\" \/>\n<meta property=\"og:url\" content=\"https:\/\/mcq.org\/en\/a-propos\/medias\/communiques\/laudacieuse-exposition-o-merde-remporte-un-prix-dexcellence-de-la-societe-des-musees-du-quebec\/\" \/>\n<meta property=\"og:site_name\" content=\"Mus\u00e9e de la civilisation\" \/>\n<meta property=\"article:publisher\" content=\"https:\/\/www.facebook.com\/mcqorg\" \/>\n<meta property=\"article:modified_time\" content=\"2023-05-25T21:25:13+00:00\" \/>\n<meta property=\"og:image\" content=\"https:\/\/mcq.org\/wp-content\/uploads\/2023\/05\/o-merde-presse-600x600.jpg?ver=1685036621\" \/>\n\t<meta property=\"og:image:width\" content=\"600\" \/>\n\t<meta property=\"og:image:height\" content=\"600\" \/>\n\t<meta property=\"og:image:type\" content=\"image\/jpeg\" \/>\n<meta name=\"twitter:card\" content=\"summary_large_image\" \/>\n<meta name=\"twitter:site\" content=\"@mcqorg\" \/>\n<meta name=\"twitter:label1\" content=\"Est. reading time\" \/>\n\t<meta name=\"twitter:data1\" content=\"2 minutes\" \/>\n<!-- \/ Yoast SEO Premium plugin. -->","yoast_head_json":{"title":"L'audacieuse exposition \u00d4 merde!\u00a0remporte un Prix d'excellence de la Soci\u00e9t\u00e9 des mus\u00e9es du Qu\u00e9bec - Communiqu\u00e9 de presse | Mus\u00e9e de la civilisation","description":"L'audacieuse exposition \u00d4 merde!\u00a0remporte un Prix d'excellence de la Soci\u00e9t\u00e9 des mus\u00e9es du Qu\u00e9bec- communiqu\u00e9 de presse du Mus\u00e9e de la civilisation \u00e0 Qu\u00e9bec.","robots":{"index":"index","follow":"follow","max-snippet":"max-snippet:-1","max-image-preview":"max-image-preview:large","max-video-preview":"max-video-preview:-1"},"canonical":"https:\/\/mcq.org\/en\/a-propos\/medias\/communiques\/laudacieuse-exposition-o-merde-remporte-un-prix-dexcellence-de-la-societe-des-musees-du-quebec\/","og_locale":"en_US","og_type":"article","og_title":"L'audacieuse exposition \u00d4 merde!\u00a0remporte un Prix d'excellence de la Soci\u00e9t\u00e9 des mus\u00e9es du Qu\u00e9bec - Communiqu\u00e9 de presse | Mus\u00e9e de la civilisation","og_description":"L'audacieuse exposition \u00d4 merde!\u00a0remporte un Prix d'excellence de la Soci\u00e9t\u00e9 des mus\u00e9es du Qu\u00e9bec- communiqu\u00e9 de presse du Mus\u00e9e de la civilisation \u00e0 Qu\u00e9bec.","og_url":"https:\/\/mcq.org\/en\/a-propos\/medias\/communiques\/laudacieuse-exposition-o-merde-remporte-un-prix-dexcellence-de-la-societe-des-musees-du-quebec\/","og_site_name":"Mus\u00e9e de la civilisation","article_publisher":"https:\/\/www.facebook.com\/mcqorg","article_modified_time":"2023-05-25T21:25:13+00:00","og_image":[{"width":600,"height":600,"url":"https:\/\/mcq.org\/wp-content\/uploads\/2023\/05\/o-merde-presse-600x600.jpg?ver=1685036621","type":"image\/jpeg"}],"twitter_card":"summary_large_image","twitter_site":"@mcqorg","twitter_misc":{"Est. reading time":"2 minutes"},"schema":{"@context":"https:\/\/schema.org","@graph":[{"@type":"WebPage","@id":"https:\/\/mcq.org\/en\/a-propos\/medias\/communiques\/laudacieuse-exposition-o-merde-remporte-un-prix-dexcellence-de-la-societe-des-musees-du-quebec\/","url":"https:\/\/mcq.org\/en\/a-propos\/medias\/communiques\/laudacieuse-exposition-o-merde-remporte-un-prix-dexcellence-de-la-societe-des-musees-du-quebec\/","name":"L'audacieuse exposition \u00d4 merde!\u00a0remporte un Prix d'excellence de la Soci\u00e9t\u00e9 des mus\u00e9es du Qu\u00e9bec - Communiqu\u00e9 de presse | Mus\u00e9e de la civilisation","isPartOf":{"@id":"https:\/\/mcq.org\/en\/#website"},"primaryImageOfPage":{"@id":"https:\/\/mcq.org\/en\/a-propos\/medias\/communiques\/laudacieuse-exposition-o-merde-remporte-un-prix-dexcellence-de-la-societe-des-musees-du-quebec\/#primaryimage"},"image":{"@id":"https:\/\/mcq.org\/en\/a-propos\/medias\/communiques\/laudacieuse-exposition-o-merde-remporte-un-prix-dexcellence-de-la-societe-des-musees-du-quebec\/#primaryimage"},"thumbnailUrl":"https:\/\/mcq.org\/wp-content\/uploads\/2023\/05\/o-merde-presse-600x600.jpg?ver=1685036621","datePublished":"2022-10-03T18:18:00+00:00","dateModified":"2023-05-25T21:25:13+00:00","description":"L'audacieuse exposition \u00d4 merde!\u00a0remporte un Prix d'excellence de la Soci\u00e9t\u00e9 des mus\u00e9es du Qu\u00e9bec- communiqu\u00e9 de presse du Mus\u00e9e de la civilisation \u00e0 Qu\u00e9bec.","breadcrumb":{"@id":"https:\/\/mcq.org\/en\/a-propos\/medias\/communiques\/laudacieuse-exposition-o-merde-remporte-un-prix-dexcellence-de-la-societe-des-musees-du-quebec\/#breadcrumb"},"inLanguage":"en-US","potentialAction":[{"@type":"ReadAction","target":["https:\/\/mcq.org\/en\/a-propos\/medias\/communiques\/laudacieuse-exposition-o-merde-remporte-un-prix-dexcellence-de-la-societe-des-musees-du-quebec\/"]}]},{"@type":"ImageObject","inLanguage":"en-US","@id":"https:\/\/mcq.org\/en\/a-propos\/medias\/communiques\/laudacieuse-exposition-o-merde-remporte-un-prix-dexcellence-de-la-societe-des-musees-du-quebec\/#primaryimage","url":"https:\/\/mcq.org\/wp-content\/uploads\/2023\/05\/o-merde-presse-600x600.jpg?ver=1685036621","contentUrl":"https:\/\/mcq.org\/wp-content\/uploads\/2023\/05\/o-merde-presse-600x600.jpg?ver=1685036621","width":600,"height":600,"caption":"Signature visuel de l'exposition \u00d4 merde! Il s'agit d'un caca dor\u00e9 sur fond noir."},{"@type":"BreadcrumbList","@id":"https:\/\/mcq.org\/en\/a-propos\/medias\/communiques\/laudacieuse-exposition-o-merde-remporte-un-prix-dexcellence-de-la-societe-des-musees-du-quebec\/#breadcrumb","itemListElement":[{"@type":"ListItem","position":1,"name":"Home","item":"https:\/\/mcq.org\/en\/"},{"@type":"ListItem","position":2,"name":"Communiqu\u00e9s presse","item":"https:\/\/mcq.org\/en\/a-propos\/medias\/communiques\/"},{"@type":"ListItem","position":3,"name":"L&rsquo;audacieuse exposition \u00d4 merde!\u00a0remporte un Prix d&rsquo;excellence de la Soci\u00e9t\u00e9 des mus\u00e9es du Qu\u00e9bec"}]},{"@type":"WebSite","@id":"https:\/\/mcq.org\/en\/#website","url":"https:\/\/mcq.org\/en\/","name":"Mus\u00e9e de la civilisation","description":"Le Mus\u00e9e de la civilisation explore les diff\u00e9rentes facettes de la r\u00e9alit\u00e9 humaine avec sa d\u00e9marche unique qui combine enchantement, connaissance et r\u00e9flexion.","publisher":{"@id":"https:\/\/mcq.org\/en\/#organization"},"alternateName":"MCQ","potentialAction":[{"@type":"SearchAction","target":{"@type":"EntryPoint","urlTemplate":"https:\/\/mcq.org\/en\/?s={search_term_string}"},"query-input":{"@type":"PropertyValueSpecification","valueRequired":true,"valueName":"search_term_string"}}],"inLanguage":"en-US"},{"@type":"Organization","@id":"https:\/\/mcq.org\/en\/#organization","name":"Mus\u00e9e de la civilisation","alternateName":"MCQ","url":"https:\/\/mcq.org\/en\/","logo":{"@type":"ImageObject","inLanguage":"en-US","@id":"https:\/\/mcq.org\/en\/#\/schema\/logo\/image\/","url":"https:\/\/mcq.org\/wp-content\/uploads\/2023\/04\/logo-mcq-300x123-1.png","contentUrl":"https:\/\/mcq.org\/wp-content\/uploads\/2023\/04\/logo-mcq-300x123-1.png","width":300,"height":123,"caption":"Mus\u00e9e de la civilisation"},"image":{"@id":"https:\/\/mcq.org\/en\/#\/schema\/logo\/image\/"},"sameAs":["https:\/\/www.facebook.com\/mcqorg","https:\/\/x.com\/mcqorg","https:\/\/www.instagram.com\/mcqorg\/","https:\/\/www.linkedin.com\/company\/mcqorg\/"]}]}},"_links":{"self":[{"href":"https:\/\/mcq.org\/en\/wp-json\/wp\/v2\/presse\/2765","targetHints":{"allow":["GET"]}}],"collection":[{"href":"https:\/\/mcq.org\/en\/wp-json\/wp\/v2\/presse"}],"about":[{"href":"https:\/\/mcq.org\/en\/wp-json\/wp\/v2\/types\/presse"}],"version-history":[{"count":9,"href":"https:\/\/mcq.org\/en\/wp-json\/wp\/v2\/presse\/2765\/revisions"}],"predecessor-version":[{"id":6000,"href":"https:\/\/mcq.org\/en\/wp-json\/wp\/v2\/presse\/2765\/revisions\/6000"}],"wp:featuredmedia":[{"embeddable":true,"href":"https:\/\/mcq.org\/en\/wp-json\/wp\/v2\/media\/5953"}],"wp:attachment":[{"href":"https:\/\/mcq.org\/en\/wp-json\/wp\/v2\/media?parent=2765"}],"wp:term":[{"taxonomy":"comm-tax","embeddable":true,"href":"https:\/\/mcq.org\/en\/wp-json\/wp\/v2\/comm-tax?post=2765"}],"curies":[{"name":"wp","href":"https:\/\/api.w.org\/{rel}","templated":true}]}}