{"id":27647,"date":"2025-11-25T08:00:00","date_gmt":"2025-11-25T13:00:00","guid":{"rendered":"https:\/\/mcq.org\/?post_type=presse&#038;p=27647"},"modified":"2025-11-24T17:16:51","modified_gmt":"2025-11-24T22:16:51","slug":"27647-2","status":"publish","type":"presse","link":"https:\/\/mcq.org\/en\/a-propos\/medias\/communiques\/27647-2\/","title":{"rendered":"Le Grand Banquet de la Fondation du Mus\u00e9e de la civilisation\u00a0: quand l\u2019\u00e9l\u00e9gance rencontre l\u2019engagement!"},"content":{"rendered":"<div  class=\"container contenu-centre\">\n  <div class=\"row justify-content-center\">\n    <div class=\"col-lg-10 col-xl-8\">\n      \n        \n\n<p>Raffinement et \u00e9l\u00e9gance \u00e9taient de mise, vendredi soir dernier, lors du\u00a021<sup>e<\/sup> Grand Banquet de la Fondation du Mus\u00e9e de la civilisation, sous la pr\u00e9sidence d\u2019honneur de monsieur Jean-Fran\u00e7ois Chalifoux, pr\u00e9sident et chef de la direction de <a href=\"https:\/\/www.beneva.ca\/fr\" target=\"_blank\" rel=\"noopener\">Beneva<\/a>. Une vague de g\u00e9n\u00e9rosit\u00e9 a permis d\u2019amasser un b\u00e9n\u00e9fice de 500\u2009000\u00a0$!<\/p>\n<p>Cette \u00e9dition du Grand Banquet, anim\u00e9e par V\u00e9ronique Claveau, a r\u00e9uni plus de 450\u00a0convives dans le hall du Mus\u00e9e pour une travers\u00e9e gastronomique cinq services sign\u00e9e par le chef Joseph Sarrazin du restaurant <a href=\"https:\/\/www.lequarante7.com\/\" target=\"_blank\" rel=\"noopener\">Le Quarante 7<\/a>. Aussi au programme\u00a0: cocktail d\u2019accueil, encans silencieux et \u00e0 la cri\u00e9e ainsi qu\u2019une fin de soir\u00e9e aux sonorit\u00e9s folkloriques avec le Quatuor\u00a021.<\/p>\n<p>Le Grand Banquet est un rendez-vous annuel majeur du milieu des affaires et de la philanthropie. Les sommes r\u00e9colt\u00e9es lors de cet \u00e9v\u00e9nement permettent de financer diff\u00e9rentes activit\u00e9s qui profitent \u00e0 des milliers de jeunes et leur famille. Pour plusieurs de ces enfants, une visite au Mus\u00e9e procure un trop rare contact avec la culture, dans un lieu ouvert sur le monde, essentiel au d\u00e9veloppement individuel et collectif. Les nombreux donateurs et nombreuses donatrices qui choisissent de soutenir la Fondation du Mus\u00e9e s\u2019engagent avec ferveur au nom de l\u2019accessibilit\u00e9 \u00e0 la culture et \u00e0 ses bienfaits.<\/p>\n<p>La Fondation du Mus\u00e9e de la civilisation tient \u00e0 remercier ses partenaires principaux\u00a0: <a href=\"https:\/\/www.atkinsrealis.com\/fr-FR\" target=\"_blank\" rel=\"noopener\">AtkinsR\u00e9alis Canada<\/a>, <a href=\"https:\/\/www.saint-antoine.com\/fr\" target=\"_blank\" rel=\"noopener\">Auberge Saint-Antoine<\/a>, <a href=\"https:\/\/www.bell.ca\/\" target=\"_blank\" rel=\"noopener\">Bell<\/a>, <a href=\"https:\/\/www.canambridges.com\/fr\/\" target=\"_blank\" rel=\"noopener\">Canam Ponts Canada<\/a>, <a href=\"https:\/\/www.beneva.ca\/fr\" target=\"_blank\" rel=\"noopener\">Beneva<\/a>, <a href=\"https:\/\/ia.ca\/\" target=\"_blank\" rel=\"noopener\">iA Groupe financier<\/a>, <a href=\"https:\/\/kpmg.com\/ca\/fr\/home.html\" target=\"_blank\" rel=\"noopener\">KPMG<\/a>, <a href=\"https:\/\/www.lacaisse.com\/fr\" target=\"_blank\" rel=\"noopener\">La Caisse<\/a>, <a href=\"http:\/\/munichre.com\" target=\"_blank\" rel=\"noopener\">Munich Re<\/a>, <a href=\"https:\/\/www.quebecor.com\/fr\/accueil\" target=\"_blank\" rel=\"noopener\">Qu\u00e9becor M\u00e9dia<\/a>, ainsi que ses partenaires engag\u00e9s, <a href=\"https:\/\/www.lequarante7.com\/\" target=\"_blank\" rel=\"noopener\">Le Quarante 7<\/a> et la <a href=\"https:\/\/www.saq.com\/\">SAQ<\/a>.<\/p>\n<p><strong>Citations<\/strong><\/p>\n<p>\u00ab\u2009C\u2019est une grande fiert\u00e9 pour moi d\u2019appuyer la Fondation du Mus\u00e9e de la civilisation. Les valeurs port\u00e9es par sa mission de rendre accessible notre culture aux enfants provenant de tous les milieux m\u2019interpellent. Ses multiples actions contribuent grandement \u00e0 b\u00e2tir une soci\u00e9t\u00e9 plus ouverte et plus inclusive. Le succ\u00e8s du Grand Banquet d\u00e9montre l\u2019engagement de la communaut\u00e9 d\u2019affaires qui partage ses valeurs d\u2019inclusion. Assurer l\u2019acc\u00e8s \u00e0 la culture au plus grand nombre, n\u2019est-ce pas le point de d\u00e9part id\u00e9al, par les temps qui courent, afin de faire jaillir l\u2019\u00e9tincelle qu\u2019il nous faut pour redonner l\u2019espoir\u2009?\u2009\u00bb<br \/><em>\u2013\u00a0Olga Farman, pr\u00e9sidente-directrice g\u00e9n\u00e9rale de l\u2019Administration portuaire de Qu\u00e9bec et pr\u00e9sidente du conseil d\u2019administration de la Fondation du Mus\u00e9e de la civilisation<\/em><\/p>\n<p>\u00ab\u2009C\u2019est avec grand plaisir que je me joins \u00e0 la Fondation cette ann\u00e9e \u00e0 titre de pr\u00e9sident d\u2019honneur du Grand Banquet. Sa mission me touche particuli\u00e8rement et rappelle les racines mutualistes de Beneva qui est n\u00e9e d\u2019une soif de justice et d\u2019\u00e9quit\u00e9 sociale. Par nos valeurs de mobilisation et de solidarit\u00e9, nous avons \u00e0 c\u0153ur d\u2019assurer l\u2019acc\u00e8s \u00e0 la culture au plus grand nombre, peu importe leur statut social. C\u2019est pourquoi Beneva est fi\u00e8re partenaire de la Fondation depuis 21\u00a0ans\u2009!\u2009\u00bb<br \/><em>\u2013\u00a0<\/em><em>Jean-Francois Chalifoux, pr\u00e9sident <\/em><em>et chef de la direction de Beneva et pr\u00e9sident d\u2019honneur du Grand Banquet\u00a02025<\/em><\/p>\n<p>Le prochain Grand Banquet aura lieu le 20\u00a0novembre\u00a02026 sous la copr\u00e9sidence d\u2019honneur de madame St\u00e9phanie Vaillancourt, pr\u00e9sidente Canada d\u2019AtkinsR\u00e9alis et de madame Kim Thomassin, premi\u00e8re vice-pr\u00e9sidente et cheffe, Qu\u00e9bec, \u00e0 La Caisse.<\/p>\n<p><strong>\u00c0 propos de la <a href=\"https:\/\/mcq.org\/soutenir\/fondation\/a-propos\/\">Fondation du Mus\u00e9e de la civilisation<\/a><\/strong><\/p>\n<p>L\u2019impact de la culture est ind\u00e9niable dans le d\u00e9veloppement social et \u00e9ducatif des individus, particuli\u00e8rement des enfants, peu importe le milieu d\u2019o\u00f9 ils viennent, et \u00e0 plus forte raison en situation de besoins particuliers. La Fondation du Mus\u00e9e de la civilisation se donne pour mission, depuis plus de 30\u00a0ans, de soutenir l\u2019accessibilit\u00e9 aux activit\u00e9s du Mus\u00e9e \u00e0 des personnes aux horizons vari\u00e9s afin de leur faire vivre une exp\u00e9rience positive et enrichissante au contact de la culture. Ses activit\u00e9s sont soutenues par un <a href=\"https:\/\/mcq.org\/soutenir\/fondation\/a-propos\/conseil-administration\/\">conseil d\u2019administration<\/a> dynamique et engag\u00e9 envers sa mission.<\/p>\n<p>Cr\u00e9dit photo : Mus\u00e9e de la civilisation, St\u00e9phane Bourgeois<\/p>\n<p>Pour plus d\u2019informations sur le Grand Banquet de la Fondation du Mus\u00e9e de la civilisation : Marie-Eve Abran\u00a0: 418\u00a0643-2158 poste\u00a0320\u2009; courriel\u00a0: <a href=\"mailto:marie-eve.abran@mcq.org\">marie-eve.abran@mcq.org<\/a><\/p>\n\n\n          <\/div>\n  <\/div>\n<\/div>","protected":false},"excerpt":{"rendered":"","protected":false},"featured_media":27618,"parent":0,"menu_order":0,"template":"","comm-tax":[8],"class_list":["post-27647","presse","type-presse","status-publish","has-post-thumbnail","hentry","comm-tax-communique"],"acf":[],"yoast_head":"<!-- This site is optimized with the Yoast SEO Premium plugin v27.3 (Yoast SEO v27.3) - https:\/\/yoast.com\/product\/yoast-seo-premium-wordpress\/ -->\n<title>Le Grand Banquet de la Fondation du Mus\u00e9e de la civilisation\u00a0: quand l\u2019\u00e9l\u00e9gance rencontre l\u2019engagement! - Communiqu\u00e9 de presse | Mus\u00e9e de la civilisation<\/title>\n<meta name=\"description\" content=\"Le Grand Banquet de la Fondation du Mus\u00e9e de la civilisation\u00a0: quand l\u2019\u00e9l\u00e9gance rencontre l\u2019engagement!- communiqu\u00e9 de presse du Mus\u00e9e de la civilisation \u00e0 Qu\u00e9bec.\" \/>\n<meta name=\"robots\" content=\"index, follow, max-snippet:-1, max-image-preview:large, max-video-preview:-1\" \/>\n<link rel=\"canonical\" href=\"https:\/\/mcq.org\/en\/a-propos\/medias\/communiques\/27647-2\/\" \/>\n<meta property=\"og:locale\" content=\"en_US\" \/>\n<meta property=\"og:type\" content=\"article\" \/>\n<meta property=\"og:title\" content=\"Le Grand Banquet de la Fondation du Mus\u00e9e de la civilisation\u00a0: quand l\u2019\u00e9l\u00e9gance rencontre l\u2019engagement! - Communiqu\u00e9 de presse | Mus\u00e9e de la civilisation\" \/>\n<meta property=\"og:description\" content=\"Le Grand Banquet de la Fondation du Mus\u00e9e de la civilisation\u00a0: quand l\u2019\u00e9l\u00e9gance rencontre l\u2019engagement!- communiqu\u00e9 de presse du Mus\u00e9e de la civilisation \u00e0 Qu\u00e9bec.\" \/>\n<meta property=\"og:url\" content=\"https:\/\/mcq.org\/en\/a-propos\/medias\/communiques\/27647-2\/\" \/>\n<meta property=\"og:site_name\" content=\"Mus\u00e9e de la civilisation\" \/>\n<meta property=\"article:publisher\" content=\"https:\/\/www.facebook.com\/mcqorg\" \/>\n<meta property=\"og:image\" content=\"https:\/\/mcq.org\/wp-content\/uploads\/2025\/11\/presse-grand-banquet-2025.jpg\" \/>\n\t<meta property=\"og:image:width\" content=\"1317\" \/>\n\t<meta property=\"og:image:height\" content=\"1317\" \/>\n\t<meta property=\"og:image:type\" content=\"image\/jpeg\" \/>\n<meta name=\"twitter:card\" content=\"summary_large_image\" \/>\n<meta name=\"twitter:site\" content=\"@mcqorg\" \/>\n<meta name=\"twitter:label1\" content=\"Est. reading time\" \/>\n\t<meta name=\"twitter:data1\" content=\"4 minutes\" \/>\n<!-- \/ Yoast SEO Premium plugin. -->","yoast_head_json":{"title":"Le Grand Banquet de la Fondation du Mus\u00e9e de la civilisation\u00a0: quand l\u2019\u00e9l\u00e9gance rencontre l\u2019engagement! - Communiqu\u00e9 de presse | Mus\u00e9e de la civilisation","description":"Le Grand Banquet de la Fondation du Mus\u00e9e de la civilisation\u00a0: quand l\u2019\u00e9l\u00e9gance rencontre l\u2019engagement!- communiqu\u00e9 de presse du Mus\u00e9e de la civilisation \u00e0 Qu\u00e9bec.","robots":{"index":"index","follow":"follow","max-snippet":"max-snippet:-1","max-image-preview":"max-image-preview:large","max-video-preview":"max-video-preview:-1"},"canonical":"https:\/\/mcq.org\/en\/a-propos\/medias\/communiques\/27647-2\/","og_locale":"en_US","og_type":"article","og_title":"Le Grand Banquet de la Fondation du Mus\u00e9e de la civilisation\u00a0: quand l\u2019\u00e9l\u00e9gance rencontre l\u2019engagement! - Communiqu\u00e9 de presse | Mus\u00e9e de la civilisation","og_description":"Le Grand Banquet de la Fondation du Mus\u00e9e de la civilisation\u00a0: quand l\u2019\u00e9l\u00e9gance rencontre l\u2019engagement!- communiqu\u00e9 de presse du Mus\u00e9e de la civilisation \u00e0 Qu\u00e9bec.","og_url":"https:\/\/mcq.org\/en\/a-propos\/medias\/communiques\/27647-2\/","og_site_name":"Mus\u00e9e de la civilisation","article_publisher":"https:\/\/www.facebook.com\/mcqorg","og_image":[{"width":1317,"height":1317,"url":"https:\/\/mcq.org\/wp-content\/uploads\/2025\/11\/presse-grand-banquet-2025.jpg","type":"image\/jpeg"}],"twitter_card":"summary_large_image","twitter_site":"@mcqorg","twitter_misc":{"Est. reading time":"4 minutes"},"schema":{"@context":"https:\/\/schema.org","@graph":[{"@type":"WebPage","@id":"https:\/\/mcq.org\/en\/a-propos\/medias\/communiques\/27647-2\/","url":"https:\/\/mcq.org\/en\/a-propos\/medias\/communiques\/27647-2\/","name":"Le Grand Banquet de la Fondation du Mus\u00e9e de la civilisation\u00a0: quand l\u2019\u00e9l\u00e9gance rencontre l\u2019engagement! - Communiqu\u00e9 de presse | Mus\u00e9e de la civilisation","isPartOf":{"@id":"https:\/\/mcq.org\/en\/#website"},"primaryImageOfPage":{"@id":"https:\/\/mcq.org\/en\/a-propos\/medias\/communiques\/27647-2\/#primaryimage"},"image":{"@id":"https:\/\/mcq.org\/en\/a-propos\/medias\/communiques\/27647-2\/#primaryimage"},"thumbnailUrl":"https:\/\/mcq.org\/wp-content\/uploads\/2025\/11\/presse-grand-banquet-2025.jpg","datePublished":"2025-11-25T13:00:00+00:00","description":"Le Grand Banquet de la Fondation du Mus\u00e9e de la civilisation\u00a0: quand l\u2019\u00e9l\u00e9gance rencontre l\u2019engagement!- communiqu\u00e9 de presse du Mus\u00e9e de la civilisation \u00e0 Qu\u00e9bec.","breadcrumb":{"@id":"https:\/\/mcq.org\/en\/a-propos\/medias\/communiques\/27647-2\/#breadcrumb"},"inLanguage":"en-US","potentialAction":[{"@type":"ReadAction","target":["https:\/\/mcq.org\/en\/a-propos\/medias\/communiques\/27647-2\/"]}]},{"@type":"ImageObject","inLanguage":"en-US","@id":"https:\/\/mcq.org\/en\/a-propos\/medias\/communiques\/27647-2\/#primaryimage","url":"https:\/\/mcq.org\/wp-content\/uploads\/2025\/11\/presse-grand-banquet-2025.jpg","contentUrl":"https:\/\/mcq.org\/wp-content\/uploads\/2025\/11\/presse-grand-banquet-2025.jpg","width":1317,"height":1317,"caption":"Dans le Hall du Mus\u00e9e plusieurs personnes sont assises devant une oratrice. Au plafond de gigantesques lustres de style chandeliers et au fond une coque de bateau."},{"@type":"BreadcrumbList","@id":"https:\/\/mcq.org\/en\/a-propos\/medias\/communiques\/27647-2\/#breadcrumb","itemListElement":[{"@type":"ListItem","position":1,"name":"Home","item":"https:\/\/mcq.org\/en\/"},{"@type":"ListItem","position":2,"name":"Communiqu\u00e9s presse","item":"https:\/\/mcq.org\/en\/a-propos\/medias\/communiques\/"},{"@type":"ListItem","position":3,"name":"Le Grand Banquet de la Fondation du Mus\u00e9e de la civilisation\u00a0: quand l\u2019\u00e9l\u00e9gance rencontre l\u2019engagement!"}]},{"@type":"WebSite","@id":"https:\/\/mcq.org\/en\/#website","url":"https:\/\/mcq.org\/en\/","name":"Mus\u00e9e de la civilisation","description":"Le Mus\u00e9e de la civilisation explore les diff\u00e9rentes facettes de la r\u00e9alit\u00e9 humaine avec sa d\u00e9marche unique qui combine enchantement, connaissance et r\u00e9flexion.","publisher":{"@id":"https:\/\/mcq.org\/en\/#organization"},"alternateName":"MCQ","potentialAction":[{"@type":"SearchAction","target":{"@type":"EntryPoint","urlTemplate":"https:\/\/mcq.org\/en\/?s={search_term_string}"},"query-input":{"@type":"PropertyValueSpecification","valueRequired":true,"valueName":"search_term_string"}}],"inLanguage":"en-US"},{"@type":"Organization","@id":"https:\/\/mcq.org\/en\/#organization","name":"Mus\u00e9e de la civilisation","alternateName":"MCQ","url":"https:\/\/mcq.org\/en\/","logo":{"@type":"ImageObject","inLanguage":"en-US","@id":"https:\/\/mcq.org\/en\/#\/schema\/logo\/image\/","url":"https:\/\/mcq.org\/wp-content\/uploads\/2023\/04\/logo-mcq-300x123-1.png","contentUrl":"https:\/\/mcq.org\/wp-content\/uploads\/2023\/04\/logo-mcq-300x123-1.png","width":300,"height":123,"caption":"Mus\u00e9e de la civilisation"},"image":{"@id":"https:\/\/mcq.org\/en\/#\/schema\/logo\/image\/"},"sameAs":["https:\/\/www.facebook.com\/mcqorg","https:\/\/x.com\/mcqorg","https:\/\/www.instagram.com\/mcqorg\/","https:\/\/www.linkedin.com\/company\/mcqorg\/"]}]}},"_links":{"self":[{"href":"https:\/\/mcq.org\/en\/wp-json\/wp\/v2\/presse\/27647","targetHints":{"allow":["GET"]}}],"collection":[{"href":"https:\/\/mcq.org\/en\/wp-json\/wp\/v2\/presse"}],"about":[{"href":"https:\/\/mcq.org\/en\/wp-json\/wp\/v2\/types\/presse"}],"version-history":[{"count":3,"href":"https:\/\/mcq.org\/en\/wp-json\/wp\/v2\/presse\/27647\/revisions"}],"predecessor-version":[{"id":27650,"href":"https:\/\/mcq.org\/en\/wp-json\/wp\/v2\/presse\/27647\/revisions\/27650"}],"wp:featuredmedia":[{"embeddable":true,"href":"https:\/\/mcq.org\/en\/wp-json\/wp\/v2\/media\/27618"}],"wp:attachment":[{"href":"https:\/\/mcq.org\/en\/wp-json\/wp\/v2\/media?parent=27647"}],"wp:term":[{"taxonomy":"comm-tax","embeddable":true,"href":"https:\/\/mcq.org\/en\/wp-json\/wp\/v2\/comm-tax?post=27647"}],"curies":[{"name":"wp","href":"https:\/\/api.w.org\/{rel}","templated":true}]}}