{"id":27532,"date":"2025-11-19T16:27:38","date_gmt":"2025-11-19T21:27:38","guid":{"rendered":"https:\/\/mcq.org\/?post_type=presse&#038;p=27532"},"modified":"2025-11-19T16:27:40","modified_gmt":"2025-11-19T21:27:40","slug":"honneur-au-peuple-du-quebec-lordre-national-40-ans-a-faire-rayonner-lexcellence-quebecoise","status":"publish","type":"presse","link":"https:\/\/mcq.org\/en\/a-propos\/medias\/communiques\/honneur-au-peuple-du-quebec-lordre-national-40-ans-a-faire-rayonner-lexcellence-quebecoise\/","title":{"rendered":"Honneur au peuple du Qu\u00e9bec\u00a0: l\u2019Ordre national, 40\u00a0ans \u00e0 faire rayonner l\u2019excellence qu\u00e9b\u00e9coise"},"content":{"rendered":"<div  class=\"container contenu-centre\">\n  <div class=\"row justify-content-center\">\n    <div class=\"col-lg-10 col-xl-8\">\n      \n        \n\n<p>Qu\u2019ont en commun R\u00e9gine Laurent, Dany Laferri\u00e8re, Kim Th\u00fay, Beno\u00eet Huot, Monique Giroux et Sylvie Bernier? Non seulement ils sont tous membres de l\u2019Ordre national du Qu\u00e9bec, mais ils sont \u00e9galement au c\u0153ur de la vitrine-exposition<a href=\"https:\/\/mcq.org\/decouvrir\/expositions\/honneur-au-peuple-du-quebec\/\"><em> Honneur au peuple du Qu\u00e9bec<\/em><\/a>, con\u00e7ue et r\u00e9alis\u00e9e par le Mus\u00e9e de la civilisation en partenariat avec l\u2019<a href=\"https:\/\/www.ordre-national.gouv.qc.ca\/\" target=\"_blank\" rel=\"noopener\">Ordre national du Qu\u00e9bec<\/a>, afin de souligner les quarante ans de cette institution apolitique, symbole de fiert\u00e9 collective.<\/p>\n<p>Chaque ann\u00e9e, des personnalit\u00e9s inspirantes se voient d\u00e9cor\u00e9es de l\u2019un des trois grades\u00a0: chevalier ou chevali\u00e8re, officier ou offici\u00e8re, ainsi que grand officier ou grande offici\u00e8re. \u00ab\u2009Honneur au peuple du Qu\u00e9bec\u2009\u00bb, telle est la devise de l\u2019Ordre national, la plus haute distinction d\u00e9cern\u00e9e par l\u2019\u00c9tat au nom du peuple \u00e0 des membres de la soci\u00e9t\u00e9 qu\u00e9b\u00e9coise qui ont grandement contribu\u00e9 \u00e0 son avancement et sa notori\u00e9t\u00e9. C\u2019est en 1985 qu\u2019a eu lieu la premi\u00e8re c\u00e9r\u00e9monie de remise des insignes \u00e0 des personnalit\u00e9s d\u2019exception. Depuis, plus de 1200\u00a0personnes ont \u00e9t\u00e9 honor\u00e9es, s\u2019inscrivant dans l\u2019histoire pour leurs accomplissements exceptionnels, faisant rayonner les talents qu\u00e9b\u00e9cois et nourrissant notre fiert\u00e9 collective.<\/p>\n<p>Du 20\u00a0novembre\u00a02025 au 18\u00a0octobre\u00a02026, le public pourra apprendre tout ce qu\u2019il y a \u00e0 savoir au sujet de l\u2019Ordre national, d\u00e9couvrir ses symboles, mais aussi plusieurs objets in\u00e9dits t\u00e9moignant de parcours qui ont contribu\u00e9 \u00e0 fa\u00e7onner l\u2019histoire moderne du Qu\u00e9bec par des r\u00e9alisations hors du commun, et ce gratuitement.<\/p>\n<p>Parmi les objets et histoires \u00e0 d\u00e9couvrir, on retrouve notamment un pr\u00e9cieux bracelet d\u2019enfant port\u00e9 par Kim Th\u00fay \u00e0 son arriv\u00e9e au Qu\u00e9bec en 1979, l\u2019\u00e9p\u00e9e d\u2019acad\u00e9micien de Dany Laferri\u00e8re, un dessin pr\u00e9monitoire fait par Monique Giroux \u00e0 l\u2019\u00e2ge de quatre ans, ou encore une m\u00e9daille d\u2019or remport\u00e9e par l\u2019athl\u00e8te Beno\u00eet Huot aux Jeux paralympiques d\u2019Ath\u00e8nes en 2004. On peut \u00e9galement admirer le prestigieux Livre d\u2019or de l\u2019Ordre national, qui recueille les t\u00e9moignages et autographes des membres nomm\u00e9s \u00e0 chaque c\u00e9r\u00e9monie de distinction, en plus de nombreux autres objets, documents et entrevues.<\/p>\n<p>\u00ab\u2009Cette vitrine-exposition permet de d\u00e9couvrir une institution qui nous appartient, \u00e0 toutes et \u00e0 tous. C\u2019est au nom du peuple que ces honneurs sont d\u00e9cern\u00e9s, ce geste contribuant \u00e0 \u00e9crire l\u2019histoire du Qu\u00e9bec \u00e0 travers ses talents et ses r\u00e9ussites, avec reconnaissance et fiert\u00e9 partag\u00e9es. \u00c0 travers des objets touchants et \u00e9vocateurs se r\u00e9v\u00e8lent des parcours de vie qui ont contribu\u00e9 \u00e0 l\u2019avancement de la soci\u00e9t\u00e9 tout enti\u00e8re. Le Mus\u00e9e de la civilisation est fier de mettre en valeur cette institution et ses membres, dont l\u2019action est rassembleuse et inspirante.\u2009\u00bb<br \/><em>Julie Lemieux, directrice g\u00e9n\u00e9rale, Mus\u00e9e de la civilisation<\/em><\/p>\n<p>\u00ab\u2009L\u2019Ordre national du Qu\u00e9bec, c\u2019est avant tout la force de femmes et d\u2019hommes d\u2019exception qui, dans tous les domaines, ont marqu\u00e9 notre soci\u00e9t\u00e9 par des r\u00e9alisations qui font avancer notre histoire. Cette vitrine-exposition saisit parfaitement cet esprit en mettant en lumi\u00e8re les symboles, l\u2019h\u00e9ritage et les parcours inspirants de Qu\u00e9b\u00e9coises et de Qu\u00e9b\u00e9cois remarquables. Je suis fi\u00e8re de la d\u00e9couvrir aujourd\u2019hui et je salue avec enthousiasme le travail de toutes celles et tous ceux qui l\u2019ont rendue possible. J\u2019esp\u00e8re que le public ressentira la m\u00eame fiert\u00e9 et la m\u00eame \u00e9motion que moi en la visitant.\u2009\u00bb<br \/><em>Claudine Roy,\u00a0C.Q., pr\u00e9sidente du Conseil de l\u2019Ordre national du Qu\u00e9bec<\/em><\/p>\n\n\n          <\/div>\n  <\/div>\n<\/div>\n\n\n<p><\/p>\n","protected":false},"excerpt":{"rendered":"","protected":false},"featured_media":27060,"parent":0,"menu_order":0,"template":"","comm-tax":[8],"class_list":["post-27532","presse","type-presse","status-publish","has-post-thumbnail","hentry","comm-tax-communique"],"acf":[],"yoast_head":"<!-- This site is optimized with the Yoast SEO Premium plugin v27.3 (Yoast SEO v27.3) - https:\/\/yoast.com\/product\/yoast-seo-premium-wordpress\/ -->\n<title>Honneur au peuple du Qu\u00e9bec\u00a0: l\u2019Ordre national, 40\u00a0ans \u00e0 faire rayonner l\u2019excellence qu\u00e9b\u00e9coise - Communiqu\u00e9 de presse | Mus\u00e9e de la civilisation<\/title>\n<meta name=\"description\" content=\"Honneur au peuple du Qu\u00e9bec\u00a0: l\u2019Ordre national, 40\u00a0ans \u00e0 faire rayonner l\u2019excellence qu\u00e9b\u00e9coise- communiqu\u00e9 de presse du Mus\u00e9e de la civilisation \u00e0 Qu\u00e9bec.\" \/>\n<meta name=\"robots\" content=\"index, follow, max-snippet:-1, max-image-preview:large, max-video-preview:-1\" \/>\n<link rel=\"canonical\" href=\"https:\/\/mcq.org\/en\/a-propos\/medias\/communiques\/honneur-au-peuple-du-quebec-lordre-national-40-ans-a-faire-rayonner-lexcellence-quebecoise\/\" \/>\n<meta property=\"og:locale\" content=\"en_US\" \/>\n<meta property=\"og:type\" content=\"article\" \/>\n<meta property=\"og:title\" content=\"Honneur au peuple du Qu\u00e9bec\u00a0: l\u2019Ordre national, 40\u00a0ans \u00e0 faire rayonner l\u2019excellence qu\u00e9b\u00e9coise - Communiqu\u00e9 de presse | Mus\u00e9e de la civilisation\" \/>\n<meta property=\"og:description\" content=\"Honneur au peuple du Qu\u00e9bec\u00a0: l\u2019Ordre national, 40\u00a0ans \u00e0 faire rayonner l\u2019excellence qu\u00e9b\u00e9coise- communiqu\u00e9 de presse du Mus\u00e9e de la civilisation \u00e0 Qu\u00e9bec.\" \/>\n<meta property=\"og:url\" content=\"https:\/\/mcq.org\/en\/a-propos\/medias\/communiques\/honneur-au-peuple-du-quebec-lordre-national-40-ans-a-faire-rayonner-lexcellence-quebecoise\/\" \/>\n<meta property=\"og:site_name\" content=\"Mus\u00e9e de la civilisation\" \/>\n<meta property=\"article:publisher\" content=\"https:\/\/www.facebook.com\/mcqorg\" \/>\n<meta property=\"article:modified_time\" content=\"2025-11-19T21:27:40+00:00\" \/>\n<meta property=\"og:image\" content=\"https:\/\/mcq.org\/wp-content\/uploads\/2025\/10\/ordre-nationale-medaille-carre.jpg?ver=1762957237\" \/>\n\t<meta property=\"og:image:width\" content=\"600\" \/>\n\t<meta property=\"og:image:height\" content=\"600\" \/>\n\t<meta property=\"og:image:type\" content=\"image\/jpeg\" \/>\n<meta name=\"twitter:card\" content=\"summary_large_image\" \/>\n<meta name=\"twitter:site\" content=\"@mcqorg\" \/>\n<meta name=\"twitter:label1\" content=\"Est. reading time\" \/>\n\t<meta name=\"twitter:data1\" content=\"3 minutes\" \/>\n<!-- \/ Yoast SEO Premium plugin. -->","yoast_head_json":{"title":"Honneur au peuple du Qu\u00e9bec\u00a0: l\u2019Ordre national, 40\u00a0ans \u00e0 faire rayonner l\u2019excellence qu\u00e9b\u00e9coise - Communiqu\u00e9 de presse | Mus\u00e9e de la civilisation","description":"Honneur au peuple du Qu\u00e9bec\u00a0: l\u2019Ordre national, 40\u00a0ans \u00e0 faire rayonner l\u2019excellence qu\u00e9b\u00e9coise- communiqu\u00e9 de presse du Mus\u00e9e de la civilisation \u00e0 Qu\u00e9bec.","robots":{"index":"index","follow":"follow","max-snippet":"max-snippet:-1","max-image-preview":"max-image-preview:large","max-video-preview":"max-video-preview:-1"},"canonical":"https:\/\/mcq.org\/en\/a-propos\/medias\/communiques\/honneur-au-peuple-du-quebec-lordre-national-40-ans-a-faire-rayonner-lexcellence-quebecoise\/","og_locale":"en_US","og_type":"article","og_title":"Honneur au peuple du Qu\u00e9bec\u00a0: l\u2019Ordre national, 40\u00a0ans \u00e0 faire rayonner l\u2019excellence qu\u00e9b\u00e9coise - Communiqu\u00e9 de presse | Mus\u00e9e de la civilisation","og_description":"Honneur au peuple du Qu\u00e9bec\u00a0: l\u2019Ordre national, 40\u00a0ans \u00e0 faire rayonner l\u2019excellence qu\u00e9b\u00e9coise- communiqu\u00e9 de presse du Mus\u00e9e de la civilisation \u00e0 Qu\u00e9bec.","og_url":"https:\/\/mcq.org\/en\/a-propos\/medias\/communiques\/honneur-au-peuple-du-quebec-lordre-national-40-ans-a-faire-rayonner-lexcellence-quebecoise\/","og_site_name":"Mus\u00e9e de la civilisation","article_publisher":"https:\/\/www.facebook.com\/mcqorg","article_modified_time":"2025-11-19T21:27:40+00:00","og_image":[{"width":600,"height":600,"url":"https:\/\/mcq.org\/wp-content\/uploads\/2025\/10\/ordre-nationale-medaille-carre.jpg?ver=1762957237","type":"image\/jpeg"}],"twitter_card":"summary_large_image","twitter_site":"@mcqorg","twitter_misc":{"Est. reading time":"3 minutes"},"schema":{"@context":"https:\/\/schema.org","@graph":[{"@type":"WebPage","@id":"https:\/\/mcq.org\/en\/a-propos\/medias\/communiques\/honneur-au-peuple-du-quebec-lordre-national-40-ans-a-faire-rayonner-lexcellence-quebecoise\/","url":"https:\/\/mcq.org\/en\/a-propos\/medias\/communiques\/honneur-au-peuple-du-quebec-lordre-national-40-ans-a-faire-rayonner-lexcellence-quebecoise\/","name":"Honneur au peuple du Qu\u00e9bec\u00a0: l\u2019Ordre national, 40\u00a0ans \u00e0 faire rayonner l\u2019excellence qu\u00e9b\u00e9coise - Communiqu\u00e9 de presse | Mus\u00e9e de la civilisation","isPartOf":{"@id":"https:\/\/mcq.org\/en\/#website"},"primaryImageOfPage":{"@id":"https:\/\/mcq.org\/en\/a-propos\/medias\/communiques\/honneur-au-peuple-du-quebec-lordre-national-40-ans-a-faire-rayonner-lexcellence-quebecoise\/#primaryimage"},"image":{"@id":"https:\/\/mcq.org\/en\/a-propos\/medias\/communiques\/honneur-au-peuple-du-quebec-lordre-national-40-ans-a-faire-rayonner-lexcellence-quebecoise\/#primaryimage"},"thumbnailUrl":"https:\/\/mcq.org\/wp-content\/uploads\/2025\/10\/ordre-nationale-medaille-carre.jpg?ver=1762957237","datePublished":"2025-11-19T21:27:38+00:00","dateModified":"2025-11-19T21:27:40+00:00","description":"Honneur au peuple du Qu\u00e9bec\u00a0: l\u2019Ordre national, 40\u00a0ans \u00e0 faire rayonner l\u2019excellence qu\u00e9b\u00e9coise- communiqu\u00e9 de presse du Mus\u00e9e de la civilisation \u00e0 Qu\u00e9bec.","breadcrumb":{"@id":"https:\/\/mcq.org\/en\/a-propos\/medias\/communiques\/honneur-au-peuple-du-quebec-lordre-national-40-ans-a-faire-rayonner-lexcellence-quebecoise\/#breadcrumb"},"inLanguage":"en-US","potentialAction":[{"@type":"ReadAction","target":["https:\/\/mcq.org\/en\/a-propos\/medias\/communiques\/honneur-au-peuple-du-quebec-lordre-national-40-ans-a-faire-rayonner-lexcellence-quebecoise\/"]}]},{"@type":"ImageObject","inLanguage":"en-US","@id":"https:\/\/mcq.org\/en\/a-propos\/medias\/communiques\/honneur-au-peuple-du-quebec-lordre-national-40-ans-a-faire-rayonner-lexcellence-quebecoise\/#primaryimage","url":"https:\/\/mcq.org\/wp-content\/uploads\/2025\/10\/ordre-nationale-medaille-carre.jpg?ver=1762957237","contentUrl":"https:\/\/mcq.org\/wp-content\/uploads\/2025\/10\/ordre-nationale-medaille-carre.jpg?ver=1762957237","width":600,"height":600,"caption":"M\u00e9daille dor\u00e9e de l'Ordre nationale du Qu\u00e9bec avec un ruban bleu ray\u00e9 blanc sur un fond bleu \u00e9toil\u00e9"},{"@type":"BreadcrumbList","@id":"https:\/\/mcq.org\/en\/a-propos\/medias\/communiques\/honneur-au-peuple-du-quebec-lordre-national-40-ans-a-faire-rayonner-lexcellence-quebecoise\/#breadcrumb","itemListElement":[{"@type":"ListItem","position":1,"name":"Home","item":"https:\/\/mcq.org\/en\/"},{"@type":"ListItem","position":2,"name":"Communiqu\u00e9s presse","item":"https:\/\/mcq.org\/en\/a-propos\/medias\/communiques\/"},{"@type":"ListItem","position":3,"name":"Honneur au peuple du Qu\u00e9bec\u00a0: l\u2019Ordre national, 40\u00a0ans \u00e0 faire rayonner l\u2019excellence qu\u00e9b\u00e9coise"}]},{"@type":"WebSite","@id":"https:\/\/mcq.org\/en\/#website","url":"https:\/\/mcq.org\/en\/","name":"Mus\u00e9e de la civilisation","description":"Le Mus\u00e9e de la civilisation explore les diff\u00e9rentes facettes de la r\u00e9alit\u00e9 humaine avec sa d\u00e9marche unique qui combine enchantement, connaissance et r\u00e9flexion.","publisher":{"@id":"https:\/\/mcq.org\/en\/#organization"},"alternateName":"MCQ","potentialAction":[{"@type":"SearchAction","target":{"@type":"EntryPoint","urlTemplate":"https:\/\/mcq.org\/en\/?s={search_term_string}"},"query-input":{"@type":"PropertyValueSpecification","valueRequired":true,"valueName":"search_term_string"}}],"inLanguage":"en-US"},{"@type":"Organization","@id":"https:\/\/mcq.org\/en\/#organization","name":"Mus\u00e9e de la civilisation","alternateName":"MCQ","url":"https:\/\/mcq.org\/en\/","logo":{"@type":"ImageObject","inLanguage":"en-US","@id":"https:\/\/mcq.org\/en\/#\/schema\/logo\/image\/","url":"https:\/\/mcq.org\/wp-content\/uploads\/2023\/04\/logo-mcq-300x123-1.png","contentUrl":"https:\/\/mcq.org\/wp-content\/uploads\/2023\/04\/logo-mcq-300x123-1.png","width":300,"height":123,"caption":"Mus\u00e9e de la civilisation"},"image":{"@id":"https:\/\/mcq.org\/en\/#\/schema\/logo\/image\/"},"sameAs":["https:\/\/www.facebook.com\/mcqorg","https:\/\/x.com\/mcqorg","https:\/\/www.instagram.com\/mcqorg\/","https:\/\/www.linkedin.com\/company\/mcqorg\/"]}]}},"_links":{"self":[{"href":"https:\/\/mcq.org\/en\/wp-json\/wp\/v2\/presse\/27532","targetHints":{"allow":["GET"]}}],"collection":[{"href":"https:\/\/mcq.org\/en\/wp-json\/wp\/v2\/presse"}],"about":[{"href":"https:\/\/mcq.org\/en\/wp-json\/wp\/v2\/types\/presse"}],"version-history":[{"count":1,"href":"https:\/\/mcq.org\/en\/wp-json\/wp\/v2\/presse\/27532\/revisions"}],"predecessor-version":[{"id":27533,"href":"https:\/\/mcq.org\/en\/wp-json\/wp\/v2\/presse\/27532\/revisions\/27533"}],"wp:featuredmedia":[{"embeddable":true,"href":"https:\/\/mcq.org\/en\/wp-json\/wp\/v2\/media\/27060"}],"wp:attachment":[{"href":"https:\/\/mcq.org\/en\/wp-json\/wp\/v2\/media?parent=27532"}],"wp:term":[{"taxonomy":"comm-tax","embeddable":true,"href":"https:\/\/mcq.org\/en\/wp-json\/wp\/v2\/comm-tax?post=27532"}],"curies":[{"name":"wp","href":"https:\/\/api.w.org\/{rel}","templated":true}]}}