{"id":27196,"date":"2025-10-21T10:09:32","date_gmt":"2025-10-21T14:09:32","guid":{"rendered":"https:\/\/mcq.org\/?post_type=presse&#038;p=27196"},"modified":"2025-10-21T13:52:12","modified_gmt":"2025-10-21T17:52:12","slug":"nin-une-invitation-a-decouvrir-et-a-celebrer-la-culture-anicinab","status":"publish","type":"presse","link":"https:\/\/mcq.org\/en\/a-propos\/medias\/communiques\/nin-une-invitation-a-decouvrir-et-a-celebrer-la-culture-anicinab\/","title":{"rendered":"NIN\u00a0: une invitation \u00e0 d\u00e9couvrir et \u00e0 c\u00e9l\u00e9brer la culture anicinab"},"content":{"rendered":"<div  class=\"container contenu-centre\">\n  <div class=\"row justify-content-center\">\n    <div class=\"col-lg-10 col-xl-8\">\n      \n        \n\n<p>Le Mus\u00e9e de la civilisation pr\u00e9sente <a href=\"https:\/\/mcq.org\/decouvrir\/expositions\/nin\/\"><em>NIN<\/em><\/a>, une exposition con\u00e7ue et r\u00e9alis\u00e9e par l\u2019organisme culturel <a href=\"https:\/\/minwashin.org\/\" target=\"_blank\" rel=\"noopener\">MINWASHIN<\/a> dans le cadre de la D\u00e9cennie internationale des langues autochtones (2022-2032).<em> NIN <\/em>prend la forme d\u2019une for\u00eat symbolique form\u00e9e de noms, de valeurs et de r\u00e9cits, dans laquelle les porteurs des savoirs anicinabe invitent les visiteurs et visiteuses. Elle sera pr\u00e9sent\u00e9e du 22\u00a0octobre\u00a02025 au 4\u00a0janvier\u00a02027.<\/p>\n<p>Apr\u00e8s avoir \u00e9t\u00e9 pr\u00e9sent\u00e9e au si\u00e8ge social de <a href=\"https:\/\/www.unesco.org\/fr\" target=\"_blank\" rel=\"noopener\">l\u2019UNESCO<\/a> \u00e0 Paris et dans les communaut\u00e9s anicinabe du grand Anicinabe Aki, le territoire anicinabe, l\u2019exposition <em>NIN<\/em> (pr\u00e9c\u00e9demment appel\u00e9e <em>NIN, Je suis, I am<\/em>) est pr\u00e9sent\u00e9e pour la premi\u00e8re fois dans cette nouvelle version mus\u00e9ale, au Mus\u00e9e de la civilisation.<\/p>\n<p>La majorit\u00e9 des Anicinabek vivent le long de la rivi\u00e8re des Outaouais, de part et d\u2019autre de la fronti\u00e8re entre les territoires connus comme le Qu\u00e9bec et l\u2019Ontario. Cette exposition c\u00e9l\u00e8bre la force et la beaut\u00e9 de la langue anicinabe \u2014 l\u2019anicinabemowin \u2014 \u00e0 travers un parcours sensible r\u00e9unissant des histoires, des \u0153uvres d\u2019art et des exp\u00e9riences interactives. Elle propose \u00e0 tous les publics de d\u00e9couvrir la richesse de cette langue, mais aussi les personnes qui la font vivre, dans une approche intime, puissante et humaine.<\/p>\n<p>Le th\u00e8me central, \u00ab\u2009NIN\u2009\u00bb, qui signifie \u00ab\u2009Je suis\u2009\u00bb, incarne l\u2019inclusivit\u00e9 et la reconnexion avec soi-m\u00eame et le territoire. L\u2019exposition est divis\u00e9e en cinq zones, chacune abordant des aspects diff\u00e9rents de la transmission de la langue et des savoirs anicinabe\u00a0: introduction \u00e0 l\u2019univers anicinabe \u00e0 travers une for\u00eat symbolique, transmission orale et lien avec le territoire et les non-humains, \u00e9vocation des cycles de la vie et de la revitalisation de la langue, espace de connexion communautaire et de c\u00e9l\u00e9bration de l\u2019identit\u00e9 et, enfin, c\u00e9l\u00e9bration de la r\u00e9silience et de l\u2019autod\u00e9termination des peuples autochtones.<\/p>\n<p>Souhaitant interpeller et sensibiliser le public \u00e0 la culture anicinabe et \u00e0 la revitalisation de cette langue d\u2019une grande po\u00e9sie et porteuse de sens, <em>NIN<\/em> met en avant la beaut\u00e9 et la force de l\u2019anicinabemowin par divers contenus artistiques et interactifs pour enrichir l\u2019exp\u00e9rience des visiteurs.<\/p>\n<p>Plusieurs artistes autochtones aux pratiques vari\u00e9es s\u2019y retrouvent, explorant chacun et chacune \u00e0 leur fa\u00e7on les th\u00e8mes d\u2019identit\u00e9 et de culture. Ainsi, le public peut admirer les \u0153uvres de\u00a0: Eruoma Awashish, Karl Chevrier, Dominic Lafontaine, Caroline Monnet, Francine Chevrier, Debra Chevrier Polson, Craig Commanda, Rosalie Mowatt, Mary-Jane Brazeau, Barbara Wabanonik, Fabienne Th\u00e9oret-Jerome, Tom Bulowski, Elizabeth Mianscum, Pascale-Jos\u00e9e Binette, Alice Jerome, Oscar Kistabish, Kevin Papatie et Virginia Dumont.<\/p>\n<p><em><br \/>Je dis NIN comme mes anc\u00eatres me l\u2019ont appris.<br \/><\/em><em>Ma langue, c\u2019est le flot de la rivi\u00e8re qui porte mon canot.<br \/><\/em><em>Je dis NIN pour chaque enfant de demain.<br \/><\/em><em>Ma langue, c\u2019est la m\u00e9lodie de la terre qui m\u2019a donn\u00e9 la vie.<br \/><\/em><em>Je dis NIN avec les enfants d\u2019aujourd\u2019hui.<br \/><\/em><em>Notre langue est un chant infini.<\/em><\/p>\n<p>\u00a0<\/p>\n<p><strong>Citations<\/strong><\/p>\n<p>\u00ab\u2009Depuis sa cr\u00e9ation, le Mus\u00e9e de la civilisation chemine et va \u00e0 la rencontre des Premiers Peuples, accordant un grand respect \u00e0 leurs voix et leurs paroles. Le Mus\u00e9e nourrit aussi une profonde volont\u00e9 de favoriser la rencontre des diff\u00e9rents publics avec ses contenus incontournables, toujours d\u2019une grande richesse et beaut\u00e9. Aux expositions permanentes <em>C\u2019est notre histoire, <\/em>con\u00e7ue avec La Bo\u00eete Rouge VIF, et <em>Le Qu\u00e9bec, autrement dit<\/em>, pour lesquelles la participation des communaut\u00e9s autochtones a \u00e9t\u00e9 tr\u00e8s importante, s\u2019ajoute maintenant la magnifique exposition <em>NIN<\/em>, con\u00e7ue et r\u00e9alis\u00e9e par MINWASHIN, que je remercie pour sa confiance.\u2009\u00bb<br \/><strong><em>Julie Lemieux, directrice g\u00e9n\u00e9rale, Mus\u00e9e de la civilisation<\/em><\/strong><\/p>\n<p>\u00ab\u2009Nit\u2019anicinabe icita8inan odehi nit\u2019icikice8in, ni kacka emitaman, kitci nepitci tak8ak ka ici netimiak, ka ici inapitamak enikokwakamigak, kitci miseiapitamak kitci manatcito8atc ka mamakatentakok acitc e icinagosiak nit\u2019acinabe akinan. Notre langue est le c\u0153ur et l\u2019\u00e2me de notre culture, car elle permet de communiquer entre nous, de perp\u00e9tuer nos concepts, notre vision du monde, de fa\u00e7on holistique tout en respectant l\u2019unicit\u00e9 et les caract\u00e9ristiques propres \u00e0 nos communaut\u00e9s respectives. La langue nous unit et nous rassemble.\u2009\u00bb<br \/><strong><em>Richard EJINAGOSI Kistabish, pr\u00e9sident, MINWASHIN<\/em><\/strong><\/p>\n<p>Extrait audio tir\u00e9 de <em>NIN<\/em>\u00a0: <a href=\"https:\/\/mcq.org\/wp-content\/uploads\/2025\/10\/nin-voix-enfant.wav\">https:\/\/mcq.org\/wp-content\/uploads\/2025\/10\/nin-voix-enfant.wav<\/a><\/p>\n<p><strong>\u00c0 propos de MINWASHIN<\/strong><\/p>\n<p>Au c\u0153ur de l\u2019Anicinabe AKI, Minwashin est un organisme culturel sans but lucratif qui a pour mission de soutenir, de d\u00e9velopper et de c\u00e9l\u00e9brer nos arts, notre langue et notre culture. Minwashin est un espace de valorisation, de revitalisation, de rassemblement et de rayonnement de la langue, des arts et de la culture anicinabe. Cet espace croit en la cr\u00e9ation et en la r\u00e9appropriation culturelle et linguistique\u2026 <em>Nikani.<\/em><\/p>\n<p><strong>Relations de presse<\/strong><\/p>\n<p>Qu\u00e9bec\u00a0:<br \/>Anne-Sophie Desmeules\u00a0: 418\u00a0643-2158 poste\u00a0208\u2009; courriel\u00a0: <a href=\"mailto:anne-sophie.desmeules@mcq.org\">anne-sophie.desmeules@mcq.org<\/a><br \/>Isabelle Houde : 418 643-2158 poste 302\u2009; courriel : <a href=\"mailto:isabelle.houde@mcq.org\">isabelle.houde@mcq.org<\/a><\/p>\n<p>Montr\u00e9al\u00a0:<br \/>Rosemonde Gingras\u00a0: 514\u00a0458-8355\u2009; courriel\u00a0: <a href=\"mailto:rosemonde@rosemondecommunications.com\">rosemonde@rosemondecommunications.com<\/a><\/p>\n<p>MINWASHIN\u00a0:<br \/>Janis Rivard\u00a0: 819\u00a0290-8887\u2009; courriel\u00a0: <a href=\"mailto:janis@minwashin.org\">janis@minwashin.org<\/a><\/p>\n\n\n          <\/div>\n  <\/div>\n<\/div>\n\n\n<p><\/p>\n","protected":false},"excerpt":{"rendered":"","protected":false},"featured_media":27202,"parent":0,"menu_order":0,"template":"","comm-tax":[8],"class_list":["post-27196","presse","type-presse","status-publish","has-post-thumbnail","hentry","comm-tax-communique"],"acf":[],"yoast_head":"<!-- This site is optimized with the Yoast SEO Premium plugin v27.3 (Yoast SEO v27.3) - https:\/\/yoast.com\/product\/yoast-seo-premium-wordpress\/ -->\n<title>NIN\u00a0: une invitation \u00e0 d\u00e9couvrir et \u00e0 c\u00e9l\u00e9brer la culture anicinab - Communiqu\u00e9 de presse | Mus\u00e9e de la civilisation<\/title>\n<meta name=\"description\" content=\"NIN\u00a0: une invitation \u00e0 d\u00e9couvrir et \u00e0 c\u00e9l\u00e9brer la culture anicinab- communiqu\u00e9 de presse du Mus\u00e9e de la civilisation \u00e0 Qu\u00e9bec.\" \/>\n<meta name=\"robots\" content=\"index, follow, max-snippet:-1, max-image-preview:large, max-video-preview:-1\" \/>\n<link rel=\"canonical\" href=\"https:\/\/mcq.org\/en\/a-propos\/medias\/communiques\/nin-une-invitation-a-decouvrir-et-a-celebrer-la-culture-anicinab\/\" \/>\n<meta property=\"og:locale\" content=\"en_US\" \/>\n<meta property=\"og:type\" content=\"article\" \/>\n<meta property=\"og:title\" content=\"NIN\u00a0: une invitation \u00e0 d\u00e9couvrir et \u00e0 c\u00e9l\u00e9brer la culture anicinab - Communiqu\u00e9 de presse | Mus\u00e9e de la civilisation\" \/>\n<meta property=\"og:description\" content=\"NIN\u00a0: une invitation \u00e0 d\u00e9couvrir et \u00e0 c\u00e9l\u00e9brer la culture anicinab- communiqu\u00e9 de presse du Mus\u00e9e de la civilisation \u00e0 Qu\u00e9bec.\" \/>\n<meta property=\"og:url\" content=\"https:\/\/mcq.org\/en\/a-propos\/medias\/communiques\/nin-une-invitation-a-decouvrir-et-a-celebrer-la-culture-anicinab\/\" \/>\n<meta property=\"og:site_name\" content=\"Mus\u00e9e de la civilisation\" \/>\n<meta property=\"article:publisher\" content=\"https:\/\/www.facebook.com\/mcqorg\" \/>\n<meta property=\"article:modified_time\" content=\"2025-10-21T17:52:12+00:00\" \/>\n<meta property=\"og:image\" content=\"https:\/\/mcq.org\/wp-content\/uploads\/2025\/10\/nin-communique-presse.jpg\" \/>\n\t<meta property=\"og:image:width\" content=\"2500\" \/>\n\t<meta property=\"og:image:height\" content=\"2500\" \/>\n\t<meta property=\"og:image:type\" content=\"image\/jpeg\" \/>\n<meta name=\"twitter:card\" content=\"summary_large_image\" \/>\n<meta name=\"twitter:site\" content=\"@mcqorg\" \/>\n<meta name=\"twitter:label1\" content=\"Est. reading time\" \/>\n\t<meta name=\"twitter:data1\" content=\"5 minutes\" \/>\n<!-- \/ Yoast SEO Premium plugin. -->","yoast_head_json":{"title":"NIN\u00a0: une invitation \u00e0 d\u00e9couvrir et \u00e0 c\u00e9l\u00e9brer la culture anicinab - Communiqu\u00e9 de presse | Mus\u00e9e de la civilisation","description":"NIN\u00a0: une invitation \u00e0 d\u00e9couvrir et \u00e0 c\u00e9l\u00e9brer la culture anicinab- communiqu\u00e9 de presse du Mus\u00e9e de la civilisation \u00e0 Qu\u00e9bec.","robots":{"index":"index","follow":"follow","max-snippet":"max-snippet:-1","max-image-preview":"max-image-preview:large","max-video-preview":"max-video-preview:-1"},"canonical":"https:\/\/mcq.org\/en\/a-propos\/medias\/communiques\/nin-une-invitation-a-decouvrir-et-a-celebrer-la-culture-anicinab\/","og_locale":"en_US","og_type":"article","og_title":"NIN\u00a0: une invitation \u00e0 d\u00e9couvrir et \u00e0 c\u00e9l\u00e9brer la culture anicinab - Communiqu\u00e9 de presse | Mus\u00e9e de la civilisation","og_description":"NIN\u00a0: une invitation \u00e0 d\u00e9couvrir et \u00e0 c\u00e9l\u00e9brer la culture anicinab- communiqu\u00e9 de presse du Mus\u00e9e de la civilisation \u00e0 Qu\u00e9bec.","og_url":"https:\/\/mcq.org\/en\/a-propos\/medias\/communiques\/nin-une-invitation-a-decouvrir-et-a-celebrer-la-culture-anicinab\/","og_site_name":"Mus\u00e9e de la civilisation","article_publisher":"https:\/\/www.facebook.com\/mcqorg","article_modified_time":"2025-10-21T17:52:12+00:00","og_image":[{"width":2500,"height":2500,"url":"https:\/\/mcq.org\/wp-content\/uploads\/2025\/10\/nin-communique-presse.jpg","type":"image\/jpeg"}],"twitter_card":"summary_large_image","twitter_site":"@mcqorg","twitter_misc":{"Est. reading time":"5 minutes"},"schema":{"@context":"https:\/\/schema.org","@graph":[{"@type":"WebPage","@id":"https:\/\/mcq.org\/en\/a-propos\/medias\/communiques\/nin-une-invitation-a-decouvrir-et-a-celebrer-la-culture-anicinab\/","url":"https:\/\/mcq.org\/en\/a-propos\/medias\/communiques\/nin-une-invitation-a-decouvrir-et-a-celebrer-la-culture-anicinab\/","name":"NIN\u00a0: une invitation \u00e0 d\u00e9couvrir et \u00e0 c\u00e9l\u00e9brer la culture anicinab - Communiqu\u00e9 de presse | Mus\u00e9e de la civilisation","isPartOf":{"@id":"https:\/\/mcq.org\/en\/#website"},"primaryImageOfPage":{"@id":"https:\/\/mcq.org\/en\/a-propos\/medias\/communiques\/nin-une-invitation-a-decouvrir-et-a-celebrer-la-culture-anicinab\/#primaryimage"},"image":{"@id":"https:\/\/mcq.org\/en\/a-propos\/medias\/communiques\/nin-une-invitation-a-decouvrir-et-a-celebrer-la-culture-anicinab\/#primaryimage"},"thumbnailUrl":"https:\/\/mcq.org\/wp-content\/uploads\/2025\/10\/nin-communique-presse.jpg","datePublished":"2025-10-21T14:09:32+00:00","dateModified":"2025-10-21T17:52:12+00:00","description":"NIN\u00a0: une invitation \u00e0 d\u00e9couvrir et \u00e0 c\u00e9l\u00e9brer la culture anicinab- communiqu\u00e9 de presse du Mus\u00e9e de la civilisation \u00e0 Qu\u00e9bec.","breadcrumb":{"@id":"https:\/\/mcq.org\/en\/a-propos\/medias\/communiques\/nin-une-invitation-a-decouvrir-et-a-celebrer-la-culture-anicinab\/#breadcrumb"},"inLanguage":"en-US","potentialAction":[{"@type":"ReadAction","target":["https:\/\/mcq.org\/en\/a-propos\/medias\/communiques\/nin-une-invitation-a-decouvrir-et-a-celebrer-la-culture-anicinab\/"]}]},{"@type":"ImageObject","inLanguage":"en-US","@id":"https:\/\/mcq.org\/en\/a-propos\/medias\/communiques\/nin-une-invitation-a-decouvrir-et-a-celebrer-la-culture-anicinab\/#primaryimage","url":"https:\/\/mcq.org\/wp-content\/uploads\/2025\/10\/nin-communique-presse.jpg","contentUrl":"https:\/\/mcq.org\/wp-content\/uploads\/2025\/10\/nin-communique-presse.jpg","width":2500,"height":2500,"caption":"Le mot NIN est \u00e9crit sur un fond de foret brumeux. Les N sont noirs et le I est en perlage rouge"},{"@type":"BreadcrumbList","@id":"https:\/\/mcq.org\/en\/a-propos\/medias\/communiques\/nin-une-invitation-a-decouvrir-et-a-celebrer-la-culture-anicinab\/#breadcrumb","itemListElement":[{"@type":"ListItem","position":1,"name":"Home","item":"https:\/\/mcq.org\/en\/"},{"@type":"ListItem","position":2,"name":"Communiqu\u00e9s presse","item":"https:\/\/mcq.org\/en\/a-propos\/medias\/communiques\/"},{"@type":"ListItem","position":3,"name":"NIN\u00a0: une invitation \u00e0 d\u00e9couvrir et \u00e0 c\u00e9l\u00e9brer la culture anicinab"}]},{"@type":"WebSite","@id":"https:\/\/mcq.org\/en\/#website","url":"https:\/\/mcq.org\/en\/","name":"Mus\u00e9e de la civilisation","description":"Le Mus\u00e9e de la civilisation explore les diff\u00e9rentes facettes de la r\u00e9alit\u00e9 humaine avec sa d\u00e9marche unique qui combine enchantement, connaissance et r\u00e9flexion.","publisher":{"@id":"https:\/\/mcq.org\/en\/#organization"},"alternateName":"MCQ","potentialAction":[{"@type":"SearchAction","target":{"@type":"EntryPoint","urlTemplate":"https:\/\/mcq.org\/en\/?s={search_term_string}"},"query-input":{"@type":"PropertyValueSpecification","valueRequired":true,"valueName":"search_term_string"}}],"inLanguage":"en-US"},{"@type":"Organization","@id":"https:\/\/mcq.org\/en\/#organization","name":"Mus\u00e9e de la civilisation","alternateName":"MCQ","url":"https:\/\/mcq.org\/en\/","logo":{"@type":"ImageObject","inLanguage":"en-US","@id":"https:\/\/mcq.org\/en\/#\/schema\/logo\/image\/","url":"https:\/\/mcq.org\/wp-content\/uploads\/2023\/04\/logo-mcq-300x123-1.png","contentUrl":"https:\/\/mcq.org\/wp-content\/uploads\/2023\/04\/logo-mcq-300x123-1.png","width":300,"height":123,"caption":"Mus\u00e9e de la civilisation"},"image":{"@id":"https:\/\/mcq.org\/en\/#\/schema\/logo\/image\/"},"sameAs":["https:\/\/www.facebook.com\/mcqorg","https:\/\/x.com\/mcqorg","https:\/\/www.instagram.com\/mcqorg\/","https:\/\/www.linkedin.com\/company\/mcqorg\/"]}]}},"_links":{"self":[{"href":"https:\/\/mcq.org\/en\/wp-json\/wp\/v2\/presse\/27196","targetHints":{"allow":["GET"]}}],"collection":[{"href":"https:\/\/mcq.org\/en\/wp-json\/wp\/v2\/presse"}],"about":[{"href":"https:\/\/mcq.org\/en\/wp-json\/wp\/v2\/types\/presse"}],"version-history":[{"count":5,"href":"https:\/\/mcq.org\/en\/wp-json\/wp\/v2\/presse\/27196\/revisions"}],"predecessor-version":[{"id":27206,"href":"https:\/\/mcq.org\/en\/wp-json\/wp\/v2\/presse\/27196\/revisions\/27206"}],"wp:featuredmedia":[{"embeddable":true,"href":"https:\/\/mcq.org\/en\/wp-json\/wp\/v2\/media\/27202"}],"wp:attachment":[{"href":"https:\/\/mcq.org\/en\/wp-json\/wp\/v2\/media?parent=27196"}],"wp:term":[{"taxonomy":"comm-tax","embeddable":true,"href":"https:\/\/mcq.org\/en\/wp-json\/wp\/v2\/comm-tax?post=27196"}],"curies":[{"name":"wp","href":"https:\/\/api.w.org\/{rel}","templated":true}]}}