{"id":27107,"date":"2025-10-12T17:32:00","date_gmt":"2025-10-12T21:32:00","guid":{"rendered":"https:\/\/mcq.org\/?post_type=presse&#038;p=27107"},"modified":"2025-10-13T12:56:49","modified_gmt":"2025-10-13T16:56:49","slug":"des-cyclistes-en-soutien-aux-refugies-syriens-sarretent-au-musee-de-la-civilisation","status":"publish","type":"presse","link":"https:\/\/mcq.org\/en\/a-propos\/medias\/communiques\/des-cyclistes-en-soutien-aux-refugies-syriens-sarretent-au-musee-de-la-civilisation\/","title":{"rendered":"Des cyclistes en soutien aux r\u00e9fugi\u00e9s syriens\u00a0s\u2019arr\u00eatent au Mus\u00e9e de la civilisation"},"content":{"rendered":"<div  class=\"container contenu-centre\">\n  <div class=\"row justify-content-center\">\n    <div class=\"col-lg-10 col-xl-8\">\n      \n        \n\n<p><span data-contrast=\"auto\">Sept mois jour pour jour depuis l\u2019ouverture de l\u2019exposition <\/span><a href=\"https:\/\/mcq.org\/decouvrir\/expositions\/trouver-refuge\/\"><i><span data-contrast=\"none\">Trouver refuge<\/span><\/i><\/a> <span data-contrast=\"auto\">au Mus\u00e9e de la civilisation, <\/span><a href=\"https:\/\/www.unhcr.ca\/fr\/nous-aider\/nos-campagnes\/la-route-du-jasmin\/\"><span data-contrast=\"none\">La Route du Jasmin<\/span><\/a><span data-contrast=\"auto\">, une initiative philanthropique \u00e0 v\u00e9lo en soutien aux r\u00e9fugi\u00e9s syriens, a termin\u00e9 son\u00a0 parcours au Mus\u00e9e de la civilisation, faisant ainsi \u00e9cho au propos humanitaire de cette exposition. Pour l\u2019occasion, des cr\u00e9ateurs et partenaires de celle-ci \u00e9taient pr\u00e9sents pour accueillir les cyclistes, dont l\u2019organisation b\u00e9n\u00e9ficiaire de cette lev\u00e9e de fonds, le <a href=\"https:\/\/www.unhcr.ca\/\" target=\"_blank\" rel=\"noopener\">HCR<\/a>, l\u2019Agence des Nations Unies pour les r\u00e9fugi\u00e9s.\u00a0<\/span><span data-ccp-props=\"{&quot;201341983&quot;:2,&quot;335551550&quot;:6,&quot;335551620&quot;:6,&quot;335559739&quot;:0,&quot;335559740&quot;:240}\">\u00a0<\/span><\/p>\n<p><span data-contrast=\"auto\">Proposant un voyage prenant et humain au c\u0153ur de la r\u00e9alit\u00e9 des Rohingyas, peuple apatride de Birmanie et inspir\u00e9e de la vie de Mohammed Shofi, de son enfance dans un camp de r\u00e9fugi\u00e9s au Bangladesh \u00e0 son arriv\u00e9e au Qu\u00e9bec, <\/span><i><span data-contrast=\"auto\">Trouver refuge<\/span><\/i><span data-contrast=\"auto\"> est con\u00e7ue et r\u00e9alis\u00e9e conjointement avec <a href=\"https:\/\/mofilms.ca\/fr\/\" target=\"_blank\" rel=\"noopener\">M\u00d6 FILMS<\/a> et les artistes M\u00e9lanie Carrier, Olivier Higgins et <a href=\"https:\/\/www.karinegiboulo.com\/\" target=\"_blank\" rel=\"noopener\">Karine Giboulo<\/a>. Cette exposition<\/span><span data-contrast=\"auto\">\u00a0propose un voyage prenant et humain au c\u0153ur de la r\u00e9alit\u00e9 des Rohingyas, peuple apatride de Birmanie. Le HCR a contribu\u00e9 notamment \u00e0 l\u2019envoi d\u2019objets significatifs pr\u00e9sent\u00e9s dans l\u2019exposition, dont de touchantes broderies traditionnelles rohingyas.\u00a0<\/span><span data-ccp-props=\"{&quot;201341983&quot;:2,&quot;335551550&quot;:6,&quot;335551620&quot;:6,&quot;335559739&quot;:0,&quot;335559740&quot;:240}\">\u00a0<\/span><\/p>\n<p><span data-contrast=\"auto\">Il est difficile de s\u2019imaginer ce que peut vivre une personne forc\u00e9e \u00e0 l\u2019exil. Comment assurer sa survie? Comment apprendre \u00e0 vivre ailleurs que chez soi, o\u00f9 tout est diff\u00e9rent? Comment se reconstruire dans cette nouvelle terre d\u2019accueil\u2009? Ces grandes et difficiles questions sont \u00e0 la fois au centre de l\u2019exposition, mais aussi au c\u0153ur de la mission du HCR, ce que marque cette rencontre entre le Mus\u00e9e de la civilisation, les cyclistes de La Route du Jasmin et le HCR, engag\u00e9s ensemble dans la mobilisation d\u2019une solidarit\u00e9 collective.<\/span><span data-ccp-props=\"{&quot;201341983&quot;:2,&quot;335551550&quot;:6,&quot;335551620&quot;:6,&quot;335559739&quot;:0,&quot;335559740&quot;:240}\">\u00a0<\/span><\/p>\n<p><span data-ccp-props=\"{&quot;201341983&quot;:2,&quot;335551550&quot;:2,&quot;335551620&quot;:2,&quot;335559739&quot;:0,&quot;335559740&quot;:240}\">\u00a0<\/span><\/p>\n\n\n          <\/div>\n  <\/div>\n<\/div>","protected":false},"excerpt":{"rendered":"","protected":false},"featured_media":27109,"parent":0,"menu_order":0,"template":"","comm-tax":[8],"class_list":["post-27107","presse","type-presse","status-publish","has-post-thumbnail","hentry","comm-tax-communique"],"acf":[],"yoast_head":"<!-- This site is optimized with the Yoast SEO Premium plugin v27.3 (Yoast SEO v27.3) - https:\/\/yoast.com\/product\/yoast-seo-premium-wordpress\/ -->\n<title>Des cyclistes en soutien aux r\u00e9fugi\u00e9s syriens\u00a0s\u2019arr\u00eatent au Mus\u00e9e de la civilisation - Communiqu\u00e9 de presse | Mus\u00e9e de la civilisation<\/title>\n<meta name=\"description\" content=\"Des cyclistes en soutien aux r\u00e9fugi\u00e9s syriens\u00a0s\u2019arr\u00eatent au Mus\u00e9e de la civilisation- communiqu\u00e9 de presse du Mus\u00e9e de la civilisation \u00e0 Qu\u00e9bec.\" \/>\n<meta name=\"robots\" content=\"index, follow, max-snippet:-1, max-image-preview:large, max-video-preview:-1\" \/>\n<link rel=\"canonical\" href=\"https:\/\/mcq.org\/en\/a-propos\/medias\/communiques\/des-cyclistes-en-soutien-aux-refugies-syriens-sarretent-au-musee-de-la-civilisation\/\" \/>\n<meta property=\"og:locale\" content=\"en_US\" \/>\n<meta property=\"og:type\" content=\"article\" \/>\n<meta property=\"og:title\" content=\"Des cyclistes en soutien aux r\u00e9fugi\u00e9s syriens\u00a0s\u2019arr\u00eatent au Mus\u00e9e de la civilisation - Communiqu\u00e9 de presse | Mus\u00e9e de la civilisation\" \/>\n<meta property=\"og:description\" content=\"Des cyclistes en soutien aux r\u00e9fugi\u00e9s syriens\u00a0s\u2019arr\u00eatent au Mus\u00e9e de la civilisation- communiqu\u00e9 de presse du Mus\u00e9e de la civilisation \u00e0 Qu\u00e9bec.\" \/>\n<meta property=\"og:url\" content=\"https:\/\/mcq.org\/en\/a-propos\/medias\/communiques\/des-cyclistes-en-soutien-aux-refugies-syriens-sarretent-au-musee-de-la-civilisation\/\" \/>\n<meta property=\"og:site_name\" content=\"Mus\u00e9e de la civilisation\" \/>\n<meta property=\"article:publisher\" content=\"https:\/\/www.facebook.com\/mcqorg\" \/>\n<meta property=\"article:modified_time\" content=\"2025-10-13T16:56:49+00:00\" \/>\n<meta property=\"og:image\" content=\"https:\/\/mcq.org\/wp-content\/uploads\/2025\/10\/presse-route-jasmin-hcr.jpg\" \/>\n\t<meta property=\"og:image:width\" content=\"600\" \/>\n\t<meta property=\"og:image:height\" content=\"600\" \/>\n\t<meta property=\"og:image:type\" content=\"image\/jpeg\" \/>\n<meta name=\"twitter:card\" content=\"summary_large_image\" \/>\n<meta name=\"twitter:site\" content=\"@mcqorg\" \/>\n<meta name=\"twitter:label1\" content=\"Est. reading time\" \/>\n\t<meta name=\"twitter:data1\" content=\"2 minutes\" \/>\n<!-- \/ Yoast SEO Premium plugin. -->","yoast_head_json":{"title":"Des cyclistes en soutien aux r\u00e9fugi\u00e9s syriens\u00a0s\u2019arr\u00eatent au Mus\u00e9e de la civilisation - Communiqu\u00e9 de presse | Mus\u00e9e de la civilisation","description":"Des cyclistes en soutien aux r\u00e9fugi\u00e9s syriens\u00a0s\u2019arr\u00eatent au Mus\u00e9e de la civilisation- communiqu\u00e9 de presse du Mus\u00e9e de la civilisation \u00e0 Qu\u00e9bec.","robots":{"index":"index","follow":"follow","max-snippet":"max-snippet:-1","max-image-preview":"max-image-preview:large","max-video-preview":"max-video-preview:-1"},"canonical":"https:\/\/mcq.org\/en\/a-propos\/medias\/communiques\/des-cyclistes-en-soutien-aux-refugies-syriens-sarretent-au-musee-de-la-civilisation\/","og_locale":"en_US","og_type":"article","og_title":"Des cyclistes en soutien aux r\u00e9fugi\u00e9s syriens\u00a0s\u2019arr\u00eatent au Mus\u00e9e de la civilisation - Communiqu\u00e9 de presse | Mus\u00e9e de la civilisation","og_description":"Des cyclistes en soutien aux r\u00e9fugi\u00e9s syriens\u00a0s\u2019arr\u00eatent au Mus\u00e9e de la civilisation- communiqu\u00e9 de presse du Mus\u00e9e de la civilisation \u00e0 Qu\u00e9bec.","og_url":"https:\/\/mcq.org\/en\/a-propos\/medias\/communiques\/des-cyclistes-en-soutien-aux-refugies-syriens-sarretent-au-musee-de-la-civilisation\/","og_site_name":"Mus\u00e9e de la civilisation","article_publisher":"https:\/\/www.facebook.com\/mcqorg","article_modified_time":"2025-10-13T16:56:49+00:00","og_image":[{"width":600,"height":600,"url":"https:\/\/mcq.org\/wp-content\/uploads\/2025\/10\/presse-route-jasmin-hcr.jpg","type":"image\/jpeg"}],"twitter_card":"summary_large_image","twitter_site":"@mcqorg","twitter_misc":{"Est. reading time":"2 minutes"},"schema":{"@context":"https:\/\/schema.org","@graph":[{"@type":"WebPage","@id":"https:\/\/mcq.org\/en\/a-propos\/medias\/communiques\/des-cyclistes-en-soutien-aux-refugies-syriens-sarretent-au-musee-de-la-civilisation\/","url":"https:\/\/mcq.org\/en\/a-propos\/medias\/communiques\/des-cyclistes-en-soutien-aux-refugies-syriens-sarretent-au-musee-de-la-civilisation\/","name":"Des cyclistes en soutien aux r\u00e9fugi\u00e9s syriens\u00a0s\u2019arr\u00eatent au Mus\u00e9e de la civilisation - Communiqu\u00e9 de presse | Mus\u00e9e de la civilisation","isPartOf":{"@id":"https:\/\/mcq.org\/en\/#website"},"primaryImageOfPage":{"@id":"https:\/\/mcq.org\/en\/a-propos\/medias\/communiques\/des-cyclistes-en-soutien-aux-refugies-syriens-sarretent-au-musee-de-la-civilisation\/#primaryimage"},"image":{"@id":"https:\/\/mcq.org\/en\/a-propos\/medias\/communiques\/des-cyclistes-en-soutien-aux-refugies-syriens-sarretent-au-musee-de-la-civilisation\/#primaryimage"},"thumbnailUrl":"https:\/\/mcq.org\/wp-content\/uploads\/2025\/10\/presse-route-jasmin-hcr.jpg","datePublished":"2025-10-12T21:32:00+00:00","dateModified":"2025-10-13T16:56:49+00:00","description":"Des cyclistes en soutien aux r\u00e9fugi\u00e9s syriens\u00a0s\u2019arr\u00eatent au Mus\u00e9e de la civilisation- communiqu\u00e9 de presse du Mus\u00e9e de la civilisation \u00e0 Qu\u00e9bec.","breadcrumb":{"@id":"https:\/\/mcq.org\/en\/a-propos\/medias\/communiques\/des-cyclistes-en-soutien-aux-refugies-syriens-sarretent-au-musee-de-la-civilisation\/#breadcrumb"},"inLanguage":"en-US","potentialAction":[{"@type":"ReadAction","target":["https:\/\/mcq.org\/en\/a-propos\/medias\/communiques\/des-cyclistes-en-soutien-aux-refugies-syriens-sarretent-au-musee-de-la-civilisation\/"]}]},{"@type":"ImageObject","inLanguage":"en-US","@id":"https:\/\/mcq.org\/en\/a-propos\/medias\/communiques\/des-cyclistes-en-soutien-aux-refugies-syriens-sarretent-au-musee-de-la-civilisation\/#primaryimage","url":"https:\/\/mcq.org\/wp-content\/uploads\/2025\/10\/presse-route-jasmin-hcr.jpg","contentUrl":"https:\/\/mcq.org\/wp-content\/uploads\/2025\/10\/presse-route-jasmin-hcr.jpg","width":600,"height":600,"caption":"Six cyclistes posent \u00e0 c\u00f4t\u00e9 de leur v\u00e9lo sur le parvis du Mus\u00e9e"},{"@type":"BreadcrumbList","@id":"https:\/\/mcq.org\/en\/a-propos\/medias\/communiques\/des-cyclistes-en-soutien-aux-refugies-syriens-sarretent-au-musee-de-la-civilisation\/#breadcrumb","itemListElement":[{"@type":"ListItem","position":1,"name":"Home","item":"https:\/\/mcq.org\/en\/"},{"@type":"ListItem","position":2,"name":"Communiqu\u00e9s presse","item":"https:\/\/mcq.org\/en\/a-propos\/medias\/communiques\/"},{"@type":"ListItem","position":3,"name":"Des cyclistes en soutien aux r\u00e9fugi\u00e9s syriens\u00a0s\u2019arr\u00eatent au Mus\u00e9e de la civilisation"}]},{"@type":"WebSite","@id":"https:\/\/mcq.org\/en\/#website","url":"https:\/\/mcq.org\/en\/","name":"Mus\u00e9e de la civilisation","description":"Le Mus\u00e9e de la civilisation explore les diff\u00e9rentes facettes de la r\u00e9alit\u00e9 humaine avec sa d\u00e9marche unique qui combine enchantement, connaissance et r\u00e9flexion.","publisher":{"@id":"https:\/\/mcq.org\/en\/#organization"},"alternateName":"MCQ","potentialAction":[{"@type":"SearchAction","target":{"@type":"EntryPoint","urlTemplate":"https:\/\/mcq.org\/en\/?s={search_term_string}"},"query-input":{"@type":"PropertyValueSpecification","valueRequired":true,"valueName":"search_term_string"}}],"inLanguage":"en-US"},{"@type":"Organization","@id":"https:\/\/mcq.org\/en\/#organization","name":"Mus\u00e9e de la civilisation","alternateName":"MCQ","url":"https:\/\/mcq.org\/en\/","logo":{"@type":"ImageObject","inLanguage":"en-US","@id":"https:\/\/mcq.org\/en\/#\/schema\/logo\/image\/","url":"https:\/\/mcq.org\/wp-content\/uploads\/2023\/04\/logo-mcq-300x123-1.png","contentUrl":"https:\/\/mcq.org\/wp-content\/uploads\/2023\/04\/logo-mcq-300x123-1.png","width":300,"height":123,"caption":"Mus\u00e9e de la civilisation"},"image":{"@id":"https:\/\/mcq.org\/en\/#\/schema\/logo\/image\/"},"sameAs":["https:\/\/www.facebook.com\/mcqorg","https:\/\/x.com\/mcqorg","https:\/\/www.instagram.com\/mcqorg\/","https:\/\/www.linkedin.com\/company\/mcqorg\/"]}]}},"_links":{"self":[{"href":"https:\/\/mcq.org\/en\/wp-json\/wp\/v2\/presse\/27107","targetHints":{"allow":["GET"]}}],"collection":[{"href":"https:\/\/mcq.org\/en\/wp-json\/wp\/v2\/presse"}],"about":[{"href":"https:\/\/mcq.org\/en\/wp-json\/wp\/v2\/types\/presse"}],"version-history":[{"count":2,"href":"https:\/\/mcq.org\/en\/wp-json\/wp\/v2\/presse\/27107\/revisions"}],"predecessor-version":[{"id":27111,"href":"https:\/\/mcq.org\/en\/wp-json\/wp\/v2\/presse\/27107\/revisions\/27111"}],"wp:featuredmedia":[{"embeddable":true,"href":"https:\/\/mcq.org\/en\/wp-json\/wp\/v2\/media\/27109"}],"wp:attachment":[{"href":"https:\/\/mcq.org\/en\/wp-json\/wp\/v2\/media?parent=27107"}],"wp:term":[{"taxonomy":"comm-tax","embeddable":true,"href":"https:\/\/mcq.org\/en\/wp-json\/wp\/v2\/comm-tax?post=27107"}],"curies":[{"name":"wp","href":"https:\/\/api.w.org\/{rel}","templated":true}]}}