{"id":26716,"date":"2025-09-16T09:49:07","date_gmt":"2025-09-16T13:49:07","guid":{"rendered":"https:\/\/mcq.org\/?post_type=presse&#038;p=26716"},"modified":"2025-09-16T09:51:20","modified_gmt":"2025-09-16T13:51:20","slug":"titanic-recits-et-destin-au-musee-de-la-civilisation-record-et-prolongation","status":"publish","type":"presse","link":"https:\/\/mcq.org\/en\/a-propos\/medias\/communiques\/titanic-recits-et-destin-au-musee-de-la-civilisation-record-et-prolongation\/","title":{"rendered":"Titanic. R\u00e9cits et destin au Mus\u00e9e de la civilisation\u00a0: record et prolongation"},"content":{"rendered":"<div  class=\"container contenu-centre\">\n  <div class=\"row justify-content-center\">\n    <div class=\"col-lg-10 col-xl-8\">\n      \n        \n\n<p>L\u2019exposition <em>Titanic. R\u00e9cits et destin<\/em>, pr\u00e9sent\u00e9e au Mus\u00e9e de la civilisation depuis le 19\u00a0juin\u00a02025, en exclusivit\u00e9 canadienne, attire les foules. Affichant complet presque tous les jours depuis juin, cette exposition internationale a permis au Mus\u00e9e de battre ses records d\u2019achalandage en saison estivale. Soulignant ce succ\u00e8s, le Mus\u00e9e annonce que la pr\u00e9sentation de l\u2019exposition sera prolong\u00e9e jusqu\u2019au 8\u00a0mars\u00a02026.<\/p>\n<p>Pour la m\u00eame p\u00e9riode estivale, le dernier record remonte \u00e0 2017 avec l\u2019exposition <em>Herg\u00e9 \u00e0 Qu\u00e9bec<\/em>, 231\u00a0859\u00a0personnes avaient alors franchi les portes du Mus\u00e9e, en comparaison avec 239\u00a0735\u00a0pour Titanic en 2025. Les nouveaux compteurs install\u00e9s aux entr\u00e9es des salles permettent de savoir que 157\u00a0400\u00a0personnes ont visit\u00e9 <em>Titanic. R\u00e9cits et destin<\/em> en date du 14\u00a0septembre.<\/p>\n<p><a href=\"https:\/\/mcq.org\/decouvrir\/expositions\/titanic\/\"><em>Titanic. R\u00e9cits et destin<\/em><\/a> est r\u00e9alis\u00e9e par la r\u00e9put\u00e9e firme espagnole Musealia et pr\u00e9sent\u00e9e au Mus\u00e9e de la civilisation avec le soutien financier du <a href=\"https:\/\/www.quebec.ca\/\" target=\"_blank\" rel=\"noopener\">gouvernement du Qu\u00e9bec<\/a> et de la <a href=\"https:\/\/www.ville.quebec.qc.ca\/\" target=\"_blank\" rel=\"noopener\">Ville de Qu\u00e9bec<\/a>, dans le cadre de l\u2019Entente de d\u00e9veloppement culturel et avec la collaboration de <a href=\"https:\/\/www.lapresse.ca\/\" target=\"_blank\" rel=\"noopener\">La Presse<\/a>. Gr\u00e2ce entre autres \u00e0 ce soutien, le Mus\u00e9e est heureux d\u2019offrir cette exposition internationale d\u2019une qualit\u00e9 exceptionnelle, renfor\u00e7ant ainsi son positionnement \u00e0 titre de partenaire majeur de la sc\u00e8ne mus\u00e9ale \u00e9trang\u00e8re et celui de la belle r\u00e9gion de Qu\u00e9bec comme destination culturelle incontournable.<\/p>\n<p>Avec un saisissant corpus de 200\u00a0objets provenant du navire ou ayant appartenu aux passagers et passag\u00e8res,<em> Titanic. R\u00e9cits et destin<\/em> pr\u00e9sente l\u2019histoire humaine derri\u00e8re la grande Histoire, dans une approche fid\u00e8le \u00e0 ce qui distingue le Mus\u00e9e de la civilisation, mus\u00e9e de soci\u00e9t\u00e9 par excellence.\u2009<\/p>\n<p>\u00ab\u2009La venue de telles expositions b\u00e9n\u00e9ficie \u00e0 toute la collectivit\u00e9. Non seulement elle enrichit l\u2019offre culturelle, mais les retomb\u00e9es d\u00e9passent le cadre de notre institution, en stimulant le tourisme et l\u2019\u00e9conomie locale. On ne peut que se r\u00e9jouir de voir les publics se diversifier, tout en partageant ce succ\u00e8s avec de nombreux partenaires. Et de voir que l\u2019approche humaine que privil\u00e9gie le Mus\u00e9e de la civilisation interpelle encore une fois et fait sa distinction.\u2009\u00bb <br \/><strong><em>Julie Lemieux, directrice g\u00e9n\u00e9rale, Mus\u00e9e de la civilisation<\/em><\/strong><\/p>\n<p><strong>Liens connexes<\/strong><\/p>\n<p>Musealia\u00a0: <a href=\"http:\/\/www.musealia.net\">www.musealia.net<\/a><\/p>\n<p><a href=\"https:\/\/mcq.org\/wp-content\/uploads\/2025\/06\/titanic-audioguide-gastronomie.mp3\">https:\/\/mcq.org\/wp-content\/uploads\/2025\/06\/titanic-audioguide-gastronomie.mp3<\/a><\/p>\n<p><a href=\"https:\/\/mcq.org\/wp-content\/uploads\/2025\/06\/titanic-audioguide-nauffrage.mp3\">https:\/\/mcq.org\/wp-content\/uploads\/2025\/06\/titanic-audioguide-nauffrage.mp3<\/a><\/p>\n<p><a href=\"https:\/\/mcq.org\/wp-content\/uploads\/2025\/06\/titanic-audioguide-histoires-passagers.mp3\">https:\/\/mcq.org\/wp-content\/uploads\/2025\/06\/titanic-audioguide-histoires-passagers.mp3<\/a><\/p>\n\n\n          <\/div>\n  <\/div>\n<\/div>\n\n\n<p><\/p>\n","protected":false},"excerpt":{"rendered":"","protected":false},"featured_media":25291,"parent":0,"menu_order":0,"template":"","comm-tax":[8],"class_list":["post-26716","presse","type-presse","status-publish","has-post-thumbnail","hentry","comm-tax-communique"],"acf":[],"yoast_head":"<!-- This site is optimized with the Yoast SEO Premium plugin v27.3 (Yoast SEO v27.3) - https:\/\/yoast.com\/product\/yoast-seo-premium-wordpress\/ -->\n<title>Titanic. R\u00e9cits et destin au Mus\u00e9e de la civilisation\u00a0: record et prolongation - Communiqu\u00e9 de presse | Mus\u00e9e de la civilisation<\/title>\n<meta name=\"description\" content=\"Titanic. R\u00e9cits et destin au Mus\u00e9e de la civilisation\u00a0: record et prolongation- communiqu\u00e9 de presse du Mus\u00e9e de la civilisation \u00e0 Qu\u00e9bec.\" \/>\n<meta name=\"robots\" content=\"index, follow, max-snippet:-1, max-image-preview:large, max-video-preview:-1\" \/>\n<link rel=\"canonical\" href=\"https:\/\/mcq.org\/en\/a-propos\/medias\/communiques\/titanic-recits-et-destin-au-musee-de-la-civilisation-record-et-prolongation\/\" \/>\n<meta property=\"og:locale\" content=\"en_US\" \/>\n<meta property=\"og:type\" content=\"article\" \/>\n<meta property=\"og:title\" content=\"Titanic. R\u00e9cits et destin au Mus\u00e9e de la civilisation\u00a0: record et prolongation - Communiqu\u00e9 de presse | Mus\u00e9e de la civilisation\" \/>\n<meta property=\"og:description\" content=\"Titanic. R\u00e9cits et destin au Mus\u00e9e de la civilisation\u00a0: record et prolongation- communiqu\u00e9 de presse du Mus\u00e9e de la civilisation \u00e0 Qu\u00e9bec.\" \/>\n<meta property=\"og:url\" content=\"https:\/\/mcq.org\/en\/a-propos\/medias\/communiques\/titanic-recits-et-destin-au-musee-de-la-civilisation-record-et-prolongation\/\" \/>\n<meta property=\"og:site_name\" content=\"Mus\u00e9e de la civilisation\" \/>\n<meta property=\"article:publisher\" content=\"https:\/\/www.facebook.com\/mcqorg\" \/>\n<meta property=\"article:modified_time\" content=\"2025-09-16T13:51:20+00:00\" \/>\n<meta property=\"og:image\" content=\"https:\/\/mcq.org\/wp-content\/uploads\/2025\/05\/titanic-visuel-carre-1.png?ver=1748292122\" \/>\n\t<meta property=\"og:image:width\" content=\"600\" \/>\n\t<meta property=\"og:image:height\" content=\"600\" \/>\n\t<meta property=\"og:image:type\" content=\"image\/png\" \/>\n<meta name=\"twitter:card\" content=\"summary_large_image\" \/>\n<meta name=\"twitter:site\" content=\"@mcqorg\" \/>\n<meta name=\"twitter:label1\" content=\"Est. reading time\" \/>\n\t<meta name=\"twitter:data1\" content=\"2 minutes\" \/>\n<!-- \/ Yoast SEO Premium plugin. -->","yoast_head_json":{"title":"Titanic. R\u00e9cits et destin au Mus\u00e9e de la civilisation\u00a0: record et prolongation - Communiqu\u00e9 de presse | Mus\u00e9e de la civilisation","description":"Titanic. R\u00e9cits et destin au Mus\u00e9e de la civilisation\u00a0: record et prolongation- communiqu\u00e9 de presse du Mus\u00e9e de la civilisation \u00e0 Qu\u00e9bec.","robots":{"index":"index","follow":"follow","max-snippet":"max-snippet:-1","max-image-preview":"max-image-preview:large","max-video-preview":"max-video-preview:-1"},"canonical":"https:\/\/mcq.org\/en\/a-propos\/medias\/communiques\/titanic-recits-et-destin-au-musee-de-la-civilisation-record-et-prolongation\/","og_locale":"en_US","og_type":"article","og_title":"Titanic. R\u00e9cits et destin au Mus\u00e9e de la civilisation\u00a0: record et prolongation - Communiqu\u00e9 de presse | Mus\u00e9e de la civilisation","og_description":"Titanic. R\u00e9cits et destin au Mus\u00e9e de la civilisation\u00a0: record et prolongation- communiqu\u00e9 de presse du Mus\u00e9e de la civilisation \u00e0 Qu\u00e9bec.","og_url":"https:\/\/mcq.org\/en\/a-propos\/medias\/communiques\/titanic-recits-et-destin-au-musee-de-la-civilisation-record-et-prolongation\/","og_site_name":"Mus\u00e9e de la civilisation","article_publisher":"https:\/\/www.facebook.com\/mcqorg","article_modified_time":"2025-09-16T13:51:20+00:00","og_image":[{"width":600,"height":600,"url":"https:\/\/mcq.org\/wp-content\/uploads\/2025\/05\/titanic-visuel-carre-1.png?ver=1748292122","type":"image\/png"}],"twitter_card":"summary_large_image","twitter_site":"@mcqorg","twitter_misc":{"Est. reading time":"2 minutes"},"schema":{"@context":"https:\/\/schema.org","@graph":[{"@type":"WebPage","@id":"https:\/\/mcq.org\/en\/a-propos\/medias\/communiques\/titanic-recits-et-destin-au-musee-de-la-civilisation-record-et-prolongation\/","url":"https:\/\/mcq.org\/en\/a-propos\/medias\/communiques\/titanic-recits-et-destin-au-musee-de-la-civilisation-record-et-prolongation\/","name":"Titanic. R\u00e9cits et destin au Mus\u00e9e de la civilisation\u00a0: record et prolongation - Communiqu\u00e9 de presse | Mus\u00e9e de la civilisation","isPartOf":{"@id":"https:\/\/mcq.org\/en\/#website"},"primaryImageOfPage":{"@id":"https:\/\/mcq.org\/en\/a-propos\/medias\/communiques\/titanic-recits-et-destin-au-musee-de-la-civilisation-record-et-prolongation\/#primaryimage"},"image":{"@id":"https:\/\/mcq.org\/en\/a-propos\/medias\/communiques\/titanic-recits-et-destin-au-musee-de-la-civilisation-record-et-prolongation\/#primaryimage"},"thumbnailUrl":"https:\/\/mcq.org\/wp-content\/uploads\/2025\/05\/titanic-visuel-carre-1.png?ver=1748292122","datePublished":"2025-09-16T13:49:07+00:00","dateModified":"2025-09-16T13:51:20+00:00","description":"Titanic. R\u00e9cits et destin au Mus\u00e9e de la civilisation\u00a0: record et prolongation- communiqu\u00e9 de presse du Mus\u00e9e de la civilisation \u00e0 Qu\u00e9bec.","breadcrumb":{"@id":"https:\/\/mcq.org\/en\/a-propos\/medias\/communiques\/titanic-recits-et-destin-au-musee-de-la-civilisation-record-et-prolongation\/#breadcrumb"},"inLanguage":"en-US","potentialAction":[{"@type":"ReadAction","target":["https:\/\/mcq.org\/en\/a-propos\/medias\/communiques\/titanic-recits-et-destin-au-musee-de-la-civilisation-record-et-prolongation\/"]}]},{"@type":"ImageObject","inLanguage":"en-US","@id":"https:\/\/mcq.org\/en\/a-propos\/medias\/communiques\/titanic-recits-et-destin-au-musee-de-la-civilisation-record-et-prolongation\/#primaryimage","url":"https:\/\/mcq.org\/wp-content\/uploads\/2025\/05\/titanic-visuel-carre-1.png?ver=1748292122","contentUrl":"https:\/\/mcq.org\/wp-content\/uploads\/2025\/05\/titanic-visuel-carre-1.png?ver=1748292122","width":600,"height":600,"caption":"Impression de style vieux journal en noir et blanc du Titanic sur un oc\u00e9an bleu"},{"@type":"BreadcrumbList","@id":"https:\/\/mcq.org\/en\/a-propos\/medias\/communiques\/titanic-recits-et-destin-au-musee-de-la-civilisation-record-et-prolongation\/#breadcrumb","itemListElement":[{"@type":"ListItem","position":1,"name":"Home","item":"https:\/\/mcq.org\/en\/"},{"@type":"ListItem","position":2,"name":"Communiqu\u00e9s presse","item":"https:\/\/mcq.org\/en\/a-propos\/medias\/communiques\/"},{"@type":"ListItem","position":3,"name":"Titanic. R\u00e9cits et destin au Mus\u00e9e de la civilisation\u00a0: record et prolongation"}]},{"@type":"WebSite","@id":"https:\/\/mcq.org\/en\/#website","url":"https:\/\/mcq.org\/en\/","name":"Mus\u00e9e de la civilisation","description":"Le Mus\u00e9e de la civilisation explore les diff\u00e9rentes facettes de la r\u00e9alit\u00e9 humaine avec sa d\u00e9marche unique qui combine enchantement, connaissance et r\u00e9flexion.","publisher":{"@id":"https:\/\/mcq.org\/en\/#organization"},"alternateName":"MCQ","potentialAction":[{"@type":"SearchAction","target":{"@type":"EntryPoint","urlTemplate":"https:\/\/mcq.org\/en\/?s={search_term_string}"},"query-input":{"@type":"PropertyValueSpecification","valueRequired":true,"valueName":"search_term_string"}}],"inLanguage":"en-US"},{"@type":"Organization","@id":"https:\/\/mcq.org\/en\/#organization","name":"Mus\u00e9e de la civilisation","alternateName":"MCQ","url":"https:\/\/mcq.org\/en\/","logo":{"@type":"ImageObject","inLanguage":"en-US","@id":"https:\/\/mcq.org\/en\/#\/schema\/logo\/image\/","url":"https:\/\/mcq.org\/wp-content\/uploads\/2023\/04\/logo-mcq-300x123-1.png","contentUrl":"https:\/\/mcq.org\/wp-content\/uploads\/2023\/04\/logo-mcq-300x123-1.png","width":300,"height":123,"caption":"Mus\u00e9e de la civilisation"},"image":{"@id":"https:\/\/mcq.org\/en\/#\/schema\/logo\/image\/"},"sameAs":["https:\/\/www.facebook.com\/mcqorg","https:\/\/x.com\/mcqorg","https:\/\/www.instagram.com\/mcqorg\/","https:\/\/www.linkedin.com\/company\/mcqorg\/"]}]}},"_links":{"self":[{"href":"https:\/\/mcq.org\/en\/wp-json\/wp\/v2\/presse\/26716","targetHints":{"allow":["GET"]}}],"collection":[{"href":"https:\/\/mcq.org\/en\/wp-json\/wp\/v2\/presse"}],"about":[{"href":"https:\/\/mcq.org\/en\/wp-json\/wp\/v2\/types\/presse"}],"version-history":[{"count":2,"href":"https:\/\/mcq.org\/en\/wp-json\/wp\/v2\/presse\/26716\/revisions"}],"predecessor-version":[{"id":26719,"href":"https:\/\/mcq.org\/en\/wp-json\/wp\/v2\/presse\/26716\/revisions\/26719"}],"wp:featuredmedia":[{"embeddable":true,"href":"https:\/\/mcq.org\/en\/wp-json\/wp\/v2\/media\/25291"}],"wp:attachment":[{"href":"https:\/\/mcq.org\/en\/wp-json\/wp\/v2\/media?parent=26716"}],"wp:term":[{"taxonomy":"comm-tax","embeddable":true,"href":"https:\/\/mcq.org\/en\/wp-json\/wp\/v2\/comm-tax?post=26716"}],"curies":[{"name":"wp","href":"https:\/\/api.w.org\/{rel}","templated":true}]}}