{"id":2659,"date":"2022-10-26T14:02:00","date_gmt":"2022-10-26T18:02:00","guid":{"rendered":"https:\/\/prod.mcq.org\/?post_type=presse&#038;p=2659"},"modified":"2023-05-25T17:24:30","modified_gmt":"2023-05-25T21:24:30","slug":"les-splendeurs-de-legypte-antique-au-musee-de-la-civilisation","status":"publish","type":"presse","link":"https:\/\/mcq.org\/en\/a-propos\/medias\/communiques\/les-splendeurs-de-legypte-antique-au-musee-de-la-civilisation\/","title":{"rendered":"Les splendeurs de l&#8217;\u00c9gypte antique au Mus\u00e9e de la civilisation"},"content":{"rendered":"<div  class=\"container contenu-centre\">\n  <div class=\"row justify-content-center\">\n    <div class=\"col-lg-10 col-xl-8\">\n      \n        \n\n<p>Apr\u00e8s avoir fait d\u00e9couvrir la civilisation des <a href=\"\/decouvrir\/expositions\/maya\/\">Mayas<\/a> et celle des Romains de <a href=\"\/decouvrir\/expositions\/pompei-cite-immortelle\/\">Pomp\u00e9i<\/a> au cours des 18 derniers mois, voici que le Mus\u00e9e de la civilisation \u00e0 Qu\u00e9bec propose \u00e0 ses visiteurs un grand voyage en \u00c9gypte antique avec l&#8217;exposition Le temps des pharaons. Au-del\u00e0 des temples, des momies et des pyramides, l&#8217;exposition propose un regard sur les mythes et les codes sociaux r\u00e9gissant les sph\u00e8res de vie publique et priv\u00e9e de l&#8217;\u00e9poque, des grands pharaons aux plus humbles de leurs sujets.<\/p>\n<p>Pendant des si\u00e8cles, le pharaon, cet \u00eatre mi-humain mi-divinit\u00e9 a fa\u00e7onn\u00e9 l&#8217;histoire sous les yeux admiratifs de ses sujets. Ces derniers, hommes et femmes, jouaient un r\u00f4le bien d\u00e9fini au sein de leur soci\u00e9t\u00e9, selon leur rang. Divis\u00e9e en huit th\u00e8mes, l&#8217;exposition permet de les suivre dans leurs champs, leurs temples, leurs demeures, leurs cours et \u00e0 travers leurs croyances jusqu&#8217;\u00e0 leurs tombes respectives.<\/p>\n<p>Les propos sont illustr\u00e9s par quelque 350 pr\u00e9cieux tr\u00e9sors, parmi lesquels figurent les outils de scribes, des st\u00e8les aux myst\u00e9rieux hi\u00e9roglyphes, des statues de divinit\u00e9s diverses, de magnifiques bijoux, des cercueils richement peints ainsi que des pi\u00e8ces fabuleuses pour leur \u00e9tat de conservation tels des fragments de tissus, une momie de femme et m\u00eame un fragment de papyrus du Livre des morts. Des vid\u00e9os interactives refl\u00e9tant le r\u00e9sultat de recherches r\u00e9centes permettent de mieux appr\u00e9cier plusieurs d&#8217;entre eux. De grandes maquettes et des projections grands formats dynamisent l&#8217;espace et mettent en contexte les diff\u00e9rents objets.<\/p>\n<h3><strong>Citations&nbsp;:<\/strong><\/h3>\n<p>\u00ab Permettre un contact avec les civilisations anciennes fait partie du mandat du Mus\u00e9e de la civilisation et nous savons que cela r\u00e9pond aux attentes, souvent exprim\u00e9es, par nos diff\u00e9rents publics. Ils sont curieux, friands de voyage, int\u00e9ress\u00e9s par l&#8217;histoire. Nous avons saisi cette magnifique opportunit\u00e9 en raison de la qualit\u00e9 remarquable des objets amalgam\u00e9e \u00e0 un propos tr\u00e8s humain qui rejoint la vision de notre mus\u00e9e de soci\u00e9t\u00e9. \u00bb <em>St\u00e9phan La Roche, pr\u00e9sident-directeur g\u00e9n\u00e9ral<\/em><\/p>\n<p>\u00ab Chez Polycor, notre mission est de faire en sorte que les gens tombent amoureux de la pierre naturelle. Nous sommes heureux de pr\u00e9senter l&#8217;exposition <em>Le temps des pharaons<\/em>, preuve concr\u00e8te que la pierre naturelle est v\u00e9ritablement durable et intemporelle. \u00bb <em>Marie-\u00c8ve Gilbert, directrice marketing, Polycor<\/em><\/p>\n<h3><strong>Faits saillants&nbsp;:<\/strong><\/h3>\n<p>Les pr\u00e9cieux objets proviennent des collections de trois grandes institutions europ\u00e9ennes&nbsp;: les mus\u00e9es de l&#8217;Universit\u00e9 d&#8217;Aberdeen (Royaume-Uni), le Mus\u00e9e Gustav-L\u00fcbcke de Hamm (Allemagne) et le Mus\u00e9e Roemer et Pelizaeus d&#8217;Hildesheim (Allemagne).<\/p>\n<p>En introduction, la statue de Sebeh-en-ef, un fonctionnaire appel\u00e9 \u00e0 surveiller les biens du pharaon, ainsi que le travail des artisans, rappelle que tous les \u00c9gyptiens de la p\u00e9riode antique ont eu un impact sur cette remarquable civilisation.<\/p>\n<p>Le parcours se d\u00e9ploie en huit th\u00e8mes&nbsp;: le paysage et le climat \/ L&#8217;\u00e9criture \/La religion et les dieux \/Le pharaon \/Les temples \/Les espaces priv\u00e9s et la vie quotidienne \/Les parures personnelles \/La vie \u00e9ternelle<\/p>\n<p>Le travail manuel est l&#8217;apanage des fermiers, ouvriers et serviteurs de la classe inf\u00e9rieure. Les gens de la classe moyenne exercent souvent des fonctions religieuses ou administratives. Dominant cette pyramide, les classes sup\u00e9rieures appuient directement le pharaon. Ces fonctionnaires, grands pr\u00eatres, g\u00e9n\u00e9raux et consultants de la famille royale assurent la bonne marche de l&#8217;\u00c9tat.<\/p>\n<p>Les reproductions et les maquettes suivantes dynamisent l&#8217;exp\u00e9rience mus\u00e9ale :<\/p>\n<ul>\n<li>la maquette de la pyramide du Roi Dj\u00e9ser, consid\u00e9r\u00e9e comme \u00e9tant la plus ancienne des pyramides<\/li>\n<li>la maquette de la grande pyramide de Gizeh que l&#8217;on doit \u00e0 Kh\u00e9ops<\/li>\n<li>la r\u00e9plique de la t\u00eate de la reine Hatchepsout en sphinx.<\/li>\n<li>la maquette du petit temple d&#8217;Aton, dieu solaire<\/li>\n<li>la reproduction du tombeau de Sennedjem, superviseur de chantier<\/li>\n<\/ul>\n<p>Le Mus\u00e9e de la civilisation pr\u00e9sentait avec grand succ\u00e8s, en 2009, <em>Fascinantes momies<\/em> et, en 2015, <em><a href=\"\/decouvrir\/expositions\/egypte-magique\/\">\u00c9gypte magique<\/a>.<\/em><\/p>\n<p><a href=\"\/decouvrir\/expositions\/le-temps-des-pharaons\/\"><em>Le temps des pharaons<\/em><\/a> est \u00e0 l&#8217;affiche jusqu&#8217;au 12 mars 2023.<\/p>\n<p><em>Une exposition con\u00e7ue par MuseumsPartner (Autriche), en collaboration avec le Lokschuppen Exhibition Center (Allemagne), les mus\u00e9es de l&#8217;Universit\u00e9 d&#8217;Aberdeen (Royaume-Uni) et le Mus\u00e9e Roemer et Pelizaeus (Allemagne). Le temps des pharaons est pr\u00e9sent\u00e9e au Mus\u00e9e de la civilisation par Polycor avec le soutien financier du gouvernement du Qu\u00e9bec et de la Ville de Qu\u00e9bec, dans le cadre de l&#8217;Entente de d\u00e9veloppement culturel.<\/em><\/p>\n<h3><strong>Liens connexes&nbsp;:<\/strong><\/h3>\n<p><a href=\"http:\/\/www.abdn.ac.uk\/museums\">University of Aberdeen Museums<\/a>&nbsp;<\/p>\n<p><a href=\"http:\/\/www.rpmuseum.de\">Mus\u00e9e Roemer et Pelizaeus<\/a>&nbsp;:&nbsp;<\/p>\n<p><a href=\"http:\/\/www.ruhrkunstmuseen.com\/en\/museums\/gustav-luebcke-museum-hamm\">Gustav-L\u00fcbcke-Museum<\/a>&nbsp;<\/p>\n<p><\/p>\n<p><strong>Relations de presse&nbsp;:<\/strong><\/p>\n<p><strong>Qu\u00e9bec&nbsp;<\/strong><br>Anne-Sophie Desmeules&nbsp;: 418&nbsp;643-2158, poste 208; courriel&nbsp;: <a href=\"mailto:anne-sophie.desmeules@mcq.org\">anne-sophie.desmeules@mcq.org<\/a><br>Agn\u00e8s Dufour&nbsp;: 418&nbsp;643-2158 poste 433; courriel&nbsp;: <a href=\"mailto:agnes.dufour@mcq.org\">agnes.dufour@mcq.org<\/a><\/p>\n<p><strong>Montr\u00e9al<\/strong><br>Rosemonde Gingras&nbsp;: 514&nbsp;458-8355; courriel&nbsp;: <a href=\"mailto:rosemonde@rosemondecommunications.com\">rosemonde@rosemondecommunications.com<\/a><\/p>\n<p class=\"vignette\">Publi\u00e9 le 26 octobre 2022<\/p>\n\n\n          <\/div>\n  <\/div>\n<\/div>","protected":false},"excerpt":{"rendered":"","protected":false},"featured_media":5959,"parent":0,"menu_order":0,"template":"","comm-tax":[8],"class_list":["post-2659","presse","type-presse","status-publish","has-post-thumbnail","hentry","comm-tax-communique"],"acf":[],"yoast_head":"<!-- This site is optimized with the Yoast SEO Premium plugin v27.3 (Yoast SEO v27.3) - https:\/\/yoast.com\/product\/yoast-seo-premium-wordpress\/ -->\n<title>Les splendeurs de l&#039;\u00c9gypte antique au Mus\u00e9e de la civilisation - Communiqu\u00e9 de presse | Mus\u00e9e de la civilisation<\/title>\n<meta name=\"description\" content=\"Les splendeurs de l&#039;\u00c9gypte antique au Mus\u00e9e de la civilisation- communiqu\u00e9 de presse du Mus\u00e9e de la civilisation \u00e0 Qu\u00e9bec.\" \/>\n<meta name=\"robots\" content=\"index, follow, max-snippet:-1, max-image-preview:large, max-video-preview:-1\" \/>\n<link rel=\"canonical\" href=\"https:\/\/mcq.org\/en\/a-propos\/medias\/communiques\/les-splendeurs-de-legypte-antique-au-musee-de-la-civilisation\/\" \/>\n<meta property=\"og:locale\" content=\"en_US\" \/>\n<meta property=\"og:type\" content=\"article\" \/>\n<meta property=\"og:title\" content=\"Les splendeurs de l&#039;\u00c9gypte antique au Mus\u00e9e de la civilisation - Communiqu\u00e9 de presse | Mus\u00e9e de la civilisation\" \/>\n<meta property=\"og:description\" content=\"Les splendeurs de l&#039;\u00c9gypte antique au Mus\u00e9e de la civilisation- communiqu\u00e9 de presse du Mus\u00e9e de la civilisation \u00e0 Qu\u00e9bec.\" \/>\n<meta property=\"og:url\" content=\"https:\/\/mcq.org\/en\/a-propos\/medias\/communiques\/les-splendeurs-de-legypte-antique-au-musee-de-la-civilisation\/\" \/>\n<meta property=\"og:site_name\" content=\"Mus\u00e9e de la civilisation\" \/>\n<meta property=\"article:publisher\" content=\"https:\/\/www.facebook.com\/mcqorg\" \/>\n<meta property=\"article:modified_time\" content=\"2023-05-25T21:24:30+00:00\" \/>\n<meta property=\"og:image\" content=\"https:\/\/mcq.org\/wp-content\/uploads\/2023\/05\/temps-pharaons-presse-600x600.jpg?ver=1685036778\" \/>\n\t<meta property=\"og:image:width\" content=\"600\" \/>\n\t<meta property=\"og:image:height\" content=\"600\" \/>\n\t<meta property=\"og:image:type\" content=\"image\/jpeg\" \/>\n<meta name=\"twitter:card\" content=\"summary_large_image\" \/>\n<meta name=\"twitter:site\" content=\"@mcqorg\" \/>\n<meta name=\"twitter:label1\" content=\"Est. reading time\" \/>\n\t<meta name=\"twitter:data1\" content=\"4 minutes\" \/>\n<!-- \/ Yoast SEO Premium plugin. -->","yoast_head_json":{"title":"Les splendeurs de l'\u00c9gypte antique au Mus\u00e9e de la civilisation - Communiqu\u00e9 de presse | Mus\u00e9e de la civilisation","description":"Les splendeurs de l'\u00c9gypte antique au Mus\u00e9e de la civilisation- communiqu\u00e9 de presse du Mus\u00e9e de la civilisation \u00e0 Qu\u00e9bec.","robots":{"index":"index","follow":"follow","max-snippet":"max-snippet:-1","max-image-preview":"max-image-preview:large","max-video-preview":"max-video-preview:-1"},"canonical":"https:\/\/mcq.org\/en\/a-propos\/medias\/communiques\/les-splendeurs-de-legypte-antique-au-musee-de-la-civilisation\/","og_locale":"en_US","og_type":"article","og_title":"Les splendeurs de l'\u00c9gypte antique au Mus\u00e9e de la civilisation - Communiqu\u00e9 de presse | Mus\u00e9e de la civilisation","og_description":"Les splendeurs de l'\u00c9gypte antique au Mus\u00e9e de la civilisation- communiqu\u00e9 de presse du Mus\u00e9e de la civilisation \u00e0 Qu\u00e9bec.","og_url":"https:\/\/mcq.org\/en\/a-propos\/medias\/communiques\/les-splendeurs-de-legypte-antique-au-musee-de-la-civilisation\/","og_site_name":"Mus\u00e9e de la civilisation","article_publisher":"https:\/\/www.facebook.com\/mcqorg","article_modified_time":"2023-05-25T21:24:30+00:00","og_image":[{"width":600,"height":600,"url":"https:\/\/mcq.org\/wp-content\/uploads\/2023\/05\/temps-pharaons-presse-600x600.jpg?ver=1685036778","type":"image\/jpeg"}],"twitter_card":"summary_large_image","twitter_site":"@mcqorg","twitter_misc":{"Est. reading time":"4 minutes"},"schema":{"@context":"https:\/\/schema.org","@graph":[{"@type":"WebPage","@id":"https:\/\/mcq.org\/en\/a-propos\/medias\/communiques\/les-splendeurs-de-legypte-antique-au-musee-de-la-civilisation\/","url":"https:\/\/mcq.org\/en\/a-propos\/medias\/communiques\/les-splendeurs-de-legypte-antique-au-musee-de-la-civilisation\/","name":"Les splendeurs de l'\u00c9gypte antique au Mus\u00e9e de la civilisation - Communiqu\u00e9 de presse | Mus\u00e9e de la civilisation","isPartOf":{"@id":"https:\/\/mcq.org\/en\/#website"},"primaryImageOfPage":{"@id":"https:\/\/mcq.org\/en\/a-propos\/medias\/communiques\/les-splendeurs-de-legypte-antique-au-musee-de-la-civilisation\/#primaryimage"},"image":{"@id":"https:\/\/mcq.org\/en\/a-propos\/medias\/communiques\/les-splendeurs-de-legypte-antique-au-musee-de-la-civilisation\/#primaryimage"},"thumbnailUrl":"https:\/\/mcq.org\/wp-content\/uploads\/2023\/05\/temps-pharaons-presse-600x600.jpg?ver=1685036778","datePublished":"2022-10-26T18:02:00+00:00","dateModified":"2023-05-25T21:24:30+00:00","description":"Les splendeurs de l'\u00c9gypte antique au Mus\u00e9e de la civilisation- communiqu\u00e9 de presse du Mus\u00e9e de la civilisation \u00e0 Qu\u00e9bec.","breadcrumb":{"@id":"https:\/\/mcq.org\/en\/a-propos\/medias\/communiques\/les-splendeurs-de-legypte-antique-au-musee-de-la-civilisation\/#breadcrumb"},"inLanguage":"en-US","potentialAction":[{"@type":"ReadAction","target":["https:\/\/mcq.org\/en\/a-propos\/medias\/communiques\/les-splendeurs-de-legypte-antique-au-musee-de-la-civilisation\/"]}]},{"@type":"ImageObject","inLanguage":"en-US","@id":"https:\/\/mcq.org\/en\/a-propos\/medias\/communiques\/les-splendeurs-de-legypte-antique-au-musee-de-la-civilisation\/#primaryimage","url":"https:\/\/mcq.org\/wp-content\/uploads\/2023\/05\/temps-pharaons-presse-600x600.jpg?ver=1685036778","contentUrl":"https:\/\/mcq.org\/wp-content\/uploads\/2023\/05\/temps-pharaons-presse-600x600.jpg?ver=1685036778","width":600,"height":600,"caption":"Signature visuelle de l'exposition Le temps des pharaons repr\u00e9sentant un buste de pharaon sortant de trois pyramides."},{"@type":"BreadcrumbList","@id":"https:\/\/mcq.org\/en\/a-propos\/medias\/communiques\/les-splendeurs-de-legypte-antique-au-musee-de-la-civilisation\/#breadcrumb","itemListElement":[{"@type":"ListItem","position":1,"name":"Home","item":"https:\/\/mcq.org\/en\/"},{"@type":"ListItem","position":2,"name":"Communiqu\u00e9s presse","item":"https:\/\/mcq.org\/en\/a-propos\/medias\/communiques\/"},{"@type":"ListItem","position":3,"name":"Les splendeurs de l&rsquo;\u00c9gypte antique au Mus\u00e9e de la civilisation"}]},{"@type":"WebSite","@id":"https:\/\/mcq.org\/en\/#website","url":"https:\/\/mcq.org\/en\/","name":"Mus\u00e9e de la civilisation","description":"Le Mus\u00e9e de la civilisation explore les diff\u00e9rentes facettes de la r\u00e9alit\u00e9 humaine avec sa d\u00e9marche unique qui combine enchantement, connaissance et r\u00e9flexion.","publisher":{"@id":"https:\/\/mcq.org\/en\/#organization"},"alternateName":"MCQ","potentialAction":[{"@type":"SearchAction","target":{"@type":"EntryPoint","urlTemplate":"https:\/\/mcq.org\/en\/?s={search_term_string}"},"query-input":{"@type":"PropertyValueSpecification","valueRequired":true,"valueName":"search_term_string"}}],"inLanguage":"en-US"},{"@type":"Organization","@id":"https:\/\/mcq.org\/en\/#organization","name":"Mus\u00e9e de la civilisation","alternateName":"MCQ","url":"https:\/\/mcq.org\/en\/","logo":{"@type":"ImageObject","inLanguage":"en-US","@id":"https:\/\/mcq.org\/en\/#\/schema\/logo\/image\/","url":"https:\/\/mcq.org\/wp-content\/uploads\/2023\/04\/logo-mcq-300x123-1.png","contentUrl":"https:\/\/mcq.org\/wp-content\/uploads\/2023\/04\/logo-mcq-300x123-1.png","width":300,"height":123,"caption":"Mus\u00e9e de la civilisation"},"image":{"@id":"https:\/\/mcq.org\/en\/#\/schema\/logo\/image\/"},"sameAs":["https:\/\/www.facebook.com\/mcqorg","https:\/\/x.com\/mcqorg","https:\/\/www.instagram.com\/mcqorg\/","https:\/\/www.linkedin.com\/company\/mcqorg\/"]}]}},"_links":{"self":[{"href":"https:\/\/mcq.org\/en\/wp-json\/wp\/v2\/presse\/2659","targetHints":{"allow":["GET"]}}],"collection":[{"href":"https:\/\/mcq.org\/en\/wp-json\/wp\/v2\/presse"}],"about":[{"href":"https:\/\/mcq.org\/en\/wp-json\/wp\/v2\/types\/presse"}],"version-history":[{"count":12,"href":"https:\/\/mcq.org\/en\/wp-json\/wp\/v2\/presse\/2659\/revisions"}],"predecessor-version":[{"id":5998,"href":"https:\/\/mcq.org\/en\/wp-json\/wp\/v2\/presse\/2659\/revisions\/5998"}],"wp:featuredmedia":[{"embeddable":true,"href":"https:\/\/mcq.org\/en\/wp-json\/wp\/v2\/media\/5959"}],"wp:attachment":[{"href":"https:\/\/mcq.org\/en\/wp-json\/wp\/v2\/media?parent=2659"}],"wp:term":[{"taxonomy":"comm-tax","embeddable":true,"href":"https:\/\/mcq.org\/en\/wp-json\/wp\/v2\/comm-tax?post=2659"}],"curies":[{"name":"wp","href":"https:\/\/api.w.org\/{rel}","templated":true}]}}