{"id":2651,"date":"2022-12-06T13:52:00","date_gmt":"2022-12-06T18:52:00","guid":{"rendered":"https:\/\/prod.mcq.org\/?post_type=presse&#038;p=2651"},"modified":"2023-05-11T13:58:45","modified_gmt":"2023-05-11T17:58:45","slug":"le-musee-de-la-civilisation-cherche-des-objets-appartenant-a-des-personnes-immigrantes-et-significatifs-de-leur-rencontre-avec-le-quebec","status":"publish","type":"presse","link":"https:\/\/mcq.org\/en\/a-propos\/medias\/communiques\/le-musee-de-la-civilisation-cherche-des-objets-appartenant-a-des-personnes-immigrantes-et-significatifs-de-leur-rencontre-avec-le-quebec\/","title":{"rendered":"Le Mus\u00e9e de la civilisation cherche des objets appartenant \u00e0 des personnes immigrantes et significatifs de leur rencontre avec le Qu\u00e9bec"},"content":{"rendered":"<div  class=\"container contenu-centre\">\n  <div class=\"row justify-content-center\">\n    <div class=\"col-lg-10 col-xl-8\">\n      \n        \n\n<p>Dans le but d&#8217;illustrer ad\u00e9quatement le propos qui teintera sa future exposition permanente sur le Qu\u00e9bec, le Mus\u00e9e de la civilisation fait appel aux personnes immigrantes et \u00e0 leurs descendants de 2<sup>e<\/sup> ou 3<sup>e<\/sup> g\u00e9n\u00e9rations pour recueillir des objets repr\u00e9sentatifs du contact qu&#8217;ils ont eu avec le Qu\u00e9bec.<\/p>\n<p>Une paire de patins peut repr\u00e9senter la rencontre avec l&#8217;hiver tandis qu&#8217;un ustensile de cuisine, apport\u00e9 du pays d&#8217;origine, peut \u00eatre li\u00e9 au m\u00e9tissage alimentaire tout comme un instrument de musique et un livre peuvent repr\u00e9senter le voyage des cultures entre les continents. Chaque objet s\u00e9lectionn\u00e9 le sera pour l&#8217;histoire qu&#8217;il porte, pour la symbolique qu&#8217;il repr\u00e9sente pour la personne qui le garde pr\u00e9cieusement. Les objets peuvent \u00eatre soumis par un <a href=\"http:\/\/appelaobjets.mcq.org\">formulaire disponible sur le site Web du Mus\u00e9e<\/a>, jusqu&#8217;au 12 mars 2023.\u00a0<\/p>\n<p>\u00a0<\/p>\n<p><strong>Citation\u00a0:<\/strong><br \/>\u00ab On retrouve d\u00e9j\u00e0 dans les collections du Mus\u00e9e de la civilisation des objets rappelant les grandes vagues d&#8217;immigration irlandaise et \u00e9cossaise de la fin de 19<sup>e<\/sup> si\u00e8cle. \u00a0Cependant tr\u00e8s peu de pi\u00e8ces \u00e9voquent toutes celles qui ont suivi, notamment celles du dernier quart du 20<sup>e<\/sup> si\u00e8cle et du d\u00e9but du 21<sup>e<\/sup> qui nourrissent la richesse de la diversit\u00e9 du Qu\u00e9bec d&#8217;aujourd&#8217;hui. Gr\u00e2ce \u00e0 ces objets, le Mus\u00e9e pourra offrir aux publics d&#8217;ici et d&#8217;ailleurs un portrait exhaustif de la soci\u00e9t\u00e9 qu\u00e9b\u00e9coise actuelle. \u00bb &#8211; <em>St\u00e9phan La Roche, pr\u00e9sident-directeur g\u00e9n\u00e9ral<\/em><\/p>\n<p>De tous temps, le territoire qui forme le Qu\u00e9bec est le th\u00e9\u00e2tre de mille et une rencontres qui fa\u00e7onnent les gens qui y habitent, dans leur mani\u00e8re d&#8217;\u00eatre et de vivre ensemble, tout en mettant en \u00e9vidence ce qui les relie au reste du monde. Ce th\u00e8me de la rencontre est le fil conducteur de cette prochaine exposition permanente dont l&#8217;ouverture est pr\u00e9vue en mai 2024. On y jettera un nouveau regard non seulement sur les \u00e9v\u00e9nements historiques propres \u00e0 l&#8217;\u00e9volution de la soci\u00e9t\u00e9 qu\u00e9b\u00e9coise, mais aussi sur les enjeux contemporains auxquels elle fait face.<\/p>\n<p>Ce sera la 3<sup>e<\/sup> r\u00e9alisation de r\u00e9f\u00e9rence sur le Qu\u00e9bec faisant suite \u00e0 l&#8217;exposition <em><a href=\"\/decouvrir\/expositions\/le-temps-des-quebecois\/\">Le temps des Qu\u00e9b\u00e9cois<\/a>,<\/em> qui fermera ses portes le 2 janvier prochain apr\u00e8s un plus de 18 ans de pr\u00e9sentation, et \u00e0 <em>M\u00e9moires<\/em> qui a ravi les visiteurs entre 1988 et 2005.<\/p>\n<p><br \/><strong>Relations de presse\u00a0:<br \/>Qu\u00e9bec<\/strong><br \/>Anne-Sophie Desmeules\u00a0: 418\u00a0643-2158, poste 208; courriel\u00a0: <a href=\"mailto:anne-sophie.desmeules@mcq.org\">anne-sophie.desmeules@mcq.org<\/a><br \/>Agn\u00e8s Dufour\u00a0: 418\u00a0643-2158 poste 433; courriel\u00a0: <a href=\"mailto:agnes.dufour@mcq.org\">agnes.dufour@mcq.org<\/a><br \/><br \/><strong>Montr\u00e9al<\/strong><br \/>Rosemonde Gingras\u00a0: 514\u00a0458-8355; courriel\u00a0: <a href=\"mailto:rosemonde@rosemondecommunications.com\">rosemonde@rosemondecommunications.com<\/a><\/p>\n<p class=\"vignette\">Publi\u00e9 le 6 d\u00e9cembre 2022<\/p>\n\n\n          <\/div>\n  <\/div>\n<\/div>","protected":false},"excerpt":{"rendered":"","protected":false},"featured_media":2559,"parent":0,"menu_order":0,"template":"","comm-tax":[8],"class_list":["post-2651","presse","type-presse","status-publish","has-post-thumbnail","hentry","comm-tax-communique"],"acf":[],"yoast_head":"<!-- This site is optimized with the Yoast SEO Premium plugin v27.3 (Yoast SEO v27.3) - https:\/\/yoast.com\/product\/yoast-seo-premium-wordpress\/ -->\n<title>Le Mus\u00e9e de la civilisation cherche des objets appartenant \u00e0 des personnes immigrantes et significatifs de leur rencontre avec le Qu\u00e9bec - Communiqu\u00e9 de presse | Mus\u00e9e de la civilisation<\/title>\n<meta name=\"description\" content=\"Le Mus\u00e9e de la civilisation cherche des objets appartenant \u00e0 des personnes immigrantes et significatifs de leur rencontre avec le Qu\u00e9bec- communiqu\u00e9 de presse du Mus\u00e9e de la civilisation \u00e0 Qu\u00e9bec.\" \/>\n<meta name=\"robots\" content=\"index, follow, max-snippet:-1, max-image-preview:large, max-video-preview:-1\" \/>\n<link rel=\"canonical\" href=\"https:\/\/mcq.org\/en\/a-propos\/medias\/communiques\/le-musee-de-la-civilisation-cherche-des-objets-appartenant-a-des-personnes-immigrantes-et-significatifs-de-leur-rencontre-avec-le-quebec\/\" \/>\n<meta property=\"og:locale\" content=\"en_US\" \/>\n<meta property=\"og:type\" content=\"article\" \/>\n<meta property=\"og:title\" content=\"Le Mus\u00e9e de la civilisation cherche des objets appartenant \u00e0 des personnes immigrantes et significatifs de leur rencontre avec le Qu\u00e9bec - Communiqu\u00e9 de presse | Mus\u00e9e de la civilisation\" \/>\n<meta property=\"og:description\" content=\"Le Mus\u00e9e de la civilisation cherche des objets appartenant \u00e0 des personnes immigrantes et significatifs de leur rencontre avec le Qu\u00e9bec- communiqu\u00e9 de presse du Mus\u00e9e de la civilisation \u00e0 Qu\u00e9bec.\" \/>\n<meta property=\"og:url\" content=\"https:\/\/mcq.org\/en\/a-propos\/medias\/communiques\/le-musee-de-la-civilisation-cherche-des-objets-appartenant-a-des-personnes-immigrantes-et-significatifs-de-leur-rencontre-avec-le-quebec\/\" \/>\n<meta property=\"og:site_name\" content=\"Mus\u00e9e de la civilisation\" \/>\n<meta property=\"article:publisher\" content=\"https:\/\/www.facebook.com\/mcqorg\" \/>\n<meta property=\"article:modified_time\" content=\"2023-05-11T17:58:45+00:00\" \/>\n<meta property=\"og:image\" content=\"https:\/\/mcq.org\/wp-content\/uploads\/2023\/05\/visiteurs-escaliers-est-hall-600x600.jpg?ver=1686319410\" \/>\n\t<meta property=\"og:image:width\" content=\"600\" \/>\n\t<meta property=\"og:image:height\" content=\"600\" \/>\n\t<meta property=\"og:image:type\" content=\"image\/jpeg\" \/>\n<meta name=\"twitter:card\" content=\"summary_large_image\" \/>\n<meta name=\"twitter:site\" content=\"@mcqorg\" \/>\n<meta name=\"twitter:label1\" content=\"Est. reading time\" \/>\n\t<meta name=\"twitter:data1\" content=\"3 minutes\" \/>\n<!-- \/ Yoast SEO Premium plugin. -->","yoast_head_json":{"title":"Le Mus\u00e9e de la civilisation cherche des objets appartenant \u00e0 des personnes immigrantes et significatifs de leur rencontre avec le Qu\u00e9bec - Communiqu\u00e9 de presse | Mus\u00e9e de la civilisation","description":"Le Mus\u00e9e de la civilisation cherche des objets appartenant \u00e0 des personnes immigrantes et significatifs de leur rencontre avec le Qu\u00e9bec- communiqu\u00e9 de presse du Mus\u00e9e de la civilisation \u00e0 Qu\u00e9bec.","robots":{"index":"index","follow":"follow","max-snippet":"max-snippet:-1","max-image-preview":"max-image-preview:large","max-video-preview":"max-video-preview:-1"},"canonical":"https:\/\/mcq.org\/en\/a-propos\/medias\/communiques\/le-musee-de-la-civilisation-cherche-des-objets-appartenant-a-des-personnes-immigrantes-et-significatifs-de-leur-rencontre-avec-le-quebec\/","og_locale":"en_US","og_type":"article","og_title":"Le Mus\u00e9e de la civilisation cherche des objets appartenant \u00e0 des personnes immigrantes et significatifs de leur rencontre avec le Qu\u00e9bec - Communiqu\u00e9 de presse | Mus\u00e9e de la civilisation","og_description":"Le Mus\u00e9e de la civilisation cherche des objets appartenant \u00e0 des personnes immigrantes et significatifs de leur rencontre avec le Qu\u00e9bec- communiqu\u00e9 de presse du Mus\u00e9e de la civilisation \u00e0 Qu\u00e9bec.","og_url":"https:\/\/mcq.org\/en\/a-propos\/medias\/communiques\/le-musee-de-la-civilisation-cherche-des-objets-appartenant-a-des-personnes-immigrantes-et-significatifs-de-leur-rencontre-avec-le-quebec\/","og_site_name":"Mus\u00e9e de la civilisation","article_publisher":"https:\/\/www.facebook.com\/mcqorg","article_modified_time":"2023-05-11T17:58:45+00:00","og_image":[{"width":600,"height":600,"url":"https:\/\/mcq.org\/wp-content\/uploads\/2023\/05\/visiteurs-escaliers-est-hall-600x600.jpg?ver=1686319410","type":"image\/jpeg"}],"twitter_card":"summary_large_image","twitter_site":"@mcqorg","twitter_misc":{"Est. reading time":"3 minutes"},"schema":{"@context":"https:\/\/schema.org","@graph":[{"@type":"WebPage","@id":"https:\/\/mcq.org\/en\/a-propos\/medias\/communiques\/le-musee-de-la-civilisation-cherche-des-objets-appartenant-a-des-personnes-immigrantes-et-significatifs-de-leur-rencontre-avec-le-quebec\/","url":"https:\/\/mcq.org\/en\/a-propos\/medias\/communiques\/le-musee-de-la-civilisation-cherche-des-objets-appartenant-a-des-personnes-immigrantes-et-significatifs-de-leur-rencontre-avec-le-quebec\/","name":"Le Mus\u00e9e de la civilisation cherche des objets appartenant \u00e0 des personnes immigrantes et significatifs de leur rencontre avec le Qu\u00e9bec - Communiqu\u00e9 de presse | Mus\u00e9e de la civilisation","isPartOf":{"@id":"https:\/\/mcq.org\/en\/#website"},"primaryImageOfPage":{"@id":"https:\/\/mcq.org\/en\/a-propos\/medias\/communiques\/le-musee-de-la-civilisation-cherche-des-objets-appartenant-a-des-personnes-immigrantes-et-significatifs-de-leur-rencontre-avec-le-quebec\/#primaryimage"},"image":{"@id":"https:\/\/mcq.org\/en\/a-propos\/medias\/communiques\/le-musee-de-la-civilisation-cherche-des-objets-appartenant-a-des-personnes-immigrantes-et-significatifs-de-leur-rencontre-avec-le-quebec\/#primaryimage"},"thumbnailUrl":"https:\/\/mcq.org\/wp-content\/uploads\/2023\/05\/visiteurs-escaliers-est-hall-600x600.jpg?ver=1686319410","datePublished":"2022-12-06T18:52:00+00:00","dateModified":"2023-05-11T17:58:45+00:00","description":"Le Mus\u00e9e de la civilisation cherche des objets appartenant \u00e0 des personnes immigrantes et significatifs de leur rencontre avec le Qu\u00e9bec- communiqu\u00e9 de presse du Mus\u00e9e de la civilisation \u00e0 Qu\u00e9bec.","breadcrumb":{"@id":"https:\/\/mcq.org\/en\/a-propos\/medias\/communiques\/le-musee-de-la-civilisation-cherche-des-objets-appartenant-a-des-personnes-immigrantes-et-significatifs-de-leur-rencontre-avec-le-quebec\/#breadcrumb"},"inLanguage":"en-US","potentialAction":[{"@type":"ReadAction","target":["https:\/\/mcq.org\/en\/a-propos\/medias\/communiques\/le-musee-de-la-civilisation-cherche-des-objets-appartenant-a-des-personnes-immigrantes-et-significatifs-de-leur-rencontre-avec-le-quebec\/"]}]},{"@type":"ImageObject","inLanguage":"en-US","@id":"https:\/\/mcq.org\/en\/a-propos\/medias\/communiques\/le-musee-de-la-civilisation-cherche-des-objets-appartenant-a-des-personnes-immigrantes-et-significatifs-de-leur-rencontre-avec-le-quebec\/#primaryimage","url":"https:\/\/mcq.org\/wp-content\/uploads\/2023\/05\/visiteurs-escaliers-est-hall-600x600.jpg?ver=1686319410","contentUrl":"https:\/\/mcq.org\/wp-content\/uploads\/2023\/05\/visiteurs-escaliers-est-hall-600x600.jpg?ver=1686319410","width":600,"height":600,"caption":"Groupe de visiteurs grimpant les escaliers du hall sous la verri\u00e8re."},{"@type":"BreadcrumbList","@id":"https:\/\/mcq.org\/en\/a-propos\/medias\/communiques\/le-musee-de-la-civilisation-cherche-des-objets-appartenant-a-des-personnes-immigrantes-et-significatifs-de-leur-rencontre-avec-le-quebec\/#breadcrumb","itemListElement":[{"@type":"ListItem","position":1,"name":"Home","item":"https:\/\/mcq.org\/en\/"},{"@type":"ListItem","position":2,"name":"Communiqu\u00e9s presse","item":"https:\/\/mcq.org\/en\/a-propos\/medias\/communiques\/"},{"@type":"ListItem","position":3,"name":"Le Mus\u00e9e de la civilisation cherche des objets appartenant \u00e0 des personnes immigrantes et significatifs de leur rencontre avec le Qu\u00e9bec"}]},{"@type":"WebSite","@id":"https:\/\/mcq.org\/en\/#website","url":"https:\/\/mcq.org\/en\/","name":"Mus\u00e9e de la civilisation","description":"Le Mus\u00e9e de la civilisation explore les diff\u00e9rentes facettes de la r\u00e9alit\u00e9 humaine avec sa d\u00e9marche unique qui combine enchantement, connaissance et r\u00e9flexion.","publisher":{"@id":"https:\/\/mcq.org\/en\/#organization"},"alternateName":"MCQ","potentialAction":[{"@type":"SearchAction","target":{"@type":"EntryPoint","urlTemplate":"https:\/\/mcq.org\/en\/?s={search_term_string}"},"query-input":{"@type":"PropertyValueSpecification","valueRequired":true,"valueName":"search_term_string"}}],"inLanguage":"en-US"},{"@type":"Organization","@id":"https:\/\/mcq.org\/en\/#organization","name":"Mus\u00e9e de la civilisation","alternateName":"MCQ","url":"https:\/\/mcq.org\/en\/","logo":{"@type":"ImageObject","inLanguage":"en-US","@id":"https:\/\/mcq.org\/en\/#\/schema\/logo\/image\/","url":"https:\/\/mcq.org\/wp-content\/uploads\/2023\/04\/logo-mcq-300x123-1.png","contentUrl":"https:\/\/mcq.org\/wp-content\/uploads\/2023\/04\/logo-mcq-300x123-1.png","width":300,"height":123,"caption":"Mus\u00e9e de la civilisation"},"image":{"@id":"https:\/\/mcq.org\/en\/#\/schema\/logo\/image\/"},"sameAs":["https:\/\/www.facebook.com\/mcqorg","https:\/\/x.com\/mcqorg","https:\/\/www.instagram.com\/mcqorg\/","https:\/\/www.linkedin.com\/company\/mcqorg\/"]}]}},"_links":{"self":[{"href":"https:\/\/mcq.org\/en\/wp-json\/wp\/v2\/presse\/2651","targetHints":{"allow":["GET"]}}],"collection":[{"href":"https:\/\/mcq.org\/en\/wp-json\/wp\/v2\/presse"}],"about":[{"href":"https:\/\/mcq.org\/en\/wp-json\/wp\/v2\/types\/presse"}],"version-history":[{"count":4,"href":"https:\/\/mcq.org\/en\/wp-json\/wp\/v2\/presse\/2651\/revisions"}],"predecessor-version":[{"id":2655,"href":"https:\/\/mcq.org\/en\/wp-json\/wp\/v2\/presse\/2651\/revisions\/2655"}],"wp:featuredmedia":[{"embeddable":true,"href":"https:\/\/mcq.org\/en\/wp-json\/wp\/v2\/media\/2559"}],"wp:attachment":[{"href":"https:\/\/mcq.org\/en\/wp-json\/wp\/v2\/media?parent=2651"}],"wp:term":[{"taxonomy":"comm-tax","embeddable":true,"href":"https:\/\/mcq.org\/en\/wp-json\/wp\/v2\/comm-tax?post=2651"}],"curies":[{"name":"wp","href":"https:\/\/api.w.org\/{rel}","templated":true}]}}