{"id":2641,"date":"2023-03-03T13:47:00","date_gmt":"2023-03-03T18:47:00","guid":{"rendered":"https:\/\/prod.mcq.org\/?post_type=presse&#038;p=2641"},"modified":"2023-05-11T13:52:31","modified_gmt":"2023-05-11T17:52:31","slug":"appel-de-propositions-pour-la-mise-en-valeur-de-place-royale","status":"publish","type":"presse","link":"https:\/\/mcq.org\/en\/a-propos\/medias\/communiques\/appel-de-propositions-pour-la-mise-en-valeur-de-place-royale\/","title":{"rendered":"Appel de propositions pour la mise en valeur de Place-Royale"},"content":{"rendered":"<div  class=\"container contenu-centre\">\n  <div class=\"row justify-content-center\">\n    <div class=\"col-lg-10 col-xl-8\">\n      \n        \n\n<p>Le Mus\u00e9e de la civilisation lance un appel de propositions aux promotrices et promoteurs patrimoniaux, culturels, artistiques et touristiques professionnels pour la mise en valeur historique, patrimoniale et architecturale de Place-Royale, site fondateur de la Nouvelle-France.<\/p>\n<p>Le financement de cet appel de propositions provient du fonds de mise en valeur et d&#8217;animation de Place-Royale. En novembre 2021, le Mus\u00e9e de la civilisation a re\u00e7u une subvention de 2,2\u00a0M$ du gouvernement du Qu\u00e9bec pour cr\u00e9er et administrer un fonds qui vise \u00e0 mettre en valeur le cadre historique, patrimonial et architectural de Place-Royale par la mise en \u0153uvre de projets d&#8217;animation et d&#8217;interpr\u00e9tation innovants.<\/p>\n<p>Par cet appel, le Mus\u00e9e souhaite s&#8217;associer \u00e0 des projets novateurs qui visent \u00e0 moderniser les approches de valorisation et de vitalisation de Place-Royale dans le respect des caract\u00e9ristiques uniques du site et de la qualit\u00e9 de vie des citoyennes et des citoyens qui l&#8217;habitent \u00e0 l&#8217;ann\u00e9e.<\/p>\n<p>Une somme de 1,5\u00a0M$ sera d\u00e9di\u00e9e \u00e0 appuyer la mise en \u0153uvre d&#8217;un minimum de trois projets diff\u00e9rents et le montant restant servira \u00e0 la poursuite et \u00e0 la bonification des activit\u00e9s estivales d\u00e9j\u00e0 existantes, aux communications et au soutien possible de projets ponctuels d&#8217;animation pour les prochaines ann\u00e9es.<\/p>\n<p>Un comit\u00e9 de s\u00e9lection, compos\u00e9 de cinq membres issus entre autres des secteurs culturel et patrimonial, sera mis sur pied. Ce comit\u00e9 \u00e9valuera les projets soumis en fonction de quatre crit\u00e8res clairement d\u00e9crits dans l&#8217;appel \u00e0 propositions\u00a0:<\/p>\n<p style=\"margin-left: 14.2pt;\">\u2022 Le caract\u00e8re distinctif du projet\u2009;<\/p>\n<p style=\"margin-left: 14.2pt;\">\u2022 La faisabilit\u00e9\u2009;<\/p>\n<p style=\"margin-left: 14.2pt;\">\u2022 Le budget et la structure organisationnelle\u2009;<\/p>\n<p style=\"margin-left: 14.2pt;\">\u2022 Les partenariats.<\/p>\n<p>\u00a0<\/p>\n<p>Pour de plus amples renseignements, consultez les d\u00e9tails de l&#8217;appel de propositions (1695983) sur le <a href=\"https:\/\/www.seao.ca\/\">Syst\u00e8me \u00e9lectronique d&#8217;appel d&#8217;offres (SEAO)<\/a>.<\/p>\n<p style=\"margin-left: 14.2pt;\" align=\"center\">\u00a0<\/p>\n<p><strong>Relations de presse\u00a0:<\/strong><\/p>\n<p>Anne-Sophie Desmeules\u00a0: 418\u00a0643-2158, poste 208\u2009<\/p>\n<p>Courriel\u00a0: <a href=\"mailto:anne-sophie.desmeules@mcq.org\"><u>anne-sophie.desmeules@mcq.org<\/u><\/a><\/p>\n<p class=\"vignette\">\u00a0Publi\u00e9 le 3 mars 2023<\/p>\n\n\n          <\/div>\n  <\/div>\n<\/div>","protected":false},"excerpt":{"rendered":"","protected":false},"featured_media":2563,"parent":0,"menu_order":0,"template":"","comm-tax":[8],"class_list":["post-2641","presse","type-presse","status-publish","has-post-thumbnail","hentry","comm-tax-communique"],"acf":[],"yoast_head":"<!-- This site is optimized with the Yoast SEO Premium plugin v27.3 (Yoast SEO v27.3) - https:\/\/yoast.com\/product\/yoast-seo-premium-wordpress\/ -->\n<title>Appel de propositions pour la mise en valeur de Place-Royale - Communiqu\u00e9 de presse | Mus\u00e9e de la civilisation<\/title>\n<meta name=\"description\" content=\"Appel de propositions pour la mise en valeur de Place-Royale- communiqu\u00e9 de presse du Mus\u00e9e de la civilisation \u00e0 Qu\u00e9bec.\" \/>\n<meta name=\"robots\" content=\"index, follow, max-snippet:-1, max-image-preview:large, max-video-preview:-1\" \/>\n<link rel=\"canonical\" href=\"https:\/\/mcq.org\/en\/a-propos\/medias\/communiques\/appel-de-propositions-pour-la-mise-en-valeur-de-place-royale\/\" \/>\n<meta property=\"og:locale\" content=\"en_US\" \/>\n<meta property=\"og:type\" content=\"article\" \/>\n<meta property=\"og:title\" content=\"Appel de propositions pour la mise en valeur de Place-Royale - Communiqu\u00e9 de presse | Mus\u00e9e de la civilisation\" \/>\n<meta property=\"og:description\" content=\"Appel de propositions pour la mise en valeur de Place-Royale- communiqu\u00e9 de presse du Mus\u00e9e de la civilisation \u00e0 Qu\u00e9bec.\" \/>\n<meta property=\"og:url\" content=\"https:\/\/mcq.org\/en\/a-propos\/medias\/communiques\/appel-de-propositions-pour-la-mise-en-valeur-de-place-royale\/\" \/>\n<meta property=\"og:site_name\" content=\"Mus\u00e9e de la civilisation\" \/>\n<meta property=\"article:publisher\" content=\"https:\/\/www.facebook.com\/mcqorg\" \/>\n<meta property=\"article:modified_time\" content=\"2023-05-11T17:52:31+00:00\" \/>\n<meta property=\"og:image\" content=\"https:\/\/mcq.org\/wp-content\/uploads\/2023\/05\/musee-architecture-exterieur-600x600.jpg?ver=1686319325\" \/>\n\t<meta property=\"og:image:width\" content=\"600\" \/>\n\t<meta property=\"og:image:height\" content=\"600\" \/>\n\t<meta property=\"og:image:type\" content=\"image\/jpeg\" \/>\n<meta name=\"twitter:card\" content=\"summary_large_image\" \/>\n<meta name=\"twitter:site\" content=\"@mcqorg\" \/>\n<meta name=\"twitter:label1\" content=\"Est. reading time\" \/>\n\t<meta name=\"twitter:data1\" content=\"2 minutes\" \/>\n<!-- \/ Yoast SEO Premium plugin. -->","yoast_head_json":{"title":"Appel de propositions pour la mise en valeur de Place-Royale - Communiqu\u00e9 de presse | Mus\u00e9e de la civilisation","description":"Appel de propositions pour la mise en valeur de Place-Royale- communiqu\u00e9 de presse du Mus\u00e9e de la civilisation \u00e0 Qu\u00e9bec.","robots":{"index":"index","follow":"follow","max-snippet":"max-snippet:-1","max-image-preview":"max-image-preview:large","max-video-preview":"max-video-preview:-1"},"canonical":"https:\/\/mcq.org\/en\/a-propos\/medias\/communiques\/appel-de-propositions-pour-la-mise-en-valeur-de-place-royale\/","og_locale":"en_US","og_type":"article","og_title":"Appel de propositions pour la mise en valeur de Place-Royale - Communiqu\u00e9 de presse | Mus\u00e9e de la civilisation","og_description":"Appel de propositions pour la mise en valeur de Place-Royale- communiqu\u00e9 de presse du Mus\u00e9e de la civilisation \u00e0 Qu\u00e9bec.","og_url":"https:\/\/mcq.org\/en\/a-propos\/medias\/communiques\/appel-de-propositions-pour-la-mise-en-valeur-de-place-royale\/","og_site_name":"Mus\u00e9e de la civilisation","article_publisher":"https:\/\/www.facebook.com\/mcqorg","article_modified_time":"2023-05-11T17:52:31+00:00","og_image":[{"width":600,"height":600,"url":"https:\/\/mcq.org\/wp-content\/uploads\/2023\/05\/musee-architecture-exterieur-600x600.jpg?ver=1686319325","type":"image\/jpeg"}],"twitter_card":"summary_large_image","twitter_site":"@mcqorg","twitter_misc":{"Est. reading time":"2 minutes"},"schema":{"@context":"https:\/\/schema.org","@graph":[{"@type":"WebPage","@id":"https:\/\/mcq.org\/en\/a-propos\/medias\/communiques\/appel-de-propositions-pour-la-mise-en-valeur-de-place-royale\/","url":"https:\/\/mcq.org\/en\/a-propos\/medias\/communiques\/appel-de-propositions-pour-la-mise-en-valeur-de-place-royale\/","name":"Appel de propositions pour la mise en valeur de Place-Royale - Communiqu\u00e9 de presse | Mus\u00e9e de la civilisation","isPartOf":{"@id":"https:\/\/mcq.org\/en\/#website"},"primaryImageOfPage":{"@id":"https:\/\/mcq.org\/en\/a-propos\/medias\/communiques\/appel-de-propositions-pour-la-mise-en-valeur-de-place-royale\/#primaryimage"},"image":{"@id":"https:\/\/mcq.org\/en\/a-propos\/medias\/communiques\/appel-de-propositions-pour-la-mise-en-valeur-de-place-royale\/#primaryimage"},"thumbnailUrl":"https:\/\/mcq.org\/wp-content\/uploads\/2023\/05\/musee-architecture-exterieur-600x600.jpg?ver=1686319325","datePublished":"2023-03-03T18:47:00+00:00","dateModified":"2023-05-11T17:52:31+00:00","description":"Appel de propositions pour la mise en valeur de Place-Royale- communiqu\u00e9 de presse du Mus\u00e9e de la civilisation \u00e0 Qu\u00e9bec.","breadcrumb":{"@id":"https:\/\/mcq.org\/en\/a-propos\/medias\/communiques\/appel-de-propositions-pour-la-mise-en-valeur-de-place-royale\/#breadcrumb"},"inLanguage":"en-US","potentialAction":[{"@type":"ReadAction","target":["https:\/\/mcq.org\/en\/a-propos\/medias\/communiques\/appel-de-propositions-pour-la-mise-en-valeur-de-place-royale\/"]}]},{"@type":"ImageObject","inLanguage":"en-US","@id":"https:\/\/mcq.org\/en\/a-propos\/medias\/communiques\/appel-de-propositions-pour-la-mise-en-valeur-de-place-royale\/#primaryimage","url":"https:\/\/mcq.org\/wp-content\/uploads\/2023\/05\/musee-architecture-exterieur-600x600.jpg?ver=1686319325","contentUrl":"https:\/\/mcq.org\/wp-content\/uploads\/2023\/05\/musee-architecture-exterieur-600x600.jpg?ver=1686319325","width":600,"height":600,"caption":"Lucarnes, verri\u00e8res et oriflammes avec la signature du Mus\u00e9e en fa\u00e7ade."},{"@type":"BreadcrumbList","@id":"https:\/\/mcq.org\/en\/a-propos\/medias\/communiques\/appel-de-propositions-pour-la-mise-en-valeur-de-place-royale\/#breadcrumb","itemListElement":[{"@type":"ListItem","position":1,"name":"Home","item":"https:\/\/mcq.org\/en\/"},{"@type":"ListItem","position":2,"name":"Communiqu\u00e9s presse","item":"https:\/\/mcq.org\/en\/a-propos\/medias\/communiques\/"},{"@type":"ListItem","position":3,"name":"Appel de propositions pour la mise en valeur de Place-Royale"}]},{"@type":"WebSite","@id":"https:\/\/mcq.org\/en\/#website","url":"https:\/\/mcq.org\/en\/","name":"Mus\u00e9e de la civilisation","description":"Le Mus\u00e9e de la civilisation explore les diff\u00e9rentes facettes de la r\u00e9alit\u00e9 humaine avec sa d\u00e9marche unique qui combine enchantement, connaissance et r\u00e9flexion.","publisher":{"@id":"https:\/\/mcq.org\/en\/#organization"},"alternateName":"MCQ","potentialAction":[{"@type":"SearchAction","target":{"@type":"EntryPoint","urlTemplate":"https:\/\/mcq.org\/en\/?s={search_term_string}"},"query-input":{"@type":"PropertyValueSpecification","valueRequired":true,"valueName":"search_term_string"}}],"inLanguage":"en-US"},{"@type":"Organization","@id":"https:\/\/mcq.org\/en\/#organization","name":"Mus\u00e9e de la civilisation","alternateName":"MCQ","url":"https:\/\/mcq.org\/en\/","logo":{"@type":"ImageObject","inLanguage":"en-US","@id":"https:\/\/mcq.org\/en\/#\/schema\/logo\/image\/","url":"https:\/\/mcq.org\/wp-content\/uploads\/2023\/04\/logo-mcq-300x123-1.png","contentUrl":"https:\/\/mcq.org\/wp-content\/uploads\/2023\/04\/logo-mcq-300x123-1.png","width":300,"height":123,"caption":"Mus\u00e9e de la civilisation"},"image":{"@id":"https:\/\/mcq.org\/en\/#\/schema\/logo\/image\/"},"sameAs":["https:\/\/www.facebook.com\/mcqorg","https:\/\/x.com\/mcqorg","https:\/\/www.instagram.com\/mcqorg\/","https:\/\/www.linkedin.com\/company\/mcqorg\/"]}]}},"_links":{"self":[{"href":"https:\/\/mcq.org\/en\/wp-json\/wp\/v2\/presse\/2641","targetHints":{"allow":["GET"]}}],"collection":[{"href":"https:\/\/mcq.org\/en\/wp-json\/wp\/v2\/presse"}],"about":[{"href":"https:\/\/mcq.org\/en\/wp-json\/wp\/v2\/types\/presse"}],"version-history":[{"count":7,"href":"https:\/\/mcq.org\/en\/wp-json\/wp\/v2\/presse\/2641\/revisions"}],"predecessor-version":[{"id":2650,"href":"https:\/\/mcq.org\/en\/wp-json\/wp\/v2\/presse\/2641\/revisions\/2650"}],"wp:featuredmedia":[{"embeddable":true,"href":"https:\/\/mcq.org\/en\/wp-json\/wp\/v2\/media\/2563"}],"wp:attachment":[{"href":"https:\/\/mcq.org\/en\/wp-json\/wp\/v2\/media?parent=2641"}],"wp:term":[{"taxonomy":"comm-tax","embeddable":true,"href":"https:\/\/mcq.org\/en\/wp-json\/wp\/v2\/comm-tax?post=2641"}],"curies":[{"name":"wp","href":"https:\/\/api.w.org\/{rel}","templated":true}]}}