{"id":2634,"date":"2023-01-17T13:28:00","date_gmt":"2023-01-17T18:28:00","guid":{"rendered":"https:\/\/prod.mcq.org\/?post_type=presse&#038;p=2634"},"modified":"2023-05-25T17:22:32","modified_gmt":"2023-05-25T21:22:32","slug":"le-musee-de-la-civilisation-rend-hommage-a-elisabeth-kaine","status":"publish","type":"presse","link":"https:\/\/mcq.org\/en\/a-propos\/medias\/communiques\/le-musee-de-la-civilisation-rend-hommage-a-elisabeth-kaine\/","title":{"rendered":"Le Mus\u00e9e de la civilisation rend hommage \u00e0 \u00c9lisabeth Kaine"},"content":{"rendered":"<div  class=\"container contenu-centre\">\n  <div class=\"row justify-content-center\">\n    <div class=\"col-lg-10 col-xl-8\">\n      \n        \n\n<p>Afin de rendre hommage \u00e0 \u00c9lisabeth Kaine, professeure-chercheuse et grande collaboratrice au contenu de l&#8217;exposition permanente et de r\u00e9f\u00e9rence <em>C&#8217;est notre histoire. Premi\u00e8res Nations et Inuit du XXIe si\u00e8cle<\/em>, d\u00e9c\u00e9d\u00e9e en d\u00e9cembre dernier, l&#8217;\u00e9quipe du Mus\u00e9e de la civilisation soulignera, \u00e0 l&#8217;entr\u00e9e de la salle, son apport ind\u00e9niable \u00e0 l&#8217;\u00e9volution des pratiques mus\u00e9ales en mati\u00e8re autochtone.<\/p>\n<p>D\u00e8s 2010, par le biais de La Bo\u00eete Rouge VIF, dont elle \u00e9tait l&#8217;une des cofondatrices, \u00c9lisabeth Kaine et l&#8217;ARUC Design et culture mat\u00e9rielle (DCM), tous deux affili\u00e9s \u00e0 l&#8217;Universit\u00e9 du Qu\u00e9bec \u00e0 Chicoutimi, s&#8217;\u00e9taient joints au Mus\u00e9e de la civilisation lors du processus de renouvellement de cette exposition permanente. Ensemble, ils sont all\u00e9s \u00e0 la rencontre des 11 nations pr\u00e9sentes au Qu\u00e9bec afin de porter le mieux possible leurs histoires, leurs r\u00e9alit\u00e9s, leurs d\u00e9fis et leurs aspirations. Ce travail collaboratif, qui a constitu\u00e9 la mati\u00e8re premi\u00e8re de l&#8217;exposition, est un jalon majeur de l&#8217;\u00e9volution des pratiques du Mus\u00e9e vers la concertation avec les nations autochtones. <em><a href=\"\/decouvrir\/expositions\/cest-notre-histoire\/\">C&#8217;est notre histoire. Premi\u00e8res Nations et Inuit du XXI<sup>e<\/sup><\/a> si\u00e8cle <\/em>a \u00e9t\u00e9 inaugur\u00e9e en 2013<em>.<\/em><\/p>\n<p><\/p>\n<h3><strong>Citation&nbsp;:<\/strong><\/h3>\n<p>\u00ab Nous sommes profond\u00e9ment attrist\u00e9s par le d\u00e9part d&#8217;\u00c9lisabeth Kaine. Son h\u00e9ritage en est un d&#8217;affirmation culturelle pour les communaut\u00e9s autochtones. Pour le monde mus\u00e9al, elle nous aura enseign\u00e9 l&#8217;importance de changer les approches et de d\u00e9velopper une sensibilit\u00e9 diff\u00e9rente. Avec elle, nous avons pu cr\u00e9er des ponts avec les nations autochtones au Qu\u00e9bec, d&#8217;apprendre davantage sur leurs fa\u00e7ons de faire, de mieux les \u00e9couter, et surtout, de leur donner la parole et non pas de le faire pour eux. \u00bb <em>St\u00e9phan La Roche, pr\u00e9sident-directeur g\u00e9n\u00e9ral, Mus\u00e9e de la civilisation<\/em><\/p>\n<p>D&#8217;origine huronne-wendat, \u00c9lisabeth Kaine fut l&#8217;une des rares chercheuses universitaires qui ont permis de mieux cerner toute l&#8217;importance de la d\u00e9colonisation des approches en culture et de tendre vers l&#8217;autod\u00e9termination des peuples et cr\u00e9ateurs autochtones dans une plus large et constante perspective de gu\u00e9rison. Soulignons que l&#8217;exposition <em>C&#8217;est notre histoire. Premi\u00e8res Nations et Inuit du XXI<sup>e<\/sup>&nbsp;si\u00e8cle<\/em> s&#8217;est m\u00e9rit\u00e9e, en 2014, le Prix du Gouverneur g\u00e9n\u00e9ral du Canada, volet Histoire pour l&#8217;excellence dans les mus\u00e9es. Le jury avait qualifi\u00e9 la d\u00e9marche de collaboration comme \u00e9tant r\u00e9volutionnaire. Les enseignements de Madame Kaine continueront d&#8217;inspirer les pratiques du Mus\u00e9e dans ses projets futurs.<\/p>\n<p><strong>Relations de presse&nbsp;:<br>Qu\u00e9bec&nbsp;:<\/strong><br>Agn\u00e8s Dufour: 418&nbsp;643-2158 poste 433; courriel&nbsp;: <a href=\"mailto:agnes.dufour@mcq.org\">agnes.dufour@mcq.org<\/a><\/p>\n<p><strong>Montr\u00e9al&nbsp;:<\/strong><br>Rosemonde Gingras&nbsp;: 514&nbsp;458-8355; courriel&nbsp;: <a href=\"mailto:rosemonde@rosemondecommunications.com\">rosemonde@rosemondecommunications.com<\/a><\/p>\n<p class=\"vignette\">Publi\u00e9 le 17 janvier 2023<\/p>\n\n\n          <\/div>\n  <\/div>\n<\/div>","protected":false},"excerpt":{"rendered":"","protected":false},"featured_media":5995,"parent":0,"menu_order":0,"template":"","comm-tax":[8],"class_list":["post-2634","presse","type-presse","status-publish","has-post-thumbnail","hentry","comm-tax-communique"],"acf":[],"yoast_head":"<!-- This site is optimized with the Yoast SEO Premium plugin v27.3 (Yoast SEO v27.3) - https:\/\/yoast.com\/product\/yoast-seo-premium-wordpress\/ -->\n<title>Le Mus\u00e9e de la civilisation rend hommage \u00e0 \u00c9lisabeth Kaine - Communiqu\u00e9 de presse | Mus\u00e9e de la civilisation<\/title>\n<meta name=\"description\" content=\"Le Mus\u00e9e de la civilisation rend hommage \u00e0 \u00c9lisabeth Kaine- communiqu\u00e9 de presse du Mus\u00e9e de la civilisation \u00e0 Qu\u00e9bec.\" \/>\n<meta name=\"robots\" content=\"index, follow, max-snippet:-1, max-image-preview:large, max-video-preview:-1\" \/>\n<link rel=\"canonical\" href=\"https:\/\/mcq.org\/en\/a-propos\/medias\/communiques\/le-musee-de-la-civilisation-rend-hommage-a-elisabeth-kaine\/\" \/>\n<meta property=\"og:locale\" content=\"en_US\" \/>\n<meta property=\"og:type\" content=\"article\" \/>\n<meta property=\"og:title\" content=\"Le Mus\u00e9e de la civilisation rend hommage \u00e0 \u00c9lisabeth Kaine - Communiqu\u00e9 de presse | Mus\u00e9e de la civilisation\" \/>\n<meta property=\"og:description\" content=\"Le Mus\u00e9e de la civilisation rend hommage \u00e0 \u00c9lisabeth Kaine- communiqu\u00e9 de presse du Mus\u00e9e de la civilisation \u00e0 Qu\u00e9bec.\" \/>\n<meta property=\"og:url\" content=\"https:\/\/mcq.org\/en\/a-propos\/medias\/communiques\/le-musee-de-la-civilisation-rend-hommage-a-elisabeth-kaine\/\" \/>\n<meta property=\"og:site_name\" content=\"Mus\u00e9e de la civilisation\" \/>\n<meta property=\"article:publisher\" content=\"https:\/\/www.facebook.com\/mcqorg\" \/>\n<meta property=\"article:modified_time\" content=\"2023-05-25T21:22:32+00:00\" \/>\n<meta property=\"og:image\" content=\"https:\/\/mcq.org\/wp-content\/uploads\/2023\/05\/envolee-noiretblanc-presse-600x600-1.jpg\" \/>\n\t<meta property=\"og:image:width\" content=\"600\" \/>\n\t<meta property=\"og:image:height\" content=\"600\" \/>\n\t<meta property=\"og:image:type\" content=\"image\/jpeg\" \/>\n<meta name=\"twitter:card\" content=\"summary_large_image\" \/>\n<meta name=\"twitter:site\" content=\"@mcqorg\" \/>\n<meta name=\"twitter:label1\" content=\"Est. reading time\" \/>\n\t<meta name=\"twitter:data1\" content=\"3 minutes\" \/>\n<!-- \/ Yoast SEO Premium plugin. -->","yoast_head_json":{"title":"Le Mus\u00e9e de la civilisation rend hommage \u00e0 \u00c9lisabeth Kaine - Communiqu\u00e9 de presse | Mus\u00e9e de la civilisation","description":"Le Mus\u00e9e de la civilisation rend hommage \u00e0 \u00c9lisabeth Kaine- communiqu\u00e9 de presse du Mus\u00e9e de la civilisation \u00e0 Qu\u00e9bec.","robots":{"index":"index","follow":"follow","max-snippet":"max-snippet:-1","max-image-preview":"max-image-preview:large","max-video-preview":"max-video-preview:-1"},"canonical":"https:\/\/mcq.org\/en\/a-propos\/medias\/communiques\/le-musee-de-la-civilisation-rend-hommage-a-elisabeth-kaine\/","og_locale":"en_US","og_type":"article","og_title":"Le Mus\u00e9e de la civilisation rend hommage \u00e0 \u00c9lisabeth Kaine - Communiqu\u00e9 de presse | Mus\u00e9e de la civilisation","og_description":"Le Mus\u00e9e de la civilisation rend hommage \u00e0 \u00c9lisabeth Kaine- communiqu\u00e9 de presse du Mus\u00e9e de la civilisation \u00e0 Qu\u00e9bec.","og_url":"https:\/\/mcq.org\/en\/a-propos\/medias\/communiques\/le-musee-de-la-civilisation-rend-hommage-a-elisabeth-kaine\/","og_site_name":"Mus\u00e9e de la civilisation","article_publisher":"https:\/\/www.facebook.com\/mcqorg","article_modified_time":"2023-05-25T21:22:32+00:00","og_image":[{"width":600,"height":600,"url":"https:\/\/mcq.org\/wp-content\/uploads\/2023\/05\/envolee-noiretblanc-presse-600x600-1.jpg","type":"image\/jpeg"}],"twitter_card":"summary_large_image","twitter_site":"@mcqorg","twitter_misc":{"Est. reading time":"3 minutes"},"schema":{"@context":"https:\/\/schema.org","@graph":[{"@type":"WebPage","@id":"https:\/\/mcq.org\/en\/a-propos\/medias\/communiques\/le-musee-de-la-civilisation-rend-hommage-a-elisabeth-kaine\/","url":"https:\/\/mcq.org\/en\/a-propos\/medias\/communiques\/le-musee-de-la-civilisation-rend-hommage-a-elisabeth-kaine\/","name":"Le Mus\u00e9e de la civilisation rend hommage \u00e0 \u00c9lisabeth Kaine - Communiqu\u00e9 de presse | Mus\u00e9e de la civilisation","isPartOf":{"@id":"https:\/\/mcq.org\/en\/#website"},"primaryImageOfPage":{"@id":"https:\/\/mcq.org\/en\/a-propos\/medias\/communiques\/le-musee-de-la-civilisation-rend-hommage-a-elisabeth-kaine\/#primaryimage"},"image":{"@id":"https:\/\/mcq.org\/en\/a-propos\/medias\/communiques\/le-musee-de-la-civilisation-rend-hommage-a-elisabeth-kaine\/#primaryimage"},"thumbnailUrl":"https:\/\/mcq.org\/wp-content\/uploads\/2023\/05\/envolee-noiretblanc-presse-600x600-1.jpg","datePublished":"2023-01-17T18:28:00+00:00","dateModified":"2023-05-25T21:22:32+00:00","description":"Le Mus\u00e9e de la civilisation rend hommage \u00e0 \u00c9lisabeth Kaine- communiqu\u00e9 de presse du Mus\u00e9e de la civilisation \u00e0 Qu\u00e9bec.","breadcrumb":{"@id":"https:\/\/mcq.org\/en\/a-propos\/medias\/communiques\/le-musee-de-la-civilisation-rend-hommage-a-elisabeth-kaine\/#breadcrumb"},"inLanguage":"en-US","potentialAction":[{"@type":"ReadAction","target":["https:\/\/mcq.org\/en\/a-propos\/medias\/communiques\/le-musee-de-la-civilisation-rend-hommage-a-elisabeth-kaine\/"]}]},{"@type":"ImageObject","inLanguage":"en-US","@id":"https:\/\/mcq.org\/en\/a-propos\/medias\/communiques\/le-musee-de-la-civilisation-rend-hommage-a-elisabeth-kaine\/#primaryimage","url":"https:\/\/mcq.org\/wp-content\/uploads\/2023\/05\/envolee-noiretblanc-presse-600x600-1.jpg","contentUrl":"https:\/\/mcq.org\/wp-content\/uploads\/2023\/05\/envolee-noiretblanc-presse-600x600-1.jpg","width":600,"height":600,"caption":"Photo en noir et blanc de l'oeuvre d'art l'Envol\u00e9e de l\u2019artiste Hanna Claus form\u00e9e de beaucoup de pastilles de papier blanc supsendues."},{"@type":"BreadcrumbList","@id":"https:\/\/mcq.org\/en\/a-propos\/medias\/communiques\/le-musee-de-la-civilisation-rend-hommage-a-elisabeth-kaine\/#breadcrumb","itemListElement":[{"@type":"ListItem","position":1,"name":"Home","item":"https:\/\/mcq.org\/en\/"},{"@type":"ListItem","position":2,"name":"Communiqu\u00e9s presse","item":"https:\/\/mcq.org\/en\/a-propos\/medias\/communiques\/"},{"@type":"ListItem","position":3,"name":"Le Mus\u00e9e de la civilisation rend hommage \u00e0 \u00c9lisabeth Kaine"}]},{"@type":"WebSite","@id":"https:\/\/mcq.org\/en\/#website","url":"https:\/\/mcq.org\/en\/","name":"Mus\u00e9e de la civilisation","description":"Le Mus\u00e9e de la civilisation explore les diff\u00e9rentes facettes de la r\u00e9alit\u00e9 humaine avec sa d\u00e9marche unique qui combine enchantement, connaissance et r\u00e9flexion.","publisher":{"@id":"https:\/\/mcq.org\/en\/#organization"},"alternateName":"MCQ","potentialAction":[{"@type":"SearchAction","target":{"@type":"EntryPoint","urlTemplate":"https:\/\/mcq.org\/en\/?s={search_term_string}"},"query-input":{"@type":"PropertyValueSpecification","valueRequired":true,"valueName":"search_term_string"}}],"inLanguage":"en-US"},{"@type":"Organization","@id":"https:\/\/mcq.org\/en\/#organization","name":"Mus\u00e9e de la civilisation","alternateName":"MCQ","url":"https:\/\/mcq.org\/en\/","logo":{"@type":"ImageObject","inLanguage":"en-US","@id":"https:\/\/mcq.org\/en\/#\/schema\/logo\/image\/","url":"https:\/\/mcq.org\/wp-content\/uploads\/2023\/04\/logo-mcq-300x123-1.png","contentUrl":"https:\/\/mcq.org\/wp-content\/uploads\/2023\/04\/logo-mcq-300x123-1.png","width":300,"height":123,"caption":"Mus\u00e9e de la civilisation"},"image":{"@id":"https:\/\/mcq.org\/en\/#\/schema\/logo\/image\/"},"sameAs":["https:\/\/www.facebook.com\/mcqorg","https:\/\/x.com\/mcqorg","https:\/\/www.instagram.com\/mcqorg\/","https:\/\/www.linkedin.com\/company\/mcqorg\/"]}]}},"_links":{"self":[{"href":"https:\/\/mcq.org\/en\/wp-json\/wp\/v2\/presse\/2634","targetHints":{"allow":["GET"]}}],"collection":[{"href":"https:\/\/mcq.org\/en\/wp-json\/wp\/v2\/presse"}],"about":[{"href":"https:\/\/mcq.org\/en\/wp-json\/wp\/v2\/types\/presse"}],"version-history":[{"count":7,"href":"https:\/\/mcq.org\/en\/wp-json\/wp\/v2\/presse\/2634\/revisions"}],"predecessor-version":[{"id":3022,"href":"https:\/\/mcq.org\/en\/wp-json\/wp\/v2\/presse\/2634\/revisions\/3022"}],"wp:featuredmedia":[{"embeddable":true,"href":"https:\/\/mcq.org\/en\/wp-json\/wp\/v2\/media\/5995"}],"wp:attachment":[{"href":"https:\/\/mcq.org\/en\/wp-json\/wp\/v2\/media?parent=2634"}],"wp:term":[{"taxonomy":"comm-tax","embeddable":true,"href":"https:\/\/mcq.org\/en\/wp-json\/wp\/v2\/comm-tax?post=2634"}],"curies":[{"name":"wp","href":"https:\/\/api.w.org\/{rel}","templated":true}]}}