{"id":2628,"date":"2022-11-16T13:24:00","date_gmt":"2022-11-16T18:24:00","guid":{"rendered":"https:\/\/prod.mcq.org\/?post_type=presse&#038;p=2628"},"modified":"2023-05-25T17:23:36","modified_gmt":"2023-05-25T21:23:36","slug":"rene-et-levesque-portrait-intime-dun-personnage-plus-grand-que-nature","status":"publish","type":"presse","link":"https:\/\/mcq.org\/en\/a-propos\/medias\/communiques\/rene-et-levesque-portrait-intime-dun-personnage-plus-grand-que-nature\/","title":{"rendered":"Ren\u00e9 et L\u00e9vesque : portrait intime d&#8217;un personnage plus grand que nature"},"content":{"rendered":"<div  class=\"container contenu-centre\">\n  <div class=\"row justify-content-center\">\n    <div class=\"col-lg-10 col-xl-8\">\n      \n        \n\n<p>Qu&#8217;on ait connu Ren\u00e9 L\u00e9vesque \u00e0 travers les cours d&#8217;histoire du Qu\u00e9bec ou en plein c\u0153ur de la campagne r\u00e9f\u00e9rendaire de 1980, cette figure charismatique de la politique qu\u00e9b\u00e9coise continue de fasciner et d&#8217;attirer. \u00c0 la simple \u00e9vocation de ce nom familier, on sait qu&#8217;il porte en lui une partie de notre histoire nationale, identitaire.<\/p>\n<div>\n<p>Pour marquer le 100<sup>e<\/sup> anniversaire de sa naissance, le Mus\u00e9e de la civilisation pr\u00e9sente, jusqu&#8217;au 4 septembre 2023, l&#8217;exposition <em>Ren\u00e9 et L\u00e9vesque<\/em>, qui b\u00e9n\u00e9ficie d&#8217;un apport consid\u00e9rable des citoyen.ne.s, avec le pr\u00eat d&#8217;objets personnels en lien avec la vie de L\u00e9vesque et des archives in\u00e9dites. Cette exposition a \u00e9t\u00e9 r\u00e9alis\u00e9e en collaboration avec la Fondation Ren\u00e9-L\u00e9vesque. Elle s&#8217;inscrit dans le cadre de l&#8217;Ann\u00e9e L\u00e9vesque, une initiative de la Fondation pr\u00e9sent\u00e9e par Qu\u00e9becor, en collaboration avec Hydro-Qu\u00e9bec et avec la participation financi\u00e8re du gouvernement du Qu\u00e9bec.<\/p>\n<p><\/p>\n<p>Au-del\u00e0 du politicien, que sait-on vraiment de lui\u2009? Les jeunes g\u00e9n\u00e9rations sont tr\u00e8s peu au fait de sa carri\u00e8re de journaliste, de correspondant de guerre pour l&#8217;arm\u00e9e am\u00e9ricaine et des jalons de son ascension en politique. Et peu de Qu\u00e9b\u00e9cois.es connaissent sa tumultueuse enfance et adolescence ainsi que son saut dans la vie d&#8217;adulte comme un jeune homme diff\u00e9rent, ultra brillant et effront\u00e9. <em>Ren\u00e9 et L\u00e9vesque<\/em>, c&#8217;est la rencontre entre l&#8217;homme intime et l&#8217;homme public, et par ces reflets crois\u00e9s, le visage moins connu de celui dont le legs social, politique et culturel teinte encore la soci\u00e9t\u00e9 qu\u00e9b\u00e9coise.<\/p>\n<p><\/p>\n<p><strong>Citations<\/strong><\/p>\n<p>\u00ab<em> Ren\u00e9 et L\u00e9vesque, <\/em>c&#8217;est une exposition forte et sensible, tout en nuances, \u00e0 l&#8217;image de cet homme \u00e0 la personnalit\u00e9 et au parcours uniques. Elle permettra \u00e0 ceux et celles qui l&#8217;ont connu de le voir sous un angle diff\u00e9rent, aux g\u00e9n\u00e9rations plus jeunes de le d\u00e9couvrir et \u00e0 chaque personne de nourrir, \u00e0 sa fa\u00e7on, son amour pour le Qu\u00e9bec. \u00bb<em>&nbsp;&#8211;&nbsp;<strong>St\u00e9phan La Roche, pr\u00e9sident-directeur g\u00e9n\u00e9ral, Mus\u00e9e de la civilisation<\/strong><\/em><\/p>\n<p><\/p>\n<p>&lt;p&#8221;&gt;\u00ab&nbsp;En s&#8217;associant au Mus\u00e9e de la Civilisation pour la tenue de cette exposition, la Fondation Ren\u00e9-L\u00e9vesque a souhait\u00e9 offrir aux Qu\u00e9b\u00e9cois.es, de toutes les g\u00e9n\u00e9rations, des cl\u00e9s d&#8217;interpr\u00e9tation diverses permettant d&#8217;aller encore plus loin dans la connaissance d&#8217;un \u00eatre d&#8217;exception, qui aura \u00e9t\u00e9 bien plus qu&#8217;un grand personnage politique, mais aussi un \u00eatre humain original et complexe qui n&#8217;a pas fini de nous inspirer. \u00bb &#8211;&nbsp;&lt;\/p&#8221;&gt;<strong><em>Martine Tremblay, <\/em><\/strong><strong><em>vice-pr\u00e9sidente du conseil d&#8217;administration de la Fondation Ren\u00e9-L\u00e9vesque<\/em><\/strong><\/p><\/div>\n<p><\/p>\n<p>Quatre zones composent l&#8217;exposition <em>Ren\u00e9 et L\u00e9vesque,<\/em> chacune mettant en lumi\u00e8re une \u00e9tape de sa vie&nbsp;: son enfance en Gasp\u00e9sie et le d\u00e9veloppement de son int\u00e9r\u00eat pour la lecture et l&#8217;\u00e9criture; sa carri\u00e8re de journaliste et de correspondant de guerre pour l&#8217;arm\u00e9e am\u00e9ricaine; son passage vers la politique et, finalement, son legs social, politique et culturel qui teinte toujours notre soci\u00e9t\u00e9.<\/p>\n<p><\/p>\n<p>Plusieurs objets significatifs lui ayant appartenu, pour la plupart jamais d\u00e9voil\u00e9s, ainsi que des archives peu diffus\u00e9es sont r\u00e9unis dans cette exposition, ce qui permet aux visiteur.euse.s un acc\u00e8s vrai et direct avec celui qui a marqu\u00e9 le Qu\u00e9bec\u202fd&#8217;une mani\u00e8re ind\u00e9l\u00e9bile. L&#8217;identit\u00e9 visuelle principale est issue de la direction artistique de l&#8217;artiste collagiste qu\u00e9b\u00e9coise Katy Lemay, dont nous retrouvons dans le parcours quatre \u0153uvres, en plus de l&#8217;affiche officielle de l&#8217;exposition.<\/p>\n<p><\/p>\n<p><strong>Appel citoyen aux objets<\/strong><br>Rappelons qu&#8217;afin de d\u00e9busquer des tr\u00e9sors in\u00e9dits li\u00e9s \u00e0 la vie de Ren\u00e9 L\u00e9vesque, le Mus\u00e9e de la civilisation a invit\u00e9 la population \u00e0 participer \u00e0 un appel \u00e0 objets. Du 14 f\u00e9vrier au 14 avril 2022, pr\u00e8s de 250 propositions ont \u00e9t\u00e9 re\u00e7ues. Cet engouement t\u00e9moigne de l&#8217;int\u00e9r\u00eat encore vif pour ce grand personnage. Plus de 60 de ces objets, sur les 150 qui constituent le corpus de cette exposition, ont \u00e9t\u00e9 retenus, \u00e9voquant ainsi le fort lien unissant Ren\u00e9 L\u00e9vesque et la population.<\/p>\n<p><\/p>\n<p><strong>Des objets qui racontent des histoires. Quelques exemples&nbsp;:<\/strong><\/p>\n<ul>\n<li>Lettres intimes du jeune Ren\u00e9 \u00e0 sa famille. Sa premi\u00e8re ann\u00e9e au S\u00e9minaire de Gasp\u00e9 constitue une coupure importante avec sa famille. C&#8217;est par le train, qui longe la baie des Chaleurs, qu&#8217;il rejoint, seul, le petit \u00e9tablissement de 80 \u00e9l\u00e8ves. Il ne revoit les siens qu&#8217;aux F\u00eates et aux vacances d&#8217;\u00e9t\u00e9. Tout au long de ses \u00e9tudes sur la pointe gasp\u00e9sienne, il entretient une correspondance avec sa famille, particuli\u00e8rement avec son p\u00e8re Dominique et sa petite s\u0153ur Alice, dont quelques pi\u00e8ces sont pr\u00e9sent\u00e9es dans l&#8217;exposition et font voir ce c\u00f4t\u00e9 particuli\u00e8rement tendre de Ren\u00e9 L\u00e9vesque.&nbsp;<\/li>\n<li>Manuscrit de la pi\u00e8ce de radioth\u00e9\u00e2tre <em>Aux quatre vents<\/em> (Biblioth\u00e8que et Archives nationales du Qu\u00e9bec (BAnQ). Peu de gens savent que le jeune \u00e9tudiant a \u00e9crit quelques pi\u00e8ces de th\u00e9\u00e2tre. Le manuscrit original du radioth\u00e9\u00e2tre <em>Aux quatre vents<\/em> est longtemps demeur\u00e9 introuvable, le jeune fr\u00e8re de Ren\u00e9 L\u00e9vesque, Fernand, soup\u00e7onn\u00e9 de l&#8217;avoir subtilis\u00e9\u2026 Ce n&#8217;est que r\u00e9cemment que ce petit secret a \u00e9t\u00e9 r\u00e9v\u00e9l\u00e9 lors de l&#8217;appel \u00e0 objets.&nbsp;<\/li>\n<li>Microphone de la station radiophonique CHNC (Radio CHNC, Pasp\u00e9biac). \u00c0 l&#8217;\u00e9t\u00e9 de ses 15 ans, en 1938, Ren\u00e9 d\u00e9niche un travail emballant \u00e0 la station de radio de New Carlisle. Situ\u00e9e tout pr\u00e8s de la maison familiale, rue de Mountsorrel, elle a \u00e9t\u00e9 fond\u00e9e par le dentiste local, Charles Houde, dont le nom CHNC (Charles Houde New Carlisle) est encore utilis\u00e9 aujourd&#8217;hui.&nbsp;<\/li>\n<li>Lettre de r\u00e9ponse de Ren\u00e9 L\u00e9vesque \u00e0 la jeune Nathalie \u00c9mond (pr\u00eat de Nathalie \u00c9mond (suite \u00e0 l&#8217;appel \u00e0 objets). En 1983, la jeune fille \u00e9crit au premier ministre pour lui faire part de ses ambitions politiques et de son souhait de le rencontrer. Encore aujourd&#8217;hui, elle demeure impressionn\u00e9e par le fait que Ren\u00e9 L\u00e9vesque ait pris le temps de lui r\u00e9pondre.&nbsp;<\/li>\n<li>Table de poker. Ren\u00e9 L\u00e9vesque est un fervent joueur de cartes. 15 minutes de disponible\u2009? Une partie de poker s&#8217;impose\u2009! Lors de l&#8217;appel \u00e0 objets en f\u00e9vrier 2022, un employ\u00e9 de la s\u00e9curit\u00e9 du Mus\u00e9e r\u00e9v\u00e8le \u00e0 l&#8217;\u00e9quipe qu&#8217;il joue r\u00e9guli\u00e8rement sur la table de jeu de M. L\u00e9vesque. Probable\u2009? Apr\u00e8s v\u00e9rification, c&#8217;est le petit-fils de Claude Morin, ami de ce gardien au Mus\u00e9e, qui en a la possession et qui en fait toujours bon usage\u2009!<\/li>\n<\/ul>\n<p><strong>Activit\u00e9 interactive <em>Et si\u2026<\/em><\/strong><\/p>\n<p>Et si Ren\u00e9 L\u00e9vesque ne s&#8217;\u00e9tait pas impliqu\u00e9 en politique, ou que son gouvernement n&#8217;avait pas fait les choix qu&#8217;il a faits\u2009? Quel impact cela aurait-il sur nous aujourd&#8217;hui\u2009? La Loi 101, la Loi sur financement des partis politiques, la nationalisation de l&#8217;\u00e9lectricit\u00e9\u2009?<\/p>\n<p>Abord\u00e9e sous un angle humoristique, l&#8217;installation interactive <em>Et si\u2026<\/em> a pour objectif de faire prendre conscience au visiteur.euse que sa vie de tous les jours est teint\u00e9e du legs de Ren\u00e9 L\u00e9vesque, permettant d&#8217;imaginer un Qu\u00e9bec&#8230; quelque peu diff\u00e9rent.<\/p>\n<p><\/p>\n<p><strong>Une exposition \u00ab verte \u00bb<\/strong><br>L&#8217;exposition <em>Ren\u00e9 et L\u00e9vesque<\/em> rencontre des objectifs de durabilit\u00e9, de recyclage et de contr\u00f4le du cycle de vie des mat\u00e9riaux qui font partie des valeurs du Mus\u00e9e de la civilisation. 77 % des \u00e9l\u00e9ments mobiliers, qui repr\u00e9sente plus de 85% des mat\u00e9riaux de la salle, sont issus du r\u00e9emploi de l&#8217;exposition <em>G\u00e9n\u00e9rosit\u00e9. Droit au c\u0153ur<\/em>, pr\u00e9sent\u00e9e pr\u00e9c\u00e9demment, et d&#8217;autres projets internes. Notons que c&#8217;est sous le gouvernement du premier ministre L\u00e9vesque, en 1979, que fut cr\u00e9\u00e9 le minist\u00e8re de l&#8217;Environnement, apr\u00e8s tout!&nbsp;<\/p>\n<p><strong>\u00c0 propos de l&#8217;Ann\u00e9e L\u00e9vesque et de la Fondation Ren\u00e9-L\u00e9vesque<\/strong><br>L&#8217;Ann\u00e9e L\u00e9vesque est une initiative de la Fondation Ren\u00e9-L\u00e9vesque pr\u00e9sent\u00e9e par Qu\u00e9becor, en collaboration avec Hydro-Qu\u00e9bec et avec la participation financi\u00e8re du gouvernement du Qu\u00e9bec. De juin 2022 \u00e0 juin 2023, elle consiste en une s\u00e9rie d&#8217;activit\u00e9s et d&#8217;initiatives de comm\u00e9moration \u00e0 la m\u00e9moire de Ren\u00e9 L\u00e9vesque, dont c&#8217;est le 100<sup>e<\/sup> anniversaire de naissance le 24 ao\u00fbt 2022.<\/p>\n<p>En mettant en valeur Ren\u00e9 L\u00e9vesque et son h\u00e9ritage, la Fondation Ren\u00e9-L\u00e9vesque soutient la recherche, la diffusion et la publication et octroie, annuellement, des bourses aux \u00e9tudiant.e.s. Elle est reconnue comme organisme de bienfaisance par l&#8217;Agence de revenu du Canada.<\/p>\n<p><\/p>\n<p>Plus d&#8217;informations&nbsp;: <a href=\"https:\/\/fondationrene-levesque.org\/\" target=\"_blank\" rel=\"noopener\">fondationrene-levesque.org<span class=\"access-alt\">Ce lien ouvrira dans une autre fen\u00eatre<\/span><\/a><\/p>\n<p><\/p>\n<p style=\"margin-left: -25.5pt;\" align=\"center\">\u2013&nbsp;30&nbsp;\u2013<\/p>\n<p style=\"margin-left: -25.5pt;\" align=\"center\">\n<\/p><p style=\"margin-left: -25.5pt;\" align=\"center\">\n<\/p><p><strong>Relations de presse&nbsp;:<\/strong><\/p>\n<p><strong>Qu\u00e9bec<\/strong><\/p>\n<p>Anne-Sophie Desmeules&nbsp;: 418&nbsp;643-2158, poste&nbsp;208; courriel&nbsp;: <a href=\"mailto:anne-sophie.desmeules@mcq.org\">anne-sophie.desmeules@mcq.org<\/a><br>Agn\u00e8s Dufour&nbsp;: 418&nbsp;643-2158, poste&nbsp;433; courriel&nbsp;: <a href=\"mailto:agnes.dufour@mcq.org\">agnes.dufour@mcq.org<\/a><\/p>\n<p><strong>Montr\u00e9al<\/strong><br>Rosemonde Gingras&nbsp;: 514&nbsp;458-8355; courriel&nbsp;: <a href=\"mailto:rosemonde@rosemondecommunications.com\">rosemonde@rosemondecommunications.com<\/a><\/p>\n<p class=\"vignette\">Publi\u00e9 le 16 novembre 2022<\/p>\n\n\n          <\/div>\n  <\/div>\n<\/div>","protected":false},"excerpt":{"rendered":"","protected":false},"featured_media":5957,"parent":0,"menu_order":0,"template":"","comm-tax":[8],"class_list":["post-2628","presse","type-presse","status-publish","has-post-thumbnail","hentry","comm-tax-communique"],"acf":[],"yoast_head":"<!-- This site is optimized with the Yoast SEO Premium plugin v27.3 (Yoast SEO v27.3) - https:\/\/yoast.com\/product\/yoast-seo-premium-wordpress\/ -->\n<title>Ren\u00e9 et L\u00e9vesque : portrait intime d&#039;un personnage plus grand que nature - Communiqu\u00e9 de presse | Mus\u00e9e de la civilisation<\/title>\n<meta name=\"description\" content=\"Ren\u00e9 et L\u00e9vesque : portrait intime d&#039;un personnage plus grand que nature- communiqu\u00e9 de presse du Mus\u00e9e de la civilisation \u00e0 Qu\u00e9bec.\" \/>\n<meta name=\"robots\" content=\"index, follow, max-snippet:-1, max-image-preview:large, max-video-preview:-1\" \/>\n<link rel=\"canonical\" href=\"https:\/\/mcq.org\/en\/a-propos\/medias\/communiques\/rene-et-levesque-portrait-intime-dun-personnage-plus-grand-que-nature\/\" \/>\n<meta property=\"og:locale\" content=\"en_US\" \/>\n<meta property=\"og:type\" content=\"article\" \/>\n<meta property=\"og:title\" content=\"Ren\u00e9 et L\u00e9vesque : portrait intime d&#039;un personnage plus grand que nature - Communiqu\u00e9 de presse | Mus\u00e9e de la civilisation\" \/>\n<meta property=\"og:description\" content=\"Ren\u00e9 et L\u00e9vesque : portrait intime d&#039;un personnage plus grand que nature- communiqu\u00e9 de presse du Mus\u00e9e de la civilisation \u00e0 Qu\u00e9bec.\" \/>\n<meta property=\"og:url\" content=\"https:\/\/mcq.org\/en\/a-propos\/medias\/communiques\/rene-et-levesque-portrait-intime-dun-personnage-plus-grand-que-nature\/\" \/>\n<meta property=\"og:site_name\" content=\"Mus\u00e9e de la civilisation\" \/>\n<meta property=\"article:publisher\" content=\"https:\/\/www.facebook.com\/mcqorg\" \/>\n<meta property=\"article:modified_time\" content=\"2023-05-25T21:23:36+00:00\" \/>\n<meta property=\"og:image\" content=\"https:\/\/mcq.org\/wp-content\/uploads\/2023\/05\/rene-levesque-presse-600x600.jpg?ver=1685036718\" \/>\n\t<meta property=\"og:image:width\" content=\"600\" \/>\n\t<meta property=\"og:image:height\" content=\"600\" \/>\n\t<meta property=\"og:image:type\" content=\"image\/jpeg\" \/>\n<meta name=\"twitter:card\" content=\"summary_large_image\" \/>\n<meta name=\"twitter:site\" content=\"@mcqorg\" \/>\n<meta name=\"twitter:label1\" content=\"Est. reading time\" \/>\n\t<meta name=\"twitter:data1\" content=\"7 minutes\" \/>\n<!-- \/ Yoast SEO Premium plugin. -->","yoast_head_json":{"title":"Ren\u00e9 et L\u00e9vesque : portrait intime d'un personnage plus grand que nature - Communiqu\u00e9 de presse | Mus\u00e9e de la civilisation","description":"Ren\u00e9 et L\u00e9vesque : portrait intime d'un personnage plus grand que nature- communiqu\u00e9 de presse du Mus\u00e9e de la civilisation \u00e0 Qu\u00e9bec.","robots":{"index":"index","follow":"follow","max-snippet":"max-snippet:-1","max-image-preview":"max-image-preview:large","max-video-preview":"max-video-preview:-1"},"canonical":"https:\/\/mcq.org\/en\/a-propos\/medias\/communiques\/rene-et-levesque-portrait-intime-dun-personnage-plus-grand-que-nature\/","og_locale":"en_US","og_type":"article","og_title":"Ren\u00e9 et L\u00e9vesque : portrait intime d'un personnage plus grand que nature - Communiqu\u00e9 de presse | Mus\u00e9e de la civilisation","og_description":"Ren\u00e9 et L\u00e9vesque : portrait intime d'un personnage plus grand que nature- communiqu\u00e9 de presse du Mus\u00e9e de la civilisation \u00e0 Qu\u00e9bec.","og_url":"https:\/\/mcq.org\/en\/a-propos\/medias\/communiques\/rene-et-levesque-portrait-intime-dun-personnage-plus-grand-que-nature\/","og_site_name":"Mus\u00e9e de la civilisation","article_publisher":"https:\/\/www.facebook.com\/mcqorg","article_modified_time":"2023-05-25T21:23:36+00:00","og_image":[{"width":600,"height":600,"url":"https:\/\/mcq.org\/wp-content\/uploads\/2023\/05\/rene-levesque-presse-600x600.jpg?ver=1685036718","type":"image\/jpeg"}],"twitter_card":"summary_large_image","twitter_site":"@mcqorg","twitter_misc":{"Est. reading time":"7 minutes"},"schema":{"@context":"https:\/\/schema.org","@graph":[{"@type":"WebPage","@id":"https:\/\/mcq.org\/en\/a-propos\/medias\/communiques\/rene-et-levesque-portrait-intime-dun-personnage-plus-grand-que-nature\/","url":"https:\/\/mcq.org\/en\/a-propos\/medias\/communiques\/rene-et-levesque-portrait-intime-dun-personnage-plus-grand-que-nature\/","name":"Ren\u00e9 et L\u00e9vesque : portrait intime d'un personnage plus grand que nature - Communiqu\u00e9 de presse | Mus\u00e9e de la civilisation","isPartOf":{"@id":"https:\/\/mcq.org\/en\/#website"},"primaryImageOfPage":{"@id":"https:\/\/mcq.org\/en\/a-propos\/medias\/communiques\/rene-et-levesque-portrait-intime-dun-personnage-plus-grand-que-nature\/#primaryimage"},"image":{"@id":"https:\/\/mcq.org\/en\/a-propos\/medias\/communiques\/rene-et-levesque-portrait-intime-dun-personnage-plus-grand-que-nature\/#primaryimage"},"thumbnailUrl":"https:\/\/mcq.org\/wp-content\/uploads\/2023\/05\/rene-levesque-presse-600x600.jpg?ver=1685036718","datePublished":"2022-11-16T18:24:00+00:00","dateModified":"2023-05-25T21:23:36+00:00","description":"Ren\u00e9 et L\u00e9vesque : portrait intime d'un personnage plus grand que nature- communiqu\u00e9 de presse du Mus\u00e9e de la civilisation \u00e0 Qu\u00e9bec.","breadcrumb":{"@id":"https:\/\/mcq.org\/en\/a-propos\/medias\/communiques\/rene-et-levesque-portrait-intime-dun-personnage-plus-grand-que-nature\/#breadcrumb"},"inLanguage":"en-US","potentialAction":[{"@type":"ReadAction","target":["https:\/\/mcq.org\/en\/a-propos\/medias\/communiques\/rene-et-levesque-portrait-intime-dun-personnage-plus-grand-que-nature\/"]}]},{"@type":"ImageObject","inLanguage":"en-US","@id":"https:\/\/mcq.org\/en\/a-propos\/medias\/communiques\/rene-et-levesque-portrait-intime-dun-personnage-plus-grand-que-nature\/#primaryimage","url":"https:\/\/mcq.org\/wp-content\/uploads\/2023\/05\/rene-levesque-presse-600x600.jpg?ver=1685036718","contentUrl":"https:\/\/mcq.org\/wp-content\/uploads\/2023\/05\/rene-levesque-presse-600x600.jpg?ver=1685036718","width":600,"height":600,"caption":"Signature visuelle de l'exposition Ren\u00e9 et L\u00e9vesque qui montre Ren\u00e9 L\u00e9vesque enfant et adulte"},{"@type":"BreadcrumbList","@id":"https:\/\/mcq.org\/en\/a-propos\/medias\/communiques\/rene-et-levesque-portrait-intime-dun-personnage-plus-grand-que-nature\/#breadcrumb","itemListElement":[{"@type":"ListItem","position":1,"name":"Home","item":"https:\/\/mcq.org\/en\/"},{"@type":"ListItem","position":2,"name":"Communiqu\u00e9s presse","item":"https:\/\/mcq.org\/en\/a-propos\/medias\/communiques\/"},{"@type":"ListItem","position":3,"name":"Ren\u00e9 et L\u00e9vesque : portrait intime d&rsquo;un personnage plus grand que nature"}]},{"@type":"WebSite","@id":"https:\/\/mcq.org\/en\/#website","url":"https:\/\/mcq.org\/en\/","name":"Mus\u00e9e de la civilisation","description":"Le Mus\u00e9e de la civilisation explore les diff\u00e9rentes facettes de la r\u00e9alit\u00e9 humaine avec sa d\u00e9marche unique qui combine enchantement, connaissance et r\u00e9flexion.","publisher":{"@id":"https:\/\/mcq.org\/en\/#organization"},"alternateName":"MCQ","potentialAction":[{"@type":"SearchAction","target":{"@type":"EntryPoint","urlTemplate":"https:\/\/mcq.org\/en\/?s={search_term_string}"},"query-input":{"@type":"PropertyValueSpecification","valueRequired":true,"valueName":"search_term_string"}}],"inLanguage":"en-US"},{"@type":"Organization","@id":"https:\/\/mcq.org\/en\/#organization","name":"Mus\u00e9e de la civilisation","alternateName":"MCQ","url":"https:\/\/mcq.org\/en\/","logo":{"@type":"ImageObject","inLanguage":"en-US","@id":"https:\/\/mcq.org\/en\/#\/schema\/logo\/image\/","url":"https:\/\/mcq.org\/wp-content\/uploads\/2023\/04\/logo-mcq-300x123-1.png","contentUrl":"https:\/\/mcq.org\/wp-content\/uploads\/2023\/04\/logo-mcq-300x123-1.png","width":300,"height":123,"caption":"Mus\u00e9e de la civilisation"},"image":{"@id":"https:\/\/mcq.org\/en\/#\/schema\/logo\/image\/"},"sameAs":["https:\/\/www.facebook.com\/mcqorg","https:\/\/x.com\/mcqorg","https:\/\/www.instagram.com\/mcqorg\/","https:\/\/www.linkedin.com\/company\/mcqorg\/"]}]}},"_links":{"self":[{"href":"https:\/\/mcq.org\/en\/wp-json\/wp\/v2\/presse\/2628","targetHints":{"allow":["GET"]}}],"collection":[{"href":"https:\/\/mcq.org\/en\/wp-json\/wp\/v2\/presse"}],"about":[{"href":"https:\/\/mcq.org\/en\/wp-json\/wp\/v2\/types\/presse"}],"version-history":[{"count":6,"href":"https:\/\/mcq.org\/en\/wp-json\/wp\/v2\/presse\/2628\/revisions"}],"predecessor-version":[{"id":5997,"href":"https:\/\/mcq.org\/en\/wp-json\/wp\/v2\/presse\/2628\/revisions\/5997"}],"wp:featuredmedia":[{"embeddable":true,"href":"https:\/\/mcq.org\/en\/wp-json\/wp\/v2\/media\/5957"}],"wp:attachment":[{"href":"https:\/\/mcq.org\/en\/wp-json\/wp\/v2\/media?parent=2628"}],"wp:term":[{"taxonomy":"comm-tax","embeddable":true,"href":"https:\/\/mcq.org\/en\/wp-json\/wp\/v2\/comm-tax?post=2628"}],"curies":[{"name":"wp","href":"https:\/\/api.w.org\/{rel}","templated":true}]}}