{"id":2615,"date":"2022-11-04T12:00:00","date_gmt":"2022-11-04T16:00:00","guid":{"rendered":"https:\/\/prod.mcq.org\/?post_type=presse&#038;p=2615"},"modified":"2023-05-25T17:24:03","modified_gmt":"2023-05-25T21:24:03","slug":"ex-machina-et-le-musee-de-la-civilisation-sunissent-pour-creer-une-exposition-sur-la-lutte","status":"publish","type":"presse","link":"https:\/\/mcq.org\/en\/a-propos\/medias\/communiques\/ex-machina-et-le-musee-de-la-civilisation-sunissent-pour-creer-une-exposition-sur-la-lutte\/","title":{"rendered":"Ex Machina et le Mus\u00e9e de la civilisation s&#8217;unissent pour cr\u00e9er une exposition sur la lutte"},"content":{"rendered":"<div  class=\"container contenu-centre\">\n  <div class=\"row justify-content-center\">\n    <div class=\"col-lg-10 col-xl-8\">\n      \n        \n\n<p>C&#8217;est le th\u00e8me de la lutte qui a inspir\u00e9 Ex Machina et le Mus\u00e9e de la civilisation \u00e0 unir leurs talents dans le cadre d&#8217;un tout nouveau projet d&#8217;exposition. Apr\u00e8s M\u00e9tissages (2000) et La biblioth\u00e8que, la nuit (2016), mus\u00e9ologie et th\u00e9\u00e2tre se rencontrent encore une fois pour cr\u00e9er Lutte (titre de travail), que les visiteurs pourront d\u00e9couvrir au printemps 2024 au Mus\u00e9e de la civilisation.<\/p>\n<p><strong>Un th\u00e8me universel et dense<\/strong><\/p>\n<p>La lutte est un th\u00e8me universel, tant par sa pratique que par ce qu&#8217;elle \u00e9voque. Elle incarne un instinct profond\u00e9ment humain qui se manifeste depuis des mill\u00e9naires. Toutes les civilisations et cultures anciennes ont transpos\u00e9 et confront\u00e9 leurs propres peurs et souffrances dans les spectacles de combats et de force physique. Mise en sc\u00e8ne du Bien et du Mal aux effets cathartiques et de la puissance presque surhumaine, sous les apparences d&#8217;un divertissement parfois primitif, on peine toutefois \u00e0 la d\u00e9finir&#8230; Sport, th\u00e9\u00e2tre, cirque, divertissement? Possiblement tout cela \u00e0 la fois. Qu&#8217;on en soit amateur ou pas, force est d&#8217;admettre que la lutte s&#8217;av\u00e8re \u00eatre un univers dense et fascinant et que ses personnages, d&#8217;Yvon Robert aux fr\u00e8res Baillargeon, ne laissent personne indiff\u00e9rent.<\/p>\n<p><\/p>\n<p><strong>Le croisement d&#8217;expertises uniques<\/strong><\/p>\n<p>Actuellement en cours de cr\u00e9ation, <em>Lutte <\/em>sera pr\u00e9sent\u00e9 au printemps 2024 au Mus\u00e9e de la civilisation. Cette nouvelle collaboration, entre le Mus\u00e9e et la compagnie de cr\u00e9ation Ex Machina et son directeur artistique Robert Lepage, permettra, entre autres, aux deux partenaires de mettre en commun leurs expertises et de tester leurs id\u00e9es autour de divers prototypes dans le cadre d&#8217;une s\u00e9rie de laboratoires de travail. Au total, cinq laboratoires sont pr\u00e9vus jusqu&#8217;au montage en salle de l&#8217;exposition. <em>Lutte <\/em>est une invitation \u00e0 plonger dans cet univers plus grand que nature. Pr\u00e9sent\u00e9e dans une sc\u00e9nographie fid\u00e8le aux approches et \u00e0 l&#8217;audace propres \u00e0 Ex Machina et au Mus\u00e9e de la civilisation, cette exposition sera notamment constitu\u00e9e d&#8217;impressionnants dispositifs audiovisuels, num\u00e9riques et interactifs.<\/p>\n<p><strong>Citations&nbsp;:&nbsp;<\/strong><\/p>\n<p>\u00ab&nbsp;Quel sujet tout indiqu\u00e9 que celui de la lutte pour qu&#8217;approches th\u00e9\u00e2trale et mus\u00e9ologique s&#8217;allient&nbsp;! C&#8217;est avec un immense bonheur que nous renouons avec Robert Lepage et l&#8217;\u00e9quipe d&#8217;Ex Machina pour jouer d&#8217;audace et explorer ce th\u00e8me \u00e0 la densit\u00e9 insoup\u00e7onn\u00e9e. La lutte existe depuis toujours, elle est au c\u0153ur des rapports qu&#8217;entretiennent les humains entre eux, avec les \u00e9l\u00e9ments et m\u00eame \u00e0 l&#8217;int\u00e9rieur d&#8217;eux-m\u00eames. Au-del\u00e0 du spectacle, la lutte incarne une v\u00e9rit\u00e9 profonde, primale, qui nous rassemble\u2026&nbsp;\u00bb<em>&nbsp;<strong>St\u00e9phan La Roche, pr\u00e9sident directeur g\u00e9n\u00e9ral, Mus\u00e9e de la civilisation<\/strong><\/em><\/p>\n<p><em>\u00ab&nbsp;<\/em>Il y quelque chose de tr\u00e8s int\u00e9ressant dans le fait d&#8217;observer comment l&#8217;histoire de la lutte au Qu\u00e9bec, avec ses mutations sociales et culturelles, \u00e9volue au diapason de l&#8217;histoire du Qu\u00e9bec. Tout cela est imbriqu\u00e9 et permet de nous observer, comme soci\u00e9t\u00e9, via ce prisme insoup\u00e7onn\u00e9 qu&#8217;est la lutte. <em>\u00bb<\/em><strong>&nbsp;&nbsp;&nbsp;&nbsp; <em>Robert Lepage, fondateur et directeur artistique, Ex Machina<\/em><\/strong><\/p>\n<p><\/p>\n<p><strong>Informations additionnelles&nbsp;:<\/strong><\/p>\n<ul>\n<li>En 2000, Robert Lepage a con\u00e7u l&#8217;exposition temporaire <a href=\"https:\/\/voir.ca\/arts-visuels\/2000\/05\/10\/metissages-impact-dunions\/\"><em>M\u00e9tissages<\/em><\/a> pr\u00e9sent\u00e9e au Mus\u00e9e de la civilisation<em>.<\/em> En 2016, le Mus\u00e9e de la civilisation proposait l&#8217;exposition <a href=\"https:\/\/www.mcq.org\/fr\/exposition?p_p_id=101&amp;p_p_lifecycle=0&amp;p_p_state=maximized&amp;_101_struts_action=%2Fasset_publisher%2Fview_content&amp;_101_assetEntryId=481822&amp;_101_type=content&amp;_101_urlTitle=presse-la-bibliotheque-la-nuit\"><em>La biblioth\u00e8que, la nuit<\/em><\/a> \u00e0 laquelle des livres rares, tir\u00e9s des pr\u00e9cieuses collections du S\u00e9minaire de Qu\u00e9bec, ont \u00e9t\u00e9 ajout\u00e9s. <em>Lutte <\/em>(titre de travail) est la 3<sup>e<\/sup> collaboration entre Robert Lepage et le Mus\u00e9e de la civilisation.<\/li>\n<\/ul>\n<ul>\n<li>C&#8217;est en 2020 que les pourparlers entre le Mus\u00e9e de la civilisation, Ex Machina et Robert Lepage, passionn\u00e9 par cet art de combat, se sont amorc\u00e9s. L&#8217;\u00e9quipe d&#8217;Ex Machina a accept\u00e9 de concevoir, en collaboration avec le Mus\u00e9e, une exposition portant sur l&#8217;histoire de la lutte au Qu\u00e9bec dont l&#8217;ouverture est pr\u00e9vue au printemps 2024.<\/li>\n<\/ul>\n<ul>\n<li>La lutte est une th\u00e9matique rarement mise en valeur dans l&#8217;histoire de la mus\u00e9ologie au Qu\u00e9bec. Sauf quelques rares exceptions, elle se retrouve surtout mentionn\u00e9e dans des expositions sur l&#8217;histoire du sport ou des hommes forts. Cette exposition placera la lutte \u00e0 l&#8217;avant-sc\u00e8ne, un choix audacieux et unique.<\/li>\n<\/ul>\n<ul>\n<li>Au Qu\u00e9bec, l&#8217;histoire de la lutte se conjugue avec l&#8217;histoire de la soci\u00e9t\u00e9, ce qui en fait un th\u00e8me tr\u00e8s riche et multidimensionnel. D&#8217;abord associ\u00e9 aux hommes forts des foires agricoles, le combat migre dans le ring o\u00f9 s&#8217;affrontent ces hommes dont la force est presque surhumaine.<\/li>\n<\/ul>\n<ul>\n<li>De la campagne, la lutte se d\u00e9place vers la ville et rassemble les foules dans des lieux embl\u00e9matiques. Les lutteurs, qui s&#8217;affrontent \u00e0 la Tour \u00e0 Qu\u00e9bec, au Forum de Montr\u00e9al et dans les nombreuses salles en r\u00e9gion, prennent des allures de v\u00e9ritables h\u00e9ros.<\/li>\n<\/ul>\n<ul>\n<li>De la foire agricole au Madison Square Garden, en passant par les salles communautaires et les ar\u00e9nas, la lutte, imminemment d\u00e9mocratique, rallie des amateurs d&#8217;horizons vari\u00e9s. Des lutteurs mythiques marqueront l&#8217;imaginaire jusqu&#8217;\u00e0 continuer d&#8217;inspirer l&#8217;industrie de la lutte moderne o\u00f9 les femmes prennent elles aussi leur place.<\/li>\n<\/ul>\n<p><strong>Au sujet du Mus\u00e9e de la civilisation<\/strong><\/p>\n<p>Le Mus\u00e9e de la civilisation propose une exp\u00e9rience culturelle \u00e9ducative et interactive qui fait na\u00eetre l&#8217;\u00e9motion et laisse le visiteur transform\u00e9 depuis plus de trois d\u00e9cennies. Lieu de savoir et d&#8217;id\u00e9es, ce mus\u00e9e de soci\u00e9t\u00e9 jette un regard neuf, souvent inattendu, sur l&#8217;exp\u00e9rience humaine. Gr\u00e2ce \u00e0 ses expositions originales et audacieuses, petits et grands sont transport\u00e9s dans de multiples univers, au centre des grandes villes du monde, au milieu de mouvements socioculturels marquants, au c\u0153ur de la soci\u00e9t\u00e9 qu\u00e9b\u00e9coise ou de moments marquants de l&#8217;histoire. Un lieu o\u00f9 l&#8217;on se rassemble pour mieux comprendre le pass\u00e9, construire le pr\u00e9sent, r\u00eaver \u00e0 l&#8217;avenir et vivre le monde, ensemble.<\/p>\n<p><a href=\"https:\/\/exmachina.ca\/ex-machina\"><strong>\u00c0 propos d&#8217;Ex Machina<\/strong><\/a><\/p>\n<p>Sous la direction artistique du metteur en sc\u00e8ne Robert Lepage, Ex Machina cr\u00e9e, produit et diffuse des \u0153uvres artistiques multidisciplinaires, le plus souvent \u00e0 dominante th\u00e9\u00e2trale. La compagnie regroupe des cr\u00e9ateurs de plusieurs champs d&#8217;activit\u00e9 et offre une production artistique vari\u00e9e : pi\u00e8ces de th\u00e9\u00e2tre originales \u00e9crites et interpr\u00e9t\u00e9es en solo ou collectivement, pi\u00e8ces fond\u00e9es sur des textes existants, productions o\u00f9 diverses disciplines (danse, musique, mus\u00e9ologie) se m\u00ealent au th\u00e9\u00e2tre, des op\u00e9ras et des productions multim\u00e9dias o\u00f9 la dimension technologique est pr\u00e9pond\u00e9rante.<\/p>\n<p align=\"center\">-30-<\/p>\n<p><strong>Relations de presse&nbsp;:<\/strong><\/p>\n<p><strong>Mus\u00e9e de la civilisation<\/strong><\/p>\n<p><strong>Qu\u00e9bec<\/strong><br>Anne-Sophie Desmeules&nbsp;: 418&nbsp;643-2158, poste&nbsp;208; courriel&nbsp;: <a href=\"mailto:anne-sophie.desmeules@mcq.org\">anne-sophie.desmeules@mcq.org<\/a><br>Agn\u00e8s Dufour&nbsp;: 418&nbsp;643-2158, poste&nbsp;433; courriel&nbsp;: <a href=\"mailto:agnes.dufour@mcq.org\">agnes.dufour@mcq.org<\/a><\/p>\n<p><strong>Montr\u00e9al<\/strong><br>Rosemonde Gingras&nbsp;: 514&nbsp;458-8355; courriel&nbsp;: <a href=\"mailto:rosemonde@rosemondecommunications.com\">rosemonde@rosemondecommunications.com<\/a><\/p>\n<p><strong>Ex Machina<\/strong><br>Fran\u00e7ois Latulippe&nbsp;: 418 692-5323 poste 202; courriel&nbsp;: <a href=\"mailto:communications@exmachina.ca\">communications@exmachina.ca<\/a><\/p>\n<p class=\"vignette\">Publi\u00e9 4 novembre 2022&nbsp;<\/p>\n\n\n          <\/div>\n  <\/div>\n<\/div>","protected":false},"excerpt":{"rendered":"","protected":false},"featured_media":5945,"parent":0,"menu_order":0,"template":"","comm-tax":[8],"class_list":["post-2615","presse","type-presse","status-publish","has-post-thumbnail","hentry","comm-tax-communique"],"acf":[],"yoast_head":"<!-- This site is optimized with the Yoast SEO Premium plugin v27.3 (Yoast SEO v27.3) - https:\/\/yoast.com\/product\/yoast-seo-premium-wordpress\/ -->\n<title>Ex Machina et le Mus\u00e9e de la civilisation s&#039;unissent pour cr\u00e9er une exposition sur la lutte - Communiqu\u00e9 de presse | Mus\u00e9e de la civilisation<\/title>\n<meta name=\"description\" content=\"Ex Machina et le Mus\u00e9e de la civilisation s&#039;unissent pour cr\u00e9er une exposition sur la lutte- communiqu\u00e9 de presse du Mus\u00e9e de la civilisation \u00e0 Qu\u00e9bec.\" \/>\n<meta name=\"robots\" content=\"index, follow, max-snippet:-1, max-image-preview:large, max-video-preview:-1\" \/>\n<link rel=\"canonical\" href=\"https:\/\/mcq.org\/en\/a-propos\/medias\/communiques\/ex-machina-et-le-musee-de-la-civilisation-sunissent-pour-creer-une-exposition-sur-la-lutte\/\" \/>\n<meta property=\"og:locale\" content=\"en_US\" \/>\n<meta property=\"og:type\" content=\"article\" \/>\n<meta property=\"og:title\" content=\"Ex Machina et le Mus\u00e9e de la civilisation s&#039;unissent pour cr\u00e9er une exposition sur la lutte - Communiqu\u00e9 de presse | Mus\u00e9e de la civilisation\" \/>\n<meta property=\"og:description\" content=\"Ex Machina et le Mus\u00e9e de la civilisation s&#039;unissent pour cr\u00e9er une exposition sur la lutte- communiqu\u00e9 de presse du Mus\u00e9e de la civilisation \u00e0 Qu\u00e9bec.\" \/>\n<meta property=\"og:url\" content=\"https:\/\/mcq.org\/en\/a-propos\/medias\/communiques\/ex-machina-et-le-musee-de-la-civilisation-sunissent-pour-creer-une-exposition-sur-la-lutte\/\" \/>\n<meta property=\"og:site_name\" content=\"Mus\u00e9e de la civilisation\" \/>\n<meta property=\"article:publisher\" content=\"https:\/\/www.facebook.com\/mcqorg\" \/>\n<meta property=\"article:modified_time\" content=\"2023-05-25T21:24:03+00:00\" \/>\n<meta property=\"og:image\" content=\"https:\/\/mcq.org\/wp-content\/uploads\/2023\/05\/bottes-luttes-presse-600x600.jpg?ver=1685036351\" \/>\n\t<meta property=\"og:image:width\" content=\"600\" \/>\n\t<meta property=\"og:image:height\" content=\"600\" \/>\n\t<meta property=\"og:image:type\" content=\"image\/jpeg\" \/>\n<meta name=\"twitter:card\" content=\"summary_large_image\" \/>\n<meta name=\"twitter:site\" content=\"@mcqorg\" \/>\n<meta name=\"twitter:label1\" content=\"Est. reading time\" \/>\n\t<meta name=\"twitter:data1\" content=\"6 minutes\" \/>\n<!-- \/ Yoast SEO Premium plugin. -->","yoast_head_json":{"title":"Ex Machina et le Mus\u00e9e de la civilisation s'unissent pour cr\u00e9er une exposition sur la lutte - Communiqu\u00e9 de presse | Mus\u00e9e de la civilisation","description":"Ex Machina et le Mus\u00e9e de la civilisation s'unissent pour cr\u00e9er une exposition sur la lutte- communiqu\u00e9 de presse du Mus\u00e9e de la civilisation \u00e0 Qu\u00e9bec.","robots":{"index":"index","follow":"follow","max-snippet":"max-snippet:-1","max-image-preview":"max-image-preview:large","max-video-preview":"max-video-preview:-1"},"canonical":"https:\/\/mcq.org\/en\/a-propos\/medias\/communiques\/ex-machina-et-le-musee-de-la-civilisation-sunissent-pour-creer-une-exposition-sur-la-lutte\/","og_locale":"en_US","og_type":"article","og_title":"Ex Machina et le Mus\u00e9e de la civilisation s'unissent pour cr\u00e9er une exposition sur la lutte - Communiqu\u00e9 de presse | Mus\u00e9e de la civilisation","og_description":"Ex Machina et le Mus\u00e9e de la civilisation s'unissent pour cr\u00e9er une exposition sur la lutte- communiqu\u00e9 de presse du Mus\u00e9e de la civilisation \u00e0 Qu\u00e9bec.","og_url":"https:\/\/mcq.org\/en\/a-propos\/medias\/communiques\/ex-machina-et-le-musee-de-la-civilisation-sunissent-pour-creer-une-exposition-sur-la-lutte\/","og_site_name":"Mus\u00e9e de la civilisation","article_publisher":"https:\/\/www.facebook.com\/mcqorg","article_modified_time":"2023-05-25T21:24:03+00:00","og_image":[{"width":600,"height":600,"url":"https:\/\/mcq.org\/wp-content\/uploads\/2023\/05\/bottes-luttes-presse-600x600.jpg?ver=1685036351","type":"image\/jpeg"}],"twitter_card":"summary_large_image","twitter_site":"@mcqorg","twitter_misc":{"Est. reading time":"6 minutes"},"schema":{"@context":"https:\/\/schema.org","@graph":[{"@type":"WebPage","@id":"https:\/\/mcq.org\/en\/a-propos\/medias\/communiques\/ex-machina-et-le-musee-de-la-civilisation-sunissent-pour-creer-une-exposition-sur-la-lutte\/","url":"https:\/\/mcq.org\/en\/a-propos\/medias\/communiques\/ex-machina-et-le-musee-de-la-civilisation-sunissent-pour-creer-une-exposition-sur-la-lutte\/","name":"Ex Machina et le Mus\u00e9e de la civilisation s'unissent pour cr\u00e9er une exposition sur la lutte - Communiqu\u00e9 de presse | Mus\u00e9e de la civilisation","isPartOf":{"@id":"https:\/\/mcq.org\/en\/#website"},"primaryImageOfPage":{"@id":"https:\/\/mcq.org\/en\/a-propos\/medias\/communiques\/ex-machina-et-le-musee-de-la-civilisation-sunissent-pour-creer-une-exposition-sur-la-lutte\/#primaryimage"},"image":{"@id":"https:\/\/mcq.org\/en\/a-propos\/medias\/communiques\/ex-machina-et-le-musee-de-la-civilisation-sunissent-pour-creer-une-exposition-sur-la-lutte\/#primaryimage"},"thumbnailUrl":"https:\/\/mcq.org\/wp-content\/uploads\/2023\/05\/bottes-luttes-presse-600x600.jpg?ver=1685036351","datePublished":"2022-11-04T16:00:00+00:00","dateModified":"2023-05-25T21:24:03+00:00","description":"Ex Machina et le Mus\u00e9e de la civilisation s'unissent pour cr\u00e9er une exposition sur la lutte- communiqu\u00e9 de presse du Mus\u00e9e de la civilisation \u00e0 Qu\u00e9bec.","breadcrumb":{"@id":"https:\/\/mcq.org\/en\/a-propos\/medias\/communiques\/ex-machina-et-le-musee-de-la-civilisation-sunissent-pour-creer-une-exposition-sur-la-lutte\/#breadcrumb"},"inLanguage":"en-US","potentialAction":[{"@type":"ReadAction","target":["https:\/\/mcq.org\/en\/a-propos\/medias\/communiques\/ex-machina-et-le-musee-de-la-civilisation-sunissent-pour-creer-une-exposition-sur-la-lutte\/"]}]},{"@type":"ImageObject","inLanguage":"en-US","@id":"https:\/\/mcq.org\/en\/a-propos\/medias\/communiques\/ex-machina-et-le-musee-de-la-civilisation-sunissent-pour-creer-une-exposition-sur-la-lutte\/#primaryimage","url":"https:\/\/mcq.org\/wp-content\/uploads\/2023\/05\/bottes-luttes-presse-600x600.jpg?ver=1685036351","contentUrl":"https:\/\/mcq.org\/wp-content\/uploads\/2023\/05\/bottes-luttes-presse-600x600.jpg?ver=1685036351","width":600,"height":600,"caption":"Bottes de lutteur noires datant des ann\u00e9es 1950 sur un fond gris"},{"@type":"BreadcrumbList","@id":"https:\/\/mcq.org\/en\/a-propos\/medias\/communiques\/ex-machina-et-le-musee-de-la-civilisation-sunissent-pour-creer-une-exposition-sur-la-lutte\/#breadcrumb","itemListElement":[{"@type":"ListItem","position":1,"name":"Home","item":"https:\/\/mcq.org\/en\/"},{"@type":"ListItem","position":2,"name":"Communiqu\u00e9s presse","item":"https:\/\/mcq.org\/en\/a-propos\/medias\/communiques\/"},{"@type":"ListItem","position":3,"name":"Ex Machina et le Mus\u00e9e de la civilisation s&rsquo;unissent pour cr\u00e9er une exposition sur la lutte"}]},{"@type":"WebSite","@id":"https:\/\/mcq.org\/en\/#website","url":"https:\/\/mcq.org\/en\/","name":"Mus\u00e9e de la civilisation","description":"Le Mus\u00e9e de la civilisation explore les diff\u00e9rentes facettes de la r\u00e9alit\u00e9 humaine avec sa d\u00e9marche unique qui combine enchantement, connaissance et r\u00e9flexion.","publisher":{"@id":"https:\/\/mcq.org\/en\/#organization"},"alternateName":"MCQ","potentialAction":[{"@type":"SearchAction","target":{"@type":"EntryPoint","urlTemplate":"https:\/\/mcq.org\/en\/?s={search_term_string}"},"query-input":{"@type":"PropertyValueSpecification","valueRequired":true,"valueName":"search_term_string"}}],"inLanguage":"en-US"},{"@type":"Organization","@id":"https:\/\/mcq.org\/en\/#organization","name":"Mus\u00e9e de la civilisation","alternateName":"MCQ","url":"https:\/\/mcq.org\/en\/","logo":{"@type":"ImageObject","inLanguage":"en-US","@id":"https:\/\/mcq.org\/en\/#\/schema\/logo\/image\/","url":"https:\/\/mcq.org\/wp-content\/uploads\/2023\/04\/logo-mcq-300x123-1.png","contentUrl":"https:\/\/mcq.org\/wp-content\/uploads\/2023\/04\/logo-mcq-300x123-1.png","width":300,"height":123,"caption":"Mus\u00e9e de la civilisation"},"image":{"@id":"https:\/\/mcq.org\/en\/#\/schema\/logo\/image\/"},"sameAs":["https:\/\/www.facebook.com\/mcqorg","https:\/\/x.com\/mcqorg","https:\/\/www.instagram.com\/mcqorg\/","https:\/\/www.linkedin.com\/company\/mcqorg\/"]}]}},"_links":{"self":[{"href":"https:\/\/mcq.org\/en\/wp-json\/wp\/v2\/presse\/2615","targetHints":{"allow":["GET"]}}],"collection":[{"href":"https:\/\/mcq.org\/en\/wp-json\/wp\/v2\/presse"}],"about":[{"href":"https:\/\/mcq.org\/en\/wp-json\/wp\/v2\/types\/presse"}],"version-history":[{"count":12,"href":"https:\/\/mcq.org\/en\/wp-json\/wp\/v2\/presse\/2615\/revisions"}],"predecessor-version":[{"id":2627,"href":"https:\/\/mcq.org\/en\/wp-json\/wp\/v2\/presse\/2615\/revisions\/2627"}],"wp:featuredmedia":[{"embeddable":true,"href":"https:\/\/mcq.org\/en\/wp-json\/wp\/v2\/media\/5945"}],"wp:attachment":[{"href":"https:\/\/mcq.org\/en\/wp-json\/wp\/v2\/media?parent=2615"}],"wp:term":[{"taxonomy":"comm-tax","embeddable":true,"href":"https:\/\/mcq.org\/en\/wp-json\/wp\/v2\/comm-tax?post=2615"}],"curies":[{"name":"wp","href":"https:\/\/api.w.org\/{rel}","templated":true}]}}