{"id":2605,"date":"2022-10-19T11:55:00","date_gmt":"2022-10-19T15:55:00","guid":{"rendered":"https:\/\/prod.mcq.org\/?post_type=presse&#038;p=2605"},"modified":"2023-05-25T17:24:47","modified_gmt":"2023-05-25T21:24:47","slug":"la-maison-des-sciences-du-reve-a-la-realite","status":"publish","type":"presse","link":"https:\/\/mcq.org\/en\/a-propos\/medias\/communiques\/la-maison-des-sciences-du-reve-a-la-realite\/","title":{"rendered":"La Maison des sciences : du r\u00eave \u00e0 la r\u00e9alit\u00e9"},"content":{"rendered":"<div  class=\"container contenu-centre\">\n  <div class=\"row justify-content-center\">\n    <div class=\"col-lg-10 col-xl-8\">\n      \n        \n\n<p>C&#8217;est aujourd&#8217;hui, dans le magnifique pavillon Camille-Roy du S\u00e9minaire de Qu\u00e9bec, que Charles Emond, pr\u00e9sident et chef de la direction de la CDPQ et Denis Ricard, pr\u00e9sident et chef de la direction d&#8217;iA Groupe financier, ont lanc\u00e9, \u00e0 titre de copr\u00e9sidents, une grande campagne de financement de 5 M$ visant \u00e0 soutenir le d\u00e9veloppement de la future Maison des sciences, un nouveau projet sign\u00e9 Mus\u00e9e de la civilisation et soutenu par sa fondation.<\/p>\n<p><i>Je suis de ceux qui pensent que la science est d&#8217;une grande beaut\u00e9. Un scientifique dans son laboratoire est non seulement un technicien&nbsp;: il est aussi un enfant plac\u00e9 devant des ph\u00e9nom\u00e8nes naturels qui l&#8217;impressionnent comme des contes de f\u00e9es.<\/i>&nbsp;\u00bb Marie Curie, physicienne (1867-1934)<\/p>\n<p><\/p>\n<div>\n<p><strong>La Maison des sciences<\/strong><\/p>\n<p>La Maison des sciences sera situ\u00e9e au c\u0153ur du Vieux-Qu\u00e9bec dans l&#8217;enceinte du site historique du S\u00e9minaire de Qu\u00e9bec, au 6<sup>e<\/sup> \u00e9tage de la Cit\u00e9 du S\u00e9minaire, futur Espace bleu de la Capitale-Nationale, bien que constituant un projet distinct de celui-ci. R\u00eav\u00e9 depuis plusieurs ann\u00e9es par la communaut\u00e9 et s&#8217;inscrivant en compl\u00e9ment de l&#8217;offre existante en mati\u00e8re de promotion et de diffusion de la culture scientifique dans la r\u00e9gion, ce lieu proposera une exposition scientifique participative, un laboratoire d&#8217;appropriation et d&#8217;exp\u00e9rimentation scientifique, des contenus multidisciplinaires t\u00e9moignant de la richesse et de la diversit\u00e9 de toutes les sph\u00e8res de la science et des technologies, des d\u00e9monstrations de l&#8217;ing\u00e9niosit\u00e9 d&#8217;ici, des conf\u00e9rences et des ateliers de jeunes scientifiques innovants ainsi que des activit\u00e9s scientifiques en tous genres.<\/p>\n<p>Par ailleurs, une attention particuli\u00e8re sera port\u00e9e \u00e0 la mise en valeur de la prestigieuse collection d&#8217;instruments scientifiques du S\u00e9minaire de Qu\u00e9bec. Amass\u00e9e au fil des si\u00e8cles \u00e0 des fins d&#8217;enseignement, elle figure parmi les plus importantes en Am\u00e9rique du Nord.<\/p>\n<p><\/p>\n<p><strong>Campagne de financement<\/strong><\/p>\n<p>Cette grande campagne, qui vise un financement de 5&nbsp;M$ sur 4 ans, est soutenue par la Fondation du Mus\u00e9e de la civilisation en collaboration avec un cabinet de campagne compos\u00e9 de personnes influentes issues de milieux vari\u00e9s, toutes engag\u00e9es dans cette volont\u00e9 de cr\u00e9er un lieu de d\u00e9couverte de la culture scientifique, unique et accessible au plus grand nombre, qui contribuera \u00e0 l&#8217;avancement de la soci\u00e9t\u00e9 et \u00e0 son d\u00e9veloppement.<\/p>\n<p>La Ville de Qu\u00e9bec est un grand partenaire du projet et soutiendra La Maison des sciences. Par ailleurs, un don exceptionnel de 1&nbsp;M$, du grand m\u00e9c\u00e8ne Roland Lepage, a amorc\u00e9 cette campagne de financement. Un montant de 2,5&nbsp;M$ sur l&#8217;objectif de 5&nbsp;M$ a d\u00e9j\u00e0 \u00e9t\u00e9 amass\u00e9, mais ce formidable projet aura \u00e9galement besoin d&#8217;\u00eatre soutenu et port\u00e9 par la communaut\u00e9 afin de voir le jour. Les fonds amass\u00e9s permettront de cr\u00e9er des programmes d&#8217;accessibilit\u00e9 visant les jeunes de tous horizons, particuli\u00e8rement ceux issus de milieux moins favoris\u00e9s. Ils permettront \u00e9galement de d\u00e9velopper, en continu, des contenus originaux qui sauront stimuler et nourrir leur int\u00e9r\u00eat, ce qui permettra assur\u00e9ment d&#8217;encourager la rel\u00e8ve scientifique.<\/p>\n<\/div>\n<div>\n<p>Anim\u00e9e par le communicateur scientifique Jo\u00ebl Leblanc, l&#8217;activit\u00e9 de lancement de la grande campagne de financement de La Maison des sciences a permis de donner lieu \u00e0 des discussions portant sur l&#8217;importance de la culture scientifique et sur sa promotion aupr\u00e8s des jeunes entre les copr\u00e9sidents de la campagne, Bruno Marchand, maire de Qu\u00e9bec, Mathilde Ouellet, \u00e9l\u00e8ve de 6<sup>e<\/sup> ann\u00e9e \u00e0 l&#8217;\u00e9cole Marguerite-Bourgeoys, Marie-Pier Tr\u00e9panier, dipl\u00f4m\u00e9e en g\u00e9nie m\u00e9canique de l&#8217;Universit\u00e9 Laval et fondatrice de G\u00e9nie uELLES, ainsi qu&#8217;Ana-Laura Baz du Mus\u00e9e de la civilisation. Ce fut \u00e9galement l&#8217;occasion d&#8217;entendre, par la voie de la vid\u00e9o, Farah Alibay, ing\u00e9nieure qu\u00e9b\u00e9coise en a\u00e9rospatiale, ambassadrice de cette campagne.<\/p>\n<p><\/p>\n<p><strong>Citations<\/strong><\/p>\n<p>\u00ab&nbsp;La science est un \u00e9l\u00e9ment si important pour comprendre ce qui nous entoure. Quel privil\u00e8ge nous avons que la science s&#8217;invite dans notre ville pour faire d\u00e9couvrir le monde \u00e0 nos g\u00e9n\u00e9rations futures et pour marquer les avanc\u00e9es faites par ceux qui nous ont pr\u00e9c\u00e9d\u00e9s. Le Mus\u00e9e de la civilisation continue de jouer son r\u00f4le de catalyseur de savoir et c&#8217;est tout \u00e0 son honneur. Une soci\u00e9t\u00e9 en sant\u00e9, c&#8217;est une soci\u00e9t\u00e9 qui poss\u00e8de les moyens d&#8217;aller encore plus loin que notre curiosit\u00e9.&nbsp;\u00bb &#8211; <em>Bruno Marchand, maire de Qu\u00e9bec<\/em><\/p>\n<p>\u00ab&nbsp;La curiosit\u00e9 est une qualit\u00e9 essentielle \u00e0 l&#8217;exploration et la d\u00e9couverte. Lorsqu&#8217;on est enfant, tout nous intrigue et nous \u00e9merveille, on se pose mille questions et surtout, on r\u00eave. Petite, je r\u00eavais de l&#8217;espace, de mondes lointains, d&#8217;\u00eatre astronaute. En regardant les \u00e9toiles les nuits d&#8217;\u00e9t\u00e9, j&#8217;\u00e9tais fascin\u00e9e par l&#8217;exploration de l&#8217;inconnu. La vie, notre place dans l&#8217;univers, la construction de notre monde et son avenir sont les plus merveilleuses histoires \u00e0 raconter, car elles sont sans fin. La culture scientifique a le pouvoir de nous permettre d&#8217;observer, de d\u00e9couvrir et de comprendre, mais aussi d&#8217;imaginer et de cr\u00e9er.&nbsp;\u00bb &#8211; <em>Farah Alibay, ing\u00e9nieure qu\u00e9b\u00e9coise en a\u00e9rospatiale \u00e0 la NASA et ambassadrice de la campagne de La Maison des sciences<\/em><\/p>\n<p>\u00ab&nbsp;Contribuer \u00e0 des initiatives qui favorisent le d\u00e9veloppement du plein potentiel de nos jeunes, c&#8217;est investir pour l&#8217;avenir. J&#8217;en suis convaincu. C&#8217;est donc sans h\u00e9siter que j&#8217;ai accept\u00e9 de m&#8217;impliquer \u00e0 titre de copr\u00e9sident de la campagne de La Maison des sciences. Cet espace de rencontre unique proposera des contenus \u00e0 la fois p\u00e9dagogiques, ludiques et accessibles au plus grand nombre. En \u00e9veillant l&#8217;int\u00e9r\u00eat des jeunes \u00e0 la culture scientifique, on stimule leur curiosit\u00e9, leur cr\u00e9ativit\u00e9 et leur sens de l&#8217;innovation. Et surtout, on encourage une nouvelle g\u00e9n\u00e9ration de scientifiques \u00e0 imaginer le futur \u00e0 travers les <em>avanc\u00e9es de la recherche<\/em>.&nbsp;\u00bb &#8211;<em>Charles Emond, pr\u00e9sident et chef de la direction, CDPQ<\/em><\/p>\n<p>\u00ab&nbsp;La science est \u00e0 l&#8217;origine des plus grands changements de notre histoire, elle nous donne des moyens de repousser toutes nos limites. Mais pour demeurer bien vivante, il lui faut une rel\u00e8ve. La Maison des sciences est un lieu inspirant pour nos jeunes, une fa\u00e7on de regarder notre histoire pour se donner le go\u00fbt du futur. Je suis certain que ce lieu sera cit\u00e9 un jour dans les m\u00e9moires de scientifiques c\u00e9l\u00e8bres, comme <em>l\u00e0 o\u00f9 tout a commenc\u00e9<\/em>\u2026&nbsp;\u00bb &#8211;<em>Denis Ricard, pr\u00e9sident et chef de la direction, iA Groupe financier<\/em><\/p>\n<p>\u00ab&nbsp;Toute ma vie, je l&#8217;ai consacr\u00e9e \u00e0 cr\u00e9er et g\u00e9n\u00e9rer ce contact avec la culture, principalement aupr\u00e8s des jeunes. C&#8217;est parce que je sais \u00e0 quel point cela est essentiel, et que l&#8217;avenir du Monde passe par la transmission des connaissances que je souhaite voir ce projet devenir r\u00e9alit\u00e9.&nbsp;\u00bb &#8211;<em> Roland Lepage, homme de th\u00e9\u00e2tre et grand m\u00e9c\u00e8ne<\/em><\/p>\n<p>\u00ab&nbsp;Je suis fier que l&#8217;\u00e9nergie cr\u00e9ative et l&#8217;expertise du Mus\u00e9e de la civilisation soient mises \u00e0 profit pour cr\u00e9er ce lieu, ax\u00e9 sur la culture scientifique. Ce projet formidable s&#8217;inscrit parfaitement dans les valeurs \u00e9ducatives et sociales qui sont au c\u0153ur de la mission du Mus\u00e9e.&nbsp;\u00bb &#8211; <em>St\u00e9phan La&nbsp;Roche, pr\u00e9sident-directeur g\u00e9n\u00e9ral, Mus\u00e9e de la civilisation<\/em><\/p>\n<p>\u00ab&nbsp;La Maison des sciences verra grandir des g\u00e9n\u00e9rations de jeunes. Issus de milieux vari\u00e9s, ils auront le m\u00eame acc\u00e8s \u00e0 cet endroit, ce qui leur permettra de mieux comprendre et r\u00e9fl\u00e9chir l&#8217;univers, de construire le monde de demain, de r\u00eaver. Surtout, ils y trouveront l&#8217;assurance que rien n&#8217;est impossible\u2026&nbsp;\u00bb &#8211; <em>Claude Choquette, pr\u00e9sident HDG et Groupe Le Massif et pr\u00e9sident du CA de la Fondation du Mus\u00e9e de la civilisation<\/em><\/p>\n<\/div>\n<p><strong>Informations additionnelles<\/strong><\/p>\n<p>Composition du cabinet de campagne&nbsp;:<\/p>\n<p>Copr\u00e9sidents&nbsp;:<\/p>\n<p style=\"margin-left: 35.45pt;\">\u00b7&nbsp;&nbsp;Charles Emond, pr\u00e9sident et chef de la direction, CDPQ<br>\u00b7&nbsp;&nbsp;Denis Ricard, pr\u00e9sident et chef de la direction, iA Groupe financier<\/p>\n<p>Membres&nbsp;:<\/p>\n<p style=\"margin-left: 35.45pt;\">\u00b7&nbsp;&nbsp;Claude Choquette, FCPA, pr\u00e9sident, HDG et Groupe Le Massif<br>\u00b7&nbsp;&nbsp;Patrick Decostre, pr\u00e9sident et chef de la direction, Boralex<br>\u00b7&nbsp;&nbsp;Louis Duchesne, pr\u00e9sident, Qu\u00e9bec et Est du Canada, Cossette<br>\u00b7&nbsp;&nbsp;Marcel Dutil, pr\u00e9sident du conseil, Groupe Canam<br>\u00b7&nbsp;&nbsp;M<sup>e<\/sup> Olga Farman, associ\u00e9e directrice, bureau de Qu\u00e9bec, Norton Rose Fulbright<br>\u00b7&nbsp;&nbsp;M\u00e9lissa Gilbert, FCPA, ASC, vice-pr\u00e9sidente ex\u00e9cutive et leader, Affaires financi\u00e8res, Beneva<br>\u00b7&nbsp;&nbsp;Mario Girard, pr\u00e9sident-directeur g\u00e9n\u00e9ral, Administration portuaire de Qu\u00e9bec<br>\u00b7&nbsp;&nbsp;Andr\u00e9e-Lise M\u00e9thot, O.Q., fondatrice et associ\u00e9e directeure, Cycle Capital<br>\u00b7&nbsp;&nbsp;Martin Th\u00e9riault, Ing., MBA, fondateur, PDG, pr\u00e9sident du conseil, Previan<\/p>\n<p><\/p>\n<p><strong>Liens connexes<\/strong><\/p>\n<p>La Maison des sciences&nbsp;: <a href=\"http:\/\/www.mcq.org\/fr\/fondation\/la-maison-des-sciences\">mcq.org\/fr\/fondation\/la-maison-des-sciences<\/a><\/p>\n<p>Fondation du Mus\u00e9e de la civilisation&nbsp;: <a href=\"http:\/\/www.mcq.org\/fondation\">mcq.org\/fondation<\/a><\/p>\n<p>Espaces bleus&nbsp;: <a href=\"http:\/\/www.quebec.ca\/culture\/espace-bleu\">quebec.ca\/culture\/espace-bleu<\/a><\/p>\n<p><\/p>\n<p align=\"center\">\u2013 30 \u2013<\/p>\n<p><\/p>\n<p><strong>Relations de presse<\/strong><\/p>\n<p><strong>Qu\u00e9bec<\/strong><br>Anne-Sophie Desmeules&nbsp;: 418&nbsp;643-2158, poste 208; courriel&nbsp;: <a href=\"mailto:anne-sophie.desmeules@mcq.org\">anne-sophie.desmeules@mcq.org<\/a><br>Agn\u00e8s Dufour&nbsp;: 418&nbsp;643-2158, poste 433; courriel&nbsp;: <a href=\"mailto:agnes.dufour@mcq.org\">agnes.dufour@mcq.org<\/a><\/p>\n<p><strong>Montr\u00e9al<\/strong><br>Rosemonde Gingras&nbsp;: 514&nbsp;458-8355; courriel&nbsp;: <a href=\"mailto:rosemonde@rosemondecommunications.com\">rosemonde@rosemondecommunications.com<\/a><\/p>\n<p class=\"vignette\">Publi\u00e9 le 19 octobre 2022<\/p>\n\n\n          <\/div>\n  <\/div>\n<\/div>","protected":false},"excerpt":{"rendered":"","protected":false},"featured_media":5949,"parent":0,"menu_order":0,"template":"","comm-tax":[8],"class_list":["post-2605","presse","type-presse","status-publish","has-post-thumbnail","hentry","comm-tax-communique"],"acf":[],"yoast_head":"<!-- This site is optimized with the Yoast SEO Premium plugin v27.3 (Yoast SEO v27.3) - https:\/\/yoast.com\/product\/yoast-seo-premium-wordpress\/ -->\n<title>La Maison des sciences : du r\u00eave \u00e0 la r\u00e9alit\u00e9 - Communiqu\u00e9 de presse | Mus\u00e9e de la civilisation<\/title>\n<meta name=\"description\" content=\"La Maison des sciences : du r\u00eave \u00e0 la r\u00e9alit\u00e9- communiqu\u00e9 de presse du Mus\u00e9e de la civilisation \u00e0 Qu\u00e9bec.\" \/>\n<meta name=\"robots\" content=\"index, follow, max-snippet:-1, max-image-preview:large, max-video-preview:-1\" \/>\n<link rel=\"canonical\" href=\"https:\/\/mcq.org\/en\/a-propos\/medias\/communiques\/la-maison-des-sciences-du-reve-a-la-realite\/\" \/>\n<meta property=\"og:locale\" content=\"en_US\" \/>\n<meta property=\"og:type\" content=\"article\" \/>\n<meta property=\"og:title\" content=\"La Maison des sciences : du r\u00eave \u00e0 la r\u00e9alit\u00e9 - Communiqu\u00e9 de presse | Mus\u00e9e de la civilisation\" \/>\n<meta property=\"og:description\" content=\"La Maison des sciences : du r\u00eave \u00e0 la r\u00e9alit\u00e9- communiqu\u00e9 de presse du Mus\u00e9e de la civilisation \u00e0 Qu\u00e9bec.\" \/>\n<meta property=\"og:url\" content=\"https:\/\/mcq.org\/en\/a-propos\/medias\/communiques\/la-maison-des-sciences-du-reve-a-la-realite\/\" \/>\n<meta property=\"og:site_name\" content=\"Mus\u00e9e de la civilisation\" \/>\n<meta property=\"article:publisher\" content=\"https:\/\/www.facebook.com\/mcqorg\" \/>\n<meta property=\"article:modified_time\" content=\"2023-05-25T21:24:47+00:00\" \/>\n<meta property=\"og:image\" content=\"https:\/\/mcq.org\/wp-content\/uploads\/2023\/05\/annonce-maison-sciences-presse-600x600.jpg?ver=1685036503\" \/>\n\t<meta property=\"og:image:width\" content=\"600\" \/>\n\t<meta property=\"og:image:height\" content=\"600\" \/>\n\t<meta property=\"og:image:type\" content=\"image\/jpeg\" \/>\n<meta name=\"twitter:card\" content=\"summary_large_image\" \/>\n<meta name=\"twitter:site\" content=\"@mcqorg\" \/>\n<meta name=\"twitter:label1\" content=\"Est. reading time\" \/>\n\t<meta name=\"twitter:data1\" content=\"7 minutes\" \/>\n<!-- \/ Yoast SEO Premium plugin. -->","yoast_head_json":{"title":"La Maison des sciences : du r\u00eave \u00e0 la r\u00e9alit\u00e9 - Communiqu\u00e9 de presse | Mus\u00e9e de la civilisation","description":"La Maison des sciences : du r\u00eave \u00e0 la r\u00e9alit\u00e9- communiqu\u00e9 de presse du Mus\u00e9e de la civilisation \u00e0 Qu\u00e9bec.","robots":{"index":"index","follow":"follow","max-snippet":"max-snippet:-1","max-image-preview":"max-image-preview:large","max-video-preview":"max-video-preview:-1"},"canonical":"https:\/\/mcq.org\/en\/a-propos\/medias\/communiques\/la-maison-des-sciences-du-reve-a-la-realite\/","og_locale":"en_US","og_type":"article","og_title":"La Maison des sciences : du r\u00eave \u00e0 la r\u00e9alit\u00e9 - Communiqu\u00e9 de presse | Mus\u00e9e de la civilisation","og_description":"La Maison des sciences : du r\u00eave \u00e0 la r\u00e9alit\u00e9- communiqu\u00e9 de presse du Mus\u00e9e de la civilisation \u00e0 Qu\u00e9bec.","og_url":"https:\/\/mcq.org\/en\/a-propos\/medias\/communiques\/la-maison-des-sciences-du-reve-a-la-realite\/","og_site_name":"Mus\u00e9e de la civilisation","article_publisher":"https:\/\/www.facebook.com\/mcqorg","article_modified_time":"2023-05-25T21:24:47+00:00","og_image":[{"width":600,"height":600,"url":"https:\/\/mcq.org\/wp-content\/uploads\/2023\/05\/annonce-maison-sciences-presse-600x600.jpg?ver=1685036503","type":"image\/jpeg"}],"twitter_card":"summary_large_image","twitter_site":"@mcqorg","twitter_misc":{"Est. reading time":"7 minutes"},"schema":{"@context":"https:\/\/schema.org","@graph":[{"@type":"WebPage","@id":"https:\/\/mcq.org\/en\/a-propos\/medias\/communiques\/la-maison-des-sciences-du-reve-a-la-realite\/","url":"https:\/\/mcq.org\/en\/a-propos\/medias\/communiques\/la-maison-des-sciences-du-reve-a-la-realite\/","name":"La Maison des sciences : du r\u00eave \u00e0 la r\u00e9alit\u00e9 - Communiqu\u00e9 de presse | Mus\u00e9e de la civilisation","isPartOf":{"@id":"https:\/\/mcq.org\/en\/#website"},"primaryImageOfPage":{"@id":"https:\/\/mcq.org\/en\/a-propos\/medias\/communiques\/la-maison-des-sciences-du-reve-a-la-realite\/#primaryimage"},"image":{"@id":"https:\/\/mcq.org\/en\/a-propos\/medias\/communiques\/la-maison-des-sciences-du-reve-a-la-realite\/#primaryimage"},"thumbnailUrl":"https:\/\/mcq.org\/wp-content\/uploads\/2023\/05\/annonce-maison-sciences-presse-600x600.jpg?ver=1685036503","datePublished":"2022-10-19T15:55:00+00:00","dateModified":"2023-05-25T21:24:47+00:00","description":"La Maison des sciences : du r\u00eave \u00e0 la r\u00e9alit\u00e9- communiqu\u00e9 de presse du Mus\u00e9e de la civilisation \u00e0 Qu\u00e9bec.","breadcrumb":{"@id":"https:\/\/mcq.org\/en\/a-propos\/medias\/communiques\/la-maison-des-sciences-du-reve-a-la-realite\/#breadcrumb"},"inLanguage":"en-US","potentialAction":[{"@type":"ReadAction","target":["https:\/\/mcq.org\/en\/a-propos\/medias\/communiques\/la-maison-des-sciences-du-reve-a-la-realite\/"]}]},{"@type":"ImageObject","inLanguage":"en-US","@id":"https:\/\/mcq.org\/en\/a-propos\/medias\/communiques\/la-maison-des-sciences-du-reve-a-la-realite\/#primaryimage","url":"https:\/\/mcq.org\/wp-content\/uploads\/2023\/05\/annonce-maison-sciences-presse-600x600.jpg?ver=1685036503","contentUrl":"https:\/\/mcq.org\/wp-content\/uploads\/2023\/05\/annonce-maison-sciences-presse-600x600.jpg?ver=1685036503","width":600,"height":600,"caption":"Vers une maison des sciences \u00e9crit sur un visuel du campanile du S\u00e9minaire de Qu\u00e9bec\u00e9"},{"@type":"BreadcrumbList","@id":"https:\/\/mcq.org\/en\/a-propos\/medias\/communiques\/la-maison-des-sciences-du-reve-a-la-realite\/#breadcrumb","itemListElement":[{"@type":"ListItem","position":1,"name":"Home","item":"https:\/\/mcq.org\/en\/"},{"@type":"ListItem","position":2,"name":"Communiqu\u00e9s presse","item":"https:\/\/mcq.org\/en\/a-propos\/medias\/communiques\/"},{"@type":"ListItem","position":3,"name":"La Maison des sciences : du r\u00eave \u00e0 la r\u00e9alit\u00e9"}]},{"@type":"WebSite","@id":"https:\/\/mcq.org\/en\/#website","url":"https:\/\/mcq.org\/en\/","name":"Mus\u00e9e de la civilisation","description":"Le Mus\u00e9e de la civilisation explore les diff\u00e9rentes facettes de la r\u00e9alit\u00e9 humaine avec sa d\u00e9marche unique qui combine enchantement, connaissance et r\u00e9flexion.","publisher":{"@id":"https:\/\/mcq.org\/en\/#organization"},"alternateName":"MCQ","potentialAction":[{"@type":"SearchAction","target":{"@type":"EntryPoint","urlTemplate":"https:\/\/mcq.org\/en\/?s={search_term_string}"},"query-input":{"@type":"PropertyValueSpecification","valueRequired":true,"valueName":"search_term_string"}}],"inLanguage":"en-US"},{"@type":"Organization","@id":"https:\/\/mcq.org\/en\/#organization","name":"Mus\u00e9e de la civilisation","alternateName":"MCQ","url":"https:\/\/mcq.org\/en\/","logo":{"@type":"ImageObject","inLanguage":"en-US","@id":"https:\/\/mcq.org\/en\/#\/schema\/logo\/image\/","url":"https:\/\/mcq.org\/wp-content\/uploads\/2023\/04\/logo-mcq-300x123-1.png","contentUrl":"https:\/\/mcq.org\/wp-content\/uploads\/2023\/04\/logo-mcq-300x123-1.png","width":300,"height":123,"caption":"Mus\u00e9e de la civilisation"},"image":{"@id":"https:\/\/mcq.org\/en\/#\/schema\/logo\/image\/"},"sameAs":["https:\/\/www.facebook.com\/mcqorg","https:\/\/x.com\/mcqorg","https:\/\/www.instagram.com\/mcqorg\/","https:\/\/www.linkedin.com\/company\/mcqorg\/"]}]}},"_links":{"self":[{"href":"https:\/\/mcq.org\/en\/wp-json\/wp\/v2\/presse\/2605","targetHints":{"allow":["GET"]}}],"collection":[{"href":"https:\/\/mcq.org\/en\/wp-json\/wp\/v2\/presse"}],"about":[{"href":"https:\/\/mcq.org\/en\/wp-json\/wp\/v2\/types\/presse"}],"version-history":[{"count":6,"href":"https:\/\/mcq.org\/en\/wp-json\/wp\/v2\/presse\/2605\/revisions"}],"predecessor-version":[{"id":5999,"href":"https:\/\/mcq.org\/en\/wp-json\/wp\/v2\/presse\/2605\/revisions\/5999"}],"wp:featuredmedia":[{"embeddable":true,"href":"https:\/\/mcq.org\/en\/wp-json\/wp\/v2\/media\/5949"}],"wp:attachment":[{"href":"https:\/\/mcq.org\/en\/wp-json\/wp\/v2\/media?parent=2605"}],"wp:term":[{"taxonomy":"comm-tax","embeddable":true,"href":"https:\/\/mcq.org\/en\/wp-json\/wp\/v2\/comm-tax?post=2605"}],"curies":[{"name":"wp","href":"https:\/\/api.w.org\/{rel}","templated":true}]}}