{"id":2596,"date":"2022-02-19T11:37:00","date_gmt":"2022-02-19T16:37:00","guid":{"rendered":"https:\/\/prod.mcq.org\/?post_type=presse&#038;p=2596"},"modified":"2023-05-11T11:44:02","modified_gmt":"2023-05-11T15:44:02","slug":"lexposition-de-calibre-internationale-notre-passage-sur-terre-sera-presentee-en-exclusivite-a-quebec","status":"publish","type":"presse","link":"https:\/\/mcq.org\/en\/a-propos\/medias\/communiques\/lexposition-de-calibre-internationale-notre-passage-sur-terre-sera-presentee-en-exclusivite-a-quebec\/","title":{"rendered":"L&#8217;exposition de calibre internationale Notre passage sur Terre sera pr\u00e9sent\u00e9e en exclusivit\u00e9 \u00e0 Qu\u00e9bec"},"content":{"rendered":"<div  class=\"container contenu-centre\">\n  <div class=\"row justify-content-center\">\n    <div class=\"col-lg-10 col-xl-8\">\n      \n        \n\n<p>La ministre de la Culture et des Communications, Mme Nathalie Roy, et le maire de Qu\u00e9bec, M. Bruno Marchand, sont heureux d&#8217;annoncer qu&#8217;une somme de 500\u2009000 $ est accord\u00e9e au Mus\u00e9e de la civilisation pour la r\u00e9alisation de l&#8217;exposition Notre passage sur Terre (titre provisoire) qui sera tenue \u00e0 compter de juin 2023.<\/p>\n<p>Pr\u00e9sent\u00e9e en collaboration avec le Barbican Centre de Londres, cette exposition aborde le th\u00e8me des changements climatiques dans le but d&#8217;informer et de sensibiliser les visiteurs pour qu&#8217;ils s&#8217;engagent dans le r\u00e8glement de la probl\u00e9matique. Elle vise \u00e0 rendre accessibles et compr\u00e9hensibles les enjeux actuels en mati\u00e8re de changements climatiques, tels que le d\u00e9veloppement durable, la gestion des mati\u00e8res r\u00e9siduelles, la pr\u00e9servation de la biodiversit\u00e9 et la hausse du niveau des oc\u00e9ans.<\/p>\n<p>Par leur appui \u00e0 des expositions majeures qui ont une port\u00e9e internationale, le gouvernement du Qu\u00e9bec et la Ville de Qu\u00e9bec contribuent \u00e0 la renomm\u00e9e \u00e0 l&#8217;\u00e9tranger des institutions culturelles d&#8217;ici et participent \u00e0 l&#8217;enrichissement culturel des Qu\u00e9b\u00e9coises et des Qu\u00e9b\u00e9cois ainsi qu&#8217;\u00e0 la relance \u00e9conomique du milieu culturel.<\/p>\n<h3><strong>Citations<\/strong><\/h3>\n<p>\u00ab\u2009La culture est une priorit\u00e9 pour notre gouvernement. C&#8217;est pourquoi nous investissons dans cette exposition d&#8217;envergure qui favorise l&#8217;acc\u00e8s \u00e0 la culture. Nous reconnaissons l&#8217;expertise unique de nos institutions mus\u00e9ales dans l&#8217;offre d&#8217;\u00e9v\u00e9nements de calibre international et je f\u00e9licite le Mus\u00e9e de la civilisation pour sa cr\u00e9ativit\u00e9. Notre gouvernement continuera d&#8217;investir dans la relance et l&#8217;enrichissement de notre belle et grande culture.\u2009\u00bb\u00a0\u00a0<br \/><em>&#8211; Nathalie\u00a0Roy, ministre de la Culture et des Communications<\/em><\/p>\n<p>\u00ab\u00a0L&#8217;exposition <em>Notre passage sur Terre<\/em> convie nos citoyens \u00e0 un dialogue branch\u00e9 sur des pr\u00e9occupations et des enjeux d&#8217;actualit\u00e9. \u00c0 titre de ministre charg\u00e9e de la s\u00e9curit\u00e9 civile, je constate l&#8217;incidence des changements climatiques sur nos communaut\u00e9s. Je salue l&#8217;engagement du Mus\u00e9e \u00e0 contribuer \u00e0 cette vaste r\u00e9flexion que chacun d&#8217;entre nous doit avoir au sujet de notre plan\u00e8te.\u00a0\u00bb<br \/><em>&#8211; Genevi\u00e8ve Guilbault, vice-premi\u00e8re ministre, ministre de la S\u00e9curit\u00e9 publique et ministre responsable de la r\u00e9gion de la Capitale-Nationale<\/em><\/p>\n<p>\u00ab\u00a0Ces investissements pour des expositions internationales ont port\u00e9 leurs fruits jusqu&#8217;ici en cr\u00e9ant d&#8217;importants succ\u00e8s pour le Mus\u00e9e de la civilisation, pensons notamment aux r\u00e9percussions \u00e9conomiques et touristiques des expositions <em>Herg\u00e9 \u00e0 Qu\u00e9bec <\/em>ou <em>Effets sp\u00e9ciaux<\/em>. Ce volet de l&#8217;Entente de d\u00e9veloppement culturel g\u00e9n\u00e8re des retomb\u00e9es ind\u00e9niables, tout en donnant acc\u00e8s \u00e0 un contenu in\u00e9dit et porteur de sens pour le visiteur. Je remercie le Mus\u00e9e de la civilisation de mettre en lumi\u00e8re cette th\u00e9matique environnementale et soci\u00e9tale sur laquelle nous devons tous porter la plus grande attention dans nos prises de d\u00e9cisions. Citoyens, entreprises, gouvernements\u00a0: notre passage sur Terre, nous en avons aujourd&#8217;hui, respectivement, la responsabilit\u00e9.\u00a0\u00bb<br \/><em>&#8211; Bruno Marchand, maire de Qu\u00e9bec<\/em><\/p>\n<p>\u00ab\u2009Nous sommes tr\u00e8s enthousiastes de pr\u00e9senter cette exposition de calibre international d\u00e9velopp\u00e9e en collaboration avec le prestigieux Barbican Centre de Londres. Ceci permet la rencontre du savoir-faire du Mus\u00e9e de la civilisation et le talent d&#8217;un des plus grands centres d&#8217;arts d&#8217;Europe, pour un fort rayonnement local et international. Les visiteurs de partout et de toutes les g\u00e9n\u00e9rations se sentiront interpell\u00e9s par cette exposition innovante, unique en son genre et ayant le pouvoir de changer leurs perceptions sur l&#8217;un des plus grands d\u00e9fis mondiaux de notre \u00e9poque et de les pousser \u00e0 l&#8217;action.\u2009\u00bb<br \/><em>&#8211; St\u00e9phan La Roche, pr\u00e9sident-directeur g\u00e9n\u00e9ral du Mus\u00e9e de la civilisation<\/em><\/p>\n<p>\u00a0<\/p>\n<h3><strong>Faits saillants<\/strong><\/h3>\n<ul>\n<li>La somme annonc\u00e9e aujourd&#8217;hui provient de la Mesure d&#8217;aide financi\u00e8re \u00e0 l&#8217;intention des mus\u00e9es d&#8217;\u00c9tat pour des expositions internationales majeures. Elle s&#8217;inscrit dans l&#8217;Entente de d\u00e9veloppement culturel entre le gouvernement du Qu\u00e9bec et la Ville de Qu\u00e9bec.<\/li>\n<li>Situ\u00e9 au nord de la Cit\u00e9 de Londres, le Barbican est le plus grand centre des arts du spectacle d&#8217;Europe. Il d\u00e9veloppe et con\u00e7oit des expositions majeures ax\u00e9es sur la culture contemporaine, les technologies \u00e9mergentes et la cr\u00e9ativit\u00e9 num\u00e9rique. Immersives et exp\u00e9rientielles, les expositions du Barbican Centre se poursuivent ensuite par des tourn\u00e9es internationales.<br \/>\u00a0<\/li>\n<\/ul>\n<p><strong>Liens connexes<br \/><\/strong><a href=\"https:\/\/www.barbican.org.uk\/\">Barbican Centre<\/a><br \/><br \/><strong>Sources :<\/strong><br \/>Elizabeth Lemay<br \/>Attach\u00e9e de presse Cabinet de la ministre de la Culture et des Communications<br \/>514 882-5645<br \/><br \/>Thomas Gaudreault<br \/>Attach\u00e9 de presse Cabinet du maire de Qu\u00e9bec<br \/>418 456-2282<br \/><br \/><strong>Information<\/strong> :<br \/>\u00c9quipe des relations m\u00e9dias<br \/>Minist\u00e8re de la Culture et des Communications<br \/>418 380-2388<br \/><br \/>Carine Loranger<br \/>Service des communications<br \/>Ville de Qu\u00e9bec<br \/>418 641-6210<br \/><br \/>Anne-Sophie Desmeules<br \/>Mus\u00e9e de la civilisation<br \/>418 643-2158, poste 208<br \/><br \/>Agn\u00e8s Dufour<br \/>Mus\u00e9e de la civilisation<br \/>418 643-2158, poste 433<\/p>\n<p class=\"vignette\">Publi\u00e9 le 19 f\u00e9vrier 2022<\/p>\n\n\n          <\/div>\n  <\/div>\n<\/div>","protected":false},"excerpt":{"rendered":"","protected":false},"featured_media":2561,"parent":0,"menu_order":0,"template":"","comm-tax":[8],"class_list":["post-2596","presse","type-presse","status-publish","has-post-thumbnail","hentry","comm-tax-communique"],"acf":[],"yoast_head":"<!-- This site is optimized with the Yoast SEO Premium plugin v27.3 (Yoast SEO v27.3) - https:\/\/yoast.com\/product\/yoast-seo-premium-wordpress\/ -->\n<title>L&#039;exposition de calibre internationale Notre passage sur Terre sera pr\u00e9sent\u00e9e en exclusivit\u00e9 \u00e0 Qu\u00e9bec - Communiqu\u00e9 de presse | Mus\u00e9e de la civilisation<\/title>\n<meta name=\"description\" content=\"L&#039;exposition de calibre internationale Notre passage sur Terre sera pr\u00e9sent\u00e9e en exclusivit\u00e9 \u00e0 Qu\u00e9bec- communiqu\u00e9 de presse du Mus\u00e9e de la civilisation \u00e0 Qu\u00e9bec.\" \/>\n<meta name=\"robots\" content=\"index, follow, max-snippet:-1, max-image-preview:large, max-video-preview:-1\" \/>\n<link rel=\"canonical\" href=\"https:\/\/mcq.org\/en\/a-propos\/medias\/communiques\/lexposition-de-calibre-internationale-notre-passage-sur-terre-sera-presentee-en-exclusivite-a-quebec\/\" \/>\n<meta property=\"og:locale\" content=\"en_US\" \/>\n<meta property=\"og:type\" content=\"article\" \/>\n<meta property=\"og:title\" content=\"L&#039;exposition de calibre internationale Notre passage sur Terre sera pr\u00e9sent\u00e9e en exclusivit\u00e9 \u00e0 Qu\u00e9bec - Communiqu\u00e9 de presse | Mus\u00e9e de la civilisation\" \/>\n<meta property=\"og:description\" content=\"L&#039;exposition de calibre internationale Notre passage sur Terre sera pr\u00e9sent\u00e9e en exclusivit\u00e9 \u00e0 Qu\u00e9bec- communiqu\u00e9 de presse du Mus\u00e9e de la civilisation \u00e0 Qu\u00e9bec.\" \/>\n<meta property=\"og:url\" content=\"https:\/\/mcq.org\/en\/a-propos\/medias\/communiques\/lexposition-de-calibre-internationale-notre-passage-sur-terre-sera-presentee-en-exclusivite-a-quebec\/\" \/>\n<meta property=\"og:site_name\" content=\"Mus\u00e9e de la civilisation\" \/>\n<meta property=\"article:publisher\" content=\"https:\/\/www.facebook.com\/mcqorg\" \/>\n<meta property=\"article:modified_time\" content=\"2023-05-11T15:44:02+00:00\" \/>\n<meta property=\"og:image\" content=\"https:\/\/mcq.org\/wp-content\/uploads\/2023\/05\/visiteurs-hall-debacle-600x600.jpg?ver=1686319370\" \/>\n\t<meta property=\"og:image:width\" content=\"600\" \/>\n\t<meta property=\"og:image:height\" content=\"600\" \/>\n\t<meta property=\"og:image:type\" content=\"image\/jpeg\" \/>\n<meta name=\"twitter:card\" content=\"summary_large_image\" \/>\n<meta name=\"twitter:site\" content=\"@mcqorg\" \/>\n<meta name=\"twitter:label1\" content=\"Est. reading time\" \/>\n\t<meta name=\"twitter:data1\" content=\"4 minutes\" \/>\n<!-- \/ Yoast SEO Premium plugin. -->","yoast_head_json":{"title":"L'exposition de calibre internationale Notre passage sur Terre sera pr\u00e9sent\u00e9e en exclusivit\u00e9 \u00e0 Qu\u00e9bec - Communiqu\u00e9 de presse | Mus\u00e9e de la civilisation","description":"L'exposition de calibre internationale Notre passage sur Terre sera pr\u00e9sent\u00e9e en exclusivit\u00e9 \u00e0 Qu\u00e9bec- communiqu\u00e9 de presse du Mus\u00e9e de la civilisation \u00e0 Qu\u00e9bec.","robots":{"index":"index","follow":"follow","max-snippet":"max-snippet:-1","max-image-preview":"max-image-preview:large","max-video-preview":"max-video-preview:-1"},"canonical":"https:\/\/mcq.org\/en\/a-propos\/medias\/communiques\/lexposition-de-calibre-internationale-notre-passage-sur-terre-sera-presentee-en-exclusivite-a-quebec\/","og_locale":"en_US","og_type":"article","og_title":"L'exposition de calibre internationale Notre passage sur Terre sera pr\u00e9sent\u00e9e en exclusivit\u00e9 \u00e0 Qu\u00e9bec - Communiqu\u00e9 de presse | Mus\u00e9e de la civilisation","og_description":"L'exposition de calibre internationale Notre passage sur Terre sera pr\u00e9sent\u00e9e en exclusivit\u00e9 \u00e0 Qu\u00e9bec- communiqu\u00e9 de presse du Mus\u00e9e de la civilisation \u00e0 Qu\u00e9bec.","og_url":"https:\/\/mcq.org\/en\/a-propos\/medias\/communiques\/lexposition-de-calibre-internationale-notre-passage-sur-terre-sera-presentee-en-exclusivite-a-quebec\/","og_site_name":"Mus\u00e9e de la civilisation","article_publisher":"https:\/\/www.facebook.com\/mcqorg","article_modified_time":"2023-05-11T15:44:02+00:00","og_image":[{"width":600,"height":600,"url":"https:\/\/mcq.org\/wp-content\/uploads\/2023\/05\/visiteurs-hall-debacle-600x600.jpg?ver=1686319370","type":"image\/jpeg"}],"twitter_card":"summary_large_image","twitter_site":"@mcqorg","twitter_misc":{"Est. reading time":"4 minutes"},"schema":{"@context":"https:\/\/schema.org","@graph":[{"@type":"WebPage","@id":"https:\/\/mcq.org\/en\/a-propos\/medias\/communiques\/lexposition-de-calibre-internationale-notre-passage-sur-terre-sera-presentee-en-exclusivite-a-quebec\/","url":"https:\/\/mcq.org\/en\/a-propos\/medias\/communiques\/lexposition-de-calibre-internationale-notre-passage-sur-terre-sera-presentee-en-exclusivite-a-quebec\/","name":"L'exposition de calibre internationale Notre passage sur Terre sera pr\u00e9sent\u00e9e en exclusivit\u00e9 \u00e0 Qu\u00e9bec - Communiqu\u00e9 de presse | Mus\u00e9e de la civilisation","isPartOf":{"@id":"https:\/\/mcq.org\/en\/#website"},"primaryImageOfPage":{"@id":"https:\/\/mcq.org\/en\/a-propos\/medias\/communiques\/lexposition-de-calibre-internationale-notre-passage-sur-terre-sera-presentee-en-exclusivite-a-quebec\/#primaryimage"},"image":{"@id":"https:\/\/mcq.org\/en\/a-propos\/medias\/communiques\/lexposition-de-calibre-internationale-notre-passage-sur-terre-sera-presentee-en-exclusivite-a-quebec\/#primaryimage"},"thumbnailUrl":"https:\/\/mcq.org\/wp-content\/uploads\/2023\/05\/visiteurs-hall-debacle-600x600.jpg?ver=1686319370","datePublished":"2022-02-19T16:37:00+00:00","dateModified":"2023-05-11T15:44:02+00:00","description":"L'exposition de calibre internationale Notre passage sur Terre sera pr\u00e9sent\u00e9e en exclusivit\u00e9 \u00e0 Qu\u00e9bec- communiqu\u00e9 de presse du Mus\u00e9e de la civilisation \u00e0 Qu\u00e9bec.","breadcrumb":{"@id":"https:\/\/mcq.org\/en\/a-propos\/medias\/communiques\/lexposition-de-calibre-internationale-notre-passage-sur-terre-sera-presentee-en-exclusivite-a-quebec\/#breadcrumb"},"inLanguage":"en-US","potentialAction":[{"@type":"ReadAction","target":["https:\/\/mcq.org\/en\/a-propos\/medias\/communiques\/lexposition-de-calibre-internationale-notre-passage-sur-terre-sera-presentee-en-exclusivite-a-quebec\/"]}]},{"@type":"ImageObject","inLanguage":"en-US","@id":"https:\/\/mcq.org\/en\/a-propos\/medias\/communiques\/lexposition-de-calibre-internationale-notre-passage-sur-terre-sera-presentee-en-exclusivite-a-quebec\/#primaryimage","url":"https:\/\/mcq.org\/wp-content\/uploads\/2023\/05\/visiteurs-hall-debacle-600x600.jpg?ver=1686319370","contentUrl":"https:\/\/mcq.org\/wp-content\/uploads\/2023\/05\/visiteurs-hall-debacle-600x600.jpg?ver=1686319370","width":600,"height":600,"caption":"Plusieurs jeunes visiteurs dans le Hall du Mus\u00e9e au dessus de l'oeuvre La d\u00e9b\u00e2cle."},{"@type":"BreadcrumbList","@id":"https:\/\/mcq.org\/en\/a-propos\/medias\/communiques\/lexposition-de-calibre-internationale-notre-passage-sur-terre-sera-presentee-en-exclusivite-a-quebec\/#breadcrumb","itemListElement":[{"@type":"ListItem","position":1,"name":"Home","item":"https:\/\/mcq.org\/en\/"},{"@type":"ListItem","position":2,"name":"Communiqu\u00e9s presse","item":"https:\/\/mcq.org\/en\/a-propos\/medias\/communiques\/"},{"@type":"ListItem","position":3,"name":"L&rsquo;exposition de calibre internationale Notre passage sur Terre sera pr\u00e9sent\u00e9e en exclusivit\u00e9 \u00e0 Qu\u00e9bec"}]},{"@type":"WebSite","@id":"https:\/\/mcq.org\/en\/#website","url":"https:\/\/mcq.org\/en\/","name":"Mus\u00e9e de la civilisation","description":"Le Mus\u00e9e de la civilisation explore les diff\u00e9rentes facettes de la r\u00e9alit\u00e9 humaine avec sa d\u00e9marche unique qui combine enchantement, connaissance et r\u00e9flexion.","publisher":{"@id":"https:\/\/mcq.org\/en\/#organization"},"alternateName":"MCQ","potentialAction":[{"@type":"SearchAction","target":{"@type":"EntryPoint","urlTemplate":"https:\/\/mcq.org\/en\/?s={search_term_string}"},"query-input":{"@type":"PropertyValueSpecification","valueRequired":true,"valueName":"search_term_string"}}],"inLanguage":"en-US"},{"@type":"Organization","@id":"https:\/\/mcq.org\/en\/#organization","name":"Mus\u00e9e de la civilisation","alternateName":"MCQ","url":"https:\/\/mcq.org\/en\/","logo":{"@type":"ImageObject","inLanguage":"en-US","@id":"https:\/\/mcq.org\/en\/#\/schema\/logo\/image\/","url":"https:\/\/mcq.org\/wp-content\/uploads\/2023\/04\/logo-mcq-300x123-1.png","contentUrl":"https:\/\/mcq.org\/wp-content\/uploads\/2023\/04\/logo-mcq-300x123-1.png","width":300,"height":123,"caption":"Mus\u00e9e de la civilisation"},"image":{"@id":"https:\/\/mcq.org\/en\/#\/schema\/logo\/image\/"},"sameAs":["https:\/\/www.facebook.com\/mcqorg","https:\/\/x.com\/mcqorg","https:\/\/www.instagram.com\/mcqorg\/","https:\/\/www.linkedin.com\/company\/mcqorg\/"]}]}},"_links":{"self":[{"href":"https:\/\/mcq.org\/en\/wp-json\/wp\/v2\/presse\/2596","targetHints":{"allow":["GET"]}}],"collection":[{"href":"https:\/\/mcq.org\/en\/wp-json\/wp\/v2\/presse"}],"about":[{"href":"https:\/\/mcq.org\/en\/wp-json\/wp\/v2\/types\/presse"}],"version-history":[{"count":2,"href":"https:\/\/mcq.org\/en\/wp-json\/wp\/v2\/presse\/2596\/revisions"}],"predecessor-version":[{"id":2598,"href":"https:\/\/mcq.org\/en\/wp-json\/wp\/v2\/presse\/2596\/revisions\/2598"}],"wp:featuredmedia":[{"embeddable":true,"href":"https:\/\/mcq.org\/en\/wp-json\/wp\/v2\/media\/2561"}],"wp:attachment":[{"href":"https:\/\/mcq.org\/en\/wp-json\/wp\/v2\/media?parent=2596"}],"wp:term":[{"taxonomy":"comm-tax","embeddable":true,"href":"https:\/\/mcq.org\/en\/wp-json\/wp\/v2\/comm-tax?post=2596"}],"curies":[{"name":"wp","href":"https:\/\/api.w.org\/{rel}","templated":true}]}}