{"id":2492,"date":"2021-06-10T17:50:33","date_gmt":"2021-06-10T21:50:33","guid":{"rendered":"https:\/\/prod.mcq.org\/?post_type=presse&#038;p=2492"},"modified":"2023-05-11T11:47:19","modified_gmt":"2023-05-11T15:47:19","slug":"quebec-annonce-la-creation-du-reseau-des-espaces-bleus-un-legs-qui-mettra-en-valeur-lheritage-culturel-quebecois","status":"publish","type":"presse","link":"https:\/\/mcq.org\/en\/a-propos\/medias\/communiques\/quebec-annonce-la-creation-du-reseau-des-espaces-bleus-un-legs-qui-mettra-en-valeur-lheritage-culturel-quebecois\/","title":{"rendered":"Qu\u00e9bec annonce la cr\u00e9ation du r\u00e9seau des Espaces bleus, un legs qui mettra en valeur l&#8217;h\u00e9ritage culturel qu\u00e9b\u00e9cois"},"content":{"rendered":"<div  class=\"container contenu-centre\">\n  <div class=\"row justify-content-center\">\n    <div class=\"col-lg-10 col-xl-8\">\n      \n        \n\n<div class=\"text\">\n<p>En amor\u00e7ant cette vaste op\u00e9ration, le gouvernement veut ainsi offrir un legs culturel, touristique et social qui profitera \u00e0 l&#8217;ensemble des citoyennes et des citoyens ainsi qu&#8217;aux g\u00e9n\u00e9rations futures. Il souhaite aussi rendre hommage \u00e0 ce qui fait la fiert\u00e9 des Qu\u00e9b\u00e9cois et faire de cette fiert\u00e9 commune un lien entre les r\u00e9gions, un pont entre leur pass\u00e9 et leur avenir.<\/p>\n<p>Des sites et des immeubles \u00e0 caract\u00e8re patrimonial situ\u00e9s partout au Qu\u00e9bec seront acquis, am\u00e9nag\u00e9s, restaur\u00e9s et requalifi\u00e9s dans cet objectif. Chaque Espace bleu sera unique et incarnera l&#8217;histoire des h\u00e9ros et des b\u00e2tisseurs de sa r\u00e9gion respective. Ces p\u00f4les culturels et touristiques seront \u00e0 la fois des lieux d&#8217;exposition et de diffusion. Ils seront dot\u00e9s d&#8217;un caf\u00e9 offrant des produits qu\u00e9b\u00e9cois locaux et d&#8217;une salle multifonctionnelle pour la diffusion et la m\u00e9diation culturelles.<\/p>\n<p>En collaboration avec des institutions mus\u00e9ales r\u00e9gionales, le Mus\u00e9e de la civilisation sera responsable de la conception, de la production, de la r\u00e9alisation et de l&#8217;installation d&#8217;une exposition permanente et d&#8217;expositions itin\u00e9rantes pour chacun des Espaces bleus. Ce parcours mettra en relief le caract\u00e8re distinctif et le savoir-faire des r\u00e9gions, ainsi que tout ce qui a contribu\u00e9 \u00e0 rendre les citoyens fiers de leur r\u00e9gion.<\/p>\n<p>L&#8217;Espace bleu de la Capitale-Nationale comportera \u00e9galement un volet consacr\u00e9 aux sciences, pr\u00e9sentant notamment une riche collection d&#8217;objets scientifiques et des laboratoires d&#8217;exp\u00e9rimentation, gr\u00e2ce \u00e0 une contribution de&nbsp;2,5&nbsp;M$ de la Ville de Qu\u00e9bec.<\/p>\n<p>L&#8217;offre culturelle des Espaces bleus sera novatrice et compl\u00e9mentaire \u00e0 celle des institutions mus\u00e9ales en raison d&#8217;une approche num\u00e9rique et immersive de calibre international. Elle permettra en outre de d\u00e9couvrir des objets provenant de la collection nationale du Mus\u00e9e de la civilisation ainsi que des collections de divers mus\u00e9es qu\u00e9b\u00e9cois.<\/p>\n<p>Le gouvernement du Qu\u00e9bec souhaite faire des Espaces bleus non seulement des mod\u00e8les de r\u00e9ussite en mati\u00e8re de requalification de lieux patrimoniaux, mais \u00e9galement des lieux qui valoriseront l&#8217;histoire du Qu\u00e9bec et tout ce qui en fait \u00ab&nbsp;un grand peuple&nbsp;\u00bb.<\/p>\n<h3><strong>Citations&nbsp; &nbsp; &nbsp; &nbsp; &nbsp; &nbsp; &nbsp; &nbsp; &nbsp; &nbsp; &nbsp; &nbsp; &nbsp; &nbsp; &nbsp; &nbsp; &nbsp; &nbsp; &nbsp; &nbsp; &nbsp; &nbsp; &nbsp; &nbsp; &nbsp; &nbsp; &nbsp; &nbsp; &nbsp; &nbsp; &nbsp; &nbsp; &nbsp; &nbsp; &nbsp; &nbsp; &nbsp; &nbsp;<\/strong><\/h3>\n<p>\u00ab Avec les Espaces bleus, on veut de l&#8217;audace. On veut sortir des sentiers battus. On veut des expositions excitantes, notamment pour les jeunes. On veut redonner vie \u00e0 nos grandes r\u00e9ussites historiques. On veut faire le lien entre nos h\u00e9ros du pass\u00e9 et ceux du pr\u00e9sent. Et on veut que \u00e7a touche l&#8217;ensemble des Qu\u00e9b\u00e9cois. En effet, il faut que les Qu\u00e9b\u00e9cois de chaque r\u00e9gion se reconnaissent. Je veux que ce soit l&#8217;espace de tous les Qu\u00e9b\u00e9cois, de toutes les g\u00e9n\u00e9rations. Je veux qu&#8217;on se sente chez nous. Je veux qu&#8217;on soit fiers d\u00e8s qu&#8217;on y met les pieds. \u00bb &#8211;<em>Fran\u00e7ois Legault, premier ministre<\/em><\/p>\n<p>\u00ab Je suis tr\u00e8s heureuse que la capitale nationale ait \u00e9t\u00e9 s\u00e9lectionn\u00e9e pour accueillir la t\u00eate du r\u00e9seau des Espaces bleus. Ax\u00e9 sur l&#8217;histoire unique de la r\u00e9gion, l&#8217;Espace bleu de la Capitale-Nationale sera int\u00e9gr\u00e9 \u00e0 la Cit\u00e9 du S\u00e9minaire pour offrir aux visiteurs des exp\u00e9riences exceptionnelles et ajouter \u00e0 l&#8217;effervescence du Vieux-Qu\u00e9bec, une destination culturelle incontournable. \u00bb &#8211; <em>Genevi\u00e8ve Guilbault, vice-premi\u00e8re ministre, ministre de la S\u00e9curit\u00e9 publique et ministre responsable de la r\u00e9gion de la Capitale-Nationale<\/em><\/p>\n<p>\u00ab En cr\u00e9ant le r\u00e9seau des Espaces bleus, notre gouvernement fait preuve d&#8217;un leadership jamais vu en mati\u00e8re de valorisation de notre patrimoine b\u00e2ti, de notre histoire et de notre culture. Ce projet nous permettra de donner une nouvelle vie \u00e0 des b\u00e2timents embl\u00e9matiques tout en permettant aux visiteurs d&#8217;y d\u00e9couvrir de fa\u00e7on originale celles et ceux qui ont fait la fiert\u00e9 de chacune des r\u00e9gions du Qu\u00e9bec. Chaque Espace bleu aura pour mission de mettre en lumi\u00e8re l&#8217;histoire unique de sa r\u00e9gion et de la rendre plus accessible. Les Espaces bleus contribueront ainsi \u00e0 la beaut\u00e9 du Qu\u00e9bec et \u00e0 la valorisation de notre culture qui a toutes les raisons de nous rendre fiers. \u00bb &#8211; <em>Nathalie Roy, ministre de la Culture et des Communications<\/em><\/p>\n<p>\u00ab \u00c0 travers ce magnifique r\u00e9seau d&#8217;Espaces bleus, la Ville de Qu\u00e9bec contribuera principalement au volet scientifique de la r\u00e9gion de la Capitale-Nationale. Nous souhaitons soutenir et pr\u00e9parer une rel\u00e8ve qui fera rayonner l&#8217;expertise, les comp\u00e9tences et l&#8217;innovation qu\u00e9b\u00e9coises. Le volet consacr\u00e9 aux sciences est donc une grande \u00e9tape de sensibilisation et de familiarisation qui aidera \u00e0 stimuler l&#8217;int\u00e9r\u00eat pour ce domaine chez nos g\u00e9n\u00e9rations futures. \u00bb &#8211; <em>R\u00e9gis Labeaume, maire de Qu\u00e9bec<\/em><\/p>\n<p>\u00ab L&#8217;une des missions fondamentales du Mus\u00e9e est de faire conna\u00eetre l&#8217;histoire du Qu\u00e9bec en mettant au c\u0153ur de son approche l&#8217;\u00eatre humain. Pour ce nouveau concept, on va encore plus loin en pla\u00e7ant au centre du propos les caract\u00e9ristiques, les sentiments et les valeurs qui inspirent la soci\u00e9t\u00e9 qu\u00e9b\u00e9coise. C&#8217;est un projet extr\u00eamement stimulant, d\u00e9velopp\u00e9 avec rigueur et qui sera r\u00e9alis\u00e9 dans un esprit d&#8217;\u00e9change et de collaboration avec chaque r\u00e9gion. Je remercie le gouvernement du Qu\u00e9bec pour cette marque de confiance envers le Mus\u00e9e de la civilisation. \u00bb &#8211; <em>St\u00e9phan La Roche, pr\u00e9sident-directeur g\u00e9n\u00e9ral du Mus\u00e9e de la civilisation<\/em><\/p>\n<p>Pour voir l&#8217;annonce officielle:<\/p>\n<p><iframe style=\"border: none; overflow: hidden;\" src=\"https:\/\/www.facebook.com\/plugins\/video.php?href=https%3A%2F%2Fwww.facebook.com%2Fmcqorg%2Fvideos%2F2841655999387775%2F&amp;show_text=0&amp;width=560\" width=\"560\" height=\"315\" frameborder=\"0\" scrolling=\"no\" allowfullscreen=\"allowfullscreen\"><\/iframe><\/p>\n<p><strong>Sources:<\/strong><br>Ewan Sauves<br>Attach\u00e9 de presse Cabinet du premier ministre<br>514 585-4451<\/p>\n<p>Louis-Julien Dufresne<br>Attach\u00e9 de presse Cabinet de la ministre de la Culture et des Communications<br>418&nbsp;380-2310<\/p>\n<p><strong>Informations:&nbsp;<\/strong><br>\u00c9quipe des relations m\u00e9dias<br>Minist\u00e8re de la Culture et des Communications<br>418&nbsp;380-2388<\/p>\n<p class=\"vignette\">Publi\u00e9 le 10 juin 2021<\/p>\n<\/div>\n\n\n          <\/div>\n  <\/div>\n<\/div>","protected":false},"excerpt":{"rendered":"","protected":false},"featured_media":2563,"parent":0,"menu_order":0,"template":"","comm-tax":[8],"class_list":["post-2492","presse","type-presse","status-publish","has-post-thumbnail","hentry","comm-tax-communique"],"acf":[],"yoast_head":"<!-- This site is optimized with the Yoast SEO Premium plugin v27.3 (Yoast SEO v27.3) - https:\/\/yoast.com\/product\/yoast-seo-premium-wordpress\/ -->\n<title>Qu\u00e9bec annonce la cr\u00e9ation du r\u00e9seau des Espaces bleus, un legs qui mettra en valeur l&#039;h\u00e9ritage culturel qu\u00e9b\u00e9cois - Communiqu\u00e9 de presse | Mus\u00e9e de la civilisation<\/title>\n<meta name=\"description\" content=\"Qu\u00e9bec annonce la cr\u00e9ation du r\u00e9seau des Espaces bleus, un legs qui mettra en valeur l&#039;h\u00e9ritage culturel qu\u00e9b\u00e9cois- communiqu\u00e9 de presse du Mus\u00e9e de la civilisation \u00e0 Qu\u00e9bec.\" \/>\n<meta name=\"robots\" content=\"index, follow, max-snippet:-1, max-image-preview:large, max-video-preview:-1\" \/>\n<link rel=\"canonical\" href=\"https:\/\/mcq.org\/en\/a-propos\/medias\/communiques\/quebec-annonce-la-creation-du-reseau-des-espaces-bleus-un-legs-qui-mettra-en-valeur-lheritage-culturel-quebecois\/\" \/>\n<meta property=\"og:locale\" content=\"en_US\" \/>\n<meta property=\"og:type\" content=\"article\" \/>\n<meta property=\"og:title\" content=\"Qu\u00e9bec annonce la cr\u00e9ation du r\u00e9seau des Espaces bleus, un legs qui mettra en valeur l&#039;h\u00e9ritage culturel qu\u00e9b\u00e9cois - Communiqu\u00e9 de presse | Mus\u00e9e de la civilisation\" \/>\n<meta property=\"og:description\" content=\"Qu\u00e9bec annonce la cr\u00e9ation du r\u00e9seau des Espaces bleus, un legs qui mettra en valeur l&#039;h\u00e9ritage culturel qu\u00e9b\u00e9cois- communiqu\u00e9 de presse du Mus\u00e9e de la civilisation \u00e0 Qu\u00e9bec.\" \/>\n<meta property=\"og:url\" content=\"https:\/\/mcq.org\/en\/a-propos\/medias\/communiques\/quebec-annonce-la-creation-du-reseau-des-espaces-bleus-un-legs-qui-mettra-en-valeur-lheritage-culturel-quebecois\/\" \/>\n<meta property=\"og:site_name\" content=\"Mus\u00e9e de la civilisation\" \/>\n<meta property=\"article:publisher\" content=\"https:\/\/www.facebook.com\/mcqorg\" \/>\n<meta property=\"article:modified_time\" content=\"2023-05-11T15:47:19+00:00\" \/>\n<meta property=\"og:image\" content=\"https:\/\/mcq.org\/wp-content\/uploads\/2023\/05\/musee-architecture-exterieur-600x600.jpg?ver=1686319325\" \/>\n\t<meta property=\"og:image:width\" content=\"600\" \/>\n\t<meta property=\"og:image:height\" content=\"600\" \/>\n\t<meta property=\"og:image:type\" content=\"image\/jpeg\" \/>\n<meta name=\"twitter:card\" content=\"summary_large_image\" \/>\n<meta name=\"twitter:site\" content=\"@mcqorg\" \/>\n<meta name=\"twitter:label1\" content=\"Est. reading time\" \/>\n\t<meta name=\"twitter:data1\" content=\"5 minutes\" \/>\n<!-- \/ Yoast SEO Premium plugin. -->","yoast_head_json":{"title":"Qu\u00e9bec annonce la cr\u00e9ation du r\u00e9seau des Espaces bleus, un legs qui mettra en valeur l'h\u00e9ritage culturel qu\u00e9b\u00e9cois - Communiqu\u00e9 de presse | Mus\u00e9e de la civilisation","description":"Qu\u00e9bec annonce la cr\u00e9ation du r\u00e9seau des Espaces bleus, un legs qui mettra en valeur l'h\u00e9ritage culturel qu\u00e9b\u00e9cois- communiqu\u00e9 de presse du Mus\u00e9e de la civilisation \u00e0 Qu\u00e9bec.","robots":{"index":"index","follow":"follow","max-snippet":"max-snippet:-1","max-image-preview":"max-image-preview:large","max-video-preview":"max-video-preview:-1"},"canonical":"https:\/\/mcq.org\/en\/a-propos\/medias\/communiques\/quebec-annonce-la-creation-du-reseau-des-espaces-bleus-un-legs-qui-mettra-en-valeur-lheritage-culturel-quebecois\/","og_locale":"en_US","og_type":"article","og_title":"Qu\u00e9bec annonce la cr\u00e9ation du r\u00e9seau des Espaces bleus, un legs qui mettra en valeur l'h\u00e9ritage culturel qu\u00e9b\u00e9cois - Communiqu\u00e9 de presse | Mus\u00e9e de la civilisation","og_description":"Qu\u00e9bec annonce la cr\u00e9ation du r\u00e9seau des Espaces bleus, un legs qui mettra en valeur l'h\u00e9ritage culturel qu\u00e9b\u00e9cois- communiqu\u00e9 de presse du Mus\u00e9e de la civilisation \u00e0 Qu\u00e9bec.","og_url":"https:\/\/mcq.org\/en\/a-propos\/medias\/communiques\/quebec-annonce-la-creation-du-reseau-des-espaces-bleus-un-legs-qui-mettra-en-valeur-lheritage-culturel-quebecois\/","og_site_name":"Mus\u00e9e de la civilisation","article_publisher":"https:\/\/www.facebook.com\/mcqorg","article_modified_time":"2023-05-11T15:47:19+00:00","og_image":[{"width":600,"height":600,"url":"https:\/\/mcq.org\/wp-content\/uploads\/2023\/05\/musee-architecture-exterieur-600x600.jpg?ver=1686319325","type":"image\/jpeg"}],"twitter_card":"summary_large_image","twitter_site":"@mcqorg","twitter_misc":{"Est. reading time":"5 minutes"},"schema":{"@context":"https:\/\/schema.org","@graph":[{"@type":"WebPage","@id":"https:\/\/mcq.org\/en\/a-propos\/medias\/communiques\/quebec-annonce-la-creation-du-reseau-des-espaces-bleus-un-legs-qui-mettra-en-valeur-lheritage-culturel-quebecois\/","url":"https:\/\/mcq.org\/en\/a-propos\/medias\/communiques\/quebec-annonce-la-creation-du-reseau-des-espaces-bleus-un-legs-qui-mettra-en-valeur-lheritage-culturel-quebecois\/","name":"Qu\u00e9bec annonce la cr\u00e9ation du r\u00e9seau des Espaces bleus, un legs qui mettra en valeur l'h\u00e9ritage culturel qu\u00e9b\u00e9cois - Communiqu\u00e9 de presse | Mus\u00e9e de la civilisation","isPartOf":{"@id":"https:\/\/mcq.org\/en\/#website"},"primaryImageOfPage":{"@id":"https:\/\/mcq.org\/en\/a-propos\/medias\/communiques\/quebec-annonce-la-creation-du-reseau-des-espaces-bleus-un-legs-qui-mettra-en-valeur-lheritage-culturel-quebecois\/#primaryimage"},"image":{"@id":"https:\/\/mcq.org\/en\/a-propos\/medias\/communiques\/quebec-annonce-la-creation-du-reseau-des-espaces-bleus-un-legs-qui-mettra-en-valeur-lheritage-culturel-quebecois\/#primaryimage"},"thumbnailUrl":"https:\/\/mcq.org\/wp-content\/uploads\/2023\/05\/musee-architecture-exterieur-600x600.jpg?ver=1686319325","datePublished":"2021-06-10T21:50:33+00:00","dateModified":"2023-05-11T15:47:19+00:00","description":"Qu\u00e9bec annonce la cr\u00e9ation du r\u00e9seau des Espaces bleus, un legs qui mettra en valeur l'h\u00e9ritage culturel qu\u00e9b\u00e9cois- communiqu\u00e9 de presse du Mus\u00e9e de la civilisation \u00e0 Qu\u00e9bec.","breadcrumb":{"@id":"https:\/\/mcq.org\/en\/a-propos\/medias\/communiques\/quebec-annonce-la-creation-du-reseau-des-espaces-bleus-un-legs-qui-mettra-en-valeur-lheritage-culturel-quebecois\/#breadcrumb"},"inLanguage":"en-US","potentialAction":[{"@type":"ReadAction","target":["https:\/\/mcq.org\/en\/a-propos\/medias\/communiques\/quebec-annonce-la-creation-du-reseau-des-espaces-bleus-un-legs-qui-mettra-en-valeur-lheritage-culturel-quebecois\/"]}]},{"@type":"ImageObject","inLanguage":"en-US","@id":"https:\/\/mcq.org\/en\/a-propos\/medias\/communiques\/quebec-annonce-la-creation-du-reseau-des-espaces-bleus-un-legs-qui-mettra-en-valeur-lheritage-culturel-quebecois\/#primaryimage","url":"https:\/\/mcq.org\/wp-content\/uploads\/2023\/05\/musee-architecture-exterieur-600x600.jpg?ver=1686319325","contentUrl":"https:\/\/mcq.org\/wp-content\/uploads\/2023\/05\/musee-architecture-exterieur-600x600.jpg?ver=1686319325","width":600,"height":600,"caption":"Lucarnes, verri\u00e8res et oriflammes avec la signature du Mus\u00e9e en fa\u00e7ade."},{"@type":"BreadcrumbList","@id":"https:\/\/mcq.org\/en\/a-propos\/medias\/communiques\/quebec-annonce-la-creation-du-reseau-des-espaces-bleus-un-legs-qui-mettra-en-valeur-lheritage-culturel-quebecois\/#breadcrumb","itemListElement":[{"@type":"ListItem","position":1,"name":"Home","item":"https:\/\/mcq.org\/en\/"},{"@type":"ListItem","position":2,"name":"Communiqu\u00e9s presse","item":"https:\/\/mcq.org\/en\/a-propos\/medias\/communiques\/"},{"@type":"ListItem","position":3,"name":"Qu\u00e9bec annonce la cr\u00e9ation du r\u00e9seau des Espaces bleus, un legs qui mettra en valeur l&rsquo;h\u00e9ritage culturel qu\u00e9b\u00e9cois"}]},{"@type":"WebSite","@id":"https:\/\/mcq.org\/en\/#website","url":"https:\/\/mcq.org\/en\/","name":"Mus\u00e9e de la civilisation","description":"Le Mus\u00e9e de la civilisation explore les diff\u00e9rentes facettes de la r\u00e9alit\u00e9 humaine avec sa d\u00e9marche unique qui combine enchantement, connaissance et r\u00e9flexion.","publisher":{"@id":"https:\/\/mcq.org\/en\/#organization"},"alternateName":"MCQ","potentialAction":[{"@type":"SearchAction","target":{"@type":"EntryPoint","urlTemplate":"https:\/\/mcq.org\/en\/?s={search_term_string}"},"query-input":{"@type":"PropertyValueSpecification","valueRequired":true,"valueName":"search_term_string"}}],"inLanguage":"en-US"},{"@type":"Organization","@id":"https:\/\/mcq.org\/en\/#organization","name":"Mus\u00e9e de la civilisation","alternateName":"MCQ","url":"https:\/\/mcq.org\/en\/","logo":{"@type":"ImageObject","inLanguage":"en-US","@id":"https:\/\/mcq.org\/en\/#\/schema\/logo\/image\/","url":"https:\/\/mcq.org\/wp-content\/uploads\/2023\/04\/logo-mcq-300x123-1.png","contentUrl":"https:\/\/mcq.org\/wp-content\/uploads\/2023\/04\/logo-mcq-300x123-1.png","width":300,"height":123,"caption":"Mus\u00e9e de la civilisation"},"image":{"@id":"https:\/\/mcq.org\/en\/#\/schema\/logo\/image\/"},"sameAs":["https:\/\/www.facebook.com\/mcqorg","https:\/\/x.com\/mcqorg","https:\/\/www.instagram.com\/mcqorg\/","https:\/\/www.linkedin.com\/company\/mcqorg\/"]}]}},"_links":{"self":[{"href":"https:\/\/mcq.org\/en\/wp-json\/wp\/v2\/presse\/2492","targetHints":{"allow":["GET"]}}],"collection":[{"href":"https:\/\/mcq.org\/en\/wp-json\/wp\/v2\/presse"}],"about":[{"href":"https:\/\/mcq.org\/en\/wp-json\/wp\/v2\/types\/presse"}],"version-history":[{"count":6,"href":"https:\/\/mcq.org\/en\/wp-json\/wp\/v2\/presse\/2492\/revisions"}],"predecessor-version":[{"id":2601,"href":"https:\/\/mcq.org\/en\/wp-json\/wp\/v2\/presse\/2492\/revisions\/2601"}],"wp:featuredmedia":[{"embeddable":true,"href":"https:\/\/mcq.org\/en\/wp-json\/wp\/v2\/media\/2563"}],"wp:attachment":[{"href":"https:\/\/mcq.org\/en\/wp-json\/wp\/v2\/media?parent=2492"}],"wp:term":[{"taxonomy":"comm-tax","embeddable":true,"href":"https:\/\/mcq.org\/en\/wp-json\/wp\/v2\/comm-tax?post=2492"}],"curies":[{"name":"wp","href":"https:\/\/api.w.org\/{rel}","templated":true}]}}