{"id":2488,"date":"2021-02-11T17:34:00","date_gmt":"2021-02-11T22:34:00","guid":{"rendered":"https:\/\/prod.mcq.org\/?post_type=presse&#038;p=2488"},"modified":"2023-05-25T17:26:39","modified_gmt":"2023-05-25T21:26:39","slug":"le-musee-de-la-civilisation-se-dote-dun-poste-de-conseiller-aux-affaires-autochtones-au-sein-de-son-equipe","status":"publish","type":"presse","link":"https:\/\/mcq.org\/en\/a-propos\/medias\/communiques\/le-musee-de-la-civilisation-se-dote-dun-poste-de-conseiller-aux-affaires-autochtones-au-sein-de-son-equipe\/","title":{"rendered":"Le Mus\u00e9e de la civilisation se dote d&#8217;un poste de conseiller aux affaires autochtones au sein de son \u00e9quipe"},"content":{"rendered":"<div  class=\"container contenu-centre\">\n  <div class=\"row justify-content-center\">\n    <div class=\"col-lg-10 col-xl-8\">\n      \n        \n\n<p>Le Mus\u00e9e de la civilisation renforce son action collaborative et de partenariat avec les Premi\u00e8res Nations et les Inuit en cr\u00e9ant, au sein de son \u00e9quipe, un poste de conseiller aux affaires autochtones. Ce geste s&#8217;inscrit dans une d\u00e9marche de d\u00e9colonisation des approches mus\u00e9ales, d&#8217;inclusivit\u00e9 et de reconnaissance dans une perspective de r\u00e9conciliation et de \u00ab vivre ensemble&nbsp;\u00bb.<\/p>\n<p>Relevant directement du pr\u00e9sident-directeur g\u00e9n\u00e9ral du Mus\u00e9e, le titulaire du poste veillera \u00e0 conseiller les \u00e9quipes du Mus\u00e9e dans la conduite de projets associ\u00e9s aux Premiers Peuples et \u00e0 l&#8217;apport de ceux-ci aux productions de l&#8217;institution. Il mettra de l&#8217;avant des approches inclusives et participatives, privil\u00e9giant la concertation au regard de la production et de la diffusion de contenus autochtones. Enfin, il agira comme facilitateur quant \u00e0 l&#8217;accueil et \u00e0 la construction de l&#8217;exp\u00e9rience du visiteur en mati\u00e8re autochtone et coordonnera la r\u00e9alisation de projets sp\u00e9cifiques, de diff\u00e9rentes natures, aux contenus autochtones. Le poste est affich\u00e9 jusqu&#8217;au 1<sup>er<\/sup>&nbsp;mars prochain.<\/p>\n<p>Une volont\u00e9 qui animera d&#8217;autres \u00e9tapes r\u00e9alis\u00e9es au cours de l&#8217;ann\u00e9e 2021, en vue de l&#8217;\u00e9laboration et de l&#8217;adoption d&#8217;un Plan d&#8217;action en mati\u00e8re autochtone en 2022.<\/p>\n<h3><strong>Citation&nbsp;:<\/strong><\/h3>\n<p>\u00ab&nbsp;Dans une perspective favorisant la r\u00e9conciliation et la reconnaissance de l&#8217;unicit\u00e9 des cultures des Premiers Peuples, le Mus\u00e9e de la civilisation reconsid\u00e8re ses fa\u00e7ons de faire. En cr\u00e9ant ce poste sp\u00e9cifique aux questions autochtones, il vise \u00e0 s&#8217;\u00e9loigner d&#8217;approches et de m\u00e9thodes aujourd&#8217;hui per\u00e7ues comme coloniales, o\u00f9 souvent le discours allochtone et les codes des courants occidentaux dominent malgr\u00e9 notre bonne volont\u00e9. Cela nous permettra de concevoir des r\u00e9alisations avec l&#8217;apport des Premiers Peuples, dans le plus grand respect de leurs r\u00e9alit\u00e9s et de leurs approches.&nbsp;\u00bb<br><em>-St\u00e9phan La Roche, pr\u00e9sident-directeur g\u00e9n\u00e9ral, Mus\u00e9e de la civilisation<\/em><\/p>\n<h3><strong>Faits saillants&nbsp;:<\/strong><\/h3>\n<ul>\n<li>D\u00e8s l&#8217;amorce de son aventure mus\u00e9ale en 1988, le Mus\u00e9e de la civilisation a solidement \u00e9tabli les bases de son action mus\u00e9ale en mettant en valeur la culture autochtone. Au fil des ans, les partenariats et les collaborations avec ces partenaires naturels se sont multipli\u00e9s par le biais d&#8217;expositions et autres productions de m\u00e9diation \u00e9ducative et culturelle ainsi qu&#8217;\u00e0 travers le d\u00e9veloppement de ses collections;&nbsp;<\/li>\n<li>Principales r\u00e9alisations en collaboration avec les Premi\u00e8res Nations&nbsp;:&nbsp;<\/li>\n<li>1998 Exposition permanente <em>Nous, les Premi\u00e8res Nations<\/em> fortement appuy\u00e9e sur la collaboration des 11&nbsp;Nations habitant le territoire qu\u00e9b\u00e9cois;&nbsp;<\/li>\n<li>2011&nbsp;&nbsp;D\u00e9but de la concertation avec chacune des 11&nbsp;Nations en vue du d\u00e9veloppement des contenus de l&#8217;actualisation de l&#8217;exposition permanente en association avec <a href=\"https:\/\/www.laboiterougevif.com\/\" target=\"_blank\" rel=\"noopener\">La Bo\u00eete Rouge VIF<\/a>;&nbsp;<\/li>\n<li>2012&nbsp; Le Mus\u00e9e de la civilisation adopte une politique \u00e0 l&#8217;\u00e9gard des Peuples autochtones. D&#8217;une nature \u00e9volutive, elle fait actuellement l&#8217;objet d&#8217;une r\u00e9vision;&nbsp;<\/li>\n<li>2013&nbsp;&nbsp;&nbsp; Inauguration l&#8217;exposition <a href=\"\/decouvrir\/expositions\/cest-notre-histoire\/\"><em>C&#8217;est notre histoire. Premi\u00e8res Nations et Inuit du XIX<sup>e<\/sup> si\u00e8cle<\/em>;<\/a>&nbsp;<\/li>\n<li>2019&nbsp;&nbsp;&nbsp; Lancement de l&#8217;exposition virtuelle <em>Des images dans la pierre. L&#8217;art rupestre au Canada<\/em>;&nbsp;<\/li>\n<li>2020&nbsp;&nbsp; Installation de l&#8217;\u0153uvre <em>Les Arches de l&#8217;entente<\/em>, cr\u00e9\u00e9e par l&#8217;artiste huron-wendat Ludovic Boney. Inauguration pr\u00e9vue en juin 2021.&nbsp;<\/li>\n<li>Des postes similaires \u00e9mergent dans diff\u00e9rentes organisations dont l&#8217;Universit\u00e9 Laval, la Soci\u00e9t\u00e9 Radio-Canada et la Ville de Montr\u00e9al.<\/li>\n<\/ul>\n<p><strong>Relations de presse&nbsp;:<\/strong><\/p>\n<p><strong>Qu\u00e9bec<\/strong><br>Agn\u00e8s Dufour&nbsp;: 418&nbsp;643-2158, poste 433; courriel&nbsp;: <a href=\"mailto:agnes.dufour@mcq.org\">agnes.dufour@mcq.org<\/a><\/p>\n<p><strong>Montr\u00e9al<\/strong><br>Rosemonde Gingras&nbsp;: 514&nbsp;458-8355; courriel&nbsp;: <a href=\"mailto:rosemonde@rosemondecommunications.com\">rosemonde@rosemondecommunications.com<\/a><\/p>\n<p class=\"vignette\">Publi\u00e9 le 11 f\u00e9vrier 2021<\/p>\n\n\n          <\/div>\n  <\/div>\n<\/div>","protected":false},"excerpt":{"rendered":"","protected":false},"featured_media":5995,"parent":0,"menu_order":0,"template":"","comm-tax":[8],"class_list":["post-2488","presse","type-presse","status-publish","has-post-thumbnail","hentry","comm-tax-communique"],"acf":[],"yoast_head":"<!-- This site is optimized with the Yoast SEO Premium plugin v27.3 (Yoast SEO v27.3) - https:\/\/yoast.com\/product\/yoast-seo-premium-wordpress\/ -->\n<title>Le Mus\u00e9e de la civilisation se dote d&#039;un poste de conseiller aux affaires autochtones au sein de son \u00e9quipe - Communiqu\u00e9 de presse | Mus\u00e9e de la civilisation<\/title>\n<meta name=\"description\" content=\"Le Mus\u00e9e de la civilisation se dote d&#039;un poste de conseiller aux affaires autochtones au sein de son \u00e9quipe- communiqu\u00e9 de presse du Mus\u00e9e de la civilisation \u00e0 Qu\u00e9bec.\" \/>\n<meta name=\"robots\" content=\"index, follow, max-snippet:-1, max-image-preview:large, max-video-preview:-1\" \/>\n<link rel=\"canonical\" href=\"https:\/\/mcq.org\/en\/a-propos\/medias\/communiques\/le-musee-de-la-civilisation-se-dote-dun-poste-de-conseiller-aux-affaires-autochtones-au-sein-de-son-equipe\/\" \/>\n<meta property=\"og:locale\" content=\"en_US\" \/>\n<meta property=\"og:type\" content=\"article\" \/>\n<meta property=\"og:title\" content=\"Le Mus\u00e9e de la civilisation se dote d&#039;un poste de conseiller aux affaires autochtones au sein de son \u00e9quipe - Communiqu\u00e9 de presse | Mus\u00e9e de la civilisation\" \/>\n<meta property=\"og:description\" content=\"Le Mus\u00e9e de la civilisation se dote d&#039;un poste de conseiller aux affaires autochtones au sein de son \u00e9quipe- communiqu\u00e9 de presse du Mus\u00e9e de la civilisation \u00e0 Qu\u00e9bec.\" \/>\n<meta property=\"og:url\" content=\"https:\/\/mcq.org\/en\/a-propos\/medias\/communiques\/le-musee-de-la-civilisation-se-dote-dun-poste-de-conseiller-aux-affaires-autochtones-au-sein-de-son-equipe\/\" \/>\n<meta property=\"og:site_name\" content=\"Mus\u00e9e de la civilisation\" \/>\n<meta property=\"article:publisher\" content=\"https:\/\/www.facebook.com\/mcqorg\" \/>\n<meta property=\"article:modified_time\" content=\"2023-05-25T21:26:39+00:00\" \/>\n<meta property=\"og:image\" content=\"https:\/\/mcq.org\/wp-content\/uploads\/2023\/05\/envolee-noiretblanc-presse-600x600-1.jpg\" \/>\n\t<meta property=\"og:image:width\" content=\"600\" \/>\n\t<meta property=\"og:image:height\" content=\"600\" \/>\n\t<meta property=\"og:image:type\" content=\"image\/jpeg\" \/>\n<meta name=\"twitter:card\" content=\"summary_large_image\" \/>\n<meta name=\"twitter:site\" content=\"@mcqorg\" \/>\n<meta name=\"twitter:label1\" content=\"Est. reading time\" \/>\n\t<meta name=\"twitter:data1\" content=\"3 minutes\" \/>\n<!-- \/ Yoast SEO Premium plugin. -->","yoast_head_json":{"title":"Le Mus\u00e9e de la civilisation se dote d'un poste de conseiller aux affaires autochtones au sein de son \u00e9quipe - Communiqu\u00e9 de presse | Mus\u00e9e de la civilisation","description":"Le Mus\u00e9e de la civilisation se dote d'un poste de conseiller aux affaires autochtones au sein de son \u00e9quipe- communiqu\u00e9 de presse du Mus\u00e9e de la civilisation \u00e0 Qu\u00e9bec.","robots":{"index":"index","follow":"follow","max-snippet":"max-snippet:-1","max-image-preview":"max-image-preview:large","max-video-preview":"max-video-preview:-1"},"canonical":"https:\/\/mcq.org\/en\/a-propos\/medias\/communiques\/le-musee-de-la-civilisation-se-dote-dun-poste-de-conseiller-aux-affaires-autochtones-au-sein-de-son-equipe\/","og_locale":"en_US","og_type":"article","og_title":"Le Mus\u00e9e de la civilisation se dote d'un poste de conseiller aux affaires autochtones au sein de son \u00e9quipe - Communiqu\u00e9 de presse | Mus\u00e9e de la civilisation","og_description":"Le Mus\u00e9e de la civilisation se dote d'un poste de conseiller aux affaires autochtones au sein de son \u00e9quipe- communiqu\u00e9 de presse du Mus\u00e9e de la civilisation \u00e0 Qu\u00e9bec.","og_url":"https:\/\/mcq.org\/en\/a-propos\/medias\/communiques\/le-musee-de-la-civilisation-se-dote-dun-poste-de-conseiller-aux-affaires-autochtones-au-sein-de-son-equipe\/","og_site_name":"Mus\u00e9e de la civilisation","article_publisher":"https:\/\/www.facebook.com\/mcqorg","article_modified_time":"2023-05-25T21:26:39+00:00","og_image":[{"width":600,"height":600,"url":"https:\/\/mcq.org\/wp-content\/uploads\/2023\/05\/envolee-noiretblanc-presse-600x600-1.jpg","type":"image\/jpeg"}],"twitter_card":"summary_large_image","twitter_site":"@mcqorg","twitter_misc":{"Est. reading time":"3 minutes"},"schema":{"@context":"https:\/\/schema.org","@graph":[{"@type":"WebPage","@id":"https:\/\/mcq.org\/en\/a-propos\/medias\/communiques\/le-musee-de-la-civilisation-se-dote-dun-poste-de-conseiller-aux-affaires-autochtones-au-sein-de-son-equipe\/","url":"https:\/\/mcq.org\/en\/a-propos\/medias\/communiques\/le-musee-de-la-civilisation-se-dote-dun-poste-de-conseiller-aux-affaires-autochtones-au-sein-de-son-equipe\/","name":"Le Mus\u00e9e de la civilisation se dote d'un poste de conseiller aux affaires autochtones au sein de son \u00e9quipe - Communiqu\u00e9 de presse | Mus\u00e9e de la civilisation","isPartOf":{"@id":"https:\/\/mcq.org\/en\/#website"},"primaryImageOfPage":{"@id":"https:\/\/mcq.org\/en\/a-propos\/medias\/communiques\/le-musee-de-la-civilisation-se-dote-dun-poste-de-conseiller-aux-affaires-autochtones-au-sein-de-son-equipe\/#primaryimage"},"image":{"@id":"https:\/\/mcq.org\/en\/a-propos\/medias\/communiques\/le-musee-de-la-civilisation-se-dote-dun-poste-de-conseiller-aux-affaires-autochtones-au-sein-de-son-equipe\/#primaryimage"},"thumbnailUrl":"https:\/\/mcq.org\/wp-content\/uploads\/2023\/05\/envolee-noiretblanc-presse-600x600-1.jpg","datePublished":"2021-02-11T22:34:00+00:00","dateModified":"2023-05-25T21:26:39+00:00","description":"Le Mus\u00e9e de la civilisation se dote d'un poste de conseiller aux affaires autochtones au sein de son \u00e9quipe- communiqu\u00e9 de presse du Mus\u00e9e de la civilisation \u00e0 Qu\u00e9bec.","breadcrumb":{"@id":"https:\/\/mcq.org\/en\/a-propos\/medias\/communiques\/le-musee-de-la-civilisation-se-dote-dun-poste-de-conseiller-aux-affaires-autochtones-au-sein-de-son-equipe\/#breadcrumb"},"inLanguage":"en-US","potentialAction":[{"@type":"ReadAction","target":["https:\/\/mcq.org\/en\/a-propos\/medias\/communiques\/le-musee-de-la-civilisation-se-dote-dun-poste-de-conseiller-aux-affaires-autochtones-au-sein-de-son-equipe\/"]}]},{"@type":"ImageObject","inLanguage":"en-US","@id":"https:\/\/mcq.org\/en\/a-propos\/medias\/communiques\/le-musee-de-la-civilisation-se-dote-dun-poste-de-conseiller-aux-affaires-autochtones-au-sein-de-son-equipe\/#primaryimage","url":"https:\/\/mcq.org\/wp-content\/uploads\/2023\/05\/envolee-noiretblanc-presse-600x600-1.jpg","contentUrl":"https:\/\/mcq.org\/wp-content\/uploads\/2023\/05\/envolee-noiretblanc-presse-600x600-1.jpg","width":600,"height":600,"caption":"Photo en noir et blanc de l'oeuvre d'art l'Envol\u00e9e de l\u2019artiste Hanna Claus form\u00e9e de beaucoup de pastilles de papier blanc supsendues."},{"@type":"BreadcrumbList","@id":"https:\/\/mcq.org\/en\/a-propos\/medias\/communiques\/le-musee-de-la-civilisation-se-dote-dun-poste-de-conseiller-aux-affaires-autochtones-au-sein-de-son-equipe\/#breadcrumb","itemListElement":[{"@type":"ListItem","position":1,"name":"Home","item":"https:\/\/mcq.org\/en\/"},{"@type":"ListItem","position":2,"name":"Communiqu\u00e9s presse","item":"https:\/\/mcq.org\/en\/a-propos\/medias\/communiques\/"},{"@type":"ListItem","position":3,"name":"Le Mus\u00e9e de la civilisation se dote d&rsquo;un poste de conseiller aux affaires autochtones au sein de son \u00e9quipe"}]},{"@type":"WebSite","@id":"https:\/\/mcq.org\/en\/#website","url":"https:\/\/mcq.org\/en\/","name":"Mus\u00e9e de la civilisation","description":"Le Mus\u00e9e de la civilisation explore les diff\u00e9rentes facettes de la r\u00e9alit\u00e9 humaine avec sa d\u00e9marche unique qui combine enchantement, connaissance et r\u00e9flexion.","publisher":{"@id":"https:\/\/mcq.org\/en\/#organization"},"alternateName":"MCQ","potentialAction":[{"@type":"SearchAction","target":{"@type":"EntryPoint","urlTemplate":"https:\/\/mcq.org\/en\/?s={search_term_string}"},"query-input":{"@type":"PropertyValueSpecification","valueRequired":true,"valueName":"search_term_string"}}],"inLanguage":"en-US"},{"@type":"Organization","@id":"https:\/\/mcq.org\/en\/#organization","name":"Mus\u00e9e de la civilisation","alternateName":"MCQ","url":"https:\/\/mcq.org\/en\/","logo":{"@type":"ImageObject","inLanguage":"en-US","@id":"https:\/\/mcq.org\/en\/#\/schema\/logo\/image\/","url":"https:\/\/mcq.org\/wp-content\/uploads\/2023\/04\/logo-mcq-300x123-1.png","contentUrl":"https:\/\/mcq.org\/wp-content\/uploads\/2023\/04\/logo-mcq-300x123-1.png","width":300,"height":123,"caption":"Mus\u00e9e de la civilisation"},"image":{"@id":"https:\/\/mcq.org\/en\/#\/schema\/logo\/image\/"},"sameAs":["https:\/\/www.facebook.com\/mcqorg","https:\/\/x.com\/mcqorg","https:\/\/www.instagram.com\/mcqorg\/","https:\/\/www.linkedin.com\/company\/mcqorg\/"]}]}},"_links":{"self":[{"href":"https:\/\/mcq.org\/en\/wp-json\/wp\/v2\/presse\/2488","targetHints":{"allow":["GET"]}}],"collection":[{"href":"https:\/\/mcq.org\/en\/wp-json\/wp\/v2\/presse"}],"about":[{"href":"https:\/\/mcq.org\/en\/wp-json\/wp\/v2\/types\/presse"}],"version-history":[{"count":5,"href":"https:\/\/mcq.org\/en\/wp-json\/wp\/v2\/presse\/2488\/revisions"}],"predecessor-version":[{"id":6003,"href":"https:\/\/mcq.org\/en\/wp-json\/wp\/v2\/presse\/2488\/revisions\/6003"}],"wp:featuredmedia":[{"embeddable":true,"href":"https:\/\/mcq.org\/en\/wp-json\/wp\/v2\/media\/5995"}],"wp:attachment":[{"href":"https:\/\/mcq.org\/en\/wp-json\/wp\/v2\/media?parent=2488"}],"wp:term":[{"taxonomy":"comm-tax","embeddable":true,"href":"https:\/\/mcq.org\/en\/wp-json\/wp\/v2\/comm-tax?post=2488"}],"curies":[{"name":"wp","href":"https:\/\/api.w.org\/{rel}","templated":true}]}}