{"id":2478,"date":"2021-11-17T16:49:08","date_gmt":"2021-11-17T21:49:08","guid":{"rendered":"https:\/\/prod.mcq.org\/?post_type=presse&#038;p=2478"},"modified":"2023-05-11T11:46:04","modified_gmt":"2023-05-11T15:46:04","slug":"pompei-cite-immortelle-une-experience-museale-riche-dhistoire-et-demotions","status":"publish","type":"presse","link":"https:\/\/mcq.org\/en\/a-propos\/medias\/communiques\/pompei-cite-immortelle-une-experience-museale-riche-dhistoire-et-demotions\/","title":{"rendered":"Pomp\u00e9i. Cit\u00e9 immortelle. Une exp\u00e9rience mus\u00e9ale riche d&#8217;histoire et d&#8217;\u00e9motions."},"content":{"rendered":"<div  class=\"container contenu-centre\">\n  <div class=\"row justify-content-center\">\n    <div class=\"col-lg-10 col-xl-8\">\n      \n        \n\n<p>Apr\u00e8s des si\u00e8cles de dormance, la fascinante cit\u00e9 de Pomp\u00e9i s&#8217;est r\u00e9v\u00e9l\u00e9e, peu \u00e0 peu, \u00e0 partir du 18e si\u00e8cle. Au fil des d\u00e9cennies, le site est devenu une r\u00e9f\u00e9rence en mati\u00e8re de fouilles arch\u00e9ologiques gr\u00e2ce au d\u00e9veloppement des techniques et de la rigueur scientifique qui ont lev\u00e9 le voile sur le quotidien de ces femmes et de ces hommes dont la vie s&#8217;est abruptement arr\u00eat\u00e9e en l&#8217;an 79.<\/p>\n<p>Le Mus\u00e9e de la civilisation propose de d\u00e9couvrir la richesse de leur savoir et de leur raffinement juste avant de vivre la funeste \u00e9ruption du V\u00e9suve en parcourant l&#8217;exposition <em>Pomp\u00e9i. Cit\u00e9 immortelle<\/em> pr\u00e9sent\u00e9e en exclusivit\u00e9 canadienne jusqu&#8217;au 11 septembre 2022.&nbsp; <em>Une exposition con\u00e7ue par Tempora&nbsp;en partenariat avec&nbsp;Civita&nbsp;et EDG, bas\u00e9e sur le projet scientifique du&nbsp;Mus\u00e9e Galileo de Florence&nbsp;avec la collaboration du Mus\u00e9e Arch\u00e9ologique National de Naples&nbsp;et du Parc Arch\u00e9ologique de Pomp\u00e9i. Adapt\u00e9e par le Mus\u00e9e de la civilisation avec le soutien financier du minist\u00e8re de la Culture et des Communications, l&#8217;exposition est pr\u00e9sent\u00e9e par le Groupe Urgence Sinistre (GUS) et propuls\u00e9e par ICI Explora.<\/em><\/p>\n<p>Muni d&#8217;un audioguide pr\u00e9alablement install\u00e9 sur son t\u00e9l\u00e9phone intelligent via l&#8217;application <em>Mon MCQ<\/em>, le visiteur est guid\u00e9 par cinq membres de la famille de Caius Cuspius Pensa \u00e0 travers la ville en pleine reconstruction, \u00e0 la suite d&#8217;un tremblement de terre en 62. Selon leurs occupations respectives, ces personnages brossent une trame historique passionnante d\u00e9ploy\u00e9e en sept th\u00e9matiques qui mettent en lumi\u00e8re quelque 110 pr\u00e9cieux artefacts, provenant du site arch\u00e9ologique de Pomp\u00e9i et du Mus\u00e9e Arch\u00e9ologique National de Naples. Un fabuleux corpus gr\u00e2ce auquel on prend conscience de la vaste connaissance des Romains \u00e0 l&#8217;\u00e9gard de la nature, de l&#8217;utilisation des ressources naturelles qui les entourent ainsi que de leur sophistication scientifique et technique illustr\u00e9e notamment par les maquettes d&#8217;une grue, d&#8217;une roue hydraulique et d&#8217;une coque de navire.<\/p>\n<h3><strong>Vivre l&#8217;\u00e9ruption du V\u00e9suve et la disparition abrupte de Pomp\u00e9i<\/strong><\/h3>\n<p>La cit\u00e9 florissante de Pomp\u00e9i entre dans la l\u00e9gende pour les si\u00e8cles \u00e0 venir au moment o\u00f9 le V\u00e9suve d\u00e9ferle, \u00e0 une vitesse foudroyante, des coul\u00e9es de lave br\u00fblantes et des nuages de cendres d\u00e9truisant tout sur leur passage. L&#8217;installation immersive en 360 degr\u00e9s, o\u00f9 les b\u00e2timents s&#8217;effondrent et la terre vibre sous les pieds du visiteur, \u00e9voque avec une grande conviction cette force d\u00e9vastatrice. On comprend avec beaucoup d&#8217;\u00e9motion que les habitants n&#8217;ont eu aucune chance de s&#8217;en sortir \u00e0 la vue de l&#8217;installation de quatre moulages de corps p\u00e9trifi\u00e9s. Une conclusion qui suscite in\u00e9vitablement le recueillement.<\/p>\n<h3><strong>Citations&nbsp;:<\/strong><\/h3>\n<p>\u00ab&nbsp;C&#8217;est un immense privil\u00e8ge d&#8217;offrir \u00e0 nos visiteurs une exposition poss\u00e9dant une symbolique historique aussi riche et une charge \u00e9motionnelle aussi profonde. La mise en valeur des d&#8217;objets s&#8217;inscrit dans un v\u00e9ritable voyage dans le temps gr\u00e2ce \u00e0 un d\u00e9ploiement technologique ing\u00e9nieux et saisissant de r\u00e9alisme qui place l&#8217;humain au centre du propos. C&#8217;est une exposition phare qui confirme les assises du Mus\u00e9e sur la sc\u00e8ne internationale et saura certainement contribuer \u00e0 la relance culturelle, \u00e9conomique et touristique du Qu\u00e9bec apr\u00e8s la difficile p\u00e9riode des mois derniers. \u00bb &#8211;&nbsp;<em>St\u00e9phan La Roche, pr\u00e9sident-directeur g\u00e9n\u00e9ral<\/em><\/p>\n<p>\u00ab Cette exposition constitue un bel exemple de notre expertise qui est de traduire des donn\u00e9es scientifiques et des souhaits de conservateurs en cr\u00e9ant des espaces narratifs et des environnements attrayants&nbsp;pour faire de l&#8217;exp\u00e9rience du visiteur, un moment inoubliable. Elle repr\u00e9sente \u00e9galement les complicit\u00e9s qui lient le Mus\u00e9e de la civilisation et <em>Tempora<\/em> depuis plusieurs ann\u00e9es ainsi que la communaut\u00e9 d&#8217;esprit et l&#8217;\u00e9thique de la mission mus\u00e9ale que nous partageons. Je tiens \u00e0 remercier les deux grandes institutions italiennes qui nous ont confi\u00e9 leurs tr\u00e9sors et celles qui les re\u00e7oivent avec un immense respect et une grande rigueur telle le Mus\u00e9e de la civilisation. \u00bb &#8211;&nbsp;<em>Benoit Remiche, fondateur et administrateur d\u00e9l\u00e9gu\u00e9, Tempora<\/em><\/p>\n<p>\u00ab&nbsp;C&#8217;est un honneur pour nous de s&#8217;associer \u00e0 cette exposition d&#8217;envergure \u00e0 titre de partenaire pr\u00e9sentateur. La restauration apr\u00e8s sinistre est l&#8217;art de faire rena\u00eetre tout objet ou structure ayant subi un dommage et ce faisant, de pr\u00e9server son histoire. En tant qu&#8217;entreprise sp\u00e9cialis\u00e9e dans le domaine depuis plus de 30 ans, notre collaboration \u00e0 cette magnifique r\u00e9alisation portant sur l&#8217;un des plus imposants chantiers de restauration apr\u00e8s sinistre au monde \u00e9tait pour nous une \u00e9vidence. Je tiens \u00e0 f\u00e9liciter tous ceux et celles qui y ont travaill\u00e9 et \u00e0 remercier le Mus\u00e9e de nous avoir permis d&#8217;y prendre part. \u00bb<em>&nbsp; &#8211; Ren\u00e9-Charles Landry, pr\u00e9sident de GUS.<\/em><\/p>\n<h3><strong>Faits saillants<\/strong><\/h3>\n<p>Les 110 tr\u00e9sors italiens \u2013 objets du quotidien, fresques, bijoux, sculptures, pain p\u00e9trifi\u00e9, amphores, moulages de corps p\u00e9trifi\u00e9s&nbsp;\u2013 sont d\u00e9ploy\u00e9s selon sept (7) zones th\u00e9matiques&nbsp;:<\/p>\n<ul>\n<li><em>Pomp\u00e9i, cit\u00e9 romaine<\/em><\/li>\n<li><em>Un peuple d&#8217;artisans et de techniciens<\/em><\/li>\n<li><em>Les ressources naturelles<\/em><\/li>\n<li><em>Des sciences utiles<\/em><\/li>\n<li><em>L&#8217;\u00e9ruption du V\u00e9suve<\/em> (immersion 360 degr\u00e9s)<\/li>\n<li><em>Pline l&#8217;Ancien<\/em><\/li>\n<li><em>Ils sont toujours parmi nous<\/em><\/li>\n<\/ul>\n<p>La sc\u00e9nographie enveloppante juxtapose des photos surdimensionn\u00e9es des ruines de Pomp\u00e9i \u00e0 des dispositifs multim\u00e9dias entra\u00eenant le visiteur \u00e0 la rencontre des habitants de la cit\u00e9.<\/p>\n<p>Une vitrine, con\u00e7ue par la sc\u00e9nographe V\u00e9ronique Bertrand, \u00e9voque les 4 m\u00e8tres de d\u00e9p\u00f4ts volcaniques tomb\u00e9s dans le secteur de la grande palestre \u00e0 Pomp\u00e9i, lors de l&#8217;\u00e9ruption. Un bel ajout du Mus\u00e9e de la civilisation.<\/p>\n<p>Un espace \u00e9ducatif compl\u00e8te l&#8217;exposition en invitant les petits et grands visiteurs \u00e0 d\u00e9couvrir l&#8217;\u00e9volution des techniques utilis\u00e9es en arch\u00e9ologie gr\u00e2ce \u00e0 une table interactive sans contact.<\/p>\n<p>Une riche programmation d&#8217;activit\u00e9s de m\u00e9diation culturelle et \u00e9ducative&nbsp;a \u00e9t\u00e9 concoct\u00e9e incluant 4 conf\u00e9rences avec l&#8217;historienne Evelyne Ferron, la <a href=\"\/decouvrir\/webseries\/\">Webs\u00e9rie <em>D\u00e9coder le monde<\/em> <\/a>qui se penchera sur des enjeux contemporains reli\u00e9s \u00e0 Pomp\u00e9i et l&#8217;atelier-famille, <em>Enqu\u00eate \u00e0 Pomp\u00e9i<\/em>. Les guides-animateurs offriront des capsules d&#8217;animation, en salle, selon des th\u00e8mes pr\u00e9cis comme l&#8217;alimentation, la m\u00e9decine et l&#8217;habitation.<\/p>\n<p><strong>Quelques \u00e9l\u00e9ments r\u00e9v\u00e9l\u00e9s par les fouilles r\u00e9centes&nbsp;:<\/strong><\/p>\n<ul>\n<li>Au tournant du 20<sup>e<\/sup> si\u00e8cle, une trentaine de villas ont \u00e9t\u00e9 mises au jour en banlieue nord de Pomp\u00e9i. La maquette pr\u00e9sent\u00e9e dans l&#8217;exposition repr\u00e9sente celle de Lucius Caecilius luncundus, un c\u00e9l\u00e8bre banquier de la cit\u00e9. D&#8217;apr\u00e8s le volume de r\u00e9cipients trouv\u00e9s dans la cave \u00e0 vin, on estime qu&#8217;il exploitait une terre de 24 hectares.&nbsp;<\/li>\n<li>Il y avait une trentaine de boulangeries \u00e0 Pomp\u00e9i. La forme la plus courante du pain \u00e9tait une miche ronde pr\u00e9-divis\u00e9e en 8 parts. Un pain p\u00e9trifi\u00e9 retrouv\u00e9 dans les d\u00e9combres est pr\u00e9sent\u00e9 dans l&#8217;exposition.&nbsp;<\/li>\n<li>13&nbsp;ateliers de production d&#8217;objets en m\u00e9tal ont \u00e9t\u00e9 recens\u00e9s dans la ville.&nbsp;<\/li>\n<li>Pomp\u00e9i est ordonn\u00e9e en \u00eelots, eux-m\u00eames regroup\u00e9s en quartier, ce qui indique une pr\u00e9occupation d&#8217;am\u00e9nagement du territoire.<\/li>\n<\/ul>\n<p>Le commissaire de l&#8217;exposition originale est Giovanni de Pasquale.<\/p>\n<p><\/p>\n<p><strong>Liens connexes&nbsp;:<\/strong><\/p>\n<p>Mus\u00e9e arch\u00e9ologique de Naples&nbsp;: <a href=\"http:\/\/www.rome-museum.com\/fr\/musee-archeologique-national-naples\">www.rome-museum.com\/fr\/musee-archeologique-national-naples<\/a><\/p>\n<p>Parc arch\u00e9ologique de Pomp\u00e9i&nbsp;: <a href=\"http:\/\/www.pompeiisites.org\">www.pompeiisites.org<\/a><\/p>\n<p>Mus\u00e9e Galileo de Florence&nbsp;: <a href=\"http:\/\/www.museogalileo.it\/it\">www.museogalileo.it\/it<\/a><\/p>\n<p>Tempora&nbsp;: <a href=\"http:\/\/www.tempora-expo.be\/fr\">www.tempora-expo.be\/fr<\/a><\/p>\n<p><\/p>\n<p><strong>Relations de presse&nbsp;:<\/strong><\/p>\n<p><strong>Qu\u00e9bec&nbsp;:<br><\/strong>Agn\u00e8s Dufour, 418&nbsp;643-2158 poste 433; courriel&nbsp;: <a href=\"mailto:agnes.dufour@mcq.org\">agnes.dufour@mcq.org<\/a><br>Anne-Sophie Desmeules&nbsp;: 418&nbsp;643-2158, poste 208; courriel&nbsp;:<a href=\"mailto:anne-sophie.desmeules@mcq.org\">anne-sophie.desmeules@mcq.org<\/a><\/p>\n<p><strong>Montr\u00e9al&nbsp;:<br><\/strong>Rosemonde Gingras&nbsp;: 514&nbsp;458-8355; courriel&nbsp;: <a href=\"mailto:rosemonde@rosemondecommunications.com\">rosemonde@rosemondecommunications.com<\/a><\/p>\n<p class=\"vignette\">Publi\u00e9 le 17 novembre 2021<\/p>\n\n\n          <\/div>\n  <\/div>\n<\/div>","protected":false},"excerpt":{"rendered":"","protected":false},"featured_media":2559,"parent":0,"menu_order":0,"template":"","comm-tax":[8],"class_list":["post-2478","presse","type-presse","status-publish","has-post-thumbnail","hentry","comm-tax-communique"],"acf":[],"yoast_head":"<!-- This site is optimized with the Yoast SEO Premium plugin v27.3 (Yoast SEO v27.3) - https:\/\/yoast.com\/product\/yoast-seo-premium-wordpress\/ -->\n<title>Pomp\u00e9i. Cit\u00e9 immortelle. Une exp\u00e9rience mus\u00e9ale riche d&#039;histoire et d&#039;\u00e9motions. - Communiqu\u00e9 de presse | Mus\u00e9e de la civilisation<\/title>\n<meta name=\"description\" content=\"Pomp\u00e9i. Cit\u00e9 immortelle. Une exp\u00e9rience mus\u00e9ale riche d&#039;histoire et d&#039;\u00e9motions.- communiqu\u00e9 de presse du Mus\u00e9e de la civilisation \u00e0 Qu\u00e9bec.\" \/>\n<meta name=\"robots\" content=\"index, follow, max-snippet:-1, max-image-preview:large, max-video-preview:-1\" \/>\n<link rel=\"canonical\" href=\"https:\/\/mcq.org\/en\/a-propos\/medias\/communiques\/pompei-cite-immortelle-une-experience-museale-riche-dhistoire-et-demotions\/\" \/>\n<meta property=\"og:locale\" content=\"en_US\" \/>\n<meta property=\"og:type\" content=\"article\" \/>\n<meta property=\"og:title\" content=\"Pomp\u00e9i. Cit\u00e9 immortelle. Une exp\u00e9rience mus\u00e9ale riche d&#039;histoire et d&#039;\u00e9motions. - Communiqu\u00e9 de presse | Mus\u00e9e de la civilisation\" \/>\n<meta property=\"og:description\" content=\"Pomp\u00e9i. Cit\u00e9 immortelle. Une exp\u00e9rience mus\u00e9ale riche d&#039;histoire et d&#039;\u00e9motions.- communiqu\u00e9 de presse du Mus\u00e9e de la civilisation \u00e0 Qu\u00e9bec.\" \/>\n<meta property=\"og:url\" content=\"https:\/\/mcq.org\/en\/a-propos\/medias\/communiques\/pompei-cite-immortelle-une-experience-museale-riche-dhistoire-et-demotions\/\" \/>\n<meta property=\"og:site_name\" content=\"Mus\u00e9e de la civilisation\" \/>\n<meta property=\"article:publisher\" content=\"https:\/\/www.facebook.com\/mcqorg\" \/>\n<meta property=\"article:modified_time\" content=\"2023-05-11T15:46:04+00:00\" \/>\n<meta property=\"og:image\" content=\"https:\/\/mcq.org\/wp-content\/uploads\/2023\/05\/visiteurs-escaliers-est-hall-600x600.jpg?ver=1686319410\" \/>\n\t<meta property=\"og:image:width\" content=\"600\" \/>\n\t<meta property=\"og:image:height\" content=\"600\" \/>\n\t<meta property=\"og:image:type\" content=\"image\/jpeg\" \/>\n<meta name=\"twitter:card\" content=\"summary_large_image\" \/>\n<meta name=\"twitter:site\" content=\"@mcqorg\" \/>\n<meta name=\"twitter:label1\" content=\"Est. reading time\" \/>\n\t<meta name=\"twitter:data1\" content=\"6 minutes\" \/>\n<!-- \/ Yoast SEO Premium plugin. -->","yoast_head_json":{"title":"Pomp\u00e9i. Cit\u00e9 immortelle. Une exp\u00e9rience mus\u00e9ale riche d'histoire et d'\u00e9motions. - Communiqu\u00e9 de presse | Mus\u00e9e de la civilisation","description":"Pomp\u00e9i. Cit\u00e9 immortelle. Une exp\u00e9rience mus\u00e9ale riche d'histoire et d'\u00e9motions.- communiqu\u00e9 de presse du Mus\u00e9e de la civilisation \u00e0 Qu\u00e9bec.","robots":{"index":"index","follow":"follow","max-snippet":"max-snippet:-1","max-image-preview":"max-image-preview:large","max-video-preview":"max-video-preview:-1"},"canonical":"https:\/\/mcq.org\/en\/a-propos\/medias\/communiques\/pompei-cite-immortelle-une-experience-museale-riche-dhistoire-et-demotions\/","og_locale":"en_US","og_type":"article","og_title":"Pomp\u00e9i. Cit\u00e9 immortelle. Une exp\u00e9rience mus\u00e9ale riche d'histoire et d'\u00e9motions. - Communiqu\u00e9 de presse | Mus\u00e9e de la civilisation","og_description":"Pomp\u00e9i. Cit\u00e9 immortelle. Une exp\u00e9rience mus\u00e9ale riche d'histoire et d'\u00e9motions.- communiqu\u00e9 de presse du Mus\u00e9e de la civilisation \u00e0 Qu\u00e9bec.","og_url":"https:\/\/mcq.org\/en\/a-propos\/medias\/communiques\/pompei-cite-immortelle-une-experience-museale-riche-dhistoire-et-demotions\/","og_site_name":"Mus\u00e9e de la civilisation","article_publisher":"https:\/\/www.facebook.com\/mcqorg","article_modified_time":"2023-05-11T15:46:04+00:00","og_image":[{"width":600,"height":600,"url":"https:\/\/mcq.org\/wp-content\/uploads\/2023\/05\/visiteurs-escaliers-est-hall-600x600.jpg?ver=1686319410","type":"image\/jpeg"}],"twitter_card":"summary_large_image","twitter_site":"@mcqorg","twitter_misc":{"Est. reading time":"6 minutes"},"schema":{"@context":"https:\/\/schema.org","@graph":[{"@type":"WebPage","@id":"https:\/\/mcq.org\/en\/a-propos\/medias\/communiques\/pompei-cite-immortelle-une-experience-museale-riche-dhistoire-et-demotions\/","url":"https:\/\/mcq.org\/en\/a-propos\/medias\/communiques\/pompei-cite-immortelle-une-experience-museale-riche-dhistoire-et-demotions\/","name":"Pomp\u00e9i. Cit\u00e9 immortelle. Une exp\u00e9rience mus\u00e9ale riche d'histoire et d'\u00e9motions. - Communiqu\u00e9 de presse | Mus\u00e9e de la civilisation","isPartOf":{"@id":"https:\/\/mcq.org\/en\/#website"},"primaryImageOfPage":{"@id":"https:\/\/mcq.org\/en\/a-propos\/medias\/communiques\/pompei-cite-immortelle-une-experience-museale-riche-dhistoire-et-demotions\/#primaryimage"},"image":{"@id":"https:\/\/mcq.org\/en\/a-propos\/medias\/communiques\/pompei-cite-immortelle-une-experience-museale-riche-dhistoire-et-demotions\/#primaryimage"},"thumbnailUrl":"https:\/\/mcq.org\/wp-content\/uploads\/2023\/05\/visiteurs-escaliers-est-hall-600x600.jpg?ver=1686319410","datePublished":"2021-11-17T21:49:08+00:00","dateModified":"2023-05-11T15:46:04+00:00","description":"Pomp\u00e9i. Cit\u00e9 immortelle. Une exp\u00e9rience mus\u00e9ale riche d'histoire et d'\u00e9motions.- communiqu\u00e9 de presse du Mus\u00e9e de la civilisation \u00e0 Qu\u00e9bec.","breadcrumb":{"@id":"https:\/\/mcq.org\/en\/a-propos\/medias\/communiques\/pompei-cite-immortelle-une-experience-museale-riche-dhistoire-et-demotions\/#breadcrumb"},"inLanguage":"en-US","potentialAction":[{"@type":"ReadAction","target":["https:\/\/mcq.org\/en\/a-propos\/medias\/communiques\/pompei-cite-immortelle-une-experience-museale-riche-dhistoire-et-demotions\/"]}]},{"@type":"ImageObject","inLanguage":"en-US","@id":"https:\/\/mcq.org\/en\/a-propos\/medias\/communiques\/pompei-cite-immortelle-une-experience-museale-riche-dhistoire-et-demotions\/#primaryimage","url":"https:\/\/mcq.org\/wp-content\/uploads\/2023\/05\/visiteurs-escaliers-est-hall-600x600.jpg?ver=1686319410","contentUrl":"https:\/\/mcq.org\/wp-content\/uploads\/2023\/05\/visiteurs-escaliers-est-hall-600x600.jpg?ver=1686319410","width":600,"height":600,"caption":"Groupe de visiteurs grimpant les escaliers du hall sous la verri\u00e8re."},{"@type":"BreadcrumbList","@id":"https:\/\/mcq.org\/en\/a-propos\/medias\/communiques\/pompei-cite-immortelle-une-experience-museale-riche-dhistoire-et-demotions\/#breadcrumb","itemListElement":[{"@type":"ListItem","position":1,"name":"Home","item":"https:\/\/mcq.org\/en\/"},{"@type":"ListItem","position":2,"name":"Communiqu\u00e9s presse","item":"https:\/\/mcq.org\/en\/a-propos\/medias\/communiques\/"},{"@type":"ListItem","position":3,"name":"Pomp\u00e9i. Cit\u00e9 immortelle. Une exp\u00e9rience mus\u00e9ale riche d&rsquo;histoire et d&rsquo;\u00e9motions."}]},{"@type":"WebSite","@id":"https:\/\/mcq.org\/en\/#website","url":"https:\/\/mcq.org\/en\/","name":"Mus\u00e9e de la civilisation","description":"Le Mus\u00e9e de la civilisation explore les diff\u00e9rentes facettes de la r\u00e9alit\u00e9 humaine avec sa d\u00e9marche unique qui combine enchantement, connaissance et r\u00e9flexion.","publisher":{"@id":"https:\/\/mcq.org\/en\/#organization"},"alternateName":"MCQ","potentialAction":[{"@type":"SearchAction","target":{"@type":"EntryPoint","urlTemplate":"https:\/\/mcq.org\/en\/?s={search_term_string}"},"query-input":{"@type":"PropertyValueSpecification","valueRequired":true,"valueName":"search_term_string"}}],"inLanguage":"en-US"},{"@type":"Organization","@id":"https:\/\/mcq.org\/en\/#organization","name":"Mus\u00e9e de la civilisation","alternateName":"MCQ","url":"https:\/\/mcq.org\/en\/","logo":{"@type":"ImageObject","inLanguage":"en-US","@id":"https:\/\/mcq.org\/en\/#\/schema\/logo\/image\/","url":"https:\/\/mcq.org\/wp-content\/uploads\/2023\/04\/logo-mcq-300x123-1.png","contentUrl":"https:\/\/mcq.org\/wp-content\/uploads\/2023\/04\/logo-mcq-300x123-1.png","width":300,"height":123,"caption":"Mus\u00e9e de la civilisation"},"image":{"@id":"https:\/\/mcq.org\/en\/#\/schema\/logo\/image\/"},"sameAs":["https:\/\/www.facebook.com\/mcqorg","https:\/\/x.com\/mcqorg","https:\/\/www.instagram.com\/mcqorg\/","https:\/\/www.linkedin.com\/company\/mcqorg\/"]}]}},"_links":{"self":[{"href":"https:\/\/mcq.org\/en\/wp-json\/wp\/v2\/presse\/2478","targetHints":{"allow":["GET"]}}],"collection":[{"href":"https:\/\/mcq.org\/en\/wp-json\/wp\/v2\/presse"}],"about":[{"href":"https:\/\/mcq.org\/en\/wp-json\/wp\/v2\/types\/presse"}],"version-history":[{"count":6,"href":"https:\/\/mcq.org\/en\/wp-json\/wp\/v2\/presse\/2478\/revisions"}],"predecessor-version":[{"id":2599,"href":"https:\/\/mcq.org\/en\/wp-json\/wp\/v2\/presse\/2478\/revisions\/2599"}],"wp:featuredmedia":[{"embeddable":true,"href":"https:\/\/mcq.org\/en\/wp-json\/wp\/v2\/media\/2559"}],"wp:attachment":[{"href":"https:\/\/mcq.org\/en\/wp-json\/wp\/v2\/media?parent=2478"}],"wp:term":[{"taxonomy":"comm-tax","embeddable":true,"href":"https:\/\/mcq.org\/en\/wp-json\/wp\/v2\/comm-tax?post=2478"}],"curies":[{"name":"wp","href":"https:\/\/api.w.org\/{rel}","templated":true}]}}