{"id":2462,"date":"2022-06-10T11:59:38","date_gmt":"2022-06-10T15:59:38","guid":{"rendered":"https:\/\/prod.mcq.org\/?post_type=presse&#038;p=2462"},"modified":"2023-05-25T17:25:40","modified_gmt":"2023-05-25T21:25:40","slug":"musee-de-la-civilisation-et-peuples-autochtones-une-rencontre-naturelle-et-necessaire","status":"publish","type":"presse","link":"https:\/\/mcq.org\/en\/a-propos\/medias\/communiques\/musee-de-la-civilisation-et-peuples-autochtones-une-rencontre-naturelle-et-necessaire\/","title":{"rendered":"Mus\u00e9e de la civilisation et peuples autochtones : une rencontre naturelle et n\u00e9cessaire"},"content":{"rendered":"<div  class=\"container contenu-centre\">\n  <div class=\"row justify-content-center\">\n    <div class=\"col-lg-10 col-xl-8\">\n      \n        \n\n<p>Pour c\u00e9l\u00e9brer le Mois national de l&#8217;histoire autochtone, le Mus\u00e9e invite la population \u00e0 assister \u00e0 la pi\u00e8ce de th\u00e9\u00e2tre <strong><em>L&#8217;enclos de Wabush <\/em><\/strong>et \u00e0 d\u00e9couvrir ou red\u00e9couvrir les principaux contenus, qu&#8217;il a r\u00e9alis\u00e9s au cours des derni\u00e8res ann\u00e9es, portant sur la riche culture des nations autochtones et leurs r\u00e9alit\u00e9s sur une page Web sp\u00e9cifiquement d\u00e9di\u00e9e au sujet.<\/p>\n<p><strong>Citation<\/strong><br>\u00ab Faire preuve d&#8217;\u00e9coute, chercher \u00e0 r\u00e9ellement entendre et comprendre les voix autochtones, leur pluralit\u00e9 et toutes leurs r\u00e9alit\u00e9s est un devoir de soci\u00e9t\u00e9. Comment ne pas \u00eatre touch\u00e9s, \u00e9merveill\u00e9s par ces cultures mill\u00e9naires si riches, qui ont trac\u00e9 les contours de notre territoire et qui ont impr\u00e9gn\u00e9, et continuent de le faire, l&#8217;histoire du Qu\u00e9bec et notre soci\u00e9t\u00e9. Ce d\u00e9sir de rencontre, de r\u00e9conciliation et d&#8217;\u00e9coute s&#8217;incarne dans l&#8217;approche et le d\u00e9veloppement de notre institution et ses contenus depuis longtemps, et pour longtemps encore. \u00bb <strong><em>St\u00e9phan La Roche, pr\u00e9sident-directeur g\u00e9n\u00e9ral, Mus\u00e9e de la civilisation<\/em><\/strong><\/p>\n<p><strong><em>L&#8217;enclos de Wabush<\/em><\/strong><strong>, le 16 juin, \u00e0 19 h<\/strong><br>Cette pi\u00e8ce de th\u00e9\u00e2tre, adapt\u00e9e des <em>Chroniques de Kitchike&nbsp;: la grande d\u00e9barque<\/em> de l&#8217;auteur Louis-Karl Picard-Sioui, se d\u00e9roule dans une r\u00e9serve imaginaire du sud du Qu\u00e9bec o\u00f9 sont r\u00e9unis et imbriqu\u00e9s les arch\u00e9types, les l\u00e9gendes urbaines et les tensions sociales et politiques que l&#8217;on retrouve dans les communaut\u00e9s autochtones d&#8217;aujourd&#8217;hui. Empreinte d&#8217;un esprit loufoque et corrosif, la pi\u00e8ce aborde ces th\u00e9matiques en r\u00e9v\u00e9lant aussi des r\u00e9flexions sur la nature du pouvoir et de l&#8217;univers lui-m\u00eame. Cette activit\u00e9 est gratuite, sur r\u00e9servation en ligne ou par t\u00e9l\u00e9phone.<\/p>\n<p><strong>Parmi les contenus de la page Web figurent&nbsp;:<\/strong><\/p>\n<ul>\n<li>L&#8217;exposition virtuelle sur l&#8217;art rupestre au Canada <em>Des images dans la pierre<\/em><\/li>\n<li>Un \u00e9pisode portant sur les langues autochtones\u202favec Christine Beaulieu et Melissa Mollen-Dupuis du balado <em>Avec la langue;<\/em><\/li>\n<li>L&#8217;acc\u00e8s \u00e0 l&#8217;album des collections <em>M\u00e9tissage&nbsp;<\/em>: <em>q<\/em><em>uand l&#8217;objet t\u00e9moigne d&#8217;\u00e9changes et de proximit\u00e9 culturelle<\/em><\/li>\n<li>Une visite 3D de l&#8217;exposition <a href=\"https:\/\/www.mcq.org\/fr\/exposition?id=26532\" target=\"_blank\" rel=\"noopener\"><em>C&#8217;est notre histoire. Premi\u00e8res Nations et Inuit du 21<sup>e<\/sup> si\u00e8cle<\/em><\/a> et l&#8217;activit\u00e9 en parcours <em>Mon sentier;<\/em><\/li>\n<li>Une pr\u00e9sentation de la nouvelle \u0153uvre <a href=\"https:\/\/youtu.be\/xVlItqcnowE\" target=\"_blank\" rel=\"noopener\"><em>Mon peuple dispers\u00e9<\/em><\/a> qui s&#8217;ajoute \u00e0 l&#8217;exposition <em>C&#8217;est notre histoire;<\/em><\/li>\n<li>Une pr\u00e9sentation de l&#8217;exposition <em><a href=\"\/decouvrir\/expositions\/eeyou-istchee-une-invitation-a-vivre-le-territoire\/\" target=\"_blank\" rel=\"noopener\">Eeyou Istchee : une invitation \u00e0 vivre le territoire<\/a>&nbsp;<\/em>r\u00e9cemment inaugur\u00e9e<em>;<\/em>&nbsp;<\/li>\n<li>La <a href=\"https:\/\/www.youtube.com\/watch?v=lQEBEIgOTyc\" target=\"_blank\" rel=\"noopener\">table ronde sur les pensionnats et la r\u00e9conciliation<\/a>&nbsp;organis\u00e9e par le Mus\u00e9e dans le cadre de la premi\u00e8re Journ\u00e9e nationale de la v\u00e9rit\u00e9 et de la r\u00e9conciliation, le 30 septembre 2021, r\u00e9unissant des personnes issues des communaut\u00e9s des Premi\u00e8res Nations et du milieu universitaire.<\/li>\n<li>Une pr\u00e9sentation des diff\u00e9rents items autochtones disponibles \u00e0 la boutique du Mus\u00e9e.<\/li>\n<\/ul>\n<h3><strong>Informations additionnelles<\/strong><\/h3>\n<ul>\n<li><strong>Collections<\/strong><br>Les collections du Mus\u00e9e de la civilisation refl\u00e8tent les pr\u00e9occupations sociales et sa sensibilit\u00e9 quant aux questions de repr\u00e9sentativit\u00e9, d&#8217;inclusion, de diversit\u00e9. Le Mus\u00e9e a adopt\u00e9 une nouvelle priorit\u00e9 de collectionnement&nbsp;: <em>\u00ab&nbsp;Orienter le collectionnement afin de mieux refl\u00e9ter l&#8217;histoire des revendications sociales, politiques et \u00e9conomiques des Premiers Peuples aux 20<sup>e<\/sup> et 21<sup>e<\/sup> si\u00e8cles&nbsp;\u00bb.<\/em>&nbsp;<\/li>\n<li><strong><strong>Organisation<\/strong><\/strong><br>Soucieux d&#8217;assurer une repr\u00e9sentativit\u00e9 et une implication autochtone au sein m\u00eame de son organisation, le Mus\u00e9e s&#8217;est dot\u00e9 d&#8217;un poste de Conseiller aux affaires autochtones. Matthieu Gill-Bougie, membre de la communaut\u00e9 ilnu de Mashteuiatsh et poss\u00e9dant une formation en anthropologie, a pour mandat de conseiller l&#8217;organisation \u00e0 mettre de l&#8217;avant des approches inclusives et participatives, privil\u00e9giant la concertation au regard de la production et de la diffusion de contenus autochtones.\n<p>Le Mus\u00e9e a le privil\u00e8ge de compter parmi les membres de son conseil d&#8217;administration, Nicole O&#8217;Bomsawin, membre de la nation Ab\u00e9nakise, anthropologue et mus\u00e9ologue r\u00e9put\u00e9e.&nbsp;<\/p>\n<\/li>\n<li><strong><strong><strong>Rayonnement de l&#8217;art visuel autochtone<\/strong><\/strong><\/strong>\n<p>Participation \u00e0 la s\u00e9lection de l&#8217;\u0153uvre engag\u00e9e <a href=\"https:\/\/www.quebec.ca\/nouvelles\/actualites\/details\/loeuvre-debouttes-officiellement-installee-a-lunesco-40317\"><em>Debouttes!!<\/em><\/a> de l&#8217;artiste Caroline Monet, et \u00e0 son inauguration au si\u00e8ge de l&#8217;UNESCO \u00e0 Paris.<\/p>\n<p>Pr\u00e9sence p\u00e9renne depuis 2021 de l&#8217;\u0153uvre de l&#8217;artiste huron-wendat Ludovic Boney, <em>Les Arches d&#8217;entente,<\/em> dans le Hall du Mus\u00e9e.<\/p>\n<\/li>\n<\/ul>\n<h3><strong>Relations de presse&nbsp;:<\/strong><\/h3>\n<p><strong>Qu\u00e9bec&nbsp;:<\/strong><\/p>\n<p>Anne-Sophie Desmeules&nbsp;: 418&nbsp;643-2158, poste 208; courriel&nbsp;: <a href=\"mailto:anne-sophie.desmeules@mcq.org\">anne-sophie.desmeules@mcq.org<\/a><br>Agn\u00e8s Dufour&nbsp;: 418&nbsp;643-2158, poste 433; courriel&nbsp;: <a href=\"mailto:agnes.dufour@mcq.org\">agnes.dufour@mcq.org<\/a><\/p>\n<p><strong>Montr\u00e9al&nbsp;:<\/strong><\/p>\n<p>Rosemonde Gingras&nbsp;: 514&nbsp;458-8355; courriel : <a href=\"mailto:rosemonde@rosemondecommunications.com\">rosemonde@rosemondecommunications.com<\/a><\/p>\n<p class=\"vignette\">Publi\u00e9 le 10 juin 2022<\/p>\n\n\n          <\/div>\n  <\/div>\n<\/div>","protected":false},"excerpt":{"rendered":"","protected":false},"featured_media":5943,"parent":0,"menu_order":0,"template":"","comm-tax":[8],"class_list":["post-2462","presse","type-presse","status-publish","has-post-thumbnail","hentry","comm-tax-communique"],"acf":[],"yoast_head":"<!-- This site is optimized with the Yoast SEO Premium plugin v27.3 (Yoast SEO v27.3) - https:\/\/yoast.com\/product\/yoast-seo-premium-wordpress\/ -->\n<title>Mus\u00e9e de la civilisation et peuples autochtones : une rencontre naturelle et n\u00e9cessaire - Communiqu\u00e9 de presse | Mus\u00e9e de la civilisation<\/title>\n<meta name=\"description\" content=\"Mus\u00e9e de la civilisation et peuples autochtones : une rencontre naturelle et n\u00e9cessaire- communiqu\u00e9 de presse du Mus\u00e9e de la civilisation \u00e0 Qu\u00e9bec.\" \/>\n<meta name=\"robots\" content=\"index, follow, max-snippet:-1, max-image-preview:large, max-video-preview:-1\" \/>\n<link rel=\"canonical\" href=\"https:\/\/mcq.org\/en\/a-propos\/medias\/communiques\/musee-de-la-civilisation-et-peuples-autochtones-une-rencontre-naturelle-et-necessaire\/\" \/>\n<meta property=\"og:locale\" content=\"en_US\" \/>\n<meta property=\"og:type\" content=\"article\" \/>\n<meta property=\"og:title\" content=\"Mus\u00e9e de la civilisation et peuples autochtones : une rencontre naturelle et n\u00e9cessaire - Communiqu\u00e9 de presse | Mus\u00e9e de la civilisation\" \/>\n<meta property=\"og:description\" content=\"Mus\u00e9e de la civilisation et peuples autochtones : une rencontre naturelle et n\u00e9cessaire- communiqu\u00e9 de presse du Mus\u00e9e de la civilisation \u00e0 Qu\u00e9bec.\" \/>\n<meta property=\"og:url\" content=\"https:\/\/mcq.org\/en\/a-propos\/medias\/communiques\/musee-de-la-civilisation-et-peuples-autochtones-une-rencontre-naturelle-et-necessaire\/\" \/>\n<meta property=\"og:site_name\" content=\"Mus\u00e9e de la civilisation\" \/>\n<meta property=\"article:publisher\" content=\"https:\/\/www.facebook.com\/mcqorg\" \/>\n<meta property=\"article:modified_time\" content=\"2023-05-25T21:25:40+00:00\" \/>\n<meta property=\"og:image\" content=\"https:\/\/mcq.org\/wp-content\/uploads\/2023\/05\/envolee-mcq-couleur-RPhil-600x600.jpg?ver=1685036279\" \/>\n\t<meta property=\"og:image:width\" content=\"600\" \/>\n\t<meta property=\"og:image:height\" content=\"600\" \/>\n\t<meta property=\"og:image:type\" content=\"image\/jpeg\" \/>\n<meta name=\"twitter:card\" content=\"summary_large_image\" \/>\n<meta name=\"twitter:site\" content=\"@mcqorg\" \/>\n<meta name=\"twitter:label1\" content=\"Est. reading time\" \/>\n\t<meta name=\"twitter:data1\" content=\"4 minutes\" \/>\n<!-- \/ Yoast SEO Premium plugin. -->","yoast_head_json":{"title":"Mus\u00e9e de la civilisation et peuples autochtones : une rencontre naturelle et n\u00e9cessaire - Communiqu\u00e9 de presse | Mus\u00e9e de la civilisation","description":"Mus\u00e9e de la civilisation et peuples autochtones : une rencontre naturelle et n\u00e9cessaire- communiqu\u00e9 de presse du Mus\u00e9e de la civilisation \u00e0 Qu\u00e9bec.","robots":{"index":"index","follow":"follow","max-snippet":"max-snippet:-1","max-image-preview":"max-image-preview:large","max-video-preview":"max-video-preview:-1"},"canonical":"https:\/\/mcq.org\/en\/a-propos\/medias\/communiques\/musee-de-la-civilisation-et-peuples-autochtones-une-rencontre-naturelle-et-necessaire\/","og_locale":"en_US","og_type":"article","og_title":"Mus\u00e9e de la civilisation et peuples autochtones : une rencontre naturelle et n\u00e9cessaire - Communiqu\u00e9 de presse | Mus\u00e9e de la civilisation","og_description":"Mus\u00e9e de la civilisation et peuples autochtones : une rencontre naturelle et n\u00e9cessaire- communiqu\u00e9 de presse du Mus\u00e9e de la civilisation \u00e0 Qu\u00e9bec.","og_url":"https:\/\/mcq.org\/en\/a-propos\/medias\/communiques\/musee-de-la-civilisation-et-peuples-autochtones-une-rencontre-naturelle-et-necessaire\/","og_site_name":"Mus\u00e9e de la civilisation","article_publisher":"https:\/\/www.facebook.com\/mcqorg","article_modified_time":"2023-05-25T21:25:40+00:00","og_image":[{"width":600,"height":600,"url":"https:\/\/mcq.org\/wp-content\/uploads\/2023\/05\/envolee-mcq-couleur-RPhil-600x600.jpg?ver=1685036279","type":"image\/jpeg"}],"twitter_card":"summary_large_image","twitter_site":"@mcqorg","twitter_misc":{"Est. reading time":"4 minutes"},"schema":{"@context":"https:\/\/schema.org","@graph":[{"@type":"WebPage","@id":"https:\/\/mcq.org\/en\/a-propos\/medias\/communiques\/musee-de-la-civilisation-et-peuples-autochtones-une-rencontre-naturelle-et-necessaire\/","url":"https:\/\/mcq.org\/en\/a-propos\/medias\/communiques\/musee-de-la-civilisation-et-peuples-autochtones-une-rencontre-naturelle-et-necessaire\/","name":"Mus\u00e9e de la civilisation et peuples autochtones : une rencontre naturelle et n\u00e9cessaire - Communiqu\u00e9 de presse | Mus\u00e9e de la civilisation","isPartOf":{"@id":"https:\/\/mcq.org\/en\/#website"},"primaryImageOfPage":{"@id":"https:\/\/mcq.org\/en\/a-propos\/medias\/communiques\/musee-de-la-civilisation-et-peuples-autochtones-une-rencontre-naturelle-et-necessaire\/#primaryimage"},"image":{"@id":"https:\/\/mcq.org\/en\/a-propos\/medias\/communiques\/musee-de-la-civilisation-et-peuples-autochtones-une-rencontre-naturelle-et-necessaire\/#primaryimage"},"thumbnailUrl":"https:\/\/mcq.org\/wp-content\/uploads\/2023\/05\/envolee-mcq-couleur-RPhil-600x600.jpg?ver=1685036279","datePublished":"2022-06-10T15:59:38+00:00","dateModified":"2023-05-25T21:25:40+00:00","description":"Mus\u00e9e de la civilisation et peuples autochtones : une rencontre naturelle et n\u00e9cessaire- communiqu\u00e9 de presse du Mus\u00e9e de la civilisation \u00e0 Qu\u00e9bec.","breadcrumb":{"@id":"https:\/\/mcq.org\/en\/a-propos\/medias\/communiques\/musee-de-la-civilisation-et-peuples-autochtones-une-rencontre-naturelle-et-necessaire\/#breadcrumb"},"inLanguage":"en-US","potentialAction":[{"@type":"ReadAction","target":["https:\/\/mcq.org\/en\/a-propos\/medias\/communiques\/musee-de-la-civilisation-et-peuples-autochtones-une-rencontre-naturelle-et-necessaire\/"]}]},{"@type":"ImageObject","inLanguage":"en-US","@id":"https:\/\/mcq.org\/en\/a-propos\/medias\/communiques\/musee-de-la-civilisation-et-peuples-autochtones-une-rencontre-naturelle-et-necessaire\/#primaryimage","url":"https:\/\/mcq.org\/wp-content\/uploads\/2023\/05\/envolee-mcq-couleur-RPhil-600x600.jpg?ver=1685036279","contentUrl":"https:\/\/mcq.org\/wp-content\/uploads\/2023\/05\/envolee-mcq-couleur-RPhil-600x600.jpg?ver=1685036279","width":600,"height":600,"caption":"Oeuvre d'art l'Envol\u00e9e de l\u2019artiste Hanna Claus form\u00e9e de beaucoup de pastilles de papier blanc supsendues."},{"@type":"BreadcrumbList","@id":"https:\/\/mcq.org\/en\/a-propos\/medias\/communiques\/musee-de-la-civilisation-et-peuples-autochtones-une-rencontre-naturelle-et-necessaire\/#breadcrumb","itemListElement":[{"@type":"ListItem","position":1,"name":"Home","item":"https:\/\/mcq.org\/en\/"},{"@type":"ListItem","position":2,"name":"Communiqu\u00e9s presse","item":"https:\/\/mcq.org\/en\/a-propos\/medias\/communiques\/"},{"@type":"ListItem","position":3,"name":"Mus\u00e9e de la civilisation et peuples autochtones : une rencontre naturelle et n\u00e9cessaire"}]},{"@type":"WebSite","@id":"https:\/\/mcq.org\/en\/#website","url":"https:\/\/mcq.org\/en\/","name":"Mus\u00e9e de la civilisation","description":"Le Mus\u00e9e de la civilisation explore les diff\u00e9rentes facettes de la r\u00e9alit\u00e9 humaine avec sa d\u00e9marche unique qui combine enchantement, connaissance et r\u00e9flexion.","publisher":{"@id":"https:\/\/mcq.org\/en\/#organization"},"alternateName":"MCQ","potentialAction":[{"@type":"SearchAction","target":{"@type":"EntryPoint","urlTemplate":"https:\/\/mcq.org\/en\/?s={search_term_string}"},"query-input":{"@type":"PropertyValueSpecification","valueRequired":true,"valueName":"search_term_string"}}],"inLanguage":"en-US"},{"@type":"Organization","@id":"https:\/\/mcq.org\/en\/#organization","name":"Mus\u00e9e de la civilisation","alternateName":"MCQ","url":"https:\/\/mcq.org\/en\/","logo":{"@type":"ImageObject","inLanguage":"en-US","@id":"https:\/\/mcq.org\/en\/#\/schema\/logo\/image\/","url":"https:\/\/mcq.org\/wp-content\/uploads\/2023\/04\/logo-mcq-300x123-1.png","contentUrl":"https:\/\/mcq.org\/wp-content\/uploads\/2023\/04\/logo-mcq-300x123-1.png","width":300,"height":123,"caption":"Mus\u00e9e de la civilisation"},"image":{"@id":"https:\/\/mcq.org\/en\/#\/schema\/logo\/image\/"},"sameAs":["https:\/\/www.facebook.com\/mcqorg","https:\/\/x.com\/mcqorg","https:\/\/www.instagram.com\/mcqorg\/","https:\/\/www.linkedin.com\/company\/mcqorg\/"]}]}},"_links":{"self":[{"href":"https:\/\/mcq.org\/en\/wp-json\/wp\/v2\/presse\/2462","targetHints":{"allow":["GET"]}}],"collection":[{"href":"https:\/\/mcq.org\/en\/wp-json\/wp\/v2\/presse"}],"about":[{"href":"https:\/\/mcq.org\/en\/wp-json\/wp\/v2\/types\/presse"}],"version-history":[{"count":8,"href":"https:\/\/mcq.org\/en\/wp-json\/wp\/v2\/presse\/2462\/revisions"}],"predecessor-version":[{"id":6001,"href":"https:\/\/mcq.org\/en\/wp-json\/wp\/v2\/presse\/2462\/revisions\/6001"}],"wp:featuredmedia":[{"embeddable":true,"href":"https:\/\/mcq.org\/en\/wp-json\/wp\/v2\/media\/5943"}],"wp:attachment":[{"href":"https:\/\/mcq.org\/en\/wp-json\/wp\/v2\/media?parent=2462"}],"wp:term":[{"taxonomy":"comm-tax","embeddable":true,"href":"https:\/\/mcq.org\/en\/wp-json\/wp\/v2\/comm-tax?post=2462"}],"curies":[{"name":"wp","href":"https:\/\/api.w.org\/{rel}","templated":true}]}}