{"id":2454,"date":"2022-03-24T11:44:27","date_gmt":"2022-03-24T15:44:27","guid":{"rendered":"https:\/\/prod.mcq.org\/?post_type=presse&#038;p=2454"},"modified":"2023-05-11T11:45:30","modified_gmt":"2023-05-11T15:45:30","slug":"nouvelles-acquisitions-dans-le","status":"publish","type":"presse","link":"https:\/\/mcq.org\/en\/a-propos\/medias\/communiques\/nouvelles-acquisitions-dans-le\/","title":{"rendered":"Nouvelles acquisitions dans les collections du Mus\u00e9e de la civilisation : garder la m\u00e9moire vivante"},"content":{"rendered":"<div  class=\"container contenu-centre\">\n  <div class=\"row justify-content-center\">\n    <div class=\"col-lg-10 col-xl-8\">\n      \n        \n\n<p>Qu&#8217;ont en commun un corbillard d&#8217;apparat, les personnages de cire de Marie-Mai et de Chantal Petitclerc, un costume de patinage de fillette et deux longs bras de bois appelant aux c\u00e2lins? Tous porteurs d&#8217;une histoire et significatifs de l&#8217;\u00e9volution de la soci\u00e9t\u00e9 qu\u00e9b\u00e9coise, ces biens ont trouv\u00e9 place dans les collections du Mus\u00e9e de la civilisation. Le pr\u00e9sident-directeur g\u00e9n\u00e9ral de l&#8217;institution nationale, St\u00e9phan La Roche, les a pr\u00e9sent\u00e9s \u00e0 la presse ce matin, au Centre national de conservation et d&#8217;\u00e9tudes des collections, lieu o\u00f9 ils seront pr\u00e9cieusement conserv\u00e9s.<\/p>\n<p>Ann\u00e9e apr\u00e8s ann\u00e9e, des objets et des documents int\u00e8grent les collections, afin qu&#8217;elles demeurent une r\u00e9f\u00e9rence pour comprendre notre histoire. Ces collections tissent le fil des multiples aspects de la vie des femmes et des hommes qui donnent corps et \u00e2me \u00e0 nos soci\u00e9t\u00e9s, fid\u00e8les \u00e0 l&#8217;esprit pluridisciplinaire qui distingue le Mus\u00e9e de la civilisation. En pr\u00e9sence du directeur des collections Dany Brown et d&#8217;Estelle L\u00e9pine, une s\u00e9lection d&#8217;objets, issus notamment des donations de la famille de C\u00e9cile et Robert L\u00e9pine et du Mus\u00e9e Gr\u00e9vin, a \u00e9t\u00e9 pr\u00e9sent\u00e9e. Ce fut \u00e9galement l&#8217;occasion de d\u00e9couvrir ou de revisiter les r\u00e9serves du Mus\u00e9e au Centre national de conservation et d&#8217;\u00e9tudes des collections.&nbsp;<\/p>\n<h3><strong>Citations&nbsp;:<\/strong><\/h3>\n<p>\u00ab&nbsp;Les collections du Mus\u00e9e de la civilisation rendent compte des milieux de vie, du quotidien, du travail, des savoirs et savoir-faire, des loisirs, des aspirations, des accomplissements et des relations au monde des occupants du territoire qu\u00e9b\u00e9cois. Leur expression figure au c\u0153ur du projet de collectionnement du Mus\u00e9e, cherchant \u00e0 comprendre leurs trajectoires historiques et les r\u00e9alit\u00e9s de celles et ceux qui les traversent.&nbsp;\u00bb<br><em>&#8211; St\u00e9phan La Roche, pr\u00e9sident-directeur g\u00e9n\u00e9ral, Mus\u00e9e de la civilisation<\/em><\/p>\n<p>\u00ab&nbsp;C&#8217;est un grand jour pour les membres de la famille de C\u00e9cile et Robert L\u00e9pine. Nous sommes heureux et fiers de confier cette collection au Mus\u00e9e de la civilisation \u00e0 Qu\u00e9bec et ainsi en faire b\u00e9n\u00e9ficier toute la soci\u00e9t\u00e9. Les objets du patrimoine fun\u00e9raire de la Maison L\u00e9pine, acquis par le Mus\u00e9e, ont \u00e9t\u00e9 transmis d&#8217;une g\u00e9n\u00e9ration \u00e0 une autre depuis 1845. Ils ne sont pas seulement t\u00e9moin de l&#8217;\u00e9volution des pratiques rituelles de la plus ancienne maison fun\u00e9raire de la Capitale-Nationale, mais ils refl\u00e8tent aussi les avanc\u00e9es industrielles qu&#8217;a connues tout le Qu\u00e9bec sur plus d&#8217;un si\u00e8cle. Chaque objet est document\u00e9 et ancr\u00e9 dans notre histoire. La collection r\u00e9v\u00e8le ainsi de nombreux changements de la soci\u00e9t\u00e9 qu\u00e9b\u00e9coise qui ont fa\u00e7onn\u00e9 notre identit\u00e9.&nbsp;\u00bb<br><em>&#8211; Estelle L\u00e9pine<\/em><\/p>\n<p><\/p>\n<h3><strong>Faits saillants<\/strong><\/h3>\n<ul>\n<li><strong>Patrimoine fun\u00e9raire<\/strong><br>Cette exceptionnelle donation de la famille de C\u00e9cile et Robert L\u00e9pine constitue un ensemble significatif et relativement complet du patrimoine fun\u00e9raire du Qu\u00e9bec entre 1845 et 1975. Cet ensemble comprend notamment du mat\u00e9riel d&#8217;embaumement, les \u00e9l\u00e9ments n\u00e9cessaires pour l&#8217;exposition des corps \u00e0 domicile, des corbillards, des v\u00eatements d&#8217;\u00e9quipage, des attelages, harnais et accessoires pour chevaux. Un corpus constituant ainsi une collection incontournable et r\u00e9v\u00e9latrice des pratiques fun\u00e9raires. Pi\u00e8ce particuli\u00e8rement imposante, le corbillard d&#8217;apparat fait actuellement l&#8217;objet d&#8217;une restauration par le Centre de conservation du Qu\u00e9bec dans l&#8217;objectif de le pr\u00e9senter au sein de la nouvelle exposition permanente sur le Qu\u00e9bec, pr\u00e9vue en 2023.<\/li>\n<li><strong>Statues de cire du Mus\u00e9e Gr\u00e9vin de Montr\u00e9al<\/strong><br>Au moment de sa fermeture, Gr\u00e9vin Montr\u00e9al a offert au Mus\u00e9e de la civilisation de choisir des statues de sa collection. Dix personnages procurent un volet contemporain \u00e0 ceux que poss\u00e8de d\u00e9j\u00e0 l&#8217;institution mus\u00e9ale&nbsp;: Robert Charlebois, Mado Lamotte, Marie-Mai, Dominique Michel, Ginette Reno, Guylaine Tremblay, Gilles Vigneault (spectacles, t\u00e9l\u00e9vision), Ren\u00e9 L\u00e9vesque (politique), Chantal Petitclerc (jeux paralympiques) et le Petit Prince (litt\u00e9rature). Fait int\u00e9ressant, les plus vieux personnages des collections du Mus\u00e9e remontent aux ann\u00e9es 1880 et furent originellement produits pour le mus\u00e9e Gr\u00e9vin \u00e0 Paris.<\/li>\n<li><strong>Rosette de Grand Officier de l&#8217;Ordre de la L\u00e9gion d&#8217;honneur fran\u00e7aise remise \u00e0 Ren\u00e9 L\u00e9vesque<\/strong><br>Gratia O&#8217;Leary a \u00e9t\u00e9 l&#8217;attach\u00e9e de presse de Ren\u00e9 L\u00e9vesque de 1973 \u00e0 1981. Elle est \u00e0 l&#8217;origine de cette donation rappelant que Ren\u00e9 L\u00e9vesque a re\u00e7u ce titre honorifique prestigieux en 1977 des mains de Val\u00e9ry Giscard d&#8217;Estaing, pr\u00e9sident de la R\u00e9publique fran\u00e7aise.\n<p>Par ailleurs, la statue de cire de Ren\u00e9 L\u00e9vesque et la rosette seront pr\u00e9sent\u00e9es dans le cadre de la future <a style=\"font-size: revert; font-family: var(--mcq-font-sans-serif);\" href=\"https:\/\/www.mcq.org\/fr\/communique-presse?id=909128\">exposition d\u00e9di\u00e9e \u00e0 cet homme politique marquant<\/a><span style=\"font-size: revert; color: var(--bs-body-color); font-family: var(--mcq-font-sans-serif);\">, qui ouvrira en novembre prochain.<\/span><\/p>\n<\/li>\n<li>\n<p><strong style=\"color: var(--bs-body-color); font-size: var(--mcq-body-font-size);\">V\u00e9lo fant\u00f4me<br><\/strong><span style=\"color: var(--bs-body-color); font-family: var(--mcq-font-sans-serif); font-size: var(--mcq-body-font-size);\">Sur le portail des C<\/span><em style=\"color: var(--bs-body-color); font-family: var(--mcq-font-sans-serif); font-size: var(--mcq-body-font-size);\">ollections en ligne<\/em><span style=\"color: var(--bs-body-color); font-family: var(--mcq-font-sans-serif); font-size: var(--mcq-body-font-size);\"> du Mus\u00e9e de la civilisation, un carnet sp\u00e9cifique au v\u00e9lo fant\u00f4me associ\u00e9 au d\u00e9c\u00e8s de la cycliste Mathilde Blais sera publi\u00e9 le 28 avril 2022, date de l&#8217;accident qui lui a co\u00fbt\u00e9 la vie en 2014. Install\u00e9 sous le viaduc de la rue des Carri\u00e8res sur la rue Saint-Denis \u00e0 Montr\u00e9al, cet objet comm\u00e9moratif a \u00e9t\u00e9 retir\u00e9 en mai 2021 lorsque le regroupement citoyen V\u00e9lo fant\u00f4me a obtenu gain de cause puisque l&#8217;am\u00e9nagement urbain sous le viaduc a \u00e9t\u00e9 modifi\u00e9 de mani\u00e8re \u00e0 garantir la s\u00e9curit\u00e9 des milliers de cyclistes qui y circulent quotidiennement.<\/span><\/p>\n<\/li>\n<li><strong><em>J&#8217;ai de grands bras<\/em><\/strong><strong> et <em>La m\u00e9moire s&#8217;enfile<\/em><\/strong><br>Aline Bernier, qui devait f\u00eater ses 80 ans avec ses petits-enfants, a vu ses plans chamboul\u00e9s par la pand\u00e9mie de COVID-19. L&#8217;id\u00e9e lui est venue de fabriquer de longs \u00ab bras \u00e0 c\u00e2lins \u00bb qui lui ont permis d&#8217;accueillir ses proches avec des \u00e9clats de rire tout en respectant la recommandation de deux m\u00e8tres de distanciation, m\u00eame si rien ne peut remplacer le contact direct de la chaleur humaine\u2026\n<p>Sylvie Bilodeau a cousu et mis en place, un \u00e0 un, 3 759 boutons en souvenir des 3 759 personnes a\u00een\u00e9es d\u00e9c\u00e9d\u00e9es de la COVID-19, souvent dans la solitude, entre le 13 mars et le 13 juin 2020. <em style=\"font-size: revert; color: var(--bs-body-color); font-family: var(--mcq-font-sans-serif);\">La m\u00e9moire s&#8217;enfile <\/em><span style=\"font-size: revert; color: var(--bs-body-color); font-family: var(--mcq-font-sans-serif);\">est le titre de cette d\u00e9marche. En tout, cinq tableaux de 3 \u00d7 5 pieds regroupent ces boutons soigneusement agenc\u00e9s sur 321 cartons aux motifs vari\u00e9s. Une cr\u00e9ation particuli\u00e8rement touchante.<\/span><\/p>\n<p>Ces deux objets ont \u00e9t\u00e9 acquis dans le cadre de l&#8217;appel \u00e0 objet du projet <a style=\"font-size: revert; font-family: var(--mcq-font-sans-serif);\" href=\"https:\/\/www.mcq.org\/fr\/communique-presse?id=860233\"><em>Documentez la pand\u00e9mie<\/em>,<\/a><span style=\"font-size: revert; color: var(--bs-body-color); font-family: var(--mcq-font-sans-serif);\"> lanc\u00e9 par le Mus\u00e9e de la civilisation en septembre 2020.<\/span><\/p>\n<\/li>\n<li><strong>Robe de patineuse<\/strong><br>Cette robe de patineuse Nuggetogs datant de 1958 ou 1959 est donn\u00e9e par Jocelyne Simard de Chicoutimi. Sa marraine lui avait offert cette jolie robe lorsqu&#8217;elle avait 13 ans. Cette acquisition illustre, \u00e0 sa fa\u00e7on, la pratique sportive au Qu\u00e9bec \u00e0 travers le temps et les r\u00e9gions du Qu\u00e9bec. Sa port\u00e9e est enrichie par le t\u00e9moignage personnel de Mme Simard de m\u00eame que par la provenance qu\u00e9b\u00e9coise du fabricant, les manufactures de v\u00eatements, nombreuses \u00e0 Montr\u00e9al \u00e0 l&#8217;\u00e9poque, ayant aujourd&#8217;hui pratiquement toutes disparues.\n<\/li>\n<li><strong>Lit et autres objets de la Maison Lauberivi\u00e8re<\/strong><br>T\u00e9moins de la mission de l&#8217;organisme, ces objets favorisent l&#8217;int\u00e9gration de l&#8217;histoire de gens en situation d&#8217;itin\u00e9rance. Bien que communs, ils sont charg\u00e9s des d\u00e9fis que porte cette probl\u00e9matique sociale tels les deux tableaux de pr\u00e9sence et leurs 82 jetons; un cendrier sur pied; deux chaises; un lit m\u00e9tallique avec matelas; un panier d&#8217;\u00e9picerie; une marmite industrielle; une porte avec sa poign\u00e9e, son cadre et son num\u00e9ro; une poign\u00e9e de porte; un num\u00e9ro de chambre; un t\u00e9l\u00e9phone et une tablette. Le journal d&#8217;un client en 1950 de l&#8217;H\u00f4tel Champlain, o\u00f9 logeait jusqu&#8217;\u00e0 r\u00e9cemment Lauberivi\u00e8re, compl\u00e8te la donation. Cette initiative refl\u00e8te le souci d&#8217;inclusion et de repr\u00e9sentativit\u00e9 de toutes les r\u00e9alit\u00e9s, au c\u0153ur de la mission du Mus\u00e9e de la civilisation.<\/li>\n<\/ul>\n<h3><strong>Au sujet du Centre national de conservation et d&#8217;\u00e9tudes des collections<\/strong><\/h3>\n<p>V\u00e9ritable coffre-fort abritant les collections, le Centre national de conservation et d&#8217;\u00e9tudes des collections offre un maximum de s\u00e9curit\u00e9 et des conditions de conservation adapt\u00e9es \u00e0 chaque type d&#8217;objet. Chaque r\u00e9serve r\u00e9pond aux normes mus\u00e9ologiques reconnues en mati\u00e8re de conservation. L&#8217;imposant b\u00e2timent de 8 546 m<sup>2<\/sup>&nbsp;comprend onze r\u00e9serves, dont neuf d&#8217;entre elles sont occup\u00e9es par les collections du Mus\u00e9e de la civilisation, les deux autres l&#8217;\u00e9tant par le MNBAQ. Un contr\u00f4le strict du taux d&#8217;humidit\u00e9 et de la temp\u00e9rature pour chacune des r\u00e9serves, selon les mat\u00e9riaux, garantit des conditions de conservation optimales. Le Mus\u00e9e de la civilisation est le gardien de&nbsp;:<\/p>\n<ul>\n<li>225 000 objets r\u00e9partis dans les collections ethnographiques et anthropologiques, peintures et \u0153uvres sur papier, sp\u00e9cimens de sciences naturelles, etc.;<\/li>\n<li>1,2 km de documents d&#8217;archives historiques d&#8217;une valeur inestimable et qui sont les seules au Qu\u00e9bec \u00e0 \u00eatre reconnues M\u00e9moires du Monde par l&#8217;UNESCO : documents textuels, manuscrits, photographies, cartes et plans, etc.;<\/li>\n<li>197 000 livres rares et anciens : incunables, journaux, brochures, catalogues commerciaux, etc.;<\/li>\n<li>La totalit\u00e9 des collections du Mus\u00e9e de la civilisation est accessible en ligne : <a href=\"http:\/\/collections.mcq.org\/\">collections.mcq.org<\/a>&nbsp;c&#8217;est l&#8217;une des plus vastes bases de donn\u00e9es au pays.<\/li>\n<\/ul>\n<p><strong>Liens connexes&nbsp;:<\/strong><br>Collections en ligne&nbsp;:&nbsp;<a href=\"http:\/\/collections.mcq.org\/\">collections.mcq.org<\/a><\/p>\n<p><strong>Relations de presse&nbsp;:<\/strong><\/p>\n<p><strong>Qu\u00e9bec&nbsp;:<\/strong><br>Anne-Sophie Desmeules&nbsp;: 418&nbsp;643-2158, poste 208; courriel&nbsp;: <a href=\"mailto:anne-sophie.desmeules@mcq.org\">mailto:anne-sophie.desmeules@mcq.org<\/a><\/p>\n<p>Agn\u00e8s Dufour&nbsp;: 418&nbsp;643-2158 poste 433; courriel&nbsp;: <a href=\"mailto:agnes.dufour@mcq.org\">agnes.dufour@mcq.org<\/a><\/p>\n<p><strong>Montr\u00e9al&nbsp;:<\/strong><br>Rosemonde Gingras&nbsp;: 514&nbsp;458-8355; courriel&nbsp;: <a href=\"mailto:rosemonde@rosemondecommunications.com\">rosemonde@rosemondecommunications.com<\/a><\/p>\n<p class=\"vignette\">Publi\u00e9 le 24 mars 2022<\/p>\n\n\n          <\/div>\n  <\/div>\n<\/div>","protected":false},"excerpt":{"rendered":"","protected":false},"featured_media":2563,"parent":0,"menu_order":0,"template":"","comm-tax":[8],"class_list":["post-2454","presse","type-presse","status-publish","has-post-thumbnail","hentry","comm-tax-communique"],"acf":[],"yoast_head":"<!-- This site is optimized with the Yoast SEO Premium plugin v27.3 (Yoast SEO v27.3) - https:\/\/yoast.com\/product\/yoast-seo-premium-wordpress\/ -->\n<title>Nouvelles acquisitions dans les collections du Mus\u00e9e de la civilisation : garder la m\u00e9moire vivante - Communiqu\u00e9 de presse | Mus\u00e9e de la civilisation<\/title>\n<meta name=\"description\" content=\"Nouvelles acquisitions dans les collections du Mus\u00e9e de la civilisation : garder la m\u00e9moire vivante- communiqu\u00e9 de presse du Mus\u00e9e de la civilisation \u00e0 Qu\u00e9bec.\" \/>\n<meta name=\"robots\" content=\"index, follow, max-snippet:-1, max-image-preview:large, max-video-preview:-1\" \/>\n<link rel=\"canonical\" href=\"https:\/\/mcq.org\/en\/a-propos\/medias\/communiques\/nouvelles-acquisitions-dans-le\/\" \/>\n<meta property=\"og:locale\" content=\"en_US\" \/>\n<meta property=\"og:type\" content=\"article\" \/>\n<meta property=\"og:title\" content=\"Nouvelles acquisitions dans les collections du Mus\u00e9e de la civilisation : garder la m\u00e9moire vivante - Communiqu\u00e9 de presse | Mus\u00e9e de la civilisation\" \/>\n<meta property=\"og:description\" content=\"Nouvelles acquisitions dans les collections du Mus\u00e9e de la civilisation : garder la m\u00e9moire vivante- communiqu\u00e9 de presse du Mus\u00e9e de la civilisation \u00e0 Qu\u00e9bec.\" \/>\n<meta property=\"og:url\" content=\"https:\/\/mcq.org\/en\/a-propos\/medias\/communiques\/nouvelles-acquisitions-dans-le\/\" \/>\n<meta property=\"og:site_name\" content=\"Mus\u00e9e de la civilisation\" \/>\n<meta property=\"article:publisher\" content=\"https:\/\/www.facebook.com\/mcqorg\" \/>\n<meta property=\"article:modified_time\" content=\"2023-05-11T15:45:30+00:00\" \/>\n<meta property=\"og:image\" content=\"https:\/\/mcq.org\/wp-content\/uploads\/2023\/05\/musee-architecture-exterieur-600x600.jpg?ver=1686319325\" \/>\n\t<meta property=\"og:image:width\" content=\"600\" \/>\n\t<meta property=\"og:image:height\" content=\"600\" \/>\n\t<meta property=\"og:image:type\" content=\"image\/jpeg\" \/>\n<meta name=\"twitter:card\" content=\"summary_large_image\" \/>\n<meta name=\"twitter:site\" content=\"@mcqorg\" \/>\n<meta name=\"twitter:label1\" content=\"Est. reading time\" \/>\n\t<meta name=\"twitter:data1\" content=\"8 minutes\" \/>\n<!-- \/ Yoast SEO Premium plugin. -->","yoast_head_json":{"title":"Nouvelles acquisitions dans les collections du Mus\u00e9e de la civilisation : garder la m\u00e9moire vivante - Communiqu\u00e9 de presse | Mus\u00e9e de la civilisation","description":"Nouvelles acquisitions dans les collections du Mus\u00e9e de la civilisation : garder la m\u00e9moire vivante- communiqu\u00e9 de presse du Mus\u00e9e de la civilisation \u00e0 Qu\u00e9bec.","robots":{"index":"index","follow":"follow","max-snippet":"max-snippet:-1","max-image-preview":"max-image-preview:large","max-video-preview":"max-video-preview:-1"},"canonical":"https:\/\/mcq.org\/en\/a-propos\/medias\/communiques\/nouvelles-acquisitions-dans-le\/","og_locale":"en_US","og_type":"article","og_title":"Nouvelles acquisitions dans les collections du Mus\u00e9e de la civilisation : garder la m\u00e9moire vivante - Communiqu\u00e9 de presse | Mus\u00e9e de la civilisation","og_description":"Nouvelles acquisitions dans les collections du Mus\u00e9e de la civilisation : garder la m\u00e9moire vivante- communiqu\u00e9 de presse du Mus\u00e9e de la civilisation \u00e0 Qu\u00e9bec.","og_url":"https:\/\/mcq.org\/en\/a-propos\/medias\/communiques\/nouvelles-acquisitions-dans-le\/","og_site_name":"Mus\u00e9e de la civilisation","article_publisher":"https:\/\/www.facebook.com\/mcqorg","article_modified_time":"2023-05-11T15:45:30+00:00","og_image":[{"width":600,"height":600,"url":"https:\/\/mcq.org\/wp-content\/uploads\/2023\/05\/musee-architecture-exterieur-600x600.jpg?ver=1686319325","type":"image\/jpeg"}],"twitter_card":"summary_large_image","twitter_site":"@mcqorg","twitter_misc":{"Est. reading time":"8 minutes"},"schema":{"@context":"https:\/\/schema.org","@graph":[{"@type":"WebPage","@id":"https:\/\/mcq.org\/en\/a-propos\/medias\/communiques\/nouvelles-acquisitions-dans-le\/","url":"https:\/\/mcq.org\/en\/a-propos\/medias\/communiques\/nouvelles-acquisitions-dans-le\/","name":"Nouvelles acquisitions dans les collections du Mus\u00e9e de la civilisation : garder la m\u00e9moire vivante - Communiqu\u00e9 de presse | Mus\u00e9e de la civilisation","isPartOf":{"@id":"https:\/\/mcq.org\/en\/#website"},"primaryImageOfPage":{"@id":"https:\/\/mcq.org\/en\/a-propos\/medias\/communiques\/nouvelles-acquisitions-dans-le\/#primaryimage"},"image":{"@id":"https:\/\/mcq.org\/en\/a-propos\/medias\/communiques\/nouvelles-acquisitions-dans-le\/#primaryimage"},"thumbnailUrl":"https:\/\/mcq.org\/wp-content\/uploads\/2023\/05\/musee-architecture-exterieur-600x600.jpg?ver=1686319325","datePublished":"2022-03-24T15:44:27+00:00","dateModified":"2023-05-11T15:45:30+00:00","description":"Nouvelles acquisitions dans les collections du Mus\u00e9e de la civilisation : garder la m\u00e9moire vivante- communiqu\u00e9 de presse du Mus\u00e9e de la civilisation \u00e0 Qu\u00e9bec.","breadcrumb":{"@id":"https:\/\/mcq.org\/en\/a-propos\/medias\/communiques\/nouvelles-acquisitions-dans-le\/#breadcrumb"},"inLanguage":"en-US","potentialAction":[{"@type":"ReadAction","target":["https:\/\/mcq.org\/en\/a-propos\/medias\/communiques\/nouvelles-acquisitions-dans-le\/"]}]},{"@type":"ImageObject","inLanguage":"en-US","@id":"https:\/\/mcq.org\/en\/a-propos\/medias\/communiques\/nouvelles-acquisitions-dans-le\/#primaryimage","url":"https:\/\/mcq.org\/wp-content\/uploads\/2023\/05\/musee-architecture-exterieur-600x600.jpg?ver=1686319325","contentUrl":"https:\/\/mcq.org\/wp-content\/uploads\/2023\/05\/musee-architecture-exterieur-600x600.jpg?ver=1686319325","width":600,"height":600,"caption":"Lucarnes, verri\u00e8res et oriflammes avec la signature du Mus\u00e9e en fa\u00e7ade."},{"@type":"BreadcrumbList","@id":"https:\/\/mcq.org\/en\/a-propos\/medias\/communiques\/nouvelles-acquisitions-dans-le\/#breadcrumb","itemListElement":[{"@type":"ListItem","position":1,"name":"Home","item":"https:\/\/mcq.org\/en\/"},{"@type":"ListItem","position":2,"name":"Communiqu\u00e9s presse","item":"https:\/\/mcq.org\/en\/a-propos\/medias\/communiques\/"},{"@type":"ListItem","position":3,"name":"Nouvelles acquisitions dans les collections du Mus\u00e9e de la civilisation : garder la m\u00e9moire vivante"}]},{"@type":"WebSite","@id":"https:\/\/mcq.org\/en\/#website","url":"https:\/\/mcq.org\/en\/","name":"Mus\u00e9e de la civilisation","description":"Le Mus\u00e9e de la civilisation explore les diff\u00e9rentes facettes de la r\u00e9alit\u00e9 humaine avec sa d\u00e9marche unique qui combine enchantement, connaissance et r\u00e9flexion.","publisher":{"@id":"https:\/\/mcq.org\/en\/#organization"},"alternateName":"MCQ","potentialAction":[{"@type":"SearchAction","target":{"@type":"EntryPoint","urlTemplate":"https:\/\/mcq.org\/en\/?s={search_term_string}"},"query-input":{"@type":"PropertyValueSpecification","valueRequired":true,"valueName":"search_term_string"}}],"inLanguage":"en-US"},{"@type":"Organization","@id":"https:\/\/mcq.org\/en\/#organization","name":"Mus\u00e9e de la civilisation","alternateName":"MCQ","url":"https:\/\/mcq.org\/en\/","logo":{"@type":"ImageObject","inLanguage":"en-US","@id":"https:\/\/mcq.org\/en\/#\/schema\/logo\/image\/","url":"https:\/\/mcq.org\/wp-content\/uploads\/2023\/04\/logo-mcq-300x123-1.png","contentUrl":"https:\/\/mcq.org\/wp-content\/uploads\/2023\/04\/logo-mcq-300x123-1.png","width":300,"height":123,"caption":"Mus\u00e9e de la civilisation"},"image":{"@id":"https:\/\/mcq.org\/en\/#\/schema\/logo\/image\/"},"sameAs":["https:\/\/www.facebook.com\/mcqorg","https:\/\/x.com\/mcqorg","https:\/\/www.instagram.com\/mcqorg\/","https:\/\/www.linkedin.com\/company\/mcqorg\/"]}]}},"_links":{"self":[{"href":"https:\/\/mcq.org\/en\/wp-json\/wp\/v2\/presse\/2454","targetHints":{"allow":["GET"]}}],"collection":[{"href":"https:\/\/mcq.org\/en\/wp-json\/wp\/v2\/presse"}],"about":[{"href":"https:\/\/mcq.org\/en\/wp-json\/wp\/v2\/types\/presse"}],"version-history":[{"count":7,"href":"https:\/\/mcq.org\/en\/wp-json\/wp\/v2\/presse\/2454\/revisions"}],"predecessor-version":[{"id":2461,"href":"https:\/\/mcq.org\/en\/wp-json\/wp\/v2\/presse\/2454\/revisions\/2461"}],"wp:featuredmedia":[{"embeddable":true,"href":"https:\/\/mcq.org\/en\/wp-json\/wp\/v2\/media\/2563"}],"wp:attachment":[{"href":"https:\/\/mcq.org\/en\/wp-json\/wp\/v2\/media?parent=2454"}],"wp:term":[{"taxonomy":"comm-tax","embeddable":true,"href":"https:\/\/mcq.org\/en\/wp-json\/wp\/v2\/comm-tax?post=2454"}],"curies":[{"name":"wp","href":"https:\/\/api.w.org\/{rel}","templated":true}]}}