{"id":2440,"date":"2021-06-16T11:27:28","date_gmt":"2021-06-16T15:27:28","guid":{"rendered":"https:\/\/prod.mcq.org\/?post_type=presse&#038;p=2440"},"modified":"2023-10-13T13:32:46","modified_gmt":"2023-10-13T17:32:46","slug":"o-merde-lexposition-la-plus-audacieuse-de-lheure-au-musee-de-la-civilisation","status":"publish","type":"presse","link":"https:\/\/mcq.org\/en\/a-propos\/medias\/communiques\/o-merde-lexposition-la-plus-audacieuse-de-lheure-au-musee-de-la-civilisation\/","title":{"rendered":"\u00d4 merde! L&#8217;exposition la plus audacieuse de l&#8217;heure au Mus\u00e9e de la civilisation"},"content":{"rendered":"<div  class=\"container contenu-centre\">\n  <div class=\"row justify-content-center\">\n    <div class=\"col-lg-10 col-xl-8\">\n      \n        \n\n<p>C&#8217;est le 17 juin que le Mus\u00e9e de la civilisation ouvre l&#8217;exposition la plus audacieuse de l&#8217;heure : \u00d4 merde! \u00c0 la fois s\u00e9rieuse et ludique, cette exposition in\u00e9dite explorera sous toutes ses facettes le sujet de la ressource in\u00e9puisable la plus sous-estim\u00e9e du monde. Dans cette approche mus\u00e9ologique pluridisciplinaire par laquelle le Mus\u00e9e de la civilisation se d\u00e9marque depuis plus de trois d\u00e9cennies, les visiteurs d\u00e9couvriront nos rapports complexes avec les excr\u00e9ments, les enjeux de la gestion des mati\u00e8res f\u00e9cales dans le monde, au Qu\u00e9bec comme ailleurs, de m\u00eame que les crises sanitaires, les enjeux d&#8217;insalubrit\u00e9 et l&#8217;espoir que repr\u00e9sente la revalorisation des d\u00e9jections humaines.<\/p>\n<p>Le visiteur d\u00e9couvrira qu&#8217;au-del\u00e0 de ses perceptions, les excr\u00e9ments peuvent \u00eatre valoris\u00e9s et redevenir une ressource durable pour l&#8217;avenir de la plan\u00e8te. Par les regards crois\u00e9s de la microbiologie, de l&#8217;anatomie, de l&#8217;histoire sociale, de l&#8217;anthropologie, mais aussi de l&#8217;art, de l&#8217;ing\u00e9nierie et de l&#8217;\u00e9cologie, il sera ultimement emmen\u00e9 \u00e0 se questionner sur son propre rapport au corps, \u00e0 l&#8217;intimit\u00e9, au d\u00e9go\u00fbt et au tabou li\u00e9e \u00e0 la merde. Et si celle-ci n&#8217;\u00e9tait pas un d\u00e9chet mais une ressource? : <em>\u00d4 merde<\/em>!, c&#8217;est du s\u00e9rieux\u2026<\/p>\n<h3><strong>Une exposition excr\u00e9mement riche<\/strong><\/h3>\n<p>\u00d4 merde!, est con\u00e7ue et r\u00e9alis\u00e9e par le Mus\u00e9e de la civilisation, pr\u00e9sent\u00e9e par <a href=\"https:\/\/www.h2oinnovation.com\/fr\/groupe-h2o-innovation\/compagnie\/\" target=\"_blank\" rel=\"noopener\">H\u2082O Innovation<\/a> avec la collaboration de <a href=\"https:\/\/www.recyc-quebec.gouv.qc.ca\/\" target=\"_blank\" rel=\"noopener\">RECYC-QU\u00c9BEC<\/a> et <a href=\"https:\/\/www.cascades.com\/fr\" target=\"_blank\" rel=\"noopener\">Cascades<\/a>, ainsi que la participation de <a href=\"http:\/\/www.lescabinets.com\/\" target=\"_blank\" rel=\"noopener\">Les Cabinets<\/a> et du <a href=\"https:\/\/www.fairmont.fr\/frontenac-quebec\/?cmpid=google_lcf_search-branded-ww_branded-e-revsh&amp;kpid=go_cmp-802973928_adg-41401731797_ad-431413601272_kwd-296652461885_dev-c_ext-_prd-&amp;gclid=EAIaIQobChMIoJiPwaWQ8QIVBLSzCh0Kgg9BEAAYASAAEgJnuPD_BwE\" target=\"_blank\" rel=\"noopener\">Fairmont Le Ch\u00e2teau Frontenac<\/a> \u00e0 titre d&#8217;h\u00f4tel officiel. Le Mus\u00e9e de la civilisation est tr\u00e8s fier d&#8217;oser pr\u00e9senter cette exposition qui allie parfaitement l&#8217;audace et l&#8217;intelligence n\u00e9cessaires pour traiter de ce sujet, hautement pertinent et d&#8217;actualit\u00e9. Encore une fois, les visiteurs seront transport\u00e9s dans un parcours qui les amusera, certes, mais qui suscitera \u00e9galement une r\u00e9flexion importante, notamment sur les questions environnementales et soci\u00e9tales qui y sont soulev\u00e9es. Cette exposition est une id\u00e9e originale (c&#8217;est le cas de le dire!) du Mus\u00e9e de la civilisation, qui en assure l&#8217;enti\u00e8re cr\u00e9ation, conception et production, pr\u00e9sent\u00e9e du 17 juin 2021 au 26 mars 2023.<\/p>\n<p>Le parcours guide le visiteur \u00e0 travers une s\u00e9rie d&#8217;espaces didactiques, immersifs et participatifs. La diversit\u00e9 des contenus contribue \u00e0 d\u00e9couvrir les pratiques d&#8217;autres \u00e9poques ou cultures et \u00e0 d\u00e9velopper un sens critique sur la gestion des mati\u00e8res f\u00e9cales dans les pays d\u00e9velopp\u00e9s avec la surutilisation de l&#8217;eau. Surtout, ceci permet un \u00e9tat des lieux dans les pays en proie \u00e0 d&#8217;urgentes crises sanitaires (pollution de l&#8217;eau par les mati\u00e8res f\u00e9cales, in\u00e9galit\u00e9 d&#8217;acc\u00e8s aux toilettes, notamment).<\/p>\n<p>Plusieurs propositions au long de ce parcours invitent au jeu, \u00e0 l&#8217;humour, \u00e0 la d\u00e9couverte. La CACArcade, r\u00e9alis\u00e9e par la firme montr\u00e9alaise CREO, offre une exp\u00e9rience artistico-ludique et interactive autour des enjeux sanitaires li\u00e9s \u00e0 la gestion des mati\u00e8res f\u00e9cales par le jeu vid\u00e9o. \u00c0 l&#8217;autre bout du spectre technologique, les visiteurs pourront \u00e9galement vivre l&#8217;exp\u00e9rience tr\u00e8s immersive d&#8217;un lieu d&#8217;aisance collectif de l&#8217;Antiquit\u00e9 romaine : neuf trous taill\u00e9s dans un banc de pierre, avec b\u00e2tons de nettoyage en prime. Une reconstitution d&#8217;\u00e9poque authentique, tout \u00e0 fait <em>instagrammable<\/em>!<\/p>\n<p><strong>Par cette exposition jamais vue, le visiteur reconsid\u00e8rera tout ce qu&#8217;il pense savoir sur la merde et d\u00e9couvrira cette \u00e9tonnante et insoup\u00e7onnable mati\u00e8re, que nous c\u00f4toyons quotidiennement mais que nous \u00e9vitons de regarder, vraiment.<\/strong><\/p>\n<h3><strong>Citations :<\/strong><\/h3>\n<p>\u00ab Je suis fier de m&#8217;associer, par l&#8217;entremise de la soci\u00e9t\u00e9 d&#8217;\u00c9tat RECYC-QU\u00c9BEC, \u00e0 une exposition surprenante et audacieuse du Mus\u00e9e de la civilisation de Qu\u00e9bec. Cette exposition sera l&#8217;occasion de faire une incursion int\u00e9ressante dans le domaine de la gestion des mati\u00e8res f\u00e9cales, un sujet tabou de notre soci\u00e9t\u00e9 mais qui nous concerne toutes et tous. Merci au Mus\u00e9e et \u00e0 ses partenaires qui, comme RECYC-QU\u00c9BEC, ne reculent devant rien pour nous \u00e9duquer, nous faire r\u00e9fl\u00e9chir et, pourquoi pas, nous faire sourire. \u00bb<br \/><em>Benoit Charette, ministre de l&#8217;Environnement et de la Lutte contre les changements climatiques<\/em><\/p>\n<p>\u00ab L&#8217;audace, c&#8217;est dans l&#8217;ADN du Mus\u00e9e de la civilisation. Avec cette exposition surprenante, nous en faisons la preuve ultime, avec pertinence et intelligence. Croiser les regards sur tous les sujets qui rel\u00e8vent de la vie des humains, c&#8217;est ce que nous proposons dans le mus\u00e9e de soci\u00e9t\u00e9 que nous sommes. Ceci implique de relever parfois les tabous pour permettre la d\u00e9couverte. \u00d4 merde! surprend, \u00e9tonne, fait rire mais surtout, permet d&#8217;aborder des enjeux sociaux et environnementaux importants pour la suite du monde. Et s&#8217;il existe un sujet ayant la capacit\u00e9 de nous rassembler, qui que nous soyons, c&#8217;est bien celui-l\u00e0! \u00bb<br \/><em>St\u00e9phan La Roche, pr\u00e9sident-directeur g\u00e9n\u00e9ral, Mus\u00e9e de la civilisation<\/em><\/p>\n<p>\u00ab Vous ne le saviez peut-\u00eatre pas, mais ce qui transite par vos toilettes repr\u00e9sente plusieurs tonnes de mati\u00e8res qui ont un potentiel de valorisation extraordinaire. RECYC-QU\u00c9BEC est heureuse de s&#8217;associer \u00e0 cette audacieuse et instructive exposition du Mus\u00e9e de la civilisation, car cette collaboration nous permet d&#8217;illustrer comment celles-ci peuvent \u00eatre g\u00e9r\u00e9es de fa\u00e7on saine et optimale, et ce, dans l&#8217;objectif de r\u00e9duire nos \u00e9missions de gaz \u00e0 effet de serre et de lutter contre les changements climatiques. \u00bb<br \/><em>Sonia Gagn\u00e9, pr\u00e9sidente-directrice g\u00e9n\u00e9rale, RECYC-QU\u00c9BEC<\/em><\/p>\n<p>\u00ab Nous sommes tr\u00e8s fiers de nous associer au Mus\u00e9e de la civilisation \u00e0 titre de pr\u00e9sentateur de l&#8217;exposition \u00d4 merde! En tant que compagnie de traitement d&#8217;eau, il est essentiel pour nous de sensibiliser davantage la population \u00e0 la r\u00e9utilisation d&#8217;eau, une solution durable pour une ressource \u00e9puisable. \u00bb<br \/><em>Fr\u00e9d\u00e9ric Dugr\u00e9, pr\u00e9sident et chef de la direction, H2O Innovation<\/em><\/p>\n<p>\u00ab \u00d4 merde! est une exposition qui s&#8217;aligne naturellement avec notre nouveau plan de D\u00e9veloppement durable. \u00c9conomie circulaire, \u00e9ducation \u00e0 l&#8217;\u00e9co-responsabilisation, engagement communautaire sont des enjeux importants au d\u00e9veloppement de solutions chez Cascades. Nous sommes fiers de participer \u00e0 ce projet audacieux. \u00bb<br \/><em>Isabelle Gendron, chef de produits, Cascades.<\/em><\/p>\n<h3><strong>Faits saillants :<\/strong><\/h3>\n<ul>\n<li>Plusieurs pr\u00eateurs et collaborateurs ont manifest\u00e9 leur int\u00e9r\u00eat \u00e0 participer \u00e0 l&#8217;exposition en pr\u00eatant des \u0153uvres, des objets et des prototypes. C&#8217;est le cas, par exemple, des concepteurs des toilettes autosuffisantes prim\u00e9es lors du concours <strong>Reinvent the Toilet<\/strong>, mis en place en 2018 avec la Fondation Bill et Melinda Gates. Aussi, de nombreux objets de collection du Mus\u00e9e nourrissent grandement le parcours avec d&#8217;int\u00e9ressants (et m\u00eame inusit\u00e9s) objets et documents anciens;<\/li>\n<li>Sur l&#8217;affiche de l&#8217;exposition, on retrouve l&#8217;\u0153uvre <strong style=\"font-size: revert; color: var(--bs-body-color);\">Gold Shit<\/strong><span style=\"font-size: revert; color: var(--bs-body-color); font-family: var(--mcq-font-sans-serif);\">, par l&#8217;artiste Ava Shire;<\/span><\/li>\n<li>La firme montr\u00e9alaise <a style=\"font-size: revert; font-family: var(--mcq-font-sans-serif);\" href=\"https:\/\/creo.ca\/fr\/\">CREO<\/a><span style=\"font-size: revert; color: var(--bs-body-color); font-family: var(--mcq-font-sans-serif);\"> a con\u00e7u pour l&#8217;exposition une exp\u00e9rience artistico-ludique et interactive autour des enjeux sanitaires li\u00e9s \u00e0 la gestion des mati\u00e8res f\u00e9cales : la CACArcade. Elle permet d&#8217;exp\u00e9rimenter quatre jeux vid\u00e9o sur le caca en lien avec les contenus pr\u00e9sent\u00e9s dans l&#8217;exposition :<\/span><strong style=\"font-size: revert; color: var(--bs-body-color);\"> La Roue de l&#8217;infortune, Caca&#8217;MAn, Tire dans l&#8217;tas et Super microbiote<\/strong><span style=\"font-size: revert; color: var(--bs-body-color); font-family: var(--mcq-font-sans-serif);\">. Chaque console se joue avec un joystick, dans le respect des mesures sanitaires et chacun des dispositifs complets int\u00e8gre des artefacts, des documents d&#8217;archives ou des objets dans les tuyaux adjacents. Toutes les consoles sont accessibles pour les personnes \u00e0 mobilit\u00e9 r\u00e9duite;<\/span><\/li>\n<li>La sc\u00e9nographe <strong style=\"font-size: revert; color: var(--bs-body-color);\">V\u00e9ronique Bertrand<\/strong><span style=\"font-size: revert; color: var(--bs-body-color); font-family: var(--mcq-font-sans-serif);\"> a con\u00e7u un corridor de toilettes, Plan\u00e8te Toilettes, qui propose une forme de typologie critique des habitudes de d\u00e9f\u00e9cation dans le monde et pr\u00e9sente leurs enjeux respectifs. V\u00e9ronique Bertrand travaille de la m\u00eame mani\u00e8re qu&#8217;au th\u00e9\u00e2tre (accessoirisation et mise en sc\u00e8ne) afin de proposer des d\u00e9cors r\u00e9alistes et des reconstitutions sc\u00e9niques au pouvoir d&#8217;\u00e9vocation tr\u00e8s fort;<\/span><\/li>\n<li>C&#8217;est le com\u00e9dien et animateur <strong style=\"font-size: revert; color: var(--bs-body-color);\">St\u00e9phane Bellavance<\/strong><span style=\"font-size: revert; color: var(--bs-body-color); font-family: var(--mcq-font-sans-serif);\"> qui anime six capsules vid\u00e9o en lien avec les th\u00e9matiques dans l&#8217;exposition ainsi que les activit\u00e9s de lancement virtuel, mariant le comique \u00e0 la science.<\/span><\/li>\n<\/ul>\n<p><strong>Relations de presse\u00a0:<\/strong><\/p>\n<p>Anne-Sophie Desmeules\u00a0: 418\u00a0643-2158, poste 208; courriel\u00a0:\u00a0<a href=\"mailto:anne-sophie.desmeules@mcq.org\">anne-sophie.desmeules@mcq.org<\/a><br \/>Agn\u00e8s Dufour\u00a0: 418\u00a0643-2158, poste 433; courriel\u00a0:\u00a0<a href=\"mailto:agnes.dufour@mcq.org\">agnes.dufour@mcq.org<\/a><\/p>\n<p class=\"vignette\">Publi\u00e9 le 16 juin 2021<\/p>\n\n\n          <\/div>\n  <\/div>\n<\/div>","protected":false},"excerpt":{"rendered":"","protected":false},"featured_media":5953,"parent":0,"menu_order":0,"template":"","comm-tax":[8],"class_list":["post-2440","presse","type-presse","status-publish","has-post-thumbnail","hentry","comm-tax-communique"],"acf":[],"yoast_head":"<!-- This site is optimized with the Yoast SEO Premium plugin v27.3 (Yoast SEO v27.3) - https:\/\/yoast.com\/product\/yoast-seo-premium-wordpress\/ -->\n<title>\u00d4 merde! L&#039;exposition la plus audacieuse de l&#039;heure au Mus\u00e9e de la civilisation - Communiqu\u00e9 de presse | Mus\u00e9e de la civilisation<\/title>\n<meta name=\"description\" content=\"\u00d4 merde! L&#039;exposition la plus audacieuse de l&#039;heure au Mus\u00e9e de la civilisation- communiqu\u00e9 de presse du Mus\u00e9e de la civilisation \u00e0 Qu\u00e9bec.\" \/>\n<meta name=\"robots\" content=\"index, follow, max-snippet:-1, max-image-preview:large, max-video-preview:-1\" \/>\n<link rel=\"canonical\" href=\"https:\/\/mcq.org\/en\/a-propos\/medias\/communiques\/o-merde-lexposition-la-plus-audacieuse-de-lheure-au-musee-de-la-civilisation\/\" \/>\n<meta property=\"og:locale\" content=\"en_US\" \/>\n<meta property=\"og:type\" content=\"article\" \/>\n<meta property=\"og:title\" content=\"\u00d4 merde! L&#039;exposition la plus audacieuse de l&#039;heure au Mus\u00e9e de la civilisation - Communiqu\u00e9 de presse | Mus\u00e9e de la civilisation\" \/>\n<meta property=\"og:description\" content=\"\u00d4 merde! L&#039;exposition la plus audacieuse de l&#039;heure au Mus\u00e9e de la civilisation- communiqu\u00e9 de presse du Mus\u00e9e de la civilisation \u00e0 Qu\u00e9bec.\" \/>\n<meta property=\"og:url\" content=\"https:\/\/mcq.org\/en\/a-propos\/medias\/communiques\/o-merde-lexposition-la-plus-audacieuse-de-lheure-au-musee-de-la-civilisation\/\" \/>\n<meta property=\"og:site_name\" content=\"Mus\u00e9e de la civilisation\" \/>\n<meta property=\"article:publisher\" content=\"https:\/\/www.facebook.com\/mcqorg\" \/>\n<meta property=\"article:modified_time\" content=\"2023-10-13T17:32:46+00:00\" \/>\n<meta property=\"og:image\" content=\"https:\/\/mcq.org\/wp-content\/uploads\/2023\/05\/o-merde-presse-600x600.jpg?ver=1685036621\" \/>\n\t<meta property=\"og:image:width\" content=\"600\" \/>\n\t<meta property=\"og:image:height\" content=\"600\" \/>\n\t<meta property=\"og:image:type\" content=\"image\/jpeg\" \/>\n<meta name=\"twitter:card\" content=\"summary_large_image\" \/>\n<meta name=\"twitter:site\" content=\"@mcqorg\" \/>\n<meta name=\"twitter:label1\" content=\"Est. reading time\" \/>\n\t<meta name=\"twitter:data1\" content=\"7 minutes\" \/>\n<!-- \/ Yoast SEO Premium plugin. -->","yoast_head_json":{"title":"\u00d4 merde! L'exposition la plus audacieuse de l'heure au Mus\u00e9e de la civilisation - Communiqu\u00e9 de presse | Mus\u00e9e de la civilisation","description":"\u00d4 merde! L'exposition la plus audacieuse de l'heure au Mus\u00e9e de la civilisation- communiqu\u00e9 de presse du Mus\u00e9e de la civilisation \u00e0 Qu\u00e9bec.","robots":{"index":"index","follow":"follow","max-snippet":"max-snippet:-1","max-image-preview":"max-image-preview:large","max-video-preview":"max-video-preview:-1"},"canonical":"https:\/\/mcq.org\/en\/a-propos\/medias\/communiques\/o-merde-lexposition-la-plus-audacieuse-de-lheure-au-musee-de-la-civilisation\/","og_locale":"en_US","og_type":"article","og_title":"\u00d4 merde! L'exposition la plus audacieuse de l'heure au Mus\u00e9e de la civilisation - Communiqu\u00e9 de presse | Mus\u00e9e de la civilisation","og_description":"\u00d4 merde! L'exposition la plus audacieuse de l'heure au Mus\u00e9e de la civilisation- communiqu\u00e9 de presse du Mus\u00e9e de la civilisation \u00e0 Qu\u00e9bec.","og_url":"https:\/\/mcq.org\/en\/a-propos\/medias\/communiques\/o-merde-lexposition-la-plus-audacieuse-de-lheure-au-musee-de-la-civilisation\/","og_site_name":"Mus\u00e9e de la civilisation","article_publisher":"https:\/\/www.facebook.com\/mcqorg","article_modified_time":"2023-10-13T17:32:46+00:00","og_image":[{"width":600,"height":600,"url":"https:\/\/mcq.org\/wp-content\/uploads\/2023\/05\/o-merde-presse-600x600.jpg?ver=1685036621","type":"image\/jpeg"}],"twitter_card":"summary_large_image","twitter_site":"@mcqorg","twitter_misc":{"Est. reading time":"7 minutes"},"schema":{"@context":"https:\/\/schema.org","@graph":[{"@type":"WebPage","@id":"https:\/\/mcq.org\/en\/a-propos\/medias\/communiques\/o-merde-lexposition-la-plus-audacieuse-de-lheure-au-musee-de-la-civilisation\/","url":"https:\/\/mcq.org\/en\/a-propos\/medias\/communiques\/o-merde-lexposition-la-plus-audacieuse-de-lheure-au-musee-de-la-civilisation\/","name":"\u00d4 merde! L'exposition la plus audacieuse de l'heure au Mus\u00e9e de la civilisation - Communiqu\u00e9 de presse | Mus\u00e9e de la civilisation","isPartOf":{"@id":"https:\/\/mcq.org\/en\/#website"},"primaryImageOfPage":{"@id":"https:\/\/mcq.org\/en\/a-propos\/medias\/communiques\/o-merde-lexposition-la-plus-audacieuse-de-lheure-au-musee-de-la-civilisation\/#primaryimage"},"image":{"@id":"https:\/\/mcq.org\/en\/a-propos\/medias\/communiques\/o-merde-lexposition-la-plus-audacieuse-de-lheure-au-musee-de-la-civilisation\/#primaryimage"},"thumbnailUrl":"https:\/\/mcq.org\/wp-content\/uploads\/2023\/05\/o-merde-presse-600x600.jpg?ver=1685036621","datePublished":"2021-06-16T15:27:28+00:00","dateModified":"2023-10-13T17:32:46+00:00","description":"\u00d4 merde! L'exposition la plus audacieuse de l'heure au Mus\u00e9e de la civilisation- communiqu\u00e9 de presse du Mus\u00e9e de la civilisation \u00e0 Qu\u00e9bec.","breadcrumb":{"@id":"https:\/\/mcq.org\/en\/a-propos\/medias\/communiques\/o-merde-lexposition-la-plus-audacieuse-de-lheure-au-musee-de-la-civilisation\/#breadcrumb"},"inLanguage":"en-US","potentialAction":[{"@type":"ReadAction","target":["https:\/\/mcq.org\/en\/a-propos\/medias\/communiques\/o-merde-lexposition-la-plus-audacieuse-de-lheure-au-musee-de-la-civilisation\/"]}]},{"@type":"ImageObject","inLanguage":"en-US","@id":"https:\/\/mcq.org\/en\/a-propos\/medias\/communiques\/o-merde-lexposition-la-plus-audacieuse-de-lheure-au-musee-de-la-civilisation\/#primaryimage","url":"https:\/\/mcq.org\/wp-content\/uploads\/2023\/05\/o-merde-presse-600x600.jpg?ver=1685036621","contentUrl":"https:\/\/mcq.org\/wp-content\/uploads\/2023\/05\/o-merde-presse-600x600.jpg?ver=1685036621","width":600,"height":600,"caption":"Signature visuel de l'exposition \u00d4 merde! Il s'agit d'un caca dor\u00e9 sur fond noir."},{"@type":"BreadcrumbList","@id":"https:\/\/mcq.org\/en\/a-propos\/medias\/communiques\/o-merde-lexposition-la-plus-audacieuse-de-lheure-au-musee-de-la-civilisation\/#breadcrumb","itemListElement":[{"@type":"ListItem","position":1,"name":"Home","item":"https:\/\/mcq.org\/en\/"},{"@type":"ListItem","position":2,"name":"Communiqu\u00e9s presse","item":"https:\/\/mcq.org\/en\/a-propos\/medias\/communiques\/"},{"@type":"ListItem","position":3,"name":"\u00d4 merde! L&rsquo;exposition la plus audacieuse de l&rsquo;heure au Mus\u00e9e de la civilisation"}]},{"@type":"WebSite","@id":"https:\/\/mcq.org\/en\/#website","url":"https:\/\/mcq.org\/en\/","name":"Mus\u00e9e de la civilisation","description":"Le Mus\u00e9e de la civilisation explore les diff\u00e9rentes facettes de la r\u00e9alit\u00e9 humaine avec sa d\u00e9marche unique qui combine enchantement, connaissance et r\u00e9flexion.","publisher":{"@id":"https:\/\/mcq.org\/en\/#organization"},"alternateName":"MCQ","potentialAction":[{"@type":"SearchAction","target":{"@type":"EntryPoint","urlTemplate":"https:\/\/mcq.org\/en\/?s={search_term_string}"},"query-input":{"@type":"PropertyValueSpecification","valueRequired":true,"valueName":"search_term_string"}}],"inLanguage":"en-US"},{"@type":"Organization","@id":"https:\/\/mcq.org\/en\/#organization","name":"Mus\u00e9e de la civilisation","alternateName":"MCQ","url":"https:\/\/mcq.org\/en\/","logo":{"@type":"ImageObject","inLanguage":"en-US","@id":"https:\/\/mcq.org\/en\/#\/schema\/logo\/image\/","url":"https:\/\/mcq.org\/wp-content\/uploads\/2023\/04\/logo-mcq-300x123-1.png","contentUrl":"https:\/\/mcq.org\/wp-content\/uploads\/2023\/04\/logo-mcq-300x123-1.png","width":300,"height":123,"caption":"Mus\u00e9e de la civilisation"},"image":{"@id":"https:\/\/mcq.org\/en\/#\/schema\/logo\/image\/"},"sameAs":["https:\/\/www.facebook.com\/mcqorg","https:\/\/x.com\/mcqorg","https:\/\/www.instagram.com\/mcqorg\/","https:\/\/www.linkedin.com\/company\/mcqorg\/"]}]}},"_links":{"self":[{"href":"https:\/\/mcq.org\/en\/wp-json\/wp\/v2\/presse\/2440","targetHints":{"allow":["GET"]}}],"collection":[{"href":"https:\/\/mcq.org\/en\/wp-json\/wp\/v2\/presse"}],"about":[{"href":"https:\/\/mcq.org\/en\/wp-json\/wp\/v2\/types\/presse"}],"version-history":[{"count":14,"href":"https:\/\/mcq.org\/en\/wp-json\/wp\/v2\/presse\/2440\/revisions"}],"predecessor-version":[{"id":11306,"href":"https:\/\/mcq.org\/en\/wp-json\/wp\/v2\/presse\/2440\/revisions\/11306"}],"wp:featuredmedia":[{"embeddable":true,"href":"https:\/\/mcq.org\/en\/wp-json\/wp\/v2\/media\/5953"}],"wp:attachment":[{"href":"https:\/\/mcq.org\/en\/wp-json\/wp\/v2\/media?parent=2440"}],"wp:term":[{"taxonomy":"comm-tax","embeddable":true,"href":"https:\/\/mcq.org\/en\/wp-json\/wp\/v2\/comm-tax?post=2440"}],"curies":[{"name":"wp","href":"https:\/\/api.w.org\/{rel}","templated":true}]}}