{"id":2426,"date":"2022-05-26T11:08:32","date_gmt":"2022-05-26T15:08:32","guid":{"rendered":"https:\/\/prod.mcq.org\/?post_type=presse&#038;p=2426"},"modified":"2023-05-25T17:26:12","modified_gmt":"2023-05-25T21:26:12","slug":"ma-maison-une-nouvelle-exposition-jeunesse-au-musee","status":"publish","type":"presse","link":"https:\/\/mcq.org\/en\/a-propos\/medias\/communiques\/ma-maison-une-nouvelle-exposition-jeunesse-au-musee\/","title":{"rendered":"Ma maison, une nouvelle exposition jeunesse au Mus\u00e9e"},"content":{"rendered":"<div  class=\"container contenu-centre\">\n  <div class=\"row justify-content-center\">\n    <div class=\"col-lg-10 col-xl-8\">\n      \n        \n\n<p>Un premier contact fabuleux avec le monde mus\u00e9al pour les enfants \u00e2g\u00e9s de 3 \u00e0 8 ans<\/p>\n<p>Pour remplacer son fameux atelier de costumes qui, pendant presque 30 ans, a ravi des milliers d&#8217;enfants, le Mus\u00e9e de la civilisation a \u00e9rig\u00e9 en ses murs\u2026 une maison! Une maison o\u00f9, sous l&#8217;\u0153il coquin des curieux oiseaux qui l&#8217;habitent, le quotidien ordinaire devient\u2026 extraordinaire, m\u00eame que des magnifiques objets de collection y sont mis en valeur! Con\u00e7ue pour les petites mains des enfants de 3 \u00e0 8 ans, elle deviendra le d\u00e9cor de merveilleux souvenirs pour ces petits qui voudront y revenir souvent. Une exposition jeunesse accessible d\u00e8s le 29 mai et ce, pour une dur\u00e9e minimale de 5 ans. <em>&nbsp;<\/em><\/p>\n<p><em>Une exposition con\u00e7ue et r\u00e9alis\u00e9e par le Mus\u00e9e de la civilisation, pr\u00e9sent\u00e9e par <a href=\"https:\/\/ici.radio-canada.ca\/\" target=\"_blank\" rel=\"noopener\">Radio-Canada<\/a> et <a href=\"https:\/\/viacapitaleselect.com\/\" target=\"_blank\" rel=\"noopener\">Via Capitale<\/a> avec la collaboration de <a href=\"https:\/\/www.kaleido.ca\/fr\/placements-reee\" target=\"_blank\" rel=\"noopener\">Kaleido<\/a> et <a href=\"https:\/\/www.modechoc.ca\/\" target=\"_blank\" rel=\"noopener\">Mode Choc<\/a><\/em><\/p>\n<h3><strong>Citations&nbsp;:<\/strong><\/h3>\n<p>\u00ab D\u00e9velopper l&#8217;imaginaire, stimuler la curiosit\u00e9 et la r\u00e9flexion, sont les objectifs qui ont toujours anim\u00e9 le Mus\u00e9e de la civilisation dans la r\u00e9alisation de son offre et tout particuli\u00e8rement pour celle destin\u00e9e aux enfants de 3 \u00e0 8 ans. Dans le cadre rassurant de leur environnement quotidien, nous avons souhait\u00e9 leur offrir un premier contact intelligent, ludique et cr\u00e9atif au monde mus\u00e9al avec les plus beaux vecteurs d&#8217;histoires et de transmission culturelle qui soient : les objets de collection. Telle une cl\u00e9 qui ouvre leur esprit au reste du Mus\u00e9e. \u00bb <em>&#8211; St\u00e9phan La Roche, pr\u00e9sident-directeur g\u00e9n\u00e9ral<\/em><\/p>\n<p>\u00ab Radio-Canada Qu\u00e9bec est fi\u00e8re de donner des ailes au Mus\u00e9e de la civilisation en pr\u00e9sentant l&#8217;exposition <em>Ma Maison<\/em>. Nous avons choisi de nous y int\u00e9grer en proposant le compl\u00e9ment original <em>Ma cabane<\/em>, un module double \u00e0 l&#8217;image de la Zone jeunesse de Radio-Canada. Ce repaire, c&#8217;est notre fa\u00e7on de susciter l&#8217;\u00e9merveillement des 3 \u00e0 8 ans, de marquer leur imaginaire, de cr\u00e9er un lien de proximit\u00e9 avec eux et de les accompagner au fil de leurs d\u00e9couvertes et apprentissages. \u00bb<br><em>&#8211; Julie Lemieux, directrice r\u00e9gionale de Radio-Canada, Qu\u00e9bec<\/em><\/p>\n<p>\u00ab Via Capitale est fi\u00e8re de copr\u00e9senter cette exposition jeunesse. Les valeurs du Mus\u00e9e et celles de notre banni\u00e8re sont fortement align\u00e9es, notamment au niveau de l&#8217;innovation et de l&#8217;exp\u00e9rience client. La maison est au c\u0153ur de nos vies et c&#8217;est un grand plaisir de faire d\u00e9couvrir l&#8217;habitation aux enfants \u00e0 travers la d\u00e9couverte et le jeu. \u00bb<br>&#8211;&nbsp;<em>Alexandra G\u00e9linas, vice-pr\u00e9sidente, op\u00e9rations et d\u00e9veloppement, Via Capitale<\/em><\/p>\n<p><em>\u00ab <\/em>Nous avons tous d\u00e9j\u00e0 \u00e9t\u00e9 \u00e9merveill\u00e9s par le go\u00fbt du jeu, la curiosit\u00e9 et l&#8217;imagination des enfants. Cette \u00e9nergie, qui les pousse \u00e0 explorer, les am\u00e8ne tout naturellement \u00e0 apprendre et \u00e0 grandir. En collaborant \u00e0 l&#8217;exposition <em>Ma Maison<\/em>, Kaleido poursuit sa mission entam\u00e9e il y a pr\u00e8s de 60 ans et va au-del\u00e0 de l&#8217;\u00e9pargne-\u00e9tudes en se joignant \u00e0 toutes les familles qui, elles aussi, veulent accompagner nos jeunes dans leur parcours pour les aider \u00e0 d\u00e9velopper leur plein potentiel. <em>\u00bb&nbsp;<\/em><br><em>&#8211; Isabelle Grenier, pr\u00e9sidente et cheffe de la direction de Kaleido<\/em><\/p>\n<p>\u00ab Mode Choc est tr\u00e8s fier d&#8217;\u00eatre partenaire de l&#8217;exposition <em>Ma maison<\/em>. Encourager la curiosit\u00e9 et stimuler l&#8217;imaginaire des petits et des grands est essentiel pour le d\u00e9veloppement d&#8217;un individu, et d&#8217;une soci\u00e9t\u00e9. Avec ce partenariat, nous \u00e9largissons notre valeur cr\u00e9ative \u00e0 l&#8217;ext\u00e9rieur des collections de v\u00eatements ludiques et personnalis\u00e9es que nos \u00e9quipes qu\u00e9b\u00e9coises cr\u00e9ent et commercialisent pour nos clients. Nous participerons aux jeux imaginaires des familles qui exploreront l&#8217;exposition Ma maison, et qui continuerons leurs d\u00e9couvertes jusque dans leur propre maison. \u00bb<br><em>&#8211; Jessika Roussy, copropri\u00e9taire et codirectrice adjointe du groupe Mode Choc<\/em><\/p>\n<h3>L&#8217;exposition<\/h3>\n<p>Bord\u00e9 d&#8217;un vert jardin, ce nouvel espace capte imm\u00e9diatement l&#8217;attention du jeune visiteur. Il y entre par un joli vestibule et fait la rencontre des oiseaux de la maison notamment par leur message de bienvenue diffus\u00e9 par le truchement de l&#8217;un des quatre t\u00e9l\u00e9phones : Napol\u00e9on Dodo est au salon, Colette Poule popotte \u00e0 la cuisine, Nestor Hibou a investi la chambre \u00e0 coucher et la capitaine Calliop\u00e9e Go\u00e9land affronte la temp\u00eate dans la salle de bain. Voici le jeune visiteur lanc\u00e9 en libre circulation dans cette maison, qui sous ses airs familiers, offre une partie de myst\u00e8res et peut se visiter d&#8217;un passage secret \u00e0 l&#8217;autre!<\/p>\n<p>Chaque personnage a ses particularit\u00e9s et entraine l&#8217;enfant dans un univers merveilleux voire po\u00e9tique et o\u00f9 se c\u00f4toient les interactifs et les activit\u00e9s contemplatives suscitant tant\u00f4t la d\u00e9couverte, l&#8217;\u00e9tonnement, l&#8217;implication du corps et le jeu.<\/p>\n<p>De plus, fait plut\u00f4t inusit\u00e9 dans un espace d\u00e9di\u00e9 sp\u00e9cifiquement \u00e0 une si jeune client\u00e8le, plusieurs objets des collections du Mus\u00e9e occupent une place de choix \u00e0 l&#8217;int\u00e9rieur de chaque pi\u00e8ce de la maison. Jouets, animaux naturalis\u00e9s, outils de cuisine, \u0153uvres d&#8217;art, objets insolites apportent une dimension concr\u00e8te aux propos des personnages et permettent de faire des liens avec les activit\u00e9s sugg\u00e9r\u00e9es ou encore de les enrichir.<\/p>\n<p><\/p>\n<h3><strong>Faits saillants&nbsp;:<\/strong><\/h3>\n<ul>\n<li>L&#8217;\u00e9quipe du Mus\u00e9e a collabor\u00e9 \u00e9troitement avec la compagnie Les Incompl\u00e8tes qui excelle dans la recherche et la cr\u00e9ation explorant les croisements entre arts vivants et arts visuels.&nbsp;<\/li>\n<li><em>Ma Maison<\/em> c&#8217;est&nbsp;:&nbsp;Quatre pi\u00e8ces principales, quatre oiseaux imaginaires;<br>&nbsp;&#8211; Trois espaces compl\u00e9mentaires&nbsp;: le jardin, le vestibule et le grenier<br>&nbsp;&#8211; Un placard servant de photomaton;<br>&nbsp;&#8211; Trois passages secrets;<br>&nbsp;&#8211;&nbsp;Pr\u00e8s de 200 objets tir\u00e9s de diff\u00e9rentes <a href=\"\/decouvrir\/collections\">collections du Mus\u00e9e de la civilisation<\/a>;<br>&nbsp;&#8211; Des jeux interactifs.&nbsp;<\/li>\n<li><strong>Parmi ces objets porteurs d&#8217;histoire figurent&nbsp;:<\/strong><br>&nbsp;&#8211;&nbsp;Une horloge (de 1881 \u00e0 1904, une jeune fille y a not\u00e9 les petits et grands de sa vie). Des extraits sonores des \u00e9v\u00e9nements consign\u00e9s dans l&#8217;horloge sont diffus\u00e9s ;&nbsp;&nbsp;<br>&nbsp;&#8211;&nbsp;Trois oiseaux naturalis\u00e9s&nbsp;dont un Grand-Duc d&#8217;Am\u00e9rique;<br>&nbsp;&#8211;&nbsp;Des portraits peints par Th\u00e9ophile Hamel et Antoine Plamondon;<br>&nbsp;&#8211;&nbsp;Des outils de cuisine;<br>&nbsp;&#8211;&nbsp;Des coquillages;<br>&nbsp;&#8211;&nbsp;Des objets-r\u00e9cits&nbsp;dont un luth, un porte-b\u00e9b\u00e9 autochtone, une montre de poche;<br>&nbsp;&#8211;&nbsp;Des objets-myst\u00e8re&nbsp;dont une bassinoire et un tire-botte.&nbsp;<\/li>\n<li>\u00c0 l&#8217;occasion, des guides-animateurs offriront des objets-surprises entrainant les enfants encore plus loin dans l&#8217;imaginaire ainsi que des id\u00e9es de d\u00e9couvertes pour les parents et les grands-parents.&nbsp;<\/li>\n<li>D\u00e8s septembre, des activit\u00e9s dirig\u00e9es d\u00e9di\u00e9es \u00e0 la petite enfance et aux enfants du pr\u00e9scolaire r\u00e9v\u00e8leront le pouvoir \u00e9vocateur des objets, tandis qu&#8217;une activit\u00e9 ax\u00e9e sur les collections, pour les \u00e9l\u00e8ves du premier cycle du primaire, s&#8217;ajoutera en janvier 2023.&nbsp;<\/li>\n<li>Ouverture au grand public, le dimanche 29 mai, de 10 h \u00e0 17 h. Tous les revenus de billetterie amass\u00e9s lors de cette journ\u00e9e, seront remis \u00e0 la Croix-Rouge canadienne afin de supporter la population ukrainienne touch\u00e9e par la guerre.<\/li>\n<\/ul>\n<p style=\"margin-left: 6cm;\">\n<\/p><p><strong>Relations de presse<\/strong><\/p>\n<p><strong>Qu\u00e9bec<br><\/strong>Agn\u00e8s Dufour&nbsp;: 418&nbsp;643-2158, poste 433; courriel&nbsp;: <a href=\"mailto:agnes.dufour@mcq.org\">agnes.dufour@mcq.org<\/a><br>Anne-Sophie Desmeules&nbsp;: <u>418&nbsp;643-2158, poste 208; courriel&nbsp;: <\/u><a href=\"mailto:anne-sophie.desmeules@mcq.org\">anne-sophie.desmeules@mcq.org<\/a><\/p>\n<p><strong>Montr\u00e9al<br><\/strong>Rosemonde Gingras&nbsp;: 514&nbsp;458-8355; courriel&nbsp;: <a href=\"mailto:rosemonde@rosemondecommunications.com\">rosemonde@rosemondecommunications.com<\/a><\/p>\n<p class=\"vignette\">Publi\u00e9 le 26 mai 2022<\/p>\n\n\n          <\/div>\n  <\/div>\n<\/div>","protected":false},"excerpt":{"rendered":"","protected":false},"featured_media":5947,"parent":0,"menu_order":0,"template":"","comm-tax":[8],"class_list":["post-2426","presse","type-presse","status-publish","has-post-thumbnail","hentry","comm-tax-communique"],"acf":[],"yoast_head":"<!-- This site is optimized with the Yoast SEO Premium plugin v27.3 (Yoast SEO v27.3) - https:\/\/yoast.com\/product\/yoast-seo-premium-wordpress\/ -->\n<title>Ma maison, une nouvelle exposition jeunesse au Mus\u00e9e - Communiqu\u00e9 de presse | Mus\u00e9e de la civilisation<\/title>\n<meta name=\"description\" content=\"Ma maison, une nouvelle exposition jeunesse au Mus\u00e9e- communiqu\u00e9 de presse du Mus\u00e9e de la civilisation \u00e0 Qu\u00e9bec.\" \/>\n<meta name=\"robots\" content=\"index, follow, max-snippet:-1, max-image-preview:large, max-video-preview:-1\" \/>\n<link rel=\"canonical\" href=\"https:\/\/mcq.org\/en\/a-propos\/medias\/communiques\/ma-maison-une-nouvelle-exposition-jeunesse-au-musee\/\" \/>\n<meta property=\"og:locale\" content=\"en_US\" \/>\n<meta property=\"og:type\" content=\"article\" \/>\n<meta property=\"og:title\" content=\"Ma maison, une nouvelle exposition jeunesse au Mus\u00e9e - Communiqu\u00e9 de presse | Mus\u00e9e de la civilisation\" \/>\n<meta property=\"og:description\" content=\"Ma maison, une nouvelle exposition jeunesse au Mus\u00e9e- communiqu\u00e9 de presse du Mus\u00e9e de la civilisation \u00e0 Qu\u00e9bec.\" \/>\n<meta property=\"og:url\" content=\"https:\/\/mcq.org\/en\/a-propos\/medias\/communiques\/ma-maison-une-nouvelle-exposition-jeunesse-au-musee\/\" \/>\n<meta property=\"og:site_name\" content=\"Mus\u00e9e de la civilisation\" \/>\n<meta property=\"article:publisher\" content=\"https:\/\/www.facebook.com\/mcqorg\" \/>\n<meta property=\"article:modified_time\" content=\"2023-05-25T21:26:12+00:00\" \/>\n<meta property=\"og:image\" content=\"https:\/\/mcq.org\/wp-content\/uploads\/2023\/05\/ma-maison-presse-600x600.jpg?ver=1685036442\" \/>\n\t<meta property=\"og:image:width\" content=\"600\" \/>\n\t<meta property=\"og:image:height\" content=\"600\" \/>\n\t<meta property=\"og:image:type\" content=\"image\/jpeg\" \/>\n<meta name=\"twitter:card\" content=\"summary_large_image\" \/>\n<meta name=\"twitter:site\" content=\"@mcqorg\" \/>\n<meta name=\"twitter:label1\" content=\"Est. reading time\" \/>\n\t<meta name=\"twitter:data1\" content=\"6 minutes\" \/>\n<!-- \/ Yoast SEO Premium plugin. -->","yoast_head_json":{"title":"Ma maison, une nouvelle exposition jeunesse au Mus\u00e9e - Communiqu\u00e9 de presse | Mus\u00e9e de la civilisation","description":"Ma maison, une nouvelle exposition jeunesse au Mus\u00e9e- communiqu\u00e9 de presse du Mus\u00e9e de la civilisation \u00e0 Qu\u00e9bec.","robots":{"index":"index","follow":"follow","max-snippet":"max-snippet:-1","max-image-preview":"max-image-preview:large","max-video-preview":"max-video-preview:-1"},"canonical":"https:\/\/mcq.org\/en\/a-propos\/medias\/communiques\/ma-maison-une-nouvelle-exposition-jeunesse-au-musee\/","og_locale":"en_US","og_type":"article","og_title":"Ma maison, une nouvelle exposition jeunesse au Mus\u00e9e - Communiqu\u00e9 de presse | Mus\u00e9e de la civilisation","og_description":"Ma maison, une nouvelle exposition jeunesse au Mus\u00e9e- communiqu\u00e9 de presse du Mus\u00e9e de la civilisation \u00e0 Qu\u00e9bec.","og_url":"https:\/\/mcq.org\/en\/a-propos\/medias\/communiques\/ma-maison-une-nouvelle-exposition-jeunesse-au-musee\/","og_site_name":"Mus\u00e9e de la civilisation","article_publisher":"https:\/\/www.facebook.com\/mcqorg","article_modified_time":"2023-05-25T21:26:12+00:00","og_image":[{"width":600,"height":600,"url":"https:\/\/mcq.org\/wp-content\/uploads\/2023\/05\/ma-maison-presse-600x600.jpg?ver=1685036442","type":"image\/jpeg"}],"twitter_card":"summary_large_image","twitter_site":"@mcqorg","twitter_misc":{"Est. reading time":"6 minutes"},"schema":{"@context":"https:\/\/schema.org","@graph":[{"@type":"WebPage","@id":"https:\/\/mcq.org\/en\/a-propos\/medias\/communiques\/ma-maison-une-nouvelle-exposition-jeunesse-au-musee\/","url":"https:\/\/mcq.org\/en\/a-propos\/medias\/communiques\/ma-maison-une-nouvelle-exposition-jeunesse-au-musee\/","name":"Ma maison, une nouvelle exposition jeunesse au Mus\u00e9e - Communiqu\u00e9 de presse | Mus\u00e9e de la civilisation","isPartOf":{"@id":"https:\/\/mcq.org\/en\/#website"},"primaryImageOfPage":{"@id":"https:\/\/mcq.org\/en\/a-propos\/medias\/communiques\/ma-maison-une-nouvelle-exposition-jeunesse-au-musee\/#primaryimage"},"image":{"@id":"https:\/\/mcq.org\/en\/a-propos\/medias\/communiques\/ma-maison-une-nouvelle-exposition-jeunesse-au-musee\/#primaryimage"},"thumbnailUrl":"https:\/\/mcq.org\/wp-content\/uploads\/2023\/05\/ma-maison-presse-600x600.jpg?ver=1685036442","datePublished":"2022-05-26T15:08:32+00:00","dateModified":"2023-05-25T21:26:12+00:00","description":"Ma maison, une nouvelle exposition jeunesse au Mus\u00e9e- communiqu\u00e9 de presse du Mus\u00e9e de la civilisation \u00e0 Qu\u00e9bec.","breadcrumb":{"@id":"https:\/\/mcq.org\/en\/a-propos\/medias\/communiques\/ma-maison-une-nouvelle-exposition-jeunesse-au-musee\/#breadcrumb"},"inLanguage":"en-US","potentialAction":[{"@type":"ReadAction","target":["https:\/\/mcq.org\/en\/a-propos\/medias\/communiques\/ma-maison-une-nouvelle-exposition-jeunesse-au-musee\/"]}]},{"@type":"ImageObject","inLanguage":"en-US","@id":"https:\/\/mcq.org\/en\/a-propos\/medias\/communiques\/ma-maison-une-nouvelle-exposition-jeunesse-au-musee\/#primaryimage","url":"https:\/\/mcq.org\/wp-content\/uploads\/2023\/05\/ma-maison-presse-600x600.jpg?ver=1685036442","contentUrl":"https:\/\/mcq.org\/wp-content\/uploads\/2023\/05\/ma-maison-presse-600x600.jpg?ver=1685036442","width":600,"height":600,"caption":"Signature visuelle de l'exposition Ma maison. Illustration d'un lit avec plusieurs matelas color\u00e9s sous lequel des enfants jouent."},{"@type":"BreadcrumbList","@id":"https:\/\/mcq.org\/en\/a-propos\/medias\/communiques\/ma-maison-une-nouvelle-exposition-jeunesse-au-musee\/#breadcrumb","itemListElement":[{"@type":"ListItem","position":1,"name":"Home","item":"https:\/\/mcq.org\/en\/"},{"@type":"ListItem","position":2,"name":"Communiqu\u00e9s presse","item":"https:\/\/mcq.org\/en\/a-propos\/medias\/communiques\/"},{"@type":"ListItem","position":3,"name":"Ma maison, une nouvelle exposition jeunesse au Mus\u00e9e"}]},{"@type":"WebSite","@id":"https:\/\/mcq.org\/en\/#website","url":"https:\/\/mcq.org\/en\/","name":"Mus\u00e9e de la civilisation","description":"Le Mus\u00e9e de la civilisation explore les diff\u00e9rentes facettes de la r\u00e9alit\u00e9 humaine avec sa d\u00e9marche unique qui combine enchantement, connaissance et r\u00e9flexion.","publisher":{"@id":"https:\/\/mcq.org\/en\/#organization"},"alternateName":"MCQ","potentialAction":[{"@type":"SearchAction","target":{"@type":"EntryPoint","urlTemplate":"https:\/\/mcq.org\/en\/?s={search_term_string}"},"query-input":{"@type":"PropertyValueSpecification","valueRequired":true,"valueName":"search_term_string"}}],"inLanguage":"en-US"},{"@type":"Organization","@id":"https:\/\/mcq.org\/en\/#organization","name":"Mus\u00e9e de la civilisation","alternateName":"MCQ","url":"https:\/\/mcq.org\/en\/","logo":{"@type":"ImageObject","inLanguage":"en-US","@id":"https:\/\/mcq.org\/en\/#\/schema\/logo\/image\/","url":"https:\/\/mcq.org\/wp-content\/uploads\/2023\/04\/logo-mcq-300x123-1.png","contentUrl":"https:\/\/mcq.org\/wp-content\/uploads\/2023\/04\/logo-mcq-300x123-1.png","width":300,"height":123,"caption":"Mus\u00e9e de la civilisation"},"image":{"@id":"https:\/\/mcq.org\/en\/#\/schema\/logo\/image\/"},"sameAs":["https:\/\/www.facebook.com\/mcqorg","https:\/\/x.com\/mcqorg","https:\/\/www.instagram.com\/mcqorg\/","https:\/\/www.linkedin.com\/company\/mcqorg\/"]}]}},"_links":{"self":[{"href":"https:\/\/mcq.org\/en\/wp-json\/wp\/v2\/presse\/2426","targetHints":{"allow":["GET"]}}],"collection":[{"href":"https:\/\/mcq.org\/en\/wp-json\/wp\/v2\/presse"}],"about":[{"href":"https:\/\/mcq.org\/en\/wp-json\/wp\/v2\/types\/presse"}],"version-history":[{"count":11,"href":"https:\/\/mcq.org\/en\/wp-json\/wp\/v2\/presse\/2426\/revisions"}],"predecessor-version":[{"id":6002,"href":"https:\/\/mcq.org\/en\/wp-json\/wp\/v2\/presse\/2426\/revisions\/6002"}],"wp:featuredmedia":[{"embeddable":true,"href":"https:\/\/mcq.org\/en\/wp-json\/wp\/v2\/media\/5947"}],"wp:attachment":[{"href":"https:\/\/mcq.org\/en\/wp-json\/wp\/v2\/media?parent=2426"}],"wp:term":[{"taxonomy":"comm-tax","embeddable":true,"href":"https:\/\/mcq.org\/en\/wp-json\/wp\/v2\/comm-tax?post=2426"}],"curies":[{"name":"wp","href":"https:\/\/api.w.org\/{rel}","templated":true}]}}