{"id":2416,"date":"2022-03-03T10:50:21","date_gmt":"2022-03-03T15:50:21","guid":{"rendered":"https:\/\/prod.mcq.org\/?post_type=presse&#038;p=2416"},"modified":"2023-07-05T13:36:21","modified_gmt":"2023-07-05T17:36:21","slug":"la-chapelle-du-seminaire-de-quebec-se-refait-une-beaute","status":"publish","type":"presse","link":"https:\/\/mcq.org\/en\/a-propos\/medias\/communiques\/la-chapelle-du-seminaire-de-quebec-se-refait-une-beaute\/","title":{"rendered":"La chapelle du S\u00e9minaire de Qu\u00e9bec se refait une beaut\u00e9"},"content":{"rendered":"<div  class=\"container contenu-centre\">\n  <div class=\"row justify-content-center\">\n    <div class=\"col-lg-10 col-xl-8\">\n      \n        \n\n<p>Joyau du patrimoine religieux du Qu\u00e9bec datant de la fin du 19<sup>e<\/sup> si\u00e8cle et lieu fort pris\u00e9 par le milieu culturel notamment pour son acoustique exceptionnelle et son d\u00e9cor somptueux, la Chapelle du S\u00e9minaire est actuellement ferm\u00e9e puisqu&#8217;elle est l&#8217;objet d&#8217;importants travaux de restauration. \u00c9chelonn\u00e9 sur deux ans et totalisant un peu plus de 4,3 M$, ce vaste chantier permettra au lieu de recouvrer sa splendeur.<\/p>\n<p>Ainsi, du plancher au plafond en passant par le ma\u00eetre-autel et les autels lat\u00e9raux de marbre blanc, les magnifiques vitraux et l&#8217;ensemble des surfaces du d\u00e9cor peint en trompe-l&#8217;\u0153il b\u00e9n\u00e9ficieront de diff\u00e9rentes interventions de restauration.<\/p>\n<p>Depuis l&#8217;automne 2021, des restaurateurs du Centre de conservation du Qu\u00e9bec du minist\u00e8re de la Culture et des Communications se penchent sur les \u00e9l\u00e9ments du d\u00e9cor et de l&#8217;architecture afin d&#8217;assurer leur conservation pour les d\u00e9cennies \u00e0 venir. Cette op\u00e9ration d&#8217;envergure est \u00e9galement l&#8217;occasion id\u00e9ale pour ajouter et int\u00e9grer harmonieusement \u00e0 l&#8217;ensemble de ce lieu hautement patrimonial des \u00e9quipements sonores et audiovisuels \u00e0 la fine pointe de la technologie pour l&#8217;accueil de concerts, de conf\u00e9rences ou encore de r\u00e9ceptions priv\u00e9es.<\/p>\n<p><strong>Citations<\/strong><\/p>\n<p>\u00ab Comme institution nationale responsable, il \u00e9tait imp\u00e9ratif d&#8217;amorcer les travaux n\u00e9cessaires \u00e0 la conservation de ce lieu charg\u00e9 d&#8217;histoire et \u00e0 la pr\u00e9servation de la vie culturelle et sociale qui l&#8217;anime depuis maintenant 30 ans. Nous avons tr\u00e8s h\u00e2te de rendre la Chapelle \u00e0 la communaut\u00e9 qui pourra en appr\u00e9cier toute la beaut\u00e9 artistique ainsi que la port\u00e9e historique gr\u00e2ce au remarquable travail de l&#8217;\u00e9quipe de restauration. \u00bb<br \/><em>&#8211; St\u00e9phan La Roche, pr\u00e9sident-directeur g\u00e9n\u00e9ral, Mus\u00e9e de la civilisation<\/em><\/p>\n<p>\u00ab Quelle que soit son ampleur, chaque dossier pris en charge par le CCQ favorise le d\u00e9veloppement des connaissances historiques, artistiques et scientifiques de notre patrimoine national. Les restaurateurs et les restauratrices sont des cha\u00eenons irrempla\u00e7ables de sa pr\u00e9servation et de sa mise en valeur. Avec science, rigueur et patience, leurs gestes minutieux sondent et pr\u00e9servent l&#8217;\u00e2me des objets comme celle des lieux \u00bb. <br \/>&#8211;\u00a0<em>Elizabeth Carmichael, directrice, Centre de conservation du Qu\u00e9bec<\/em><\/p>\n<p>\u00ab Je suis ravi de constater de <em>visu <\/em>l&#8217;admirable restauration entreprise dans la Chapelle du S\u00e9minaire! Je r\u00e9it\u00e8re mon soutien ind\u00e9fectible au Mus\u00e9e de la civilisation gr\u00e2ce \u00e0 qui se concr\u00e9tise, de plus en plus, mon r\u00eave de voir le S\u00e9minaire et son site historique demeurer des endroits de transmission de connaissances et de diffusion culturelle accessibles pour les prochaines d\u00e9cennies. \u00bb<br \/><em>&#8211; Roland Lepage, homme de th\u00e9\u00e2tre et grand m\u00e9c\u00e8ne culturel<br \/><\/em><\/p>\n<p>\u00a0<\/p>\n<p><strong>Faits saillants<\/strong><br \/><strong>\u00c9l\u00e9ments restaur\u00e9s :<\/strong><\/p>\n<ul class=\"\">\n<li>Planchers de c\u00e9ramique du ch\u0153ur, de la nef, et des bas-c\u00f4t\u00e9s;<\/li>\n<li>Ensemble du d\u00e9cor peint;<\/li>\n<li>Maitre-autel du ch\u0153ur, autels lat\u00e9raux et collat\u00e9raux<\/li>\n<li>Balustrade;<\/li>\n<li>Bordures de marbre du ch\u0153ur et de la nef;<\/li>\n<li>Sculptures de marbre et reliquaires;<\/li>\n<li>Vitraux;<\/li>\n<li>Toiles peintes maroufl\u00e9es<\/li>\n<\/ul>\n<p>Incendi\u00e9e en 1888, la pr\u00e9sente Chapelle du S\u00e9minaire a \u00e9t\u00e9 b\u00e9nie en 1900. Elle est l&#8217;\u0153uvre de Joseph-Ferdinand Peachy (1830-1903), architecte tr\u00e8s actif et de grande renomm\u00e9e \u00e0 Qu\u00e9bec au 19<sup>e<\/sup> si\u00e8cle qui s&#8217;est inspir\u00e9 du style Second Empire de l&#8217;\u00e9glise de la Trinit\u00e9 de Paris pour en \u00e9laborer les plans.<\/p>\n<p>L&#8217;ensemble de son d\u00e9cor en trompe-l&#8217;\u0153il est peint sur de la t\u00f4le m\u00e9tallique afin de la prot\u00e9ger des incendies fr\u00e9quents \u00e0 l&#8217;\u00e9poque.<\/p>\n<p>La Chapelle du S\u00e9minaire est l&#8217;endroit o\u00f9 l&#8217;on compte le plus de reliques au Canada. On n&#8217;y pratique plus le culte religieux depuis 1992.<\/p>\n<p>Elle est dot\u00e9e d&#8217;un orgue Casavant de 1930 et d&#8217;une r\u00e9plique de l&#8217;orgue Richard, fabriqu\u00e9 en 1753 pourla Basilique-cath\u00e9drale Notre-Dame de Qu\u00e9bec et d\u00e9truit en 1759.<\/p>\n<p>\u00c0 la suite du don majeur effectu\u00e9 par l&#8217;homme de th\u00e9\u00e2tre Roland Lepage et en conformit\u00e9 avec son souhait, le lieu a repris depuis peu son nom d&#8217;origine, soit la Chapelle du S\u00e9minaire.<\/p>\n<p><strong>Liens connexes<\/strong><br \/>Centre de conservation du Qu\u00e9bec, minist\u00e8re de la Culture et des Communications\u00a0: <a href=\"http:\/\/www.ccq.gouv.qc.ca\" target=\"_blank\" rel=\"noopener\">www.ccq.gouv.qc.ca&lt;<\/a><\/p>\n<p><strong>Informations\u00a0<\/strong><br \/>Mus\u00e9e de la civilisation<br \/>Agn\u00e8s Dufour, 418\u00a0643-2158, poste 433; courriel\u00a0: <a href=\"mailto:agnes.dufour@mcq.org\">agnes.dufour@mcq.org<\/a><\/p>\n<p class=\"vignette\">Publi\u00e9 le 3 mars 2022<\/p>\n\n\n          <\/div>\n  <\/div>\n<\/div>","protected":false},"excerpt":{"rendered":"","protected":false},"featured_media":2414,"parent":0,"menu_order":0,"template":"","comm-tax":[8],"class_list":["post-2416","presse","type-presse","status-publish","has-post-thumbnail","hentry","comm-tax-communique"],"acf":[],"yoast_head":"<!-- This site is optimized with the Yoast SEO Premium plugin v27.3 (Yoast SEO v27.3) - https:\/\/yoast.com\/product\/yoast-seo-premium-wordpress\/ -->\n<title>La chapelle du S\u00e9minaire de Qu\u00e9bec se refait une beaut\u00e9 - Communiqu\u00e9 de presse | Mus\u00e9e de la civilisation<\/title>\n<meta name=\"description\" content=\"La chapelle du S\u00e9minaire de Qu\u00e9bec se refait une beaut\u00e9- communiqu\u00e9 de presse du Mus\u00e9e de la civilisation \u00e0 Qu\u00e9bec.\" \/>\n<meta name=\"robots\" content=\"index, follow, max-snippet:-1, max-image-preview:large, max-video-preview:-1\" \/>\n<link rel=\"canonical\" href=\"https:\/\/mcq.org\/en\/a-propos\/medias\/communiques\/la-chapelle-du-seminaire-de-quebec-se-refait-une-beaute\/\" \/>\n<meta property=\"og:locale\" content=\"en_US\" \/>\n<meta property=\"og:type\" content=\"article\" \/>\n<meta property=\"og:title\" content=\"La chapelle du S\u00e9minaire de Qu\u00e9bec se refait une beaut\u00e9 - Communiqu\u00e9 de presse | Mus\u00e9e de la civilisation\" \/>\n<meta property=\"og:description\" content=\"La chapelle du S\u00e9minaire de Qu\u00e9bec se refait une beaut\u00e9- communiqu\u00e9 de presse du Mus\u00e9e de la civilisation \u00e0 Qu\u00e9bec.\" \/>\n<meta property=\"og:url\" content=\"https:\/\/mcq.org\/en\/a-propos\/medias\/communiques\/la-chapelle-du-seminaire-de-quebec-se-refait-une-beaute\/\" \/>\n<meta property=\"og:site_name\" content=\"Mus\u00e9e de la civilisation\" \/>\n<meta property=\"article:publisher\" content=\"https:\/\/www.facebook.com\/mcqorg\" \/>\n<meta property=\"article:modified_time\" content=\"2023-07-05T17:36:21+00:00\" \/>\n<meta property=\"og:image\" content=\"https:\/\/mcq.org\/wp-content\/uploads\/2023\/05\/chapelle-echafaudages-restauration.jpg?ver=1683729494\" \/>\n\t<meta property=\"og:image:width\" content=\"600\" \/>\n\t<meta property=\"og:image:height\" content=\"600\" \/>\n\t<meta property=\"og:image:type\" content=\"image\/jpeg\" \/>\n<meta name=\"twitter:card\" content=\"summary_large_image\" \/>\n<meta name=\"twitter:site\" content=\"@mcqorg\" \/>\n<meta name=\"twitter:label1\" content=\"Est. reading time\" \/>\n\t<meta name=\"twitter:data1\" content=\"4 minutes\" \/>\n<!-- \/ Yoast SEO Premium plugin. -->","yoast_head_json":{"title":"La chapelle du S\u00e9minaire de Qu\u00e9bec se refait une beaut\u00e9 - Communiqu\u00e9 de presse | Mus\u00e9e de la civilisation","description":"La chapelle du S\u00e9minaire de Qu\u00e9bec se refait une beaut\u00e9- communiqu\u00e9 de presse du Mus\u00e9e de la civilisation \u00e0 Qu\u00e9bec.","robots":{"index":"index","follow":"follow","max-snippet":"max-snippet:-1","max-image-preview":"max-image-preview:large","max-video-preview":"max-video-preview:-1"},"canonical":"https:\/\/mcq.org\/en\/a-propos\/medias\/communiques\/la-chapelle-du-seminaire-de-quebec-se-refait-une-beaute\/","og_locale":"en_US","og_type":"article","og_title":"La chapelle du S\u00e9minaire de Qu\u00e9bec se refait une beaut\u00e9 - Communiqu\u00e9 de presse | Mus\u00e9e de la civilisation","og_description":"La chapelle du S\u00e9minaire de Qu\u00e9bec se refait une beaut\u00e9- communiqu\u00e9 de presse du Mus\u00e9e de la civilisation \u00e0 Qu\u00e9bec.","og_url":"https:\/\/mcq.org\/en\/a-propos\/medias\/communiques\/la-chapelle-du-seminaire-de-quebec-se-refait-une-beaute\/","og_site_name":"Mus\u00e9e de la civilisation","article_publisher":"https:\/\/www.facebook.com\/mcqorg","article_modified_time":"2023-07-05T17:36:21+00:00","og_image":[{"width":600,"height":600,"url":"https:\/\/mcq.org\/wp-content\/uploads\/2023\/05\/chapelle-echafaudages-restauration.jpg?ver=1683729494","type":"image\/jpeg"}],"twitter_card":"summary_large_image","twitter_site":"@mcqorg","twitter_misc":{"Est. reading time":"4 minutes"},"schema":{"@context":"https:\/\/schema.org","@graph":[{"@type":"WebPage","@id":"https:\/\/mcq.org\/en\/a-propos\/medias\/communiques\/la-chapelle-du-seminaire-de-quebec-se-refait-une-beaute\/","url":"https:\/\/mcq.org\/en\/a-propos\/medias\/communiques\/la-chapelle-du-seminaire-de-quebec-se-refait-une-beaute\/","name":"La chapelle du S\u00e9minaire de Qu\u00e9bec se refait une beaut\u00e9 - Communiqu\u00e9 de presse | Mus\u00e9e de la civilisation","isPartOf":{"@id":"https:\/\/mcq.org\/en\/#website"},"primaryImageOfPage":{"@id":"https:\/\/mcq.org\/en\/a-propos\/medias\/communiques\/la-chapelle-du-seminaire-de-quebec-se-refait-une-beaute\/#primaryimage"},"image":{"@id":"https:\/\/mcq.org\/en\/a-propos\/medias\/communiques\/la-chapelle-du-seminaire-de-quebec-se-refait-une-beaute\/#primaryimage"},"thumbnailUrl":"https:\/\/mcq.org\/wp-content\/uploads\/2023\/05\/chapelle-echafaudages-restauration.jpg?ver=1683729494","datePublished":"2022-03-03T15:50:21+00:00","dateModified":"2023-07-05T17:36:21+00:00","description":"La chapelle du S\u00e9minaire de Qu\u00e9bec se refait une beaut\u00e9- communiqu\u00e9 de presse du Mus\u00e9e de la civilisation \u00e0 Qu\u00e9bec.","breadcrumb":{"@id":"https:\/\/mcq.org\/en\/a-propos\/medias\/communiques\/la-chapelle-du-seminaire-de-quebec-se-refait-une-beaute\/#breadcrumb"},"inLanguage":"en-US","potentialAction":[{"@type":"ReadAction","target":["https:\/\/mcq.org\/en\/a-propos\/medias\/communiques\/la-chapelle-du-seminaire-de-quebec-se-refait-une-beaute\/"]}]},{"@type":"ImageObject","inLanguage":"en-US","@id":"https:\/\/mcq.org\/en\/a-propos\/medias\/communiques\/la-chapelle-du-seminaire-de-quebec-se-refait-une-beaute\/#primaryimage","url":"https:\/\/mcq.org\/wp-content\/uploads\/2023\/05\/chapelle-echafaudages-restauration.jpg?ver=1683729494","contentUrl":"https:\/\/mcq.org\/wp-content\/uploads\/2023\/05\/chapelle-echafaudages-restauration.jpg?ver=1683729494","width":600,"height":600,"caption":"Int\u00e9rieur de la chapelle ext\u00e9rieure du S\u00e9minaire de Qu\u00e9bec. Des \u00e9chafaudages occupent tout le centre pour permettre la restauration du plafond."},{"@type":"BreadcrumbList","@id":"https:\/\/mcq.org\/en\/a-propos\/medias\/communiques\/la-chapelle-du-seminaire-de-quebec-se-refait-une-beaute\/#breadcrumb","itemListElement":[{"@type":"ListItem","position":1,"name":"Home","item":"https:\/\/mcq.org\/en\/"},{"@type":"ListItem","position":2,"name":"Communiqu\u00e9s presse","item":"https:\/\/mcq.org\/en\/a-propos\/medias\/communiques\/"},{"@type":"ListItem","position":3,"name":"La chapelle du S\u00e9minaire de Qu\u00e9bec se refait une beaut\u00e9"}]},{"@type":"WebSite","@id":"https:\/\/mcq.org\/en\/#website","url":"https:\/\/mcq.org\/en\/","name":"Mus\u00e9e de la civilisation","description":"Le Mus\u00e9e de la civilisation explore les diff\u00e9rentes facettes de la r\u00e9alit\u00e9 humaine avec sa d\u00e9marche unique qui combine enchantement, connaissance et r\u00e9flexion.","publisher":{"@id":"https:\/\/mcq.org\/en\/#organization"},"alternateName":"MCQ","potentialAction":[{"@type":"SearchAction","target":{"@type":"EntryPoint","urlTemplate":"https:\/\/mcq.org\/en\/?s={search_term_string}"},"query-input":{"@type":"PropertyValueSpecification","valueRequired":true,"valueName":"search_term_string"}}],"inLanguage":"en-US"},{"@type":"Organization","@id":"https:\/\/mcq.org\/en\/#organization","name":"Mus\u00e9e de la civilisation","alternateName":"MCQ","url":"https:\/\/mcq.org\/en\/","logo":{"@type":"ImageObject","inLanguage":"en-US","@id":"https:\/\/mcq.org\/en\/#\/schema\/logo\/image\/","url":"https:\/\/mcq.org\/wp-content\/uploads\/2023\/04\/logo-mcq-300x123-1.png","contentUrl":"https:\/\/mcq.org\/wp-content\/uploads\/2023\/04\/logo-mcq-300x123-1.png","width":300,"height":123,"caption":"Mus\u00e9e de la civilisation"},"image":{"@id":"https:\/\/mcq.org\/en\/#\/schema\/logo\/image\/"},"sameAs":["https:\/\/www.facebook.com\/mcqorg","https:\/\/x.com\/mcqorg","https:\/\/www.instagram.com\/mcqorg\/","https:\/\/www.linkedin.com\/company\/mcqorg\/"]}]}},"_links":{"self":[{"href":"https:\/\/mcq.org\/en\/wp-json\/wp\/v2\/presse\/2416","targetHints":{"allow":["GET"]}}],"collection":[{"href":"https:\/\/mcq.org\/en\/wp-json\/wp\/v2\/presse"}],"about":[{"href":"https:\/\/mcq.org\/en\/wp-json\/wp\/v2\/types\/presse"}],"version-history":[{"count":9,"href":"https:\/\/mcq.org\/en\/wp-json\/wp\/v2\/presse\/2416\/revisions"}],"predecessor-version":[{"id":8837,"href":"https:\/\/mcq.org\/en\/wp-json\/wp\/v2\/presse\/2416\/revisions\/8837"}],"wp:featuredmedia":[{"embeddable":true,"href":"https:\/\/mcq.org\/en\/wp-json\/wp\/v2\/media\/2414"}],"wp:attachment":[{"href":"https:\/\/mcq.org\/en\/wp-json\/wp\/v2\/media?parent=2416"}],"wp:term":[{"taxonomy":"comm-tax","embeddable":true,"href":"https:\/\/mcq.org\/en\/wp-json\/wp\/v2\/comm-tax?post=2416"}],"curies":[{"name":"wp","href":"https:\/\/api.w.org\/{rel}","templated":true}]}}