{"id":2409,"date":"2023-03-20T09:23:24","date_gmt":"2023-03-20T13:23:24","guid":{"rendered":"https:\/\/prod.mcq.org\/?post_type=presse&#038;p=2409"},"modified":"2023-05-25T17:16:20","modified_gmt":"2023-05-25T21:16:20","slug":"un-succes-pour-le-temps-des-pharaons-et-de-nouvelles-expositions-au-musee-de-la-civilisation","status":"publish","type":"presse","link":"https:\/\/mcq.org\/en\/a-propos\/medias\/communiques\/un-succes-pour-le-temps-des-pharaons-et-de-nouvelles-expositions-au-musee-de-la-civilisation\/","title":{"rendered":"Un succ\u00e8s pour Le temps des pharaons et de nouvelles expositions au Mus\u00e9e de la civilisation"},"content":{"rendered":"<div  class=\"container contenu-centre\">\n  <div class=\"row justify-content-center\">\n    <div class=\"col-lg-10 col-xl-8\">\n      \n        \n\n<p>Le Mus\u00e9e de la civilisation est fier d&#8217;annoncer que l&#8217;exposition vedette Le temps des pharaons a attir\u00e9 plus de 225 000 visiteur.euse.s au cours des quatre derniers mois, soit une moyenne de 56 000 visiteur.euse.s par mois.<\/p>\n<p>Le succ\u00e8s de cette pr\u00e9sentation internationale, d&#8217;une qualit\u00e9 exceptionnelle, aura permis \u00e0 l&#8217;institution mus\u00e9ale nationale de retrouver sa fr\u00e9quentation annuelle pr\u00e9pand\u00e9mique. Il est fort \u00e0 parier que le nombre d&#8217;entr\u00e9es aux portes enregistr\u00e9 en 2019-2020 sera largement d\u00e9pass\u00e9 au 31 mars prochain. Notons que la rel\u00e2che au Mus\u00e9e de la civilisation, sous le th\u00e8me de l&#8217;\u00c9gypte, fut effervescente, attirant pr\u00e8s de 50 000 visiteur.euse.s sur une p\u00e9riode de deux semaines. De nombreuses familles et \u00e9gyptologues en herbe ont ainsi pu profiter des activit\u00e9s offertes dans une ambiance \u00ab pharaonique&nbsp;\u00bb.&nbsp;<\/p>\n<h3><strong>Une derni\u00e8re chance de voir ou revoir <em>\u00d4 Merde\u2009!<\/em> et <em>Observer. L&#8217;expo qui d\u00e9route\u2009!<\/em><\/strong><\/h3>\n<p>Le 26 mars prochain, les expositions <a href=\"\/decouvrir\/expositions\/o-merde\/\"><em>\u00d4 Merde\u2009!<\/em><\/a> et <a href=\"\/decouvrir\/expositions\/observer-lexpo-qui-deroute\/\"><em>Observer. L&#8217;expo qui d\u00e9route\u2009!<\/em><\/a> prendront \u00e9galement fin apr\u00e8s un ind\u00e9niable succ\u00e8s. Rappelons que l&#8217;exposition <em>\u00d4 Merde\u2009!<\/em> a notamment remport\u00e9, en 2022, un prix d&#8217;excellence de la Soci\u00e9t\u00e9 des Mus\u00e9es du Qu\u00e9bec pour son caract\u00e8re innovant.<\/p>\n<h3><strong>De nouvelles expositions \u00e0 dimensions sociales et environnementales<\/strong><\/h3>\n<p>Le bal des nouvelles expositions s&#8217;ouvrira d\u00e8s le 6 avril avec <a href=\"\/decouvrir\/expositions\/nature-inspirante-techno-inspiree\/\"><em>Nature inspirante, techno inspir\u00e9e<\/em><\/a> o\u00f9 les visiteur.euse.s seront invit\u00e9.e.s \u00e0 voir comment l&#8217;observation du monde animal a permis d&#8217;imaginer des pistes de solutions innovantes dans le domaine du transport. D\u00e8s le 18 mai, le Mus\u00e9e pr\u00e9sentera <em>Unique en son genre<\/em>, un voyage teint\u00e9 d&#8217;ouverture, d&#8217;humanit\u00e9 et d&#8217;inclusion o\u00f9 l&#8217;on explorera les r\u00e9alit\u00e9s li\u00e9es \u00e0 l&#8217;identit\u00e9 de genre. Enfin, le 14 juin s&#8217;ouvrira l&#8217;exposition <em>Pour demain<\/em><em>, <\/em>r\u00e9alis\u00e9e en coproduction avec le prestigieux Barbican Centre de Londres. \u00c0 travers l&#8217;art, le design, la science et la philosophie, on y pr\u00e9sentera un avenir alternatif et des possibilit\u00e9s concr\u00e8tes et positives pour faire face \u00e0 un enjeu actuel majeur&nbsp;: les changements climatiques.<\/p>\n<h3><strong>Citation&nbsp;:<\/strong><\/h3>\n<p>\u00ab\u2009Apr\u00e8s <em>MAYA<\/em>, <em>Pomp\u00e9i. Cit\u00e9 immortelle<\/em> et <em>Le temps des pharaons,<\/em> c&#8217;est un grand voyage au c\u0153ur des civilisations anciennes qui se termine. Pour sa prochaine s\u00e9quence, le Mus\u00e9e propose d&#8217;explorer des th\u00e9matiques \u00e0 dimension sociale qui nous invitent \u00e0 voir le monde diff\u00e9remment et \u00e0 nous ouvrir \u00e0 toutes les r\u00e9alit\u00e9s dans l&#8217;optique de mieux vivre ensemble.\u2009\u00bb &#8211;&nbsp;<strong><em>St\u00e9phan La Roche, pr\u00e9sident-directeur g\u00e9n\u00e9ral<\/em><\/strong><\/p>\n<p align=\"center\">\n<\/p><p><strong>Relations de presse&nbsp;:<\/strong><br>Qu\u00e9bec&nbsp;:<br>Anne-Sophie Desmeules&nbsp;: 418&nbsp;643-2158, poste 208\u2009; courriel&nbsp;:<a href=\"mailto:anne-sophie.desmeules@mcq.org\"> anne-sophie.desmeules@mcq.org<\/a><\/p>\n<p>Montr\u00e9al&nbsp;:<br>Rosemonde Gingras&nbsp;: 514&nbsp;458-8355\u2009; courriel&nbsp;: <a href=\"mailto:rosemonde@rosemondecommunications.com\">rosemonde@rosemondecommunications.com<\/a><\/p>\n<p class=\"vignette\">Publi\u00e9 le 20 mars 2023<\/p>\n\n\n          <\/div>\n  <\/div>\n<\/div>","protected":false},"excerpt":{"rendered":"","protected":false},"featured_media":5959,"parent":0,"menu_order":0,"template":"","comm-tax":[8],"class_list":["post-2409","presse","type-presse","status-publish","has-post-thumbnail","hentry","comm-tax-communique"],"acf":[],"yoast_head":"<!-- This site is optimized with the Yoast SEO Premium plugin v27.3 (Yoast SEO v27.3) - https:\/\/yoast.com\/product\/yoast-seo-premium-wordpress\/ -->\n<title>Un succ\u00e8s pour Le temps des pharaons et de nouvelles expositions au Mus\u00e9e de la civilisation - Communiqu\u00e9 de presse | Mus\u00e9e de la civilisation<\/title>\n<meta name=\"description\" content=\"Un succ\u00e8s pour Le temps des pharaons et de nouvelles expositions au Mus\u00e9e de la civilisation- communiqu\u00e9 de presse du Mus\u00e9e de la civilisation \u00e0 Qu\u00e9bec.\" \/>\n<meta name=\"robots\" content=\"index, follow, max-snippet:-1, max-image-preview:large, max-video-preview:-1\" \/>\n<link rel=\"canonical\" href=\"https:\/\/mcq.org\/en\/a-propos\/medias\/communiques\/un-succes-pour-le-temps-des-pharaons-et-de-nouvelles-expositions-au-musee-de-la-civilisation\/\" \/>\n<meta property=\"og:locale\" content=\"en_US\" \/>\n<meta property=\"og:type\" content=\"article\" \/>\n<meta property=\"og:title\" content=\"Un succ\u00e8s pour Le temps des pharaons et de nouvelles expositions au Mus\u00e9e de la civilisation - Communiqu\u00e9 de presse | Mus\u00e9e de la civilisation\" \/>\n<meta property=\"og:description\" content=\"Un succ\u00e8s pour Le temps des pharaons et de nouvelles expositions au Mus\u00e9e de la civilisation- communiqu\u00e9 de presse du Mus\u00e9e de la civilisation \u00e0 Qu\u00e9bec.\" \/>\n<meta property=\"og:url\" content=\"https:\/\/mcq.org\/en\/a-propos\/medias\/communiques\/un-succes-pour-le-temps-des-pharaons-et-de-nouvelles-expositions-au-musee-de-la-civilisation\/\" \/>\n<meta property=\"og:site_name\" content=\"Mus\u00e9e de la civilisation\" \/>\n<meta property=\"article:publisher\" content=\"https:\/\/www.facebook.com\/mcqorg\" \/>\n<meta property=\"article:modified_time\" content=\"2023-05-25T21:16:20+00:00\" \/>\n<meta property=\"og:image\" content=\"https:\/\/mcq.org\/wp-content\/uploads\/2023\/05\/temps-pharaons-presse-600x600.jpg?ver=1685036778\" \/>\n\t<meta property=\"og:image:width\" content=\"600\" \/>\n\t<meta property=\"og:image:height\" content=\"600\" \/>\n\t<meta property=\"og:image:type\" content=\"image\/jpeg\" \/>\n<meta name=\"twitter:card\" content=\"summary_large_image\" \/>\n<meta name=\"twitter:site\" content=\"@mcqorg\" \/>\n<meta name=\"twitter:label1\" content=\"Est. reading time\" \/>\n\t<meta name=\"twitter:data1\" content=\"3 minutes\" \/>\n<!-- \/ Yoast SEO Premium plugin. -->","yoast_head_json":{"title":"Un succ\u00e8s pour Le temps des pharaons et de nouvelles expositions au Mus\u00e9e de la civilisation - Communiqu\u00e9 de presse | Mus\u00e9e de la civilisation","description":"Un succ\u00e8s pour Le temps des pharaons et de nouvelles expositions au Mus\u00e9e de la civilisation- communiqu\u00e9 de presse du Mus\u00e9e de la civilisation \u00e0 Qu\u00e9bec.","robots":{"index":"index","follow":"follow","max-snippet":"max-snippet:-1","max-image-preview":"max-image-preview:large","max-video-preview":"max-video-preview:-1"},"canonical":"https:\/\/mcq.org\/en\/a-propos\/medias\/communiques\/un-succes-pour-le-temps-des-pharaons-et-de-nouvelles-expositions-au-musee-de-la-civilisation\/","og_locale":"en_US","og_type":"article","og_title":"Un succ\u00e8s pour Le temps des pharaons et de nouvelles expositions au Mus\u00e9e de la civilisation - Communiqu\u00e9 de presse | Mus\u00e9e de la civilisation","og_description":"Un succ\u00e8s pour Le temps des pharaons et de nouvelles expositions au Mus\u00e9e de la civilisation- communiqu\u00e9 de presse du Mus\u00e9e de la civilisation \u00e0 Qu\u00e9bec.","og_url":"https:\/\/mcq.org\/en\/a-propos\/medias\/communiques\/un-succes-pour-le-temps-des-pharaons-et-de-nouvelles-expositions-au-musee-de-la-civilisation\/","og_site_name":"Mus\u00e9e de la civilisation","article_publisher":"https:\/\/www.facebook.com\/mcqorg","article_modified_time":"2023-05-25T21:16:20+00:00","og_image":[{"width":600,"height":600,"url":"https:\/\/mcq.org\/wp-content\/uploads\/2023\/05\/temps-pharaons-presse-600x600.jpg?ver=1685036778","type":"image\/jpeg"}],"twitter_card":"summary_large_image","twitter_site":"@mcqorg","twitter_misc":{"Est. reading time":"3 minutes"},"schema":{"@context":"https:\/\/schema.org","@graph":[{"@type":"WebPage","@id":"https:\/\/mcq.org\/en\/a-propos\/medias\/communiques\/un-succes-pour-le-temps-des-pharaons-et-de-nouvelles-expositions-au-musee-de-la-civilisation\/","url":"https:\/\/mcq.org\/en\/a-propos\/medias\/communiques\/un-succes-pour-le-temps-des-pharaons-et-de-nouvelles-expositions-au-musee-de-la-civilisation\/","name":"Un succ\u00e8s pour Le temps des pharaons et de nouvelles expositions au Mus\u00e9e de la civilisation - Communiqu\u00e9 de presse | Mus\u00e9e de la civilisation","isPartOf":{"@id":"https:\/\/mcq.org\/en\/#website"},"primaryImageOfPage":{"@id":"https:\/\/mcq.org\/en\/a-propos\/medias\/communiques\/un-succes-pour-le-temps-des-pharaons-et-de-nouvelles-expositions-au-musee-de-la-civilisation\/#primaryimage"},"image":{"@id":"https:\/\/mcq.org\/en\/a-propos\/medias\/communiques\/un-succes-pour-le-temps-des-pharaons-et-de-nouvelles-expositions-au-musee-de-la-civilisation\/#primaryimage"},"thumbnailUrl":"https:\/\/mcq.org\/wp-content\/uploads\/2023\/05\/temps-pharaons-presse-600x600.jpg?ver=1685036778","datePublished":"2023-03-20T13:23:24+00:00","dateModified":"2023-05-25T21:16:20+00:00","description":"Un succ\u00e8s pour Le temps des pharaons et de nouvelles expositions au Mus\u00e9e de la civilisation- communiqu\u00e9 de presse du Mus\u00e9e de la civilisation \u00e0 Qu\u00e9bec.","breadcrumb":{"@id":"https:\/\/mcq.org\/en\/a-propos\/medias\/communiques\/un-succes-pour-le-temps-des-pharaons-et-de-nouvelles-expositions-au-musee-de-la-civilisation\/#breadcrumb"},"inLanguage":"en-US","potentialAction":[{"@type":"ReadAction","target":["https:\/\/mcq.org\/en\/a-propos\/medias\/communiques\/un-succes-pour-le-temps-des-pharaons-et-de-nouvelles-expositions-au-musee-de-la-civilisation\/"]}]},{"@type":"ImageObject","inLanguage":"en-US","@id":"https:\/\/mcq.org\/en\/a-propos\/medias\/communiques\/un-succes-pour-le-temps-des-pharaons-et-de-nouvelles-expositions-au-musee-de-la-civilisation\/#primaryimage","url":"https:\/\/mcq.org\/wp-content\/uploads\/2023\/05\/temps-pharaons-presse-600x600.jpg?ver=1685036778","contentUrl":"https:\/\/mcq.org\/wp-content\/uploads\/2023\/05\/temps-pharaons-presse-600x600.jpg?ver=1685036778","width":600,"height":600,"caption":"Signature visuelle de l'exposition Le temps des pharaons repr\u00e9sentant un buste de pharaon sortant de trois pyramides."},{"@type":"BreadcrumbList","@id":"https:\/\/mcq.org\/en\/a-propos\/medias\/communiques\/un-succes-pour-le-temps-des-pharaons-et-de-nouvelles-expositions-au-musee-de-la-civilisation\/#breadcrumb","itemListElement":[{"@type":"ListItem","position":1,"name":"Home","item":"https:\/\/mcq.org\/en\/"},{"@type":"ListItem","position":2,"name":"Communiqu\u00e9s presse","item":"https:\/\/mcq.org\/en\/a-propos\/medias\/communiques\/"},{"@type":"ListItem","position":3,"name":"Un succ\u00e8s pour Le temps des pharaons et de nouvelles expositions au Mus\u00e9e de la civilisation"}]},{"@type":"WebSite","@id":"https:\/\/mcq.org\/en\/#website","url":"https:\/\/mcq.org\/en\/","name":"Mus\u00e9e de la civilisation","description":"Le Mus\u00e9e de la civilisation explore les diff\u00e9rentes facettes de la r\u00e9alit\u00e9 humaine avec sa d\u00e9marche unique qui combine enchantement, connaissance et r\u00e9flexion.","publisher":{"@id":"https:\/\/mcq.org\/en\/#organization"},"alternateName":"MCQ","potentialAction":[{"@type":"SearchAction","target":{"@type":"EntryPoint","urlTemplate":"https:\/\/mcq.org\/en\/?s={search_term_string}"},"query-input":{"@type":"PropertyValueSpecification","valueRequired":true,"valueName":"search_term_string"}}],"inLanguage":"en-US"},{"@type":"Organization","@id":"https:\/\/mcq.org\/en\/#organization","name":"Mus\u00e9e de la civilisation","alternateName":"MCQ","url":"https:\/\/mcq.org\/en\/","logo":{"@type":"ImageObject","inLanguage":"en-US","@id":"https:\/\/mcq.org\/en\/#\/schema\/logo\/image\/","url":"https:\/\/mcq.org\/wp-content\/uploads\/2023\/04\/logo-mcq-300x123-1.png","contentUrl":"https:\/\/mcq.org\/wp-content\/uploads\/2023\/04\/logo-mcq-300x123-1.png","width":300,"height":123,"caption":"Mus\u00e9e de la civilisation"},"image":{"@id":"https:\/\/mcq.org\/en\/#\/schema\/logo\/image\/"},"sameAs":["https:\/\/www.facebook.com\/mcqorg","https:\/\/x.com\/mcqorg","https:\/\/www.instagram.com\/mcqorg\/","https:\/\/www.linkedin.com\/company\/mcqorg\/"]}]}},"_links":{"self":[{"href":"https:\/\/mcq.org\/en\/wp-json\/wp\/v2\/presse\/2409","targetHints":{"allow":["GET"]}}],"collection":[{"href":"https:\/\/mcq.org\/en\/wp-json\/wp\/v2\/presse"}],"about":[{"href":"https:\/\/mcq.org\/en\/wp-json\/wp\/v2\/types\/presse"}],"version-history":[{"count":5,"href":"https:\/\/mcq.org\/en\/wp-json\/wp\/v2\/presse\/2409\/revisions"}],"predecessor-version":[{"id":5994,"href":"https:\/\/mcq.org\/en\/wp-json\/wp\/v2\/presse\/2409\/revisions\/5994"}],"wp:featuredmedia":[{"embeddable":true,"href":"https:\/\/mcq.org\/en\/wp-json\/wp\/v2\/media\/5959"}],"wp:attachment":[{"href":"https:\/\/mcq.org\/en\/wp-json\/wp\/v2\/media?parent=2409"}],"wp:term":[{"taxonomy":"comm-tax","embeddable":true,"href":"https:\/\/mcq.org\/en\/wp-json\/wp\/v2\/comm-tax?post=2409"}],"curies":[{"name":"wp","href":"https:\/\/api.w.org\/{rel}","templated":true}]}}