{"id":2366,"date":"2023-03-29T13:27:50","date_gmt":"2023-03-29T17:27:50","guid":{"rendered":"https:\/\/prod.mcq.org\/?post_type=presse&#038;p=2366"},"modified":"2023-05-25T17:15:18","modified_gmt":"2023-05-25T21:15:18","slug":"cest-le-printemps-au-musee-de-la-civilisation-on-voit-la-vie-en-vert-et-on-fete-paques-en-famille","status":"publish","type":"presse","link":"https:\/\/mcq.org\/en\/a-propos\/medias\/communiques\/cest-le-printemps-au-musee-de-la-civilisation-on-voit-la-vie-en-vert-et-on-fete-paques-en-famille\/","title":{"rendered":"C&#8217;est le printemps au Mus\u00e9e de la civilisation\u00a0: on voit La vie en vert et on f\u00eate P\u00e2ques en famille!"},"content":{"rendered":"<div  class=\"container contenu-centre\">\n  <div class=\"row justify-content-center\">\n    <div class=\"col-lg-10 col-xl-8\">\n      \n        \n\n<p>Le printemps s&#8217;annonce au Mus\u00e9e de la civilisation\u2009! Son arriv\u00e9e sera c\u00e9l\u00e9br\u00e9e les 8 et 9 avril au cours du traditionnel Week-end de P\u00e2ques Chocolat Favoris, pr\u00e9sent\u00e9 par Desjardins au profit de la Fondation du Mus\u00e9e pendant que d\u00e9j\u00e0, cette saison pleine de promesses s&#8217;\u00e9panouit \u00e0 l&#8217;int\u00e9rieur d&#8217;une vitrine exposition qui invite \u00e0 voir la vie en vert, couleur symbolique de beau temps et de renouveau.<\/p>\n<div class=\"text\">\n<h3><a href=\"\/decouvrir\/expositions\/la-vie-en-vert\/\"><strong>La vie en VERT<\/strong><\/a><\/h3>\n<p>Vert for\u00eat, vert pomme, vert citron\u2026 Le vert est omnipr\u00e9sent et colore une nouvelle vitrine exposition. Couleur du printemps, de la nature, de la renaissance, le vert est synonyme d&#8217;espoir, d&#8217;\u00e9cologie, de croissance et de prosp\u00e9rit\u00e9.<\/p>\n<p>Gr\u00e2ce \u00e0 un nuancier compos\u00e9 d&#8217;une cinquantaine de pi\u00e8ces soigneusement s\u00e9lectionn\u00e9es dans les diff\u00e9rentes collections du Mus\u00e9e, on pourra admirer diff\u00e9rentes pi\u00e8ces d&#8217;art populaire repr\u00e9sentant de sympathiques oiseaux, des v\u00eatements, des jouets et une panoplie d&#8217;objets du quotidien tous mis en valeur dans un ensemble cr\u00e9ant une symphonie de vert \u00e9clectique, vivifiante et ludique.<\/p>\n<p>C&#8217;est d&#8217;ailleurs dans cette vitrine que les visiteur.euse.s pourront admirer le costume de l&#8217;attachante et c\u00e9l\u00e8bre Souris verte, personnifi\u00e9e par la com\u00e9dienne Louisette Dussault disparue le 14 mars dernier.<\/p>\n<p><\/p>\n<h3><strong>Le Week-end de P\u00e2ques Chocolats Favoris, pr\u00e9sent\u00e9 par Desjardins au profit de la Fondation du Mus\u00e9e les 8 et 9 avril 2023, d\u00e8s midi pour le grand public!<\/strong><\/h3>\n<p>Inspir\u00e9e de la nouvelle exposition jeunesse <em>Ma Maison<\/em>, sp\u00e9cialement con\u00e7ue pour de petites mains d&#8217;enfants, la prochaine \u00e9dition du Week-end de P\u00e2ques vous invite \u00e0 partir \u00e0 la d\u00e9cou\u00adverte du Mus\u00e9e o\u00f9 se c\u00f4toient passages secrets, meubles gigantesques, photomaton, objets de collection et de v\u00e9ritables \u0153uvres d&#8217;art\u2009!<\/p>\n<p>Le parcours offrira \u00e9galement plusieurs activit\u00e9s ador\u00e9es des enfants dont l&#8217;atelier CocoD\u00e9co, pr\u00e9sent\u00e9 par Chocolats Favoris, des ateliers de maquillage, une chasse aux cocos, une exposition sur le chocolat et plus encore\u2009!<\/p>\n<p>Pour une septi\u00e8me ann\u00e9e, entre 9&nbsp;h et midi, l&#8217;\u00e9v\u00e9nement accueillera des centaines de familles provenant d&#8217;organismes communautaires de la r\u00e9gion de Qu\u00e9bec et de L\u00e9vis \u00e0 vivre une f\u00eate de P\u00e2ques unique et chocolat\u00e9e, et ce, gratuitement\u2009! D\u00e8s midi, le Mus\u00e9e ouvrira ses portes au grand public et toutes les activit\u00e9s seront offertes gratuitement avec le droit d&#8217;entr\u00e9e.<\/p>\n<p>Une partie des revenus amass\u00e9s \u00e0 la billetterie du Mus\u00e9e lors de la fin de semaine sera remise \u00e0 la Fondation, qui \u0153uvre depuis pr\u00e8s de 32&nbsp;ans \u00e0 rendre la culture accessible au plus grand nombre.<\/p>\n<p><strong>Programmation d\u00e9taill\u00e9e<\/strong><\/p>\n<p><strong><em>Atelier Coco D\u00e9co<\/em><\/strong><\/p>\n<p>D\u00e9corer des cocos, c&#8217;est amusant. D\u00e9corer des cocos en chocolat, c&#8217;est amusant et all\u00e9chant\u2009! Laissez libre cours \u00e0 votre cr\u00e9ativit\u00e9 et repartez avec un souvenir gourmand. <br>Pr\u00e9sent\u00e9 par <a href=\"https:\/\/www.chocolatsfavoris.com\/fr\" target=\"_blank\" rel=\"noopener\">Chocolats Favoris<\/a>&nbsp;<br>Belv\u00e9d\u00e8re, de 12&nbsp;h \u00e0 16&nbsp;h<\/p>\n<p><strong><em>Exposition chocolat\u00e9e<br><\/em><\/strong>D\u00e9couvrez le processus de la transformation du chocolat par le biais d&#8217;une installation cr\u00e9\u00e9e tout sp\u00e9cialement pour l&#8217;occasion, en plus de concocter vous-m\u00eame votre chocolat chaud avec les f\u00e8ves de cacao\u2009! <br>Pr\u00e9sent\u00e9e par <a href=\"https:\/\/www.barry-callebaut.com\/fr-CA\" target=\"_blank\" rel=\"noopener\">Barry Callebaut<\/a><br>Hall, de 12&nbsp;h \u00e0 16&nbsp;h<\/p>\n<p><strong><em>Spectacles<br><\/em><\/strong>Inspir\u00e9 par l&#8217;exposition <a href=\"\/decouvrir\/expositions\/ma-maison\/\"><em>Ma maison,<\/em><\/a> l&#8217;Orchestre Philharmonique de la rel\u00e8ve du Qu\u00e9bec et le Th\u00e9\u00e2tre Pupulus Mordicus vous offrent un spectacle mariant musique et marionnettes. Samedi \u00e0 12 h 30 et 13 h 30<\/p>\n<p>Les Productions \u00c9pisode explorent la joie avec le spectacle participatif <em>Trouble-t\u00eate<\/em>. Dimanche \u00e0 13 h et 14 h 30&nbsp;&nbsp;<\/p>\n<p>Pr\u00e9sent\u00e9s par <a href=\"http:\/\/mirego.com\" target=\"_blank\" rel=\"noopener\">Mirego<\/a><\/p>\n<p><strong><em>Chasse aux cocos<br><\/em><\/strong>Madame la poule a perdu ses cocos\u2009! \u00c0 travers le Mus\u00e9e, trouvez les objets associ\u00e9s aux cocos, inscrivez vos r\u00e9ponses et allez chercher votre r\u00e9compense au poste d&#8217;accueil\u2009! Pr\u00e9sent\u00e9e par <a href=\"http:\/\/beneva.ca\" target=\"_blank\" rel=\"noopener\">Beneva<\/a><br>Partout dans le Mus\u00e9e, de 12 h \u00e0 16 h<\/p>\n<p><strong><em>Atelier collimage Ma maison<br><\/em><\/strong>Une activit\u00e9 cr\u00e9ative o\u00f9 vous pourrez embellir une maison miniature avec des reproductions anciennes et des papiers vari\u00e9s. Pr\u00e9sent\u00e9 par Tanguay. <br>Coin rencontre, de 12&nbsp;h \u00e0 15&nbsp;h<\/p>\n<p><strong><em>Maquillage et coin photo<br><\/em><\/strong>C&#8217;est jour de f\u00eate\u2009! Des maquilleuses vous attendent pour vous donner une touche de couleur\u2009! Profitez-en pour immortaliser ce moment en photo\u2009! <br>Pr\u00e9sent\u00e9 par <a href=\"https:\/\/www.desjardins.com\/\" target=\"_blank\" rel=\"noopener\">Desjardins<\/a>. <br>Hall, de 12&nbsp;h \u00e0 14&nbsp;h&nbsp;30<\/p>\n<p><strong><em>Ma merveilleuse petite loupe<br><\/em><\/strong>Atelier d&#8217;observation de P\u00e2ques inspir\u00e9 de l&#8217;exposition <em>Ma maison<\/em>.<\/p>\n<p>Pr\u00e9sent\u00e9 par la Fondation Dufresne &amp; Gauthier. <br>1<sup>er<\/sup>&nbsp;\u00e9tage, pr\u00e8s de la vitrine <em>La vie en VERT<\/em>, de 12 h \u00e0 15h<\/p>\n<p><strong><em>Les d\u00e9fis du MLab Creaform<br><\/em><\/strong>Venez exp\u00e9rimenter de nombreux outils technologiques et relever des d\u00e9fis inspir\u00e9s des expositions du Mus\u00e9e\u2009! <br>MLab Creaform, 13&nbsp;h&nbsp;30, 14&nbsp;h&nbsp;30 et 15&nbsp;h&nbsp;30&nbsp;<\/p>\n<h3><strong>Autres expositions \u00e0 d\u00e9couvrir de 12&nbsp;h \u00e0 17&nbsp;h<\/strong><\/h3>\n<p><a href=\"\/decouvrir\/expositions\/nature-inspirante-techno-inspiree\/\"><strong><em>Nature inspirante, techno inspir\u00e9e<\/em><\/strong><\/a><\/p>\n<p>Lorsque les cr\u00e9ateur.trices.s et les chercheur.euse.s observent la nature et s&#8217;en inspirent, des concepts prometteurs et des id\u00e9es fascinantes voient le jour. Inspirez-vous \u00e0 votre tour de la nature et concevez un mode de transport ing\u00e9nieux\u2009!<\/p>\n<p><strong><strong><a href=\"\/decouvrir\/expositions\/ma-maison\/\"><strong><em>Ma maison<\/em><\/strong><\/a><\/strong><\/strong><\/p>\n<p>En compagnie des oiseaux qui l&#8217;habitent, parcourez une maison pas comme les autres o\u00f9 l&#8217;ordinaire devient extraordinaire!<\/p>\n<p><\/p>\n<p><strong>Informations additionnelles<\/strong><\/p>\n<p><strong>Organismes partenaires du Week-end de P\u00e2ques depuis 2017<\/strong><\/p>\n<ul>\n<li>Atelier occupationnel Rive-Sud<\/li>\n<li>Autisme Qu\u00e9bec CAPJ L\u00e9vi,<\/li>\n<li>Centre d&#8217;aide et pr\u00e9vention jeunesse<\/li>\n<li>Carrefour des enfants de St-Malo<\/li>\n<li>Centre Durocher<\/li>\n<li>Centre Famille Haute-Ville<\/li>\n<li>Centre de p\u00e9diatrie sociale de L\u00e9vis<\/li>\n<li>Centre de p\u00e9diatrie sociale de Qu\u00e9bec<\/li>\n<li>Centre ressources Jardin de Familles Entraide Agap\u00e8 Fondation<\/li>\n<li>CERVO<\/li>\n<li>Fondation Dufresne &amp; Gauthier<\/li>\n<li>Fondation Petits bonheurs d&#8217;\u00e9cole<\/li>\n<li>Fondation Le Petit Blanchon<\/li>\n<li>Fondation Virginia Parker<\/li>\n<li>Joujouth\u00e8que Basse-ville<\/li>\n<li>Laura L\u00e9merveil<\/li>\n<li>La Boussole<\/li>\n<li>Le Grenier<\/li>\n<li>Le Pignon Bleu<\/li>\n<li>Le Pivot<\/li>\n<li>Le Tremplin<\/li>\n<li>Leucan<\/li>\n<li>Maison de la Famille Rive-Sud<\/li>\n<li>Ressources Parents Vanier<\/li>\n<li>Solidarit\u00e9 Familles<\/li>\n<\/ul>\n<p><strong><strong>&nbsp;&nbsp;<\/strong><\/strong><\/p>\n<p>Pour en savoir plus sur la Fondation du Mus\u00e9e de la civilisation&nbsp;:<a href=\"https:\/\/www.mcq.org\/fr\/fondation\">mcq.org\/fr\/fondation<\/a><\/p>\n<p><\/p>\n<p>Cette septi\u00e8me \u00e9dition du Week-end de P\u00e2ques <a href=\"https:\/\/www.chocolatsfavoris.com\/fr\" target=\"_blank\" rel=\"noopener\">Chocolats favoris<\/a>, pr\u00e9sent\u00e9 par <a href=\"https:\/\/www.desjardins.com\/\" target=\"_blank\" rel=\"noopener\">Desjardins<\/a>, est rendue possible gr\u00e2ce \u00e0 Desjardins, <a href=\"https:\/\/www.barry-callebaut.com\/fr-CA\" target=\"_blank\" rel=\"noopener\">Barry Callebau<\/a>, <a href=\"https:\/\/www.beneva.ca\/fr\" target=\"_blank\" rel=\"noopener\">Beneva<\/a>, <a href=\"https:\/\/www.tanguay.ca\/fr\" target=\"_blank\" rel=\"noopener\">Tanguay<\/a>, la <a href=\"https:\/\/www.fdg.ca\/\" target=\"_blank\" rel=\"noopener\">Fondation Dufresne et Gauthier<\/a>, <a href=\"https:\/\/akisushi.ca\/\" target=\"_blank\" rel=\"noopener\">Aki Sush<\/a>, <a href=\"https:\/\/ia.ca\/\" target=\"_blank\" rel=\"noopener\">iA Groupe financier <\/a>et de nombreuses autres entreprises qui s&#8217;impliquent en don, en pr\u00e9sence ou en commandite.<\/p>\n<p>Merci \u00e0 nos partenaires 2023\u2009!<\/p>\n<p style=\"margin-left: -49.6pt;\" align=\"center\">\n<\/p><p><strong><strong><strong>Relations de presse<\/strong><\/strong><\/strong><\/p>\n<p><strong><strong><strong>Qu\u00e9bec&nbsp;:<\/strong><br><\/strong><\/strong>Anne-Sophie Desmeules&nbsp;: 418&nbsp;643-2158, poste 208\u2009; courriel&nbsp;: <a href=\"mailto:anne%20sophie.desmeules@mcq.org\">anne sophie.desmeules@mcq.org<\/a><\/p>\n<p><strong><strong><strong>Montr\u00e9al&nbsp;:<\/strong><br><\/strong><\/strong>Rosemonde Gingras&nbsp;: 514&nbsp;458-8355\u2009; courriel&nbsp;: <a href=\"mailto:rosemonde@rosemondecommunications.com\">rosemonde@rosemondecommunications.com<\/a><\/p>\n<p class=\"vignette\">Publi\u00e9 le 29 mars 2023<\/p>\n<\/div>\n\n\n          <\/div>\n  <\/div>\n<\/div>","protected":false},"excerpt":{"rendered":"","protected":false},"featured_media":5965,"parent":0,"menu_order":0,"template":"","comm-tax":[8],"class_list":["post-2366","presse","type-presse","status-publish","has-post-thumbnail","hentry","comm-tax-communique"],"acf":[],"yoast_head":"<!-- This site is optimized with the Yoast SEO Premium plugin v27.3 (Yoast SEO v27.3) - https:\/\/yoast.com\/product\/yoast-seo-premium-wordpress\/ -->\n<title>C&#039;est le printemps au Mus\u00e9e de la civilisation\u00a0: on voit La vie en vert et on f\u00eate P\u00e2ques en famille! - Communiqu\u00e9 de presse | Mus\u00e9e de la civilisation<\/title>\n<meta name=\"description\" content=\"C&#039;est le printemps au Mus\u00e9e de la civilisation\u00a0: on voit La vie en vert et on f\u00eate P\u00e2ques en famille!- communiqu\u00e9 de presse du Mus\u00e9e de la civilisation \u00e0 Qu\u00e9bec.\" \/>\n<meta name=\"robots\" content=\"index, follow, max-snippet:-1, max-image-preview:large, max-video-preview:-1\" \/>\n<link rel=\"canonical\" href=\"https:\/\/mcq.org\/en\/a-propos\/medias\/communiques\/cest-le-printemps-au-musee-de-la-civilisation-on-voit-la-vie-en-vert-et-on-fete-paques-en-famille\/\" \/>\n<meta property=\"og:locale\" content=\"en_US\" \/>\n<meta property=\"og:type\" content=\"article\" \/>\n<meta property=\"og:title\" content=\"C&#039;est le printemps au Mus\u00e9e de la civilisation\u00a0: on voit La vie en vert et on f\u00eate P\u00e2ques en famille! - Communiqu\u00e9 de presse | Mus\u00e9e de la civilisation\" \/>\n<meta property=\"og:description\" content=\"C&#039;est le printemps au Mus\u00e9e de la civilisation\u00a0: on voit La vie en vert et on f\u00eate P\u00e2ques en famille!- communiqu\u00e9 de presse du Mus\u00e9e de la civilisation \u00e0 Qu\u00e9bec.\" \/>\n<meta property=\"og:url\" content=\"https:\/\/mcq.org\/en\/a-propos\/medias\/communiques\/cest-le-printemps-au-musee-de-la-civilisation-on-voit-la-vie-en-vert-et-on-fete-paques-en-famille\/\" \/>\n<meta property=\"og:site_name\" content=\"Mus\u00e9e de la civilisation\" \/>\n<meta property=\"article:publisher\" content=\"https:\/\/www.facebook.com\/mcqorg\" \/>\n<meta property=\"article:modified_time\" content=\"2023-05-25T21:15:18+00:00\" \/>\n<meta property=\"og:image\" content=\"https:\/\/mcq.org\/wp-content\/uploads\/2023\/05\/week-end-paques-2023-presse-600x600.jpg?ver=1685036908\" \/>\n\t<meta property=\"og:image:width\" content=\"600\" \/>\n\t<meta property=\"og:image:height\" content=\"600\" \/>\n\t<meta property=\"og:image:type\" content=\"image\/jpeg\" \/>\n<meta name=\"twitter:card\" content=\"summary_large_image\" \/>\n<meta name=\"twitter:site\" content=\"@mcqorg\" \/>\n<meta name=\"twitter:label1\" content=\"Est. reading time\" \/>\n\t<meta name=\"twitter:data1\" content=\"5 minutes\" \/>\n<!-- \/ Yoast SEO Premium plugin. -->","yoast_head_json":{"title":"C'est le printemps au Mus\u00e9e de la civilisation\u00a0: on voit La vie en vert et on f\u00eate P\u00e2ques en famille! - Communiqu\u00e9 de presse | Mus\u00e9e de la civilisation","description":"C'est le printemps au Mus\u00e9e de la civilisation\u00a0: on voit La vie en vert et on f\u00eate P\u00e2ques en famille!- communiqu\u00e9 de presse du Mus\u00e9e de la civilisation \u00e0 Qu\u00e9bec.","robots":{"index":"index","follow":"follow","max-snippet":"max-snippet:-1","max-image-preview":"max-image-preview:large","max-video-preview":"max-video-preview:-1"},"canonical":"https:\/\/mcq.org\/en\/a-propos\/medias\/communiques\/cest-le-printemps-au-musee-de-la-civilisation-on-voit-la-vie-en-vert-et-on-fete-paques-en-famille\/","og_locale":"en_US","og_type":"article","og_title":"C'est le printemps au Mus\u00e9e de la civilisation\u00a0: on voit La vie en vert et on f\u00eate P\u00e2ques en famille! - Communiqu\u00e9 de presse | Mus\u00e9e de la civilisation","og_description":"C'est le printemps au Mus\u00e9e de la civilisation\u00a0: on voit La vie en vert et on f\u00eate P\u00e2ques en famille!- communiqu\u00e9 de presse du Mus\u00e9e de la civilisation \u00e0 Qu\u00e9bec.","og_url":"https:\/\/mcq.org\/en\/a-propos\/medias\/communiques\/cest-le-printemps-au-musee-de-la-civilisation-on-voit-la-vie-en-vert-et-on-fete-paques-en-famille\/","og_site_name":"Mus\u00e9e de la civilisation","article_publisher":"https:\/\/www.facebook.com\/mcqorg","article_modified_time":"2023-05-25T21:15:18+00:00","og_image":[{"width":600,"height":600,"url":"https:\/\/mcq.org\/wp-content\/uploads\/2023\/05\/week-end-paques-2023-presse-600x600.jpg?ver=1685036908","type":"image\/jpeg"}],"twitter_card":"summary_large_image","twitter_site":"@mcqorg","twitter_misc":{"Est. reading time":"5 minutes"},"schema":{"@context":"https:\/\/schema.org","@graph":[{"@type":"WebPage","@id":"https:\/\/mcq.org\/en\/a-propos\/medias\/communiques\/cest-le-printemps-au-musee-de-la-civilisation-on-voit-la-vie-en-vert-et-on-fete-paques-en-famille\/","url":"https:\/\/mcq.org\/en\/a-propos\/medias\/communiques\/cest-le-printemps-au-musee-de-la-civilisation-on-voit-la-vie-en-vert-et-on-fete-paques-en-famille\/","name":"C'est le printemps au Mus\u00e9e de la civilisation\u00a0: on voit La vie en vert et on f\u00eate P\u00e2ques en famille! - Communiqu\u00e9 de presse | Mus\u00e9e de la civilisation","isPartOf":{"@id":"https:\/\/mcq.org\/en\/#website"},"primaryImageOfPage":{"@id":"https:\/\/mcq.org\/en\/a-propos\/medias\/communiques\/cest-le-printemps-au-musee-de-la-civilisation-on-voit-la-vie-en-vert-et-on-fete-paques-en-famille\/#primaryimage"},"image":{"@id":"https:\/\/mcq.org\/en\/a-propos\/medias\/communiques\/cest-le-printemps-au-musee-de-la-civilisation-on-voit-la-vie-en-vert-et-on-fete-paques-en-famille\/#primaryimage"},"thumbnailUrl":"https:\/\/mcq.org\/wp-content\/uploads\/2023\/05\/week-end-paques-2023-presse-600x600.jpg?ver=1685036908","datePublished":"2023-03-29T17:27:50+00:00","dateModified":"2023-05-25T21:15:18+00:00","description":"C'est le printemps au Mus\u00e9e de la civilisation\u00a0: on voit La vie en vert et on f\u00eate P\u00e2ques en famille!- communiqu\u00e9 de presse du Mus\u00e9e de la civilisation \u00e0 Qu\u00e9bec.","breadcrumb":{"@id":"https:\/\/mcq.org\/en\/a-propos\/medias\/communiques\/cest-le-printemps-au-musee-de-la-civilisation-on-voit-la-vie-en-vert-et-on-fete-paques-en-famille\/#breadcrumb"},"inLanguage":"en-US","potentialAction":[{"@type":"ReadAction","target":["https:\/\/mcq.org\/en\/a-propos\/medias\/communiques\/cest-le-printemps-au-musee-de-la-civilisation-on-voit-la-vie-en-vert-et-on-fete-paques-en-famille\/"]}]},{"@type":"ImageObject","inLanguage":"en-US","@id":"https:\/\/mcq.org\/en\/a-propos\/medias\/communiques\/cest-le-printemps-au-musee-de-la-civilisation-on-voit-la-vie-en-vert-et-on-fete-paques-en-famille\/#primaryimage","url":"https:\/\/mcq.org\/wp-content\/uploads\/2023\/05\/week-end-paques-2023-presse-600x600.jpg?ver=1685036908","contentUrl":"https:\/\/mcq.org\/wp-content\/uploads\/2023\/05\/week-end-paques-2023-presse-600x600.jpg?ver=1685036908","width":600,"height":600,"caption":"Signature visuelle du Brunch de P\u00e2ques Chocolat Favoris 2023"},{"@type":"BreadcrumbList","@id":"https:\/\/mcq.org\/en\/a-propos\/medias\/communiques\/cest-le-printemps-au-musee-de-la-civilisation-on-voit-la-vie-en-vert-et-on-fete-paques-en-famille\/#breadcrumb","itemListElement":[{"@type":"ListItem","position":1,"name":"Home","item":"https:\/\/mcq.org\/en\/"},{"@type":"ListItem","position":2,"name":"Communiqu\u00e9s presse","item":"https:\/\/mcq.org\/en\/a-propos\/medias\/communiques\/"},{"@type":"ListItem","position":3,"name":"C&rsquo;est le printemps au Mus\u00e9e de la civilisation\u00a0: on voit La vie en vert et on f\u00eate P\u00e2ques en famille!"}]},{"@type":"WebSite","@id":"https:\/\/mcq.org\/en\/#website","url":"https:\/\/mcq.org\/en\/","name":"Mus\u00e9e de la civilisation","description":"Le Mus\u00e9e de la civilisation explore les diff\u00e9rentes facettes de la r\u00e9alit\u00e9 humaine avec sa d\u00e9marche unique qui combine enchantement, connaissance et r\u00e9flexion.","publisher":{"@id":"https:\/\/mcq.org\/en\/#organization"},"alternateName":"MCQ","potentialAction":[{"@type":"SearchAction","target":{"@type":"EntryPoint","urlTemplate":"https:\/\/mcq.org\/en\/?s={search_term_string}"},"query-input":{"@type":"PropertyValueSpecification","valueRequired":true,"valueName":"search_term_string"}}],"inLanguage":"en-US"},{"@type":"Organization","@id":"https:\/\/mcq.org\/en\/#organization","name":"Mus\u00e9e de la civilisation","alternateName":"MCQ","url":"https:\/\/mcq.org\/en\/","logo":{"@type":"ImageObject","inLanguage":"en-US","@id":"https:\/\/mcq.org\/en\/#\/schema\/logo\/image\/","url":"https:\/\/mcq.org\/wp-content\/uploads\/2023\/04\/logo-mcq-300x123-1.png","contentUrl":"https:\/\/mcq.org\/wp-content\/uploads\/2023\/04\/logo-mcq-300x123-1.png","width":300,"height":123,"caption":"Mus\u00e9e de la civilisation"},"image":{"@id":"https:\/\/mcq.org\/en\/#\/schema\/logo\/image\/"},"sameAs":["https:\/\/www.facebook.com\/mcqorg","https:\/\/x.com\/mcqorg","https:\/\/www.instagram.com\/mcqorg\/","https:\/\/www.linkedin.com\/company\/mcqorg\/"]}]}},"_links":{"self":[{"href":"https:\/\/mcq.org\/en\/wp-json\/wp\/v2\/presse\/2366","targetHints":{"allow":["GET"]}}],"collection":[{"href":"https:\/\/mcq.org\/en\/wp-json\/wp\/v2\/presse"}],"about":[{"href":"https:\/\/mcq.org\/en\/wp-json\/wp\/v2\/types\/presse"}],"version-history":[{"count":7,"href":"https:\/\/mcq.org\/en\/wp-json\/wp\/v2\/presse\/2366\/revisions"}],"predecessor-version":[{"id":5993,"href":"https:\/\/mcq.org\/en\/wp-json\/wp\/v2\/presse\/2366\/revisions\/5993"}],"wp:featuredmedia":[{"embeddable":true,"href":"https:\/\/mcq.org\/en\/wp-json\/wp\/v2\/media\/5965"}],"wp:attachment":[{"href":"https:\/\/mcq.org\/en\/wp-json\/wp\/v2\/media?parent=2366"}],"wp:term":[{"taxonomy":"comm-tax","embeddable":true,"href":"https:\/\/mcq.org\/en\/wp-json\/wp\/v2\/comm-tax?post=2366"}],"curies":[{"name":"wp","href":"https:\/\/api.w.org\/{rel}","templated":true}]}}