{"id":2184,"date":"2023-05-08T11:00:00","date_gmt":"2023-05-08T15:00:00","guid":{"rendered":"https:\/\/prod.mcq.org\/?post_type=presse&#038;p=2184"},"modified":"2023-05-25T16:24:18","modified_gmt":"2023-05-25T20:24:18","slug":"le-musee-de-la-civilisation-accueille-deux-des-plus-imposants-objets-de-collection-jamais-entres-en-ses-murs","status":"publish","type":"presse","link":"https:\/\/mcq.org\/en\/a-propos\/medias\/communiques\/le-musee-de-la-civilisation-accueille-deux-des-plus-imposants-objets-de-collection-jamais-entres-en-ses-murs\/","title":{"rendered":"Le Mus\u00e9e de la civilisation accueille deux des plus imposants objets de collection jamais entr\u00e9s en ses murs"},"content":{"rendered":"<div  class=\"container contenu-centre\">\n  <div class=\"row justify-content-center\">\n    <div class=\"col-lg-10 col-xl-8\">\n      \n        \n\n<p>En cette ann\u00e9e de son 35e anniversaire, le Mus\u00e9e de la civilisation a accueilli, ce matin, deux des plus imposants objets de collection jamais entr\u00e9s en ses murs : un corbillard d&#8217;apparat provenant de la donation C\u00e9cile et Robert L\u00e9pine et une partie des vestiges arch\u00e9ologiques d\u00e9couverts sur la rue Sainte-Ursule en 2018.<\/p>\n<p>Empreintes d&#8217;une forte charge historique, ces deux pi\u00e8ces qui ont toutes les deux b\u00e9n\u00e9fici\u00e9 de l&#8217;expertise des restaurateurs du Centre de conservation du Qu\u00e9bec du minist\u00e8re de la Culture et des Communications, feront partie de la future exposition permanente sur le Qu\u00e9bec qui ouvrira ses portes au printemps 2024.<\/p>\n<p>La salle d\u00e9di\u00e9e \u00e0 cette exposition \u00e9tant situ\u00e9e \u00e0 l&#8217;\u00e9tage sup\u00e9rieur du b\u00e2timent et les objets ne pouvant \u00eatre d\u00e9plac\u00e9s via le monte-charge, l&#8217;\u00e9quipe du Mus\u00e9e a fait appel \u00e0 QSL, une entreprise sp\u00e9cialis\u00e9e dans la manutention minutieuse de marchandises, notamment dans le domaine portuaire. Apr\u00e8s avoir retir\u00e9, pr\u00e9alablement, une partie de la balustrade vitr\u00e9e de la passerelle sup\u00e9rieure et install\u00e9s, c\u00f4te \u00e0 c\u00f4te, deux appareils d&#8217;\u00e9l\u00e9vation, on a proc\u00e9d\u00e9 d&#8217;abord au soul\u00e8vement des deux soles de bois associ\u00e9es aux vestiges arch\u00e9ologiques d\u00e9couverts sur la rue Sainte-Ursule en 2018, bien prot\u00e9g\u00e9es de la poussi\u00e8re sous une enveloppe. Par la suite, ce fut au tour du corbillard d&#8217;apparat, dont les roues ont \u00e9t\u00e9 retir\u00e9es il y a quelques jours, d&#8217;\u00eatre plac\u00e9 sur une plateforme facilitant son transport jusqu&#8217;au hall du Mus\u00e9e.<\/p>\n<p><strong>Citations<\/strong><\/p>\n<p>\u00ab Malgr\u00e9 les d\u00e9fis que repr\u00e9sentait l&#8217;entr\u00e9e de ces deux pi\u00e8ces exceptionnelles, nous tenions \u00e0 ce qu&#8217;elles soient mises en valeur dans le cadre de notre prochaine exposition permanente sur le Qu\u00e9bec. Jamais expos\u00e9es, elles mettent en lumi\u00e8re des aspects intrigants et fascinants de notre histoire en plus de contribuer au d\u00e9veloppement des connaissances historiques et scientifiques gr\u00e2ce au travail des arch\u00e9ologues et des sp\u00e9cialistes en restauration. \u00bb &#8211; St\u00e9phan La Roche, pr\u00e9sident-directeur g\u00e9n\u00e9ral<\/p>\n<p>\u00ab Profond\u00e9ment engag\u00e9 dans notre communaut\u00e9, il \u00e9tait tout naturel pour QSL d&#8217;appuyer notre voisin dans une op\u00e9ration aussi d\u00e9licate qu&#8217;importante pour la mise en valeur de ce patrimoine unique. Nos \u00e9quipes ont fait preuve d&#8217;innovation et d&#8217;une agilit\u00e9 op\u00e9rationnelle exceptionnelle pour mener \u00e0 bien cette op\u00e9ration spectaculaire pour le public\u2026 mais plut\u00f4t simple dans notre r\u00e9alit\u00e9 quotidienne o\u00f9 le \u00ab hors norme \u00bb fait partie de la d\u00e9finition de t\u00e2che. Adapter notre machinerie de levage pour pouvoir l&#8217;entrer dans le mus\u00e9e illustre parfaitement notre promesse : la r\u00e9ussite sur mesure. \u00bb &#8211;\u00a0<span class=\"ui-provider gr b c d e f g h i j k l m n o p q r s t u v w x y z ab ac ae af ag ah ai aj ak\" dir=\"ltr\">Steve Quenneville, Vice-pr\u00e9sident, Qu\u00e9bec Ouest et Centre.<\/span><\/p>\n<p><strong>Faits saillants<\/strong><\/p>\n<ul>\n<li>Le corbillard d&#8217;apparat a \u00e9t\u00e9 dessin\u00e9 en 1900 par Ad\u00e9lard L\u00e9pine (1871-1945), \u00e9b\u00e9niste, ciseleur et dessinateur et petit-fils du fondateur de la Maison L\u00e9pine. Sa fabrication, achev\u00e9e en 1901, a requis les services de six artisans qu\u00e9b\u00e9cois du 19e si\u00e8cle (carrossier, charron, dessinateur, doreur, orf\u00e8vre, sculpteur).<\/li>\n<li><span style=\"font-size: revert; color: var(--bs-body-color); font-family: var(--mcq-font-sans-serif);\">Dimensions : Longueur : 6,09 m\u00e8tres &#8211; Largeur : 2,38 m\u00e8tres &#8211; Hauteur : 4,26 m\u00e8tres avec la croix<\/span><\/li>\n<li><span style=\"font-size: revert; color: var(--bs-body-color); font-family: var(--mcq-font-sans-serif);\">Poids : 1 621.6 kg (3 575 livres) sans ornements (rideaux, croix, lanternons sur le toit).<\/span><\/li>\n<li><span style=\"font-size: revert; color: var(--bs-body-color); font-family: var(--mcq-font-sans-serif);\">Jusqu&#8217;en 1955, il a servi r\u00e9guli\u00e8rement aux fun\u00e9railles de personnages publics, politiques et religieux qu\u00e9b\u00e9cois. Par la suite, son utilisation s&#8217;est faite beaucoup plus rare. L&#8217;une de ses derni\u00e8res sorties fut le 8 ao\u00fbt 1973 pour les fun\u00e9railles d&#8217;\u00c9tat du premier ministre du Canada, l&#8217;Honorable Louis Saint-Laurent.\u00a0<\/span><\/li>\n<li>Avant d&#8217;\u00eatre int\u00e9gr\u00e9 \u00e0 la salle d&#8217;exposition, le corbillard sera install\u00e9 sous une structure de protection transparente permettant d&#8217;admirer, de pr\u00e8s, les derniers fins travaux de restauration qu&#8217;il requiert. Cela aura lieu du 3 au 28 juillet 2023, du lundi au vendredi, et au cours de ces d\u00e9monstrations, des p\u00e9riodes de discussions avec la restauratrice sont pr\u00e9vues.\u00a0<\/li>\n<li>\u00a0Les soles de bois sont des vestiges arch\u00e9ologiques d\u00e9couverts sur la rue Sainte-Ursule en 2018 dans le contexte d&#8217;un chantier sur la rue Sainte-Ursule, \u00e0 Qu\u00e9bec. Ce sont les deux plus longues pi\u00e8ces qui sont entr\u00e9es au Mus\u00e9e. L&#8217;une mesure 6,77 m\u00e8tres et l&#8217;autre 7,40 m\u00e8tres. Fragiles, elles demeureront \u00e0 l&#8217;abri de la lumi\u00e8re et de la poussi\u00e8re en attendant leur mise en vitrine en 2024.<\/li>\n<li><span style=\"font-size: revert; color: var(--bs-body-color); font-family: var(--mcq-font-sans-serif);\">Ayant un fort potentiel d&#8217;interpr\u00e9tation au regard de l&#8217;histoire de la vieille ville de Qu\u00e9bec et, incidemment, du Qu\u00e9bec lui-m\u00eame, elles occuperont un espace d\u00e9di\u00e9 \u00e0 la fin de l&#8217;exposition afin de faire ressortir, notamment, la d\u00e9marche scientifique qui anime les arch\u00e9ologues et les sp\u00e9cialistes en restauration du minist\u00e8re de la Culture et des Communications. Une belle occasion de mesurer la richesse du patrimoine arch\u00e9ologique du Qu\u00e9bec, d&#8217;alimenter la r\u00e9flexion des diverses client\u00e8les du Mus\u00e9e et de tisser des liens entre diff\u00e9rents \u00e9nonc\u00e9s que soul\u00e8ve cette d\u00e9couverte de 2018.\u00a0<\/span><\/li>\n<li>La future exposition permanente ouvrira ses portes en mai 2024. Ce sera la 3e r\u00e9alisation de r\u00e9f\u00e9rence sur le Qu\u00e9bec du Mus\u00e9e de la civilisation. Elle fait suite \u00e0 l&#8217;exposition Le temps des Qu\u00e9b\u00e9cois (2004-2023) et \u00e0 M\u00e9moires (1988-2003). Elle sera ax\u00e9e sur le th\u00e8me des rencontres \u00e0 travers une diversit\u00e9 de regards.\u00a0<\/li>\n<li>QSL a d\u00fb monter et d\u00e9monter certains de ses \u00e9quipements pour les installer \u00e0 l&#8217;int\u00e9rieur du Mus\u00e9e. La pr\u00e9paration au levage a \u00e9t\u00e9, dans ce cas-ci, tr\u00e8s importante. Quelques jours pr\u00e9c\u00e9dents l&#8217;op\u00e9ration, l&#8217;\u00e9quipe a organis\u00e9 une simulation des diff\u00e9rentes man\u0153uvres \u00e0 pr\u00e9voir afin de r\u00e9gler chaque d\u00e9tail.<\/li>\n<\/ul>\n<p>Liens connexes\u00a0:<br \/><a href=\"http:\/\/www.ccq.gouv.qc.ca\">Centre de conservation du Qu\u00e9bec<\/a>, minist\u00e8re de la Culture et des Communications<br \/><a href=\"http:\/\/www.qsl.com\/fr\">QSL\u00a0<\/a><\/p>\n<p><strong>Relations de presse<\/strong><br \/>Qu\u00e9bec :<br \/>Agn\u00e8s Dufour : 418 643-2158 poste 433; <a href=\"mailto:agnes.dufour@mcq.org\">courriel<\/a><\/p>\n<p>Montr\u00e9al :<br \/>Rosemonde Gingras : 514 458-8355; <a href=\"mailto:rosemonde@rosemondecommunications.com\">courriel<\/a>\u00a0<\/p>\n<p class=\"vignette\">Publi\u00e9 le 8 mai 2023<\/p>\n\n\n          <\/div>\n  <\/div>\n<\/div>","protected":false},"excerpt":{"rendered":"","protected":false},"featured_media":2317,"parent":0,"menu_order":0,"template":"","comm-tax":[8],"class_list":["post-2184","presse","type-presse","status-publish","has-post-thumbnail","hentry","comm-tax-communique"],"acf":[],"yoast_head":"<!-- This site is optimized with the Yoast SEO Premium plugin v27.3 (Yoast SEO v27.3) - https:\/\/yoast.com\/product\/yoast-seo-premium-wordpress\/ -->\n<title>Le Mus\u00e9e de la civilisation accueille deux des plus imposants objets de collection jamais entr\u00e9s en ses murs - Communiqu\u00e9 de presse | Mus\u00e9e de la civilisation<\/title>\n<meta name=\"description\" content=\"Le Mus\u00e9e de la civilisation accueille deux des plus imposants objets de collection jamais entr\u00e9s en ses murs- communiqu\u00e9 de presse du Mus\u00e9e de la civilisation \u00e0 Qu\u00e9bec.\" \/>\n<meta name=\"robots\" content=\"index, follow, max-snippet:-1, max-image-preview:large, max-video-preview:-1\" \/>\n<link rel=\"canonical\" href=\"https:\/\/mcq.org\/en\/a-propos\/medias\/communiques\/le-musee-de-la-civilisation-accueille-deux-des-plus-imposants-objets-de-collection-jamais-entres-en-ses-murs\/\" \/>\n<meta property=\"og:locale\" content=\"en_US\" \/>\n<meta property=\"og:type\" content=\"article\" \/>\n<meta property=\"og:title\" content=\"Le Mus\u00e9e de la civilisation accueille deux des plus imposants objets de collection jamais entr\u00e9s en ses murs - Communiqu\u00e9 de presse | Mus\u00e9e de la civilisation\" \/>\n<meta property=\"og:description\" content=\"Le Mus\u00e9e de la civilisation accueille deux des plus imposants objets de collection jamais entr\u00e9s en ses murs- communiqu\u00e9 de presse du Mus\u00e9e de la civilisation \u00e0 Qu\u00e9bec.\" \/>\n<meta property=\"og:url\" content=\"https:\/\/mcq.org\/en\/a-propos\/medias\/communiques\/le-musee-de-la-civilisation-accueille-deux-des-plus-imposants-objets-de-collection-jamais-entres-en-ses-murs\/\" \/>\n<meta property=\"og:site_name\" content=\"Mus\u00e9e de la civilisation\" \/>\n<meta property=\"article:publisher\" content=\"https:\/\/www.facebook.com\/mcqorg\" \/>\n<meta property=\"article:modified_time\" content=\"2023-05-25T20:24:18+00:00\" \/>\n<meta property=\"og:image\" content=\"https:\/\/mcq.org\/wp-content\/uploads\/2023\/05\/leve-corbillard-lepine.jpg\" \/>\n\t<meta property=\"og:image:width\" content=\"600\" \/>\n\t<meta property=\"og:image:height\" content=\"600\" \/>\n\t<meta property=\"og:image:type\" content=\"image\/jpeg\" \/>\n<meta name=\"twitter:card\" content=\"summary_large_image\" \/>\n<meta name=\"twitter:site\" content=\"@mcqorg\" \/>\n<meta name=\"twitter:label1\" content=\"Est. reading time\" \/>\n\t<meta name=\"twitter:data1\" content=\"5 minutes\" \/>\n<!-- \/ Yoast SEO Premium plugin. -->","yoast_head_json":{"title":"Le Mus\u00e9e de la civilisation accueille deux des plus imposants objets de collection jamais entr\u00e9s en ses murs - Communiqu\u00e9 de presse | Mus\u00e9e de la civilisation","description":"Le Mus\u00e9e de la civilisation accueille deux des plus imposants objets de collection jamais entr\u00e9s en ses murs- communiqu\u00e9 de presse du Mus\u00e9e de la civilisation \u00e0 Qu\u00e9bec.","robots":{"index":"index","follow":"follow","max-snippet":"max-snippet:-1","max-image-preview":"max-image-preview:large","max-video-preview":"max-video-preview:-1"},"canonical":"https:\/\/mcq.org\/en\/a-propos\/medias\/communiques\/le-musee-de-la-civilisation-accueille-deux-des-plus-imposants-objets-de-collection-jamais-entres-en-ses-murs\/","og_locale":"en_US","og_type":"article","og_title":"Le Mus\u00e9e de la civilisation accueille deux des plus imposants objets de collection jamais entr\u00e9s en ses murs - Communiqu\u00e9 de presse | Mus\u00e9e de la civilisation","og_description":"Le Mus\u00e9e de la civilisation accueille deux des plus imposants objets de collection jamais entr\u00e9s en ses murs- communiqu\u00e9 de presse du Mus\u00e9e de la civilisation \u00e0 Qu\u00e9bec.","og_url":"https:\/\/mcq.org\/en\/a-propos\/medias\/communiques\/le-musee-de-la-civilisation-accueille-deux-des-plus-imposants-objets-de-collection-jamais-entres-en-ses-murs\/","og_site_name":"Mus\u00e9e de la civilisation","article_publisher":"https:\/\/www.facebook.com\/mcqorg","article_modified_time":"2023-05-25T20:24:18+00:00","og_image":[{"width":600,"height":600,"url":"https:\/\/mcq.org\/wp-content\/uploads\/2023\/05\/leve-corbillard-lepine.jpg","type":"image\/jpeg"}],"twitter_card":"summary_large_image","twitter_site":"@mcqorg","twitter_misc":{"Est. reading time":"5 minutes"},"schema":{"@context":"https:\/\/schema.org","@graph":[{"@type":"WebPage","@id":"https:\/\/mcq.org\/en\/a-propos\/medias\/communiques\/le-musee-de-la-civilisation-accueille-deux-des-plus-imposants-objets-de-collection-jamais-entres-en-ses-murs\/","url":"https:\/\/mcq.org\/en\/a-propos\/medias\/communiques\/le-musee-de-la-civilisation-accueille-deux-des-plus-imposants-objets-de-collection-jamais-entres-en-ses-murs\/","name":"Le Mus\u00e9e de la civilisation accueille deux des plus imposants objets de collection jamais entr\u00e9s en ses murs - Communiqu\u00e9 de presse | Mus\u00e9e de la civilisation","isPartOf":{"@id":"https:\/\/mcq.org\/en\/#website"},"primaryImageOfPage":{"@id":"https:\/\/mcq.org\/en\/a-propos\/medias\/communiques\/le-musee-de-la-civilisation-accueille-deux-des-plus-imposants-objets-de-collection-jamais-entres-en-ses-murs\/#primaryimage"},"image":{"@id":"https:\/\/mcq.org\/en\/a-propos\/medias\/communiques\/le-musee-de-la-civilisation-accueille-deux-des-plus-imposants-objets-de-collection-jamais-entres-en-ses-murs\/#primaryimage"},"thumbnailUrl":"https:\/\/mcq.org\/wp-content\/uploads\/2023\/05\/leve-corbillard-lepine.jpg","datePublished":"2023-05-08T15:00:00+00:00","dateModified":"2023-05-25T20:24:18+00:00","description":"Le Mus\u00e9e de la civilisation accueille deux des plus imposants objets de collection jamais entr\u00e9s en ses murs- communiqu\u00e9 de presse du Mus\u00e9e de la civilisation \u00e0 Qu\u00e9bec.","breadcrumb":{"@id":"https:\/\/mcq.org\/en\/a-propos\/medias\/communiques\/le-musee-de-la-civilisation-accueille-deux-des-plus-imposants-objets-de-collection-jamais-entres-en-ses-murs\/#breadcrumb"},"inLanguage":"en-US","potentialAction":[{"@type":"ReadAction","target":["https:\/\/mcq.org\/en\/a-propos\/medias\/communiques\/le-musee-de-la-civilisation-accueille-deux-des-plus-imposants-objets-de-collection-jamais-entres-en-ses-murs\/"]}]},{"@type":"ImageObject","inLanguage":"en-US","@id":"https:\/\/mcq.org\/en\/a-propos\/medias\/communiques\/le-musee-de-la-civilisation-accueille-deux-des-plus-imposants-objets-de-collection-jamais-entres-en-ses-murs\/#primaryimage","url":"https:\/\/mcq.org\/wp-content\/uploads\/2023\/05\/leve-corbillard-lepine.jpg","contentUrl":"https:\/\/mcq.org\/wp-content\/uploads\/2023\/05\/leve-corbillard-lepine.jpg","width":600,"height":600,"caption":"Le corbillard d'apparat donn\u00e9 par la famille L\u00e9pine est soulev\u00e9 par deux lifts vers le 2e \u00e9tage."},{"@type":"BreadcrumbList","@id":"https:\/\/mcq.org\/en\/a-propos\/medias\/communiques\/le-musee-de-la-civilisation-accueille-deux-des-plus-imposants-objets-de-collection-jamais-entres-en-ses-murs\/#breadcrumb","itemListElement":[{"@type":"ListItem","position":1,"name":"Home","item":"https:\/\/mcq.org\/en\/"},{"@type":"ListItem","position":2,"name":"Communiqu\u00e9s presse","item":"https:\/\/mcq.org\/en\/a-propos\/medias\/communiques\/"},{"@type":"ListItem","position":3,"name":"Le Mus\u00e9e de la civilisation accueille deux des plus imposants objets de collection jamais entr\u00e9s en ses murs"}]},{"@type":"WebSite","@id":"https:\/\/mcq.org\/en\/#website","url":"https:\/\/mcq.org\/en\/","name":"Mus\u00e9e de la civilisation","description":"Le Mus\u00e9e de la civilisation explore les diff\u00e9rentes facettes de la r\u00e9alit\u00e9 humaine avec sa d\u00e9marche unique qui combine enchantement, connaissance et r\u00e9flexion.","publisher":{"@id":"https:\/\/mcq.org\/en\/#organization"},"alternateName":"MCQ","potentialAction":[{"@type":"SearchAction","target":{"@type":"EntryPoint","urlTemplate":"https:\/\/mcq.org\/en\/?s={search_term_string}"},"query-input":{"@type":"PropertyValueSpecification","valueRequired":true,"valueName":"search_term_string"}}],"inLanguage":"en-US"},{"@type":"Organization","@id":"https:\/\/mcq.org\/en\/#organization","name":"Mus\u00e9e de la civilisation","alternateName":"MCQ","url":"https:\/\/mcq.org\/en\/","logo":{"@type":"ImageObject","inLanguage":"en-US","@id":"https:\/\/mcq.org\/en\/#\/schema\/logo\/image\/","url":"https:\/\/mcq.org\/wp-content\/uploads\/2023\/04\/logo-mcq-300x123-1.png","contentUrl":"https:\/\/mcq.org\/wp-content\/uploads\/2023\/04\/logo-mcq-300x123-1.png","width":300,"height":123,"caption":"Mus\u00e9e de la civilisation"},"image":{"@id":"https:\/\/mcq.org\/en\/#\/schema\/logo\/image\/"},"sameAs":["https:\/\/www.facebook.com\/mcqorg","https:\/\/x.com\/mcqorg","https:\/\/www.instagram.com\/mcqorg\/","https:\/\/www.linkedin.com\/company\/mcqorg\/"]}]}},"_links":{"self":[{"href":"https:\/\/mcq.org\/en\/wp-json\/wp\/v2\/presse\/2184","targetHints":{"allow":["GET"]}}],"collection":[{"href":"https:\/\/mcq.org\/en\/wp-json\/wp\/v2\/presse"}],"about":[{"href":"https:\/\/mcq.org\/en\/wp-json\/wp\/v2\/types\/presse"}],"version-history":[{"count":6,"href":"https:\/\/mcq.org\/en\/wp-json\/wp\/v2\/presse\/2184\/revisions"}],"predecessor-version":[{"id":5988,"href":"https:\/\/mcq.org\/en\/wp-json\/wp\/v2\/presse\/2184\/revisions\/5988"}],"wp:featuredmedia":[{"embeddable":true,"href":"https:\/\/mcq.org\/en\/wp-json\/wp\/v2\/media\/2317"}],"wp:attachment":[{"href":"https:\/\/mcq.org\/en\/wp-json\/wp\/v2\/media?parent=2184"}],"wp:term":[{"taxonomy":"comm-tax","embeddable":true,"href":"https:\/\/mcq.org\/en\/wp-json\/wp\/v2\/comm-tax?post=2184"}],"curies":[{"name":"wp","href":"https:\/\/api.w.org\/{rel}","templated":true}]}}