{"id":21738,"date":"2025-04-15T08:00:00","date_gmt":"2025-04-15T12:00:00","guid":{"rendered":"https:\/\/mcq.org\/?post_type=presse&#038;p=21738"},"modified":"2025-04-14T17:03:33","modified_gmt":"2025-04-14T21:03:33","slug":"le-week-end-de-paques-chocolats-favoris-levenement-irresistiblement-fondant-est-de-retour","status":"publish","type":"presse","link":"https:\/\/mcq.org\/en\/a-propos\/medias\/communiques\/le-week-end-de-paques-chocolats-favoris-levenement-irresistiblement-fondant-est-de-retour\/","title":{"rendered":"Le Week-end de P\u00e2ques Chocolats Favoris\u00a0: l\u2019\u00e9v\u00e9nement irr\u00e9sistiblement fondant est de retour"},"content":{"rendered":"<div  class=\"container contenu-centre\">\n  <div class=\"row justify-content-center\">\n    <div class=\"col-lg-10 col-xl-8\">\n      \n        \n\n<p>Le Week-end de P\u00e2ques <a href=\"https:\/\/www.chocolatsfavoris.com\/\" target=\"_blank\" rel=\"noopener\">Chocolats Favoris<\/a> revient pour une neuvi\u00e8me \u00e9dition les\u00a019\u00a0et\u00a020\u00a0avril au Mus\u00e9e de la civilisation. L\u2019\u00e9v\u00e9nement tant attendu, au profit de la <a href=\"https:\/\/mcq.org\/soutenir\/fondation\/\"><strong>Fondation du Mus\u00e9e de la civilisation<\/strong><\/a>, continue d\u2019envo\u00fbter familles et c\u0153urs gourmands de tous les \u00e2ges par ses activit\u00e9s \u00e0 la fois \u00e9ducatives, amusantes et chocolat\u00e9es.<\/p>\n<p>Au menu\u00a0: spectacle pour enfants avec l\u2019<a href=\"https:\/\/www.oprq.org\/\" target=\"_blank\" rel=\"noopener\">Orchestre philharmonique de la rel\u00e8ve du Qu\u00e9bec<\/a> (OPRQ), camion de rue \u00ab\u2009Shack de la cabane\u2009\u00bb de la <a href=\"https:\/\/citeagricole.com\/\" target=\"_blank\" rel=\"noopener\">Cit\u00e9 Agricole<\/a>, conte printanier, atelier Coco D\u00e9co pour personnaliser des \u0153ufs en chocolat, chasse aux noix remplie de rebondissements, d\u00e9monstration sur le chocolat, etc. C\u2019est aussi la derni\u00e8re fin de semaine pour sauter \u00e0 pieds joints dans l\u2019univers \u00e9clat\u00e9 de la lutte, l\u2019exposition <a href=\"https:\/\/mcq.org\/decouvrir\/expositions\/lutte-le-quebec-dans-larene\/\"><em>Lutte. Le Qu\u00e9bec dans l\u2019ar\u00e8ne<\/em><\/a> prenant fin le 21\u00a0avril.<\/p>\n<p><em>Le Week-end de P\u00e2ques Chocolats Favoris est pr\u00e9sent\u00e9 par <a href=\"https:\/\/www.desjardins.com\/\" target=\"_blank\" rel=\"noopener\">Desjardins<\/a>, en collaboration avec la <a href=\"https:\/\/fdg.ca\/\" target=\"_blank\" rel=\"noopener\">Fondation Dufresne et Gauthier<\/a> et <a href=\"https:\/\/www.barry-callebaut.com\/fr-CA\" target=\"_blank\" rel=\"noopener\">Barry Callebaut<\/a> ainsi que de nombreuses autres entreprises et personnes qui s\u2019impliquent en don, en pr\u00e9sence ou en commandite.<\/em><\/p>\n<h3>Accueillir les familles d\u2019ici \u00e0 bras ouverts<\/h3>\n<p>L\u2019\u00e9v\u00e9nement, qui sera accessible <a href=\"https:\/\/mcq.org\/decouvrir\/activites\/week-end-de-paques-chocolats-favoris\/\">au grand public \u00e0 compter de midi<\/a><strong>,<\/strong> accueillera dans un premier temps, entre 9\u00a0h et midi, des familles issues de milieux plus vuln\u00e9rables pour un brunch copieux et savoureux. Des centaines de familles provenant d\u2019organismes communautaires de la r\u00e9gion de Qu\u00e9bec et de L\u00e9vis b\u00e9n\u00e9ficieront de cette initiative visant \u00e0 leur offrir une journ\u00e9e hors de l\u2019ordinaire au Mus\u00e9e. Un geste de solidarit\u00e9, envelopp\u00e9 dans l\u2019esprit de f\u00eate et de partage de ce week-end bien sp\u00e9cial\u2009!<\/p>\n<p>Pour le grand public, les activit\u00e9s de P\u00e2ques seront offertes gratuitement avec le droit d\u2019entr\u00e9e. Tous les profits de l\u2019\u00e9v\u00e9nement seront par ailleurs remis \u00e0 la Fondation, qui \u0153uvre depuis pr\u00e8s de 34\u00a0ans \u00e0 rendre la culture accessible au plus grand nombre, particuli\u00e8rement aux enfants et aux familles de milieux moins favoris\u00e9s.<\/p>\n<h3>Citations<\/h3>\n<p><em>\u00ab\u2009Je suis ravie de vivre, pour la toute premi\u00e8re fois \u00e0 titre de directrice g\u00e9n\u00e9rale, l\u2019exp\u00e9rience du Week-end de P\u00e2ques Chocolats Favoris. L\u2019\u00e9nergie qui se d\u00e9gage de cet \u00e9v\u00e9nement est contagieuse. Pour la Fondation, ce genre de moment est essentiel, car il nous permet de continuer \u00e0 remplir notre mission de favoriser l\u2019accessibilit\u00e9 aux enfants et aux familles avec des besoins particuliers. C\u2019est un privil\u00e8ge de voir les familles se rassembler et c\u00e9l\u00e9brer ensemble dans une atmosph\u00e8re aussi chaleureuse et festive.\u2009\u00bb<br \/><\/em>\u2013\u00a0Julie Lemieux, directrice g\u00e9n\u00e9rale, Mus\u00e9e de la civilisation<\/p>\n<p><em>\u00ab\u2009La f\u00eate de P\u00e2ques, c\u2019est une exp\u00e9rience magique qui rassemble familles et amis, mais c\u2019est aussi une occasion extraordinaire de donner au suivant, de rendre accessibles la culture et l\u2019\u00e9ducation aux familles moins favoris\u00e9es et de faire une diff\u00e9rence significative dans notre communaut\u00e9. Nous croyons sinc\u00e8rement que notre implication avec la Fondation a un r\u00e9el impact aupr\u00e8s des familles.\u2009\u00bb<br \/><\/em>\u2013\u00a0Dominique Brown, pr\u00e9sident, Chocolats Favoris<\/p>\n<h3>Organismes partenaires du Week-end de P\u00e2ques Chocolats Favoris\u00a02025<\/h3>\n<ul>\n<li>Autisme Qu\u00e9bec<\/li>\n<li>CAPJ L\u00e9vis, Centre d\u2019aide et pr\u00e9vention jeunesse<\/li>\n<li>Centre de p\u00e9diatrie sociale de L\u00e9vis<\/li>\n<li>Centre de p\u00e9diatrie sociale de Qu\u00e9bec<\/li>\n<li>Centre Durocher<\/li>\n<li>Centre Famille Haute-Ville<\/li>\n<li>Centre Ressources Jardin de Familles<\/li>\n<li>CIUSSS de la Capitale-Nationale \u2013 Centre jeunesse de Qu\u00e9bec<\/li>\n<li>Entraide Agap\u00e8<\/li>\n<li>Entraide-Parents<\/li>\n<li>Fondation Le Petit Blanchon<\/li>\n<li>Fondation Sourdine<\/li>\n<li>Fondation Virginia Parker<\/li>\n<li>Jeunes musiciens du monde<\/li>\n<li>La Boussole<\/li>\n<li>Laura L\u00e9merveil<\/li>\n<li>Le Grenier<\/li>\n<li>Le Pignon Bleu<\/li>\n<li>Le Pivot<\/li>\n<li>Le Tremplin<\/li>\n<li>Leucan<\/li>\n<li>Loisirs Vanier<\/li>\n<li>Maison de la Famille de Qu\u00e9bec<\/li>\n<li>Maison de la Famille Rive-Sud<\/li>\n<li>Regroupement actions familles \u00e0 Lac-Saint-Charles (Rafal)<\/li>\n<li>Ressources Parents Vanier<\/li>\n<li>Service d\u2019entraide de Saint-Jean-Chrysostome<\/li>\n<li>Solidarit\u00e9 Familles<\/li>\n<\/ul>\n\n\n          <\/div>\n  <\/div>\n<\/div>\n\n\n<p><\/p>\n","protected":false},"excerpt":{"rendered":"","protected":false},"featured_media":21199,"parent":0,"menu_order":0,"template":"","comm-tax":[8],"class_list":["post-21738","presse","type-presse","status-publish","has-post-thumbnail","hentry","comm-tax-communique"],"acf":[],"yoast_head":"<!-- This site is optimized with the Yoast SEO Premium plugin v27.3 (Yoast SEO v27.3) - https:\/\/yoast.com\/product\/yoast-seo-premium-wordpress\/ -->\n<title>Le Week-end de P\u00e2ques Chocolats Favoris\u00a0: l\u2019\u00e9v\u00e9nement irr\u00e9sistiblement fondant est de retour - Communiqu\u00e9 de presse | Mus\u00e9e de la civilisation<\/title>\n<meta name=\"description\" content=\"Le Week-end de P\u00e2ques Chocolats Favoris\u00a0: l\u2019\u00e9v\u00e9nement irr\u00e9sistiblement fondant est de retour- communiqu\u00e9 de presse du Mus\u00e9e de la civilisation \u00e0 Qu\u00e9bec.\" \/>\n<meta name=\"robots\" content=\"index, follow, max-snippet:-1, max-image-preview:large, max-video-preview:-1\" \/>\n<link rel=\"canonical\" href=\"https:\/\/mcq.org\/en\/a-propos\/medias\/communiques\/le-week-end-de-paques-chocolats-favoris-levenement-irresistiblement-fondant-est-de-retour\/\" \/>\n<meta property=\"og:locale\" content=\"en_US\" \/>\n<meta property=\"og:type\" content=\"article\" \/>\n<meta property=\"og:title\" content=\"Le Week-end de P\u00e2ques Chocolats Favoris\u00a0: l\u2019\u00e9v\u00e9nement irr\u00e9sistiblement fondant est de retour - Communiqu\u00e9 de presse | Mus\u00e9e de la civilisation\" \/>\n<meta property=\"og:description\" content=\"Le Week-end de P\u00e2ques Chocolats Favoris\u00a0: l\u2019\u00e9v\u00e9nement irr\u00e9sistiblement fondant est de retour- communiqu\u00e9 de presse du Mus\u00e9e de la civilisation \u00e0 Qu\u00e9bec.\" \/>\n<meta property=\"og:url\" content=\"https:\/\/mcq.org\/en\/a-propos\/medias\/communiques\/le-week-end-de-paques-chocolats-favoris-levenement-irresistiblement-fondant-est-de-retour\/\" \/>\n<meta property=\"og:site_name\" content=\"Mus\u00e9e de la civilisation\" \/>\n<meta property=\"article:publisher\" content=\"https:\/\/www.facebook.com\/mcqorg\" \/>\n<meta property=\"og:image\" content=\"https:\/\/mcq.org\/wp-content\/uploads\/2025\/03\/WE-Paques-2025-600x600px.jpg\" \/>\n\t<meta property=\"og:image:width\" content=\"600\" \/>\n\t<meta property=\"og:image:height\" content=\"600\" \/>\n\t<meta property=\"og:image:type\" content=\"image\/jpeg\" \/>\n<meta name=\"twitter:card\" content=\"summary_large_image\" \/>\n<meta name=\"twitter:site\" content=\"@mcqorg\" \/>\n<meta name=\"twitter:label1\" content=\"Est. reading time\" \/>\n\t<meta name=\"twitter:data1\" content=\"4 minutes\" \/>\n<!-- \/ Yoast SEO Premium plugin. -->","yoast_head_json":{"title":"Le Week-end de P\u00e2ques Chocolats Favoris\u00a0: l\u2019\u00e9v\u00e9nement irr\u00e9sistiblement fondant est de retour - Communiqu\u00e9 de presse | Mus\u00e9e de la civilisation","description":"Le Week-end de P\u00e2ques Chocolats Favoris\u00a0: l\u2019\u00e9v\u00e9nement irr\u00e9sistiblement fondant est de retour- communiqu\u00e9 de presse du Mus\u00e9e de la civilisation \u00e0 Qu\u00e9bec.","robots":{"index":"index","follow":"follow","max-snippet":"max-snippet:-1","max-image-preview":"max-image-preview:large","max-video-preview":"max-video-preview:-1"},"canonical":"https:\/\/mcq.org\/en\/a-propos\/medias\/communiques\/le-week-end-de-paques-chocolats-favoris-levenement-irresistiblement-fondant-est-de-retour\/","og_locale":"en_US","og_type":"article","og_title":"Le Week-end de P\u00e2ques Chocolats Favoris\u00a0: l\u2019\u00e9v\u00e9nement irr\u00e9sistiblement fondant est de retour - Communiqu\u00e9 de presse | Mus\u00e9e de la civilisation","og_description":"Le Week-end de P\u00e2ques Chocolats Favoris\u00a0: l\u2019\u00e9v\u00e9nement irr\u00e9sistiblement fondant est de retour- communiqu\u00e9 de presse du Mus\u00e9e de la civilisation \u00e0 Qu\u00e9bec.","og_url":"https:\/\/mcq.org\/en\/a-propos\/medias\/communiques\/le-week-end-de-paques-chocolats-favoris-levenement-irresistiblement-fondant-est-de-retour\/","og_site_name":"Mus\u00e9e de la civilisation","article_publisher":"https:\/\/www.facebook.com\/mcqorg","og_image":[{"width":600,"height":600,"url":"https:\/\/mcq.org\/wp-content\/uploads\/2025\/03\/WE-Paques-2025-600x600px.jpg","type":"image\/jpeg"}],"twitter_card":"summary_large_image","twitter_site":"@mcqorg","twitter_misc":{"Est. reading time":"4 minutes"},"schema":{"@context":"https:\/\/schema.org","@graph":[{"@type":"WebPage","@id":"https:\/\/mcq.org\/en\/a-propos\/medias\/communiques\/le-week-end-de-paques-chocolats-favoris-levenement-irresistiblement-fondant-est-de-retour\/","url":"https:\/\/mcq.org\/en\/a-propos\/medias\/communiques\/le-week-end-de-paques-chocolats-favoris-levenement-irresistiblement-fondant-est-de-retour\/","name":"Le Week-end de P\u00e2ques Chocolats Favoris\u00a0: l\u2019\u00e9v\u00e9nement irr\u00e9sistiblement fondant est de retour - Communiqu\u00e9 de presse | Mus\u00e9e de la civilisation","isPartOf":{"@id":"https:\/\/mcq.org\/en\/#website"},"primaryImageOfPage":{"@id":"https:\/\/mcq.org\/en\/a-propos\/medias\/communiques\/le-week-end-de-paques-chocolats-favoris-levenement-irresistiblement-fondant-est-de-retour\/#primaryimage"},"image":{"@id":"https:\/\/mcq.org\/en\/a-propos\/medias\/communiques\/le-week-end-de-paques-chocolats-favoris-levenement-irresistiblement-fondant-est-de-retour\/#primaryimage"},"thumbnailUrl":"https:\/\/mcq.org\/wp-content\/uploads\/2025\/03\/WE-Paques-2025-600x600px.jpg","datePublished":"2025-04-15T12:00:00+00:00","description":"Le Week-end de P\u00e2ques Chocolats Favoris\u00a0: l\u2019\u00e9v\u00e9nement irr\u00e9sistiblement fondant est de retour- communiqu\u00e9 de presse du Mus\u00e9e de la civilisation \u00e0 Qu\u00e9bec.","breadcrumb":{"@id":"https:\/\/mcq.org\/en\/a-propos\/medias\/communiques\/le-week-end-de-paques-chocolats-favoris-levenement-irresistiblement-fondant-est-de-retour\/#breadcrumb"},"inLanguage":"en-US","potentialAction":[{"@type":"ReadAction","target":["https:\/\/mcq.org\/en\/a-propos\/medias\/communiques\/le-week-end-de-paques-chocolats-favoris-levenement-irresistiblement-fondant-est-de-retour\/"]}]},{"@type":"ImageObject","inLanguage":"en-US","@id":"https:\/\/mcq.org\/en\/a-propos\/medias\/communiques\/le-week-end-de-paques-chocolats-favoris-levenement-irresistiblement-fondant-est-de-retour\/#primaryimage","url":"https:\/\/mcq.org\/wp-content\/uploads\/2025\/03\/WE-Paques-2025-600x600px.jpg","contentUrl":"https:\/\/mcq.org\/wp-content\/uploads\/2025\/03\/WE-Paques-2025-600x600px.jpg","width":600,"height":600,"caption":"photographie couleurs des trois oeufs d\u00e9cor\u00e9s pour P\u00e2ques : un rose illustrant un lapin, un jaune portant un chapeau de f\u00eates illustrant un homme \u00e0 moustache et un vert lime illustrant un lapin"},{"@type":"BreadcrumbList","@id":"https:\/\/mcq.org\/en\/a-propos\/medias\/communiques\/le-week-end-de-paques-chocolats-favoris-levenement-irresistiblement-fondant-est-de-retour\/#breadcrumb","itemListElement":[{"@type":"ListItem","position":1,"name":"Home","item":"https:\/\/mcq.org\/en\/"},{"@type":"ListItem","position":2,"name":"Communiqu\u00e9s presse","item":"https:\/\/mcq.org\/en\/a-propos\/medias\/communiques\/"},{"@type":"ListItem","position":3,"name":"Le Week-end de P\u00e2ques Chocolats Favoris\u00a0: l\u2019\u00e9v\u00e9nement irr\u00e9sistiblement fondant est de retour"}]},{"@type":"WebSite","@id":"https:\/\/mcq.org\/en\/#website","url":"https:\/\/mcq.org\/en\/","name":"Mus\u00e9e de la civilisation","description":"Le Mus\u00e9e de la civilisation explore les diff\u00e9rentes facettes de la r\u00e9alit\u00e9 humaine avec sa d\u00e9marche unique qui combine enchantement, connaissance et r\u00e9flexion.","publisher":{"@id":"https:\/\/mcq.org\/en\/#organization"},"alternateName":"MCQ","potentialAction":[{"@type":"SearchAction","target":{"@type":"EntryPoint","urlTemplate":"https:\/\/mcq.org\/en\/?s={search_term_string}"},"query-input":{"@type":"PropertyValueSpecification","valueRequired":true,"valueName":"search_term_string"}}],"inLanguage":"en-US"},{"@type":"Organization","@id":"https:\/\/mcq.org\/en\/#organization","name":"Mus\u00e9e de la civilisation","alternateName":"MCQ","url":"https:\/\/mcq.org\/en\/","logo":{"@type":"ImageObject","inLanguage":"en-US","@id":"https:\/\/mcq.org\/en\/#\/schema\/logo\/image\/","url":"https:\/\/mcq.org\/wp-content\/uploads\/2023\/04\/logo-mcq-300x123-1.png","contentUrl":"https:\/\/mcq.org\/wp-content\/uploads\/2023\/04\/logo-mcq-300x123-1.png","width":300,"height":123,"caption":"Mus\u00e9e de la civilisation"},"image":{"@id":"https:\/\/mcq.org\/en\/#\/schema\/logo\/image\/"},"sameAs":["https:\/\/www.facebook.com\/mcqorg","https:\/\/x.com\/mcqorg","https:\/\/www.instagram.com\/mcqorg\/","https:\/\/www.linkedin.com\/company\/mcqorg\/"]}]}},"_links":{"self":[{"href":"https:\/\/mcq.org\/en\/wp-json\/wp\/v2\/presse\/21738","targetHints":{"allow":["GET"]}}],"collection":[{"href":"https:\/\/mcq.org\/en\/wp-json\/wp\/v2\/presse"}],"about":[{"href":"https:\/\/mcq.org\/en\/wp-json\/wp\/v2\/types\/presse"}],"version-history":[{"count":1,"href":"https:\/\/mcq.org\/en\/wp-json\/wp\/v2\/presse\/21738\/revisions"}],"predecessor-version":[{"id":21740,"href":"https:\/\/mcq.org\/en\/wp-json\/wp\/v2\/presse\/21738\/revisions\/21740"}],"wp:featuredmedia":[{"embeddable":true,"href":"https:\/\/mcq.org\/en\/wp-json\/wp\/v2\/media\/21199"}],"wp:attachment":[{"href":"https:\/\/mcq.org\/en\/wp-json\/wp\/v2\/media?parent=21738"}],"wp:term":[{"taxonomy":"comm-tax","embeddable":true,"href":"https:\/\/mcq.org\/en\/wp-json\/wp\/v2\/comm-tax?post=21738"}],"curies":[{"name":"wp","href":"https:\/\/api.w.org\/{rel}","templated":true}]}}