{"id":21481,"date":"2025-03-27T11:03:13","date_gmt":"2025-03-27T15:03:13","guid":{"rendered":"https:\/\/mcq.org\/?post_type=presse&#038;p=21481"},"modified":"2025-03-27T11:06:15","modified_gmt":"2025-03-27T15:06:15","slug":"gratuite-pour-les-familles-au-musee-de-la-civilisation-les-premiers-dimanches-de-chaque-mois","status":"publish","type":"presse","link":"https:\/\/mcq.org\/en\/a-propos\/medias\/communiques\/gratuite-pour-les-familles-au-musee-de-la-civilisation-les-premiers-dimanches-de-chaque-mois\/","title":{"rendered":"Gratuit\u00e9 pour les familles au Mus\u00e9e de la civilisation le premier dimanche de chaque mois"},"content":{"rendered":"<div  class=\"container contenu-centre\">\n  <div class=\"row justify-content-center\">\n    <div class=\"col-lg-10 col-xl-8\">\n      \n        \n\n<p>Le gouvernement a souhait\u00e9 <a href=\"https:\/\/www.quebec.ca\/culture\/musees\/gratuite-musees\">favoriser l\u2019acc\u00e8s du public jeunesse aux mus\u00e9es<\/a> en maintenant la gratuit\u00e9 des premiers dimanches du mois aux personnes de moins de 20 ans. Le Mus\u00e9e de la civilisation, avec le soutien de sa fondation, \u00e9largit cette mesure aux familles du Qu\u00e9bec.<\/p>\n<p>\u00c0 partir du 6 avril 2025, et ce pour chaque premier dimanche du mois, les personnes \u00e2g\u00e9es de moins de 20 ans, en plus des familles (un ou deux adultes accompagn\u00e9s de jeunes de moins de 20 ans) pourront profiter du Mus\u00e9e et de sa programmation gratuitement. Cette mesure est en vigueur pour une dur\u00e9e d\u2019un an.<\/p>\n<p>Ce geste s\u2019inscrit dans les valeurs d\u2019accessibilit\u00e9, qui sont au c\u0153ur de la mission du Mus\u00e9e de la civilisation et de sa fondation. Il est essentiel que des visiteurs et visiteuses de tous horizons, de r\u00e9alit\u00e9s diverses et particuli\u00e8rement la jeunesse et les familles, puissent avoir acc\u00e8s \u00e0 la culture et b\u00e9n\u00e9ficier de cette fen\u00eatre sur le monde.<\/p>\n<p>\u00ab\u00a0La culture est un levier de d\u00e9veloppement collectif et personnel. Ceci s\u2019incarne particuli\u00e8rement au Mus\u00e9e de la civilisation qui, par ses contenus \u00e0 dimension sociale, cherche \u00e0 favoriser le vivre-ensemble, le dialogue et l\u2019ouverture. Nous avons vu une opportunit\u00e9 de nourrir davantage cette mission aupr\u00e8s des familles et des jeunes, en ajoutant cet effort \u00e0 celui du gouvernement.\u00a0\u00bb<br \/><strong><em>Julie Lemieux, directrice g\u00e9n\u00e9rale du Mus\u00e9e de la civilisation<\/em><\/strong><\/p>\n<p>\u00ab\u00a0La Fondation et le Mus\u00e9e de la civilisation travaillent r\u00e9ellement main dans la main pour incarner cette mission, si fondamentale, d\u2019accessibilit\u00e9. Nous avons voulu, ensemble, saisir cette occasion pour permettre \u00e0 un plus grand nombre de jeunes, et leurs parents, de venir au Mus\u00e9e gratuitement, une fois par mois. La culture doit \u00eatre \u00e0 la port\u00e9e de toutes et tous, m\u00eame dans des contextes plus difficiles.\u00a0\u00bb<br \/><strong><em>Olga Farman, pr\u00e9sidente du conseil d\u2019administration de la Fondation du Mus\u00e9e de la civilisation<\/em><\/strong><\/p>\n<p><strong>\u00c0 propos de la <a href=\"https:\/\/mcq.org\/soutenir\/fondation\/\">Fondation du Mus\u00e9e de la civilisation<\/a><\/strong><\/p>\n<p>L\u2019impact de la culture est ind\u00e9niable dans le d\u00e9veloppement social et \u00e9ducatif des individus, particuli\u00e8rement des enfants, peu importe le milieu d\u2019o\u00f9 ils viennent, et \u00e0 plus forte raison en situation de besoins particuliers. La Fondation du Mus\u00e9e de la civilisation se donne pour mission, depuis plus de 30 ans, de soutenir l\u2019accessibilit\u00e9 aux activit\u00e9s du Mus\u00e9e \u00e0 des personnes aux horizons vari\u00e9s afin de leur faire vivre une exp\u00e9rience positive et enrichissante, tout en assurant la p\u00e9rennit\u00e9 du fonctionnement de l\u2019organisation.<\/p>\n\n\n          <\/div>\n  <\/div>\n<\/div>","protected":false},"excerpt":{"rendered":"","protected":false},"featured_media":21482,"parent":0,"menu_order":0,"template":"","comm-tax":[8],"class_list":["post-21481","presse","type-presse","status-publish","has-post-thumbnail","hentry","comm-tax-communique"],"acf":[],"yoast_head":"<!-- This site is optimized with the Yoast SEO Premium plugin v27.3 (Yoast SEO v27.3) - https:\/\/yoast.com\/product\/yoast-seo-premium-wordpress\/ -->\n<title>Gratuit\u00e9 pour les familles au Mus\u00e9e de la civilisation le premier dimanche de chaque mois - Communiqu\u00e9 de presse | Mus\u00e9e de la civilisation<\/title>\n<meta name=\"description\" content=\"Gratuit\u00e9 pour les familles au Mus\u00e9e de la civilisation le premier dimanche de chaque mois- communiqu\u00e9 de presse du Mus\u00e9e de la civilisation \u00e0 Qu\u00e9bec.\" \/>\n<meta name=\"robots\" content=\"index, follow, max-snippet:-1, max-image-preview:large, max-video-preview:-1\" \/>\n<link rel=\"canonical\" href=\"https:\/\/mcq.org\/en\/a-propos\/medias\/communiques\/gratuite-pour-les-familles-au-musee-de-la-civilisation-les-premiers-dimanches-de-chaque-mois\/\" \/>\n<meta property=\"og:locale\" content=\"en_US\" \/>\n<meta property=\"og:type\" content=\"article\" \/>\n<meta property=\"og:title\" content=\"Gratuit\u00e9 pour les familles au Mus\u00e9e de la civilisation le premier dimanche de chaque mois - Communiqu\u00e9 de presse | Mus\u00e9e de la civilisation\" \/>\n<meta property=\"og:description\" content=\"Gratuit\u00e9 pour les familles au Mus\u00e9e de la civilisation le premier dimanche de chaque mois- communiqu\u00e9 de presse du Mus\u00e9e de la civilisation \u00e0 Qu\u00e9bec.\" \/>\n<meta property=\"og:url\" content=\"https:\/\/mcq.org\/en\/a-propos\/medias\/communiques\/gratuite-pour-les-familles-au-musee-de-la-civilisation-les-premiers-dimanches-de-chaque-mois\/\" \/>\n<meta property=\"og:site_name\" content=\"Mus\u00e9e de la civilisation\" \/>\n<meta property=\"article:publisher\" content=\"https:\/\/www.facebook.com\/mcqorg\" \/>\n<meta property=\"article:modified_time\" content=\"2025-03-27T15:06:15+00:00\" \/>\n<meta property=\"og:image\" content=\"https:\/\/mcq.org\/wp-content\/uploads\/2025\/03\/presse-dimanches-gratuits-familles-fondation.jpg\" \/>\n\t<meta property=\"og:image:width\" content=\"600\" \/>\n\t<meta property=\"og:image:height\" content=\"600\" \/>\n\t<meta property=\"og:image:type\" content=\"image\/jpeg\" \/>\n<meta name=\"twitter:card\" content=\"summary_large_image\" \/>\n<meta name=\"twitter:site\" content=\"@mcqorg\" \/>\n<meta name=\"twitter:label1\" content=\"Est. reading time\" \/>\n\t<meta name=\"twitter:data1\" content=\"3 minutes\" \/>\n<!-- \/ Yoast SEO Premium plugin. -->","yoast_head_json":{"title":"Gratuit\u00e9 pour les familles au Mus\u00e9e de la civilisation le premier dimanche de chaque mois - Communiqu\u00e9 de presse | Mus\u00e9e de la civilisation","description":"Gratuit\u00e9 pour les familles au Mus\u00e9e de la civilisation le premier dimanche de chaque mois- communiqu\u00e9 de presse du Mus\u00e9e de la civilisation \u00e0 Qu\u00e9bec.","robots":{"index":"index","follow":"follow","max-snippet":"max-snippet:-1","max-image-preview":"max-image-preview:large","max-video-preview":"max-video-preview:-1"},"canonical":"https:\/\/mcq.org\/en\/a-propos\/medias\/communiques\/gratuite-pour-les-familles-au-musee-de-la-civilisation-les-premiers-dimanches-de-chaque-mois\/","og_locale":"en_US","og_type":"article","og_title":"Gratuit\u00e9 pour les familles au Mus\u00e9e de la civilisation le premier dimanche de chaque mois - Communiqu\u00e9 de presse | Mus\u00e9e de la civilisation","og_description":"Gratuit\u00e9 pour les familles au Mus\u00e9e de la civilisation le premier dimanche de chaque mois- communiqu\u00e9 de presse du Mus\u00e9e de la civilisation \u00e0 Qu\u00e9bec.","og_url":"https:\/\/mcq.org\/en\/a-propos\/medias\/communiques\/gratuite-pour-les-familles-au-musee-de-la-civilisation-les-premiers-dimanches-de-chaque-mois\/","og_site_name":"Mus\u00e9e de la civilisation","article_publisher":"https:\/\/www.facebook.com\/mcqorg","article_modified_time":"2025-03-27T15:06:15+00:00","og_image":[{"width":600,"height":600,"url":"https:\/\/mcq.org\/wp-content\/uploads\/2025\/03\/presse-dimanches-gratuits-familles-fondation.jpg","type":"image\/jpeg"}],"twitter_card":"summary_large_image","twitter_site":"@mcqorg","twitter_misc":{"Est. reading time":"3 minutes"},"schema":{"@context":"https:\/\/schema.org","@graph":[{"@type":"WebPage","@id":"https:\/\/mcq.org\/en\/a-propos\/medias\/communiques\/gratuite-pour-les-familles-au-musee-de-la-civilisation-les-premiers-dimanches-de-chaque-mois\/","url":"https:\/\/mcq.org\/en\/a-propos\/medias\/communiques\/gratuite-pour-les-familles-au-musee-de-la-civilisation-les-premiers-dimanches-de-chaque-mois\/","name":"Gratuit\u00e9 pour les familles au Mus\u00e9e de la civilisation le premier dimanche de chaque mois - Communiqu\u00e9 de presse | Mus\u00e9e de la civilisation","isPartOf":{"@id":"https:\/\/mcq.org\/en\/#website"},"primaryImageOfPage":{"@id":"https:\/\/mcq.org\/en\/a-propos\/medias\/communiques\/gratuite-pour-les-familles-au-musee-de-la-civilisation-les-premiers-dimanches-de-chaque-mois\/#primaryimage"},"image":{"@id":"https:\/\/mcq.org\/en\/a-propos\/medias\/communiques\/gratuite-pour-les-familles-au-musee-de-la-civilisation-les-premiers-dimanches-de-chaque-mois\/#primaryimage"},"thumbnailUrl":"https:\/\/mcq.org\/wp-content\/uploads\/2025\/03\/presse-dimanches-gratuits-familles-fondation.jpg","datePublished":"2025-03-27T15:03:13+00:00","dateModified":"2025-03-27T15:06:15+00:00","description":"Gratuit\u00e9 pour les familles au Mus\u00e9e de la civilisation le premier dimanche de chaque mois- communiqu\u00e9 de presse du Mus\u00e9e de la civilisation \u00e0 Qu\u00e9bec.","breadcrumb":{"@id":"https:\/\/mcq.org\/en\/a-propos\/medias\/communiques\/gratuite-pour-les-familles-au-musee-de-la-civilisation-les-premiers-dimanches-de-chaque-mois\/#breadcrumb"},"inLanguage":"en-US","potentialAction":[{"@type":"ReadAction","target":["https:\/\/mcq.org\/en\/a-propos\/medias\/communiques\/gratuite-pour-les-familles-au-musee-de-la-civilisation-les-premiers-dimanches-de-chaque-mois\/"]}]},{"@type":"ImageObject","inLanguage":"en-US","@id":"https:\/\/mcq.org\/en\/a-propos\/medias\/communiques\/gratuite-pour-les-familles-au-musee-de-la-civilisation-les-premiers-dimanches-de-chaque-mois\/#primaryimage","url":"https:\/\/mcq.org\/wp-content\/uploads\/2025\/03\/presse-dimanches-gratuits-familles-fondation.jpg","contentUrl":"https:\/\/mcq.org\/wp-content\/uploads\/2025\/03\/presse-dimanches-gratuits-familles-fondation.jpg","width":600,"height":600,"caption":"Un papa aide son jeune gar\u00e7on \u00e0 regarder dans un mutoscope. Son autre gar\u00e7on attend son tour."},{"@type":"BreadcrumbList","@id":"https:\/\/mcq.org\/en\/a-propos\/medias\/communiques\/gratuite-pour-les-familles-au-musee-de-la-civilisation-les-premiers-dimanches-de-chaque-mois\/#breadcrumb","itemListElement":[{"@type":"ListItem","position":1,"name":"Home","item":"https:\/\/mcq.org\/en\/"},{"@type":"ListItem","position":2,"name":"Communiqu\u00e9s presse","item":"https:\/\/mcq.org\/en\/a-propos\/medias\/communiques\/"},{"@type":"ListItem","position":3,"name":"Gratuit\u00e9 pour les familles au Mus\u00e9e de la civilisation le premier dimanche de chaque mois"}]},{"@type":"WebSite","@id":"https:\/\/mcq.org\/en\/#website","url":"https:\/\/mcq.org\/en\/","name":"Mus\u00e9e de la civilisation","description":"Le Mus\u00e9e de la civilisation explore les diff\u00e9rentes facettes de la r\u00e9alit\u00e9 humaine avec sa d\u00e9marche unique qui combine enchantement, connaissance et r\u00e9flexion.","publisher":{"@id":"https:\/\/mcq.org\/en\/#organization"},"alternateName":"MCQ","potentialAction":[{"@type":"SearchAction","target":{"@type":"EntryPoint","urlTemplate":"https:\/\/mcq.org\/en\/?s={search_term_string}"},"query-input":{"@type":"PropertyValueSpecification","valueRequired":true,"valueName":"search_term_string"}}],"inLanguage":"en-US"},{"@type":"Organization","@id":"https:\/\/mcq.org\/en\/#organization","name":"Mus\u00e9e de la civilisation","alternateName":"MCQ","url":"https:\/\/mcq.org\/en\/","logo":{"@type":"ImageObject","inLanguage":"en-US","@id":"https:\/\/mcq.org\/en\/#\/schema\/logo\/image\/","url":"https:\/\/mcq.org\/wp-content\/uploads\/2023\/04\/logo-mcq-300x123-1.png","contentUrl":"https:\/\/mcq.org\/wp-content\/uploads\/2023\/04\/logo-mcq-300x123-1.png","width":300,"height":123,"caption":"Mus\u00e9e de la civilisation"},"image":{"@id":"https:\/\/mcq.org\/en\/#\/schema\/logo\/image\/"},"sameAs":["https:\/\/www.facebook.com\/mcqorg","https:\/\/x.com\/mcqorg","https:\/\/www.instagram.com\/mcqorg\/","https:\/\/www.linkedin.com\/company\/mcqorg\/"]}]}},"_links":{"self":[{"href":"https:\/\/mcq.org\/en\/wp-json\/wp\/v2\/presse\/21481","targetHints":{"allow":["GET"]}}],"collection":[{"href":"https:\/\/mcq.org\/en\/wp-json\/wp\/v2\/presse"}],"about":[{"href":"https:\/\/mcq.org\/en\/wp-json\/wp\/v2\/types\/presse"}],"version-history":[{"count":3,"href":"https:\/\/mcq.org\/en\/wp-json\/wp\/v2\/presse\/21481\/revisions"}],"predecessor-version":[{"id":21486,"href":"https:\/\/mcq.org\/en\/wp-json\/wp\/v2\/presse\/21481\/revisions\/21486"}],"wp:featuredmedia":[{"embeddable":true,"href":"https:\/\/mcq.org\/en\/wp-json\/wp\/v2\/media\/21482"}],"wp:attachment":[{"href":"https:\/\/mcq.org\/en\/wp-json\/wp\/v2\/media?parent=21481"}],"wp:term":[{"taxonomy":"comm-tax","embeddable":true,"href":"https:\/\/mcq.org\/en\/wp-json\/wp\/v2\/comm-tax?post=21481"}],"curies":[{"name":"wp","href":"https:\/\/api.w.org\/{rel}","templated":true}]}}