{"id":21225,"date":"2025-03-12T10:25:58","date_gmt":"2025-03-12T14:25:58","guid":{"rendered":"https:\/\/mcq.org\/?post_type=presse&#038;p=21225"},"modified":"2025-03-12T10:26:39","modified_gmt":"2025-03-12T14:26:39","slug":"trouver-refuge-au-musee-de-la-civilisation-une-exposition-a-ressentir-un-recit-vivant-a-decouvrir","status":"publish","type":"presse","link":"https:\/\/mcq.org\/en\/a-propos\/medias\/communiques\/trouver-refuge-au-musee-de-la-civilisation-une-exposition-a-ressentir-un-recit-vivant-a-decouvrir\/","title":{"rendered":"Trouver refuge au Mus\u00e9e de la civilisation : une exposition \u00e0 ressentir, un r\u00e9cit vivant \u00e0 d\u00e9couvrir"},"content":{"rendered":"<div  class=\"container contenu-centre\">\n  <div class=\"row justify-content-center\">\n    <div class=\"col-lg-10 col-xl-8\">\n      \n        \n\n<p>Il est difficile de s\u2019imaginer ce que peut vivre une personne forc\u00e9e \u00e0 l\u2019exil. Comment assurer sa survie\u2009? Comment apprendre \u00e0 vivre ailleurs que chez soi, o\u00f9 tout est diff\u00e9rent\u2009? Comment se reconstruire dans cette nouvelle terre d\u2019accueil\u2009? L\u2019exposition <em>Trouver refuge<\/em>, inspir\u00e9e de la vie de Mohammed Shofi, con\u00e7ue et r\u00e9alis\u00e9e conjointement avec <a href=\"https:\/\/mofilms.ca\/\" target=\"_blank\" rel=\"noopener\">M\u00d6 FILMS<\/a> et les artistes M\u00e9lanie Carrier, Olivier Higgins et <a href=\"https:\/\/www.karinegiboulo.com\/\" target=\"_blank\" rel=\"noopener\">Karine Giboulo<\/a>, tente de percer cette r\u00e9alit\u00e9 difficilement saisissable en proposant un voyage prenant et humain au c\u0153ur de la r\u00e9alit\u00e9 des Rohingyas, peuple apatride de Birmanie. <a href=\"https:\/\/mcq.org\/wp-content\/uploads\/2025\/02\/trouver-refuge-audio-clip1.mp3\">Mohammed Shofi y raconte son r\u00e9cit<\/a>, de son enfance dans un camp de r\u00e9fugi\u00e9s au Bangladesh \u00e0 son arriv\u00e9e au Qu\u00e9bec, faisant \u00e9cho aux millions d\u2019autres personnes qui ont d\u00fb fuir pour trouver refuge.<\/p>\n<p>C\u2019est par le croisement de deux univers, l\u2019un sonore et l\u2019autre visuel, alliant le r\u00e9el et l\u2019imaginaire, que ce r\u00e9cit hors du commun prend vie. Les sons authentiques \u2014 <a href=\"https:\/\/mcq.org\/wp-content\/uploads\/2025\/02\/trouver-refuge-audio-clip2.mp3\">la voix de Mohammed<\/a>, les bruits du camp et ceux de son quotidien actuel \u2014 composent un parcours sonore immersif in\u00e9dit, issu d\u2019une d\u00e9marche documentaire des cin\u00e9astes M\u00e9lanie Carrier et Olivier Higgins (M\u00d6 FILMS). Les visiteurs et visiteuses, munis d&#8217;un casque d&#8217;\u00e9coute haute technologie cr\u00e9ant un v\u00e9ritable t\u00eate-\u00e0-t\u00eate, sont plong\u00e9s dans cette histoire \u00e0 la fois lumineuse et bouleversante, qui se ressent tout autant qu\u2019elle s\u2019\u00e9coute. <a href=\"https:\/\/mcq.org\/decouvrir\/expositions\/trouver-refuge\/\"><em>Trouver refuge<\/em><\/a> s\u2019inscrit, par ailleurs, en continuit\u00e9 du documentaire prim\u00e9 <em>Errance sans retour <\/em>(M\u00d6 FILMS, 2021), tout premier film en langue rohingya et dont Mohammed Shofi en est le narrateur. Cette relation unique et profonde qui lie les cin\u00e9astes et ce dernier nourrit l\u2019approche intime et authentique qui caract\u00e9rise cette exposition.<\/p>\n<p>Se juxtaposant \u00e0 ce parcours sonore, \u00e0 la mani\u00e8re d\u2019un livre anim\u00e9, les fascinants dioramas (maquettes) de l\u2019artiste de renomm\u00e9e internationale Karine Giboulo pr\u00e9sentent diverses \u00e9tapes de la vie de Mohammed\u00a0: du camp de Kutupalong \u00e0 son arriv\u00e9e \u00e0 l\u2019a\u00e9roport de Qu\u00e9bec, de son HLM dans Saint-Sauveur aux Galeries de la Capitale o\u00f9 il travaille, de son mariage \u00e0 la naissance de ses enfants\u2026 Toute une vie, dont les parts d\u2019ombres et de lumi\u00e8res s\u2019entrecroisent, laissant voir toute la r\u00e9silience qu\u2019un c\u0153ur peut contenir. Une exposition \u00e0 vivre, du\u00a013\u00a0mars\u00a02025 au 4\u00a0janvier\u00a02026 au Mus\u00e9e de la civilisation.<\/p>\n<h3>Citations<\/h3>\n<p>\u00ab\u00a0C\u2019est \u00e0 travers des projets comme <em>Trouver refuge<\/em> que le Mus\u00e9e de la civilisation incarne parfaitement sa mission. Donner la parole, faire ressentir et r\u00e9fl\u00e9chir, aborder des sujets, souvent complexes, avec justesse, sensibilit\u00e9 et cr\u00e9ativit\u00e9. Enfin, montrer le large spectre de l\u2019exp\u00e9rience humaine et ses infinies r\u00e9alit\u00e9s. Celle de Mohammed en est une de courage, de force et d\u2019humanit\u00e9. Dans l\u2019approche caract\u00e9ristique de M\u00e9lanie Carrier et Olivier Higgins, o\u00f9 po\u00e9sie et v\u00e9rit\u00e9 sans filtre se m\u00ealent, elle nous est offerte, comme un cadeau pr\u00e9cieux, magnifi\u00e9 des \u0153uvres de Karine Giboulo.\u00a0\u00bb<br \/><strong><em>Julie Lemieux, directrice g\u00e9n\u00e9rale, Mus\u00e9e de la civilisation<\/em><\/strong><\/p>\n<p>\u00ab\u00a0Je suis vraiment heureux d\u2019avoir la chance de vous raconter mon histoire, qui est aussi celle de mon peuple, le peuple Rohingya. Je suis tr\u00e8s touch\u00e9 \u00e0 l\u2019id\u00e9e de penser que des gens vont se d\u00e9placer au Mus\u00e9e de la civilisation pour venir l\u2019entendre. Je vous en remercie beaucoup et au plaisir de se rencontrer.\u00a0\u00bb<br \/><strong><em>Mohammed Shofi<\/em><\/strong><\/p>\n<p>\u00ab\u00a0Mohammed Shofi est entr\u00e9 dans nos vies \u00e0 la suite de la r\u00e9alisation de notre documentaire <em>Errance sans retour<\/em>, dont il est le narrateur. Il est alors devenu un ami. Son r\u00e9cit de vie empreint de courage et de r\u00e9silience nous a profond\u00e9ment boulevers\u00e9s. C\u2019est ainsi qu\u2019est n\u00e9e l\u2019id\u00e9e de l\u2019exposition <em>Trouver refuge<\/em>\u00a0: partager son histoire unique, qui fait \u00e9cho \u00e0 celle de millions d\u2019autres, dans une d\u00e9marche documentaire empreinte d\u2019empathie, d\u2019ouverture et de po\u00e9sie, o\u00f9 l\u2019intime est profond\u00e9ment li\u00e9 \u00e0 l\u2019universel. Pour nous, \u00e9couter l\u2019histoire de l\u2019autre nous am\u00e8ne toujours \u00e0 mieux nous rencontrer. Ouvrir des portes, semer quelque chose, proposer un regard diff\u00e9rent, tout cela pour nous ramener \u00e0 ce qu\u2019il y a de beau et de fort en l\u2019humain.\u00a0\u00bb<br \/><strong><em>Olivier Higgins et M\u00e9lanie Carrier, M\u00d6 FILMS<\/em><\/strong><\/p>\n<p>\u00ab\u00a0\u00c0 travers mes sculptures, j\u2019ai voulu donner corps \u00e0 l\u2019histoire de Mohammed Shofi et, d\u2019un m\u00eame souffle, rendre tangible l\u2019humanit\u00e9 de son peuple, d\u00e9racin\u00e9 par la violence et l\u2019oppression. Retracer son parcours, comprendre son exil, sa r\u00e9silience et sa d\u00e9termination face aux \u00e9preuves, mais aussi saisir son d\u00e9sir d\u2019enracinement et son d\u00e9chirement face aux siens toujours dans le camp a \u00e9t\u00e9 une exp\u00e9rience profond\u00e9ment \u00e9mouvante. Aujourd\u2019hui, alors que l\u2019intol\u00e9rance s\u2019immisce dans les discours et les politiques, cette exposition r\u00e9sonne plus que jamais. L\u2019histoire de Mohammed nous rappelle une v\u00e9rit\u00e9 essentielle\u00a0: notre humanit\u00e9 est partag\u00e9e. Elle nous invite \u00e0 \u00e9couter, \u00e0 comprendre et \u00e0 reconna\u00eetre l\u2019autre, non pas comme un \u00e9tranger, mais comme un semblable.\u00a0\u00bb<br \/><strong><em>Karine Giboulo<\/em><\/strong><\/p>\n<h3>Informations additionnelles<\/h3>\n<p><strong>Mohammed Shofi<\/strong><\/p>\n<p>Le Rohingya Mohammed Shofi est n\u00e9 dans le village de Buthidaung situ\u00e9 dans l\u2019\u00c9tat d\u2019Arakan en Birmanie. En 1990, il fuit son pays natal en raison des violences commises par des nationalistes birmans envers la minorit\u00e9 musulmane rohingya. Pendant 18\u00a0ans, il habite le camp de r\u00e9fugi\u00e9s de Kutupalong au Bangladesh, avant d\u2019\u00eatre accueilli au Canada en novembre 2008, en tant que r\u00e9fugi\u00e9. Avec des membres de sa famille, il s\u2019installe alors \u00e0 Qu\u00e9bec. Tr\u00e8s engag\u00e9 dans sa communaut\u00e9, il apprend rapidement le fran\u00e7ais. En plus de participer \u00e0 la traduction du long m\u00e9trage documentaire <em>Errance sans retour<\/em>, il en devient le narrateur. Aujourd\u2019hui, Mohammed Shofi partage son r\u00e9cit de vie dans l\u2019exposition <em>Trouver refuge.<\/em><\/p>\n<p><strong>Karine Giboulo<\/strong><\/p>\n<p>Au cours des 20\u00a0derni\u00e8res ann\u00e9es, Karine Giboulo s\u2019est fait conna\u00eetre par la cr\u00e9ation de dioramas miniatures, des repr\u00e9sentations tridimensionnelles de situations r\u00e9elles ou imaginaires qui racontent des histoires du quotidien. Color\u00e9 et ludique, son langage visuel attire des spectateurs de tous \u00e2ges. Son esth\u00e9tique de bande dessin\u00e9e s\u00e9duit et porte \u00e0 r\u00e9fl\u00e9chir \u00e0 des th\u00e8mes s\u00e9rieux. Son \u0153uvre fait \u00e9cho aux d\u00e9fis sociaux et humanitaires de notre \u00e9poque, soulevant des questions \u00e9thiques relatives aux modes de vie occidentaux. Elle a particip\u00e9 \u00e0 de nombreuses expositions individuelles et collectives, notamment au Gardiner Museum, \u00e0 la Collection McMichael d\u2019art canadien, au Art Gallery of Hamilton, au Mus\u00e9e national des beaux-arts du Qu\u00e9bec et au Mus\u00e9e des beaux-arts de Montr\u00e9al. Son travail est grandement repr\u00e9sent\u00e9 dans des collections priv\u00e9es et institutionnelles.<\/p>\n<p><strong>M\u00d6 FILMS<\/strong><\/p>\n<p>Cin\u00e9astes et producteurs, M\u00e9lanie Carrier et Olivier Higgins sont \u00e9tablis \u00e0 Qu\u00e9bec. Fondateurs de M\u00d6 FILMS, leurs documentaires <em>Asiemut<\/em>, <em>Rencontre<\/em> et <em>Qu\u00e9b\u00e9koisie<\/em> sont prim\u00e9s \u00e0 de nombreuses reprises, en plus d\u2019\u00eatre traduits en une vingtaine de langues et diffus\u00e9s un peu partout \u00e0 travers le monde. En 2021, leur film <em>Errance sans retour<\/em>, proposant une immersion dans le camp de r\u00e9fugi\u00e9s de Kutupalong, est acclam\u00e9 par la critique et remporte le prix \u00c9crans canadiens ainsi que le prix Iris du meilleur film documentaire. Le couple de cin\u00e9astes con\u00e7oit aussi l\u2019exposition <em>Errance sans retour<\/em> qui re\u00e7oit le prix Coup de c\u0153ur du jury de la Soci\u00e9t\u00e9 des mus\u00e9es du Qu\u00e9bec. Avec son cinqui\u00e8me film, <em>\u00c0 hauteur d\u2019enfant<\/em>, le duo poursuit son \u0153uvre qui se caract\u00e9rise par une exploration sensible et po\u00e9tique des r\u00e9alit\u00e9s humaines complexes pour se questionner sur notre rapport au monde. La conception de l\u2019exposition <em>Trouver refuge<\/em> s\u2019inscrit dans cette d\u00e9marche et souligne l\u2019importance d\u2019\u00e9couter l\u2019histoire de l\u2019autre pour mieux se rencontrer.<\/p>\n\n\n          <\/div>\n  <\/div>\n<\/div>","protected":false},"excerpt":{"rendered":"","protected":false},"featured_media":20454,"parent":0,"menu_order":0,"template":"","comm-tax":[8],"class_list":["post-21225","presse","type-presse","status-publish","has-post-thumbnail","hentry","comm-tax-communique"],"acf":[],"yoast_head":"<!-- This site is optimized with the Yoast SEO Premium plugin v27.3 (Yoast SEO v27.3) - https:\/\/yoast.com\/product\/yoast-seo-premium-wordpress\/ -->\n<title>Trouver refuge au Mus\u00e9e de la civilisation : une exposition \u00e0 ressentir, un r\u00e9cit vivant \u00e0 d\u00e9couvrir - Communiqu\u00e9 de presse | Mus\u00e9e de la civilisation<\/title>\n<meta name=\"description\" content=\"Trouver refuge au Mus\u00e9e de la civilisation : une exposition \u00e0 ressentir, un r\u00e9cit vivant \u00e0 d\u00e9couvrir- communiqu\u00e9 de presse du Mus\u00e9e de la civilisation \u00e0 Qu\u00e9bec.\" \/>\n<meta name=\"robots\" content=\"index, follow, max-snippet:-1, max-image-preview:large, max-video-preview:-1\" \/>\n<link rel=\"canonical\" href=\"https:\/\/mcq.org\/en\/a-propos\/medias\/communiques\/trouver-refuge-au-musee-de-la-civilisation-une-exposition-a-ressentir-un-recit-vivant-a-decouvrir\/\" \/>\n<meta property=\"og:locale\" content=\"en_US\" \/>\n<meta property=\"og:type\" content=\"article\" \/>\n<meta property=\"og:title\" content=\"Trouver refuge au Mus\u00e9e de la civilisation : une exposition \u00e0 ressentir, un r\u00e9cit vivant \u00e0 d\u00e9couvrir - Communiqu\u00e9 de presse | Mus\u00e9e de la civilisation\" \/>\n<meta property=\"og:description\" content=\"Trouver refuge au Mus\u00e9e de la civilisation : une exposition \u00e0 ressentir, un r\u00e9cit vivant \u00e0 d\u00e9couvrir- communiqu\u00e9 de presse du Mus\u00e9e de la civilisation \u00e0 Qu\u00e9bec.\" \/>\n<meta property=\"og:url\" content=\"https:\/\/mcq.org\/en\/a-propos\/medias\/communiques\/trouver-refuge-au-musee-de-la-civilisation-une-exposition-a-ressentir-un-recit-vivant-a-decouvrir\/\" \/>\n<meta property=\"og:site_name\" content=\"Mus\u00e9e de la civilisation\" \/>\n<meta property=\"article:publisher\" content=\"https:\/\/www.facebook.com\/mcqorg\" \/>\n<meta property=\"article:modified_time\" content=\"2025-03-12T14:26:39+00:00\" \/>\n<meta property=\"og:image\" content=\"https:\/\/mcq.org\/wp-content\/uploads\/2025\/02\/visuel-trouver-refuge-carre.jpg\" \/>\n\t<meta property=\"og:image:width\" content=\"600\" \/>\n\t<meta property=\"og:image:height\" content=\"600\" \/>\n\t<meta property=\"og:image:type\" content=\"image\/jpeg\" \/>\n<meta name=\"twitter:card\" content=\"summary_large_image\" \/>\n<meta name=\"twitter:site\" content=\"@mcqorg\" \/>\n<meta name=\"twitter:label1\" content=\"Est. reading time\" \/>\n\t<meta name=\"twitter:data1\" content=\"7 minutes\" \/>\n<!-- \/ Yoast SEO Premium plugin. -->","yoast_head_json":{"title":"Trouver refuge au Mus\u00e9e de la civilisation : une exposition \u00e0 ressentir, un r\u00e9cit vivant \u00e0 d\u00e9couvrir - Communiqu\u00e9 de presse | Mus\u00e9e de la civilisation","description":"Trouver refuge au Mus\u00e9e de la civilisation : une exposition \u00e0 ressentir, un r\u00e9cit vivant \u00e0 d\u00e9couvrir- communiqu\u00e9 de presse du Mus\u00e9e de la civilisation \u00e0 Qu\u00e9bec.","robots":{"index":"index","follow":"follow","max-snippet":"max-snippet:-1","max-image-preview":"max-image-preview:large","max-video-preview":"max-video-preview:-1"},"canonical":"https:\/\/mcq.org\/en\/a-propos\/medias\/communiques\/trouver-refuge-au-musee-de-la-civilisation-une-exposition-a-ressentir-un-recit-vivant-a-decouvrir\/","og_locale":"en_US","og_type":"article","og_title":"Trouver refuge au Mus\u00e9e de la civilisation : une exposition \u00e0 ressentir, un r\u00e9cit vivant \u00e0 d\u00e9couvrir - Communiqu\u00e9 de presse | Mus\u00e9e de la civilisation","og_description":"Trouver refuge au Mus\u00e9e de la civilisation : une exposition \u00e0 ressentir, un r\u00e9cit vivant \u00e0 d\u00e9couvrir- communiqu\u00e9 de presse du Mus\u00e9e de la civilisation \u00e0 Qu\u00e9bec.","og_url":"https:\/\/mcq.org\/en\/a-propos\/medias\/communiques\/trouver-refuge-au-musee-de-la-civilisation-une-exposition-a-ressentir-un-recit-vivant-a-decouvrir\/","og_site_name":"Mus\u00e9e de la civilisation","article_publisher":"https:\/\/www.facebook.com\/mcqorg","article_modified_time":"2025-03-12T14:26:39+00:00","og_image":[{"width":600,"height":600,"url":"https:\/\/mcq.org\/wp-content\/uploads\/2025\/02\/visuel-trouver-refuge-carre.jpg","type":"image\/jpeg"}],"twitter_card":"summary_large_image","twitter_site":"@mcqorg","twitter_misc":{"Est. reading time":"7 minutes"},"schema":{"@context":"https:\/\/schema.org","@graph":[{"@type":"WebPage","@id":"https:\/\/mcq.org\/en\/a-propos\/medias\/communiques\/trouver-refuge-au-musee-de-la-civilisation-une-exposition-a-ressentir-un-recit-vivant-a-decouvrir\/","url":"https:\/\/mcq.org\/en\/a-propos\/medias\/communiques\/trouver-refuge-au-musee-de-la-civilisation-une-exposition-a-ressentir-un-recit-vivant-a-decouvrir\/","name":"Trouver refuge au Mus\u00e9e de la civilisation : une exposition \u00e0 ressentir, un r\u00e9cit vivant \u00e0 d\u00e9couvrir - Communiqu\u00e9 de presse | Mus\u00e9e de la civilisation","isPartOf":{"@id":"https:\/\/mcq.org\/en\/#website"},"primaryImageOfPage":{"@id":"https:\/\/mcq.org\/en\/a-propos\/medias\/communiques\/trouver-refuge-au-musee-de-la-civilisation-une-exposition-a-ressentir-un-recit-vivant-a-decouvrir\/#primaryimage"},"image":{"@id":"https:\/\/mcq.org\/en\/a-propos\/medias\/communiques\/trouver-refuge-au-musee-de-la-civilisation-une-exposition-a-ressentir-un-recit-vivant-a-decouvrir\/#primaryimage"},"thumbnailUrl":"https:\/\/mcq.org\/wp-content\/uploads\/2025\/02\/visuel-trouver-refuge-carre.jpg","datePublished":"2025-03-12T14:25:58+00:00","dateModified":"2025-03-12T14:26:39+00:00","description":"Trouver refuge au Mus\u00e9e de la civilisation : une exposition \u00e0 ressentir, un r\u00e9cit vivant \u00e0 d\u00e9couvrir- communiqu\u00e9 de presse du Mus\u00e9e de la civilisation \u00e0 Qu\u00e9bec.","breadcrumb":{"@id":"https:\/\/mcq.org\/en\/a-propos\/medias\/communiques\/trouver-refuge-au-musee-de-la-civilisation-une-exposition-a-ressentir-un-recit-vivant-a-decouvrir\/#breadcrumb"},"inLanguage":"en-US","potentialAction":[{"@type":"ReadAction","target":["https:\/\/mcq.org\/en\/a-propos\/medias\/communiques\/trouver-refuge-au-musee-de-la-civilisation-une-exposition-a-ressentir-un-recit-vivant-a-decouvrir\/"]}]},{"@type":"ImageObject","inLanguage":"en-US","@id":"https:\/\/mcq.org\/en\/a-propos\/medias\/communiques\/trouver-refuge-au-musee-de-la-civilisation-une-exposition-a-ressentir-un-recit-vivant-a-decouvrir\/#primaryimage","url":"https:\/\/mcq.org\/wp-content\/uploads\/2025\/02\/visuel-trouver-refuge-carre.jpg","contentUrl":"https:\/\/mcq.org\/wp-content\/uploads\/2025\/02\/visuel-trouver-refuge-carre.jpg","width":600,"height":600,"caption":"Petite figurine en papier m\u00e2ch\u00e9 r\u00e9alis\u00e9 par l'artiste Karine Giboulo se dirigeant vers une entr\u00e9e lumineuse"},{"@type":"BreadcrumbList","@id":"https:\/\/mcq.org\/en\/a-propos\/medias\/communiques\/trouver-refuge-au-musee-de-la-civilisation-une-exposition-a-ressentir-un-recit-vivant-a-decouvrir\/#breadcrumb","itemListElement":[{"@type":"ListItem","position":1,"name":"Home","item":"https:\/\/mcq.org\/en\/"},{"@type":"ListItem","position":2,"name":"Communiqu\u00e9s presse","item":"https:\/\/mcq.org\/en\/a-propos\/medias\/communiques\/"},{"@type":"ListItem","position":3,"name":"Trouver refuge au Mus\u00e9e de la civilisation : une exposition \u00e0 ressentir, un r\u00e9cit vivant \u00e0 d\u00e9couvrir"}]},{"@type":"WebSite","@id":"https:\/\/mcq.org\/en\/#website","url":"https:\/\/mcq.org\/en\/","name":"Mus\u00e9e de la civilisation","description":"Le Mus\u00e9e de la civilisation explore les diff\u00e9rentes facettes de la r\u00e9alit\u00e9 humaine avec sa d\u00e9marche unique qui combine enchantement, connaissance et r\u00e9flexion.","publisher":{"@id":"https:\/\/mcq.org\/en\/#organization"},"alternateName":"MCQ","potentialAction":[{"@type":"SearchAction","target":{"@type":"EntryPoint","urlTemplate":"https:\/\/mcq.org\/en\/?s={search_term_string}"},"query-input":{"@type":"PropertyValueSpecification","valueRequired":true,"valueName":"search_term_string"}}],"inLanguage":"en-US"},{"@type":"Organization","@id":"https:\/\/mcq.org\/en\/#organization","name":"Mus\u00e9e de la civilisation","alternateName":"MCQ","url":"https:\/\/mcq.org\/en\/","logo":{"@type":"ImageObject","inLanguage":"en-US","@id":"https:\/\/mcq.org\/en\/#\/schema\/logo\/image\/","url":"https:\/\/mcq.org\/wp-content\/uploads\/2023\/04\/logo-mcq-300x123-1.png","contentUrl":"https:\/\/mcq.org\/wp-content\/uploads\/2023\/04\/logo-mcq-300x123-1.png","width":300,"height":123,"caption":"Mus\u00e9e de la civilisation"},"image":{"@id":"https:\/\/mcq.org\/en\/#\/schema\/logo\/image\/"},"sameAs":["https:\/\/www.facebook.com\/mcqorg","https:\/\/x.com\/mcqorg","https:\/\/www.instagram.com\/mcqorg\/","https:\/\/www.linkedin.com\/company\/mcqorg\/"]}]}},"_links":{"self":[{"href":"https:\/\/mcq.org\/en\/wp-json\/wp\/v2\/presse\/21225","targetHints":{"allow":["GET"]}}],"collection":[{"href":"https:\/\/mcq.org\/en\/wp-json\/wp\/v2\/presse"}],"about":[{"href":"https:\/\/mcq.org\/en\/wp-json\/wp\/v2\/types\/presse"}],"version-history":[{"count":2,"href":"https:\/\/mcq.org\/en\/wp-json\/wp\/v2\/presse\/21225\/revisions"}],"predecessor-version":[{"id":21227,"href":"https:\/\/mcq.org\/en\/wp-json\/wp\/v2\/presse\/21225\/revisions\/21227"}],"wp:featuredmedia":[{"embeddable":true,"href":"https:\/\/mcq.org\/en\/wp-json\/wp\/v2\/media\/20454"}],"wp:attachment":[{"href":"https:\/\/mcq.org\/en\/wp-json\/wp\/v2\/media?parent=21225"}],"wp:term":[{"taxonomy":"comm-tax","embeddable":true,"href":"https:\/\/mcq.org\/en\/wp-json\/wp\/v2\/comm-tax?post=21225"}],"curies":[{"name":"wp","href":"https:\/\/api.w.org\/{rel}","templated":true}]}}