{"id":20976,"date":"2025-02-25T11:30:00","date_gmt":"2025-02-25T16:30:00","guid":{"rendered":"https:\/\/mcq.org\/?post_type=presse&#038;p=20976"},"modified":"2025-02-24T16:36:55","modified_gmt":"2025-02-24T21:36:55","slug":"une-incursion-au-coeur-de-ladolescence-dans-un-cerveau-en-pleine-ebullition","status":"publish","type":"presse","link":"https:\/\/mcq.org\/en\/a-propos\/medias\/communiques\/une-incursion-au-coeur-de-ladolescence-dans-un-cerveau-en-pleine-ebullition\/","title":{"rendered":"Une incursion au c\u0153ur de l\u2019adolescence, dans un cerveau en pleine \u00e9bullition"},"content":{"rendered":"<div  class=\"container contenu-centre\">\n  <div class=\"row justify-content-center\">\n    <div class=\"col-lg-10 col-xl-8\">\n      \n        \n\n<p>Dans une soci\u00e9t\u00e9 souvent prompte \u00e0 v\u00e9hiculer des st\u00e9r\u00e9otypes n\u00e9gatifs sur les adolescentes et les adolescents, <a href=\"https:\/\/mcq.org\/decouvrir\/expositions\/ados-cerveaux-inventifs\/\"><strong><em>Ados\u00a0: cerveaux inventifs<\/em><\/strong><\/a> renverse toutes id\u00e9es pr\u00e9con\u00e7ues et permet d\u2019explorer les capacit\u00e9s cr\u00e9atrices des jeunes \u00e0 travers les innovations de 11\u00a0Canadiens et Canadiennes qui ont contribu\u00e9 \u00e0 changer le monde. \u00c0 l\u2019affiche au Mus\u00e9e de la civilisation jusqu\u2019au <strong>1<sup>er<\/sup>\u00a0septembre prochain<\/strong>, cette inspirante exposition est destin\u00e9e \u00e0 toute la famille sous la forme d\u2019une r\u00e9trospective couvrant plus de 100\u00a0ans d\u2019inventivit\u00e9. Juste \u00e0 temps pour la rel\u00e2che, elle a tout pour ouvrir le champ des possibles des petits et des plus grands\u2009!<\/p>\n<p><em>L\u2019exposition est une production du <a href=\"https:\/\/museebombardier.com\/\" target=\"_blank\" rel=\"noopener\">Mus\u00e9e de l\u2019ing\u00e9niosit\u00e9 J. Armand Bombardier<\/a> en collaboration avec l\u2019<a href=\"https:\/\/www.usherbrooke.ca\/\">Universit\u00e9 de Sherbrooke<\/a>. Ce projet a \u00e9t\u00e9 rendu possible gr\u00e2ce \u00e0 la contribution du <a href=\"https:\/\/www.canada.ca\/fr.html\" target=\"_blank\" rel=\"noopener\">gouvernement du Canada<\/a>.<\/em><\/p>\n<p>Tout au long du parcours, le public d\u00e9couvre des inventions telles qu\u2019un c\u0153ur robotique s\u2019adaptant au niveau d\u2019effort d\u2019un patient ou d\u2019une patiente, un r\u00e9colteur d\u2019intemp\u00e9ries transformant la pluie en \u00e9lectricit\u00e9, un biberon sans air soulageant l\u2019estomac fragile des b\u00e9b\u00e9s, ou des b\u00e2tons de ski chauffants pour partir \u00e0 l\u2019aventure malgr\u00e9 les froids polaires. De plus, une structure g\u00e9ante transporte les visiteurs et visiteuses \u00e0 l\u2019int\u00e9rieur d\u2019un cortex c\u00e9r\u00e9bral afin d\u2019\u00e9lucider le myst\u00e8re de la cr\u00e9ativit\u00e9 des jeunes qui, \u00e0 aucun autre moment qu\u2019\u00e0 l\u2019adolescence, ne poss\u00e8dent simultan\u00e9ment une aussi grande motivation \u00e0 explorer des id\u00e9es et une telle facilit\u00e9 \u00e0 apprendre.<\/p>\n<p>Incursion fascinante dans l\u2019univers complexe et vibrant de l\u2019adolescence, <em>Ados\u00a0: cerveaux inventifs<\/em> met en lumi\u00e8re la richesse du processus de d\u00e9veloppement mental, \u00e9motionnel et social des jeunes. Loin des clich\u00e9s qui les d\u00e9peignent comme des rebelles dans un tourbillon d\u2019intensit\u00e9, elle r\u00e9v\u00e8le un cerveau en constante \u00e9bullition, en pleine qu\u00eate d\u2019identit\u00e9 et de sens. Un v\u00e9ritable hommage \u00e0 leur imagination, leur \u00e9nergie et leur potentiel m\u00e9connu.<\/p>\n<h2>Citations<\/h2>\n<p><em>\u00ab\u2009En diffusant cette exposition, nous avions le souhait de rejoindre et d\u2019interpeller un public qui nous est cher\u00a0: les adolescents. Nous avons voulu offrir un espace o\u00f9 leur dynamisme et leurs id\u00e9es prennent toute leur dimension. Elle nous permet de plus de d\u00e9couvrir des inventions insoup\u00e7onn\u00e9es, purement de chez nous, auxquelles nous n\u2019avions jusque-l\u00e0 pas pr\u00eat\u00e9 attention. Je souligne les efforts colossaux de notre partenaire, le Mus\u00e9e de l\u2019ing\u00e9niosit\u00e9 J. Armand Bombardier, qui a r\u00e9alis\u00e9 une exposition formidable, et dont l\u2019approche, centr\u00e9e sur l\u2019engagement et l\u2019innovation, est en parfaite ad\u00e9quation avec les valeurs de notre institution. Je remercie le Mus\u00e9e de la nature et des sciences de Sherbrooke pour leur collaboration dans la mise en circulation de ce projet.<\/em>\u2009\u00bb &#8211; <strong>Julie Lemieux, directrice g\u00e9n\u00e9rale, Mus\u00e9e de la civilisation<\/strong><\/p>\n<p>\u00ab\u2009<em>Le Mus\u00e9e de l\u2019ing\u00e9niosit\u00e9 J. Armand Bombardier est absolument ravi que l\u2019exposition <\/em>Ados\u00a0: cerveaux inventifs<em> soit pr\u00e9sent\u00e9e au Mus\u00e9e de la civilisation, permettant ainsi de rejoindre un plus grand nombre de personnes \u00e0 s\u2019inspirer des r\u00e9alisations remarquables de ces jeunes. Lors du confinement de 2020, on mentionnait que \u00e7a serait difficile pour les adolescentes et les adolescents. \u00c7a nous a convaincus de la n\u00e9cessit\u00e9 de les c\u00e9l\u00e9brer et de montrer \u00e0 quel point ils sont bons, cr\u00e9atifs et capables de r\u00e9aliser leurs id\u00e9es.<\/em>\u2009\u00bb &#8211; <strong>Rapha\u00ebl Bourgeois, codirecteur du Mus\u00e9e, conservation et diffusion, Mus\u00e9e de l\u2019ing\u00e9niosit\u00e9 J. Armand Bombardier<\/strong><\/p>\n<h2><strong>Faits saillants<\/strong><\/h2>\n<ul>\n<li>L\u2019exposition <em>Ados\u00a0: cerveaux inventifs<\/em> a \u00e9t\u00e9 produite en 2022 par le Mus\u00e9e de l\u2019ing\u00e9niosit\u00e9 J. Armand Bombardier, \u00e0 Valcourt, afin de souligner les 100 ans de la cr\u00e9ation du premier v\u00e9hicule de Joseph-Armand Bombardier, alors \u00e2g\u00e9 de 15 ans. Elle poursuit depuis une tourn\u00e9e pancanadienne.<\/li>\n<li>La proposition originale a remport\u00e9 le Prix Excellence de la Soci\u00e9t\u00e9 des mus\u00e9es du Qu\u00e9bec \u2013 2023.<\/li>\n<li><em>Ados\u00a0: cerveaux inventifs <\/em>comporte notamment\u00a0:\n<ul>\n<li>les inventions de 11\u00a0Canadiens et Canadiennes r\u00e9parties sur plus de 100\u00a0ans, de technologies anciennes \u00e0 des innovations r\u00e9centes\u2009;<\/li>\n<li>une structure g\u00e9ante repr\u00e9sentant la forme d\u2019un cerveau\u2009;<\/li>\n<li>un parcours \u00e0 obstacles avec une ceinture \u00e0 capteurs ultrasons\u2009;<\/li>\n<li>une exp\u00e9rimentation permettant de construire des phrases en bliss, une langue id\u00e9ographique\u2009;<\/li>\n<li>un test pour d\u00e9couvrir son type de personnalit\u00e9 cr\u00e9ative\u2009;<\/li>\n<li>des dispositifs interactifs pour tester et comparer des prototypes, et pour valider les grands principes physiques reli\u00e9s aux innovations\u2009;<\/li>\n<li>des jeux m\u00e9caniques et num\u00e9riques.<\/li>\n<\/ul>\n<\/li>\n<\/ul>\n<ul>\n<li>Parmi les innovations pr\u00e9sent\u00e9es, cinq d\u2019entre elles sont le fruit de l\u2019imagination de Qu\u00e9b\u00e9cois ou de Qu\u00e9b\u00e9coises\u00a0:\n<ul>\n<li>un biberon sans air \u2013 Jean St-Germain (1937 \u2013 2016)\u2009;<\/li>\n<li>les b\u00e2tons de ski chauffants Magnetude &#8211; Olivier Breton, Philippe Dumouchel et Olivier Dubois\u2009;<\/li>\n<li>une orth\u00e8se rotulienne multifonction \u2013 Emmanuelle Tessier\u2009;<\/li>\n<li>le c\u0153ur robotique Qualyl \u2013 Jonathan L\u00e9vesque\u2009;<\/li>\n<li>la machine \u00e0 dialyse simplifi\u00e9e et portable Dialysave \u2013 Anya Pogharian.<\/li>\n<\/ul>\n<\/li>\n<li>Bilingue, d\u2019une superficie de 170\u00a0m<sup>2<\/sup>, l\u2019exposition souligne le contexte qui pousse les jeunes \u00e0 cr\u00e9er, met en lumi\u00e8re leur d\u00e9brouillardise par le biais d\u2019un processus d\u2019innovation dans lequel s\u2019inscrivent trois grandes \u00e9tapes\u00a0: l\u2019observation, l\u2019id\u00e9ation et la r\u00e9alisation. Elle d\u00e9montre l\u2019aspect positif de l\u2019\u00e9chec en tant que facteur de r\u00e9ussite.<\/li>\n<li>Le cerveau atteint sa taille adulte d\u00e8s l\u2019\u00e2ge de 5 ou 6\u00a0ans, mais poursuit sa maturation jusqu\u2019\u00e0 l\u2019\u00e2ge d\u2019environ 25\u00a0ans. \u00c0 l\u2019adolescence, ses composantes se d\u00e9veloppent \u00e0 diff\u00e9rents rythmes et certaines sont plus actives que d\u2019autres, influen\u00e7ant les interactions entre elles. Cortex pr\u00e9frontal, syst\u00e8me limbique, amygdale, hippocampe, striatum\u00a0: \u00e0 travers sa visite, le public parvient \u00e0 distinguer les parties du cerveau et \u00e0 comprendre leur implication dans la cr\u00e9ativit\u00e9 sans limites des jeunes.<\/li>\n<\/ul>\n<p><strong>Liens connexes<\/strong><\/p>\n<p>Mus\u00e9e de l\u2019ing\u00e9niosit\u00e9 J. Armand Bombardier\u00a0: <a href=\"https:\/\/museebombardier.com\/\">www.museebombardier.com<\/a><\/p>\n<p>Mus\u00e9e de la nature et des sciences de Sherbrooke\u00a0: <a href=\"http:\/\/www.mns2.ca\">www.mns2.ca<\/a><\/p>\n\n\n          <\/div>\n  <\/div>\n<\/div>\n\n\n<p><\/p>\n","protected":false},"excerpt":{"rendered":"","protected":false},"featured_media":20434,"parent":0,"menu_order":0,"template":"","comm-tax":[8],"class_list":["post-20976","presse","type-presse","status-publish","has-post-thumbnail","hentry","comm-tax-communique"],"acf":[],"yoast_head":"<!-- This site is optimized with the Yoast SEO Premium plugin v27.3 (Yoast SEO v27.3) - https:\/\/yoast.com\/product\/yoast-seo-premium-wordpress\/ -->\n<title>Une incursion au c\u0153ur de l\u2019adolescence, dans un cerveau en pleine \u00e9bullition - Communiqu\u00e9 de presse | Mus\u00e9e de la civilisation<\/title>\n<meta name=\"description\" content=\"Une incursion au c\u0153ur de l\u2019adolescence, dans un cerveau en pleine \u00e9bullition- communiqu\u00e9 de presse du Mus\u00e9e de la civilisation \u00e0 Qu\u00e9bec.\" \/>\n<meta name=\"robots\" content=\"index, follow, max-snippet:-1, max-image-preview:large, max-video-preview:-1\" \/>\n<link rel=\"canonical\" href=\"https:\/\/mcq.org\/en\/a-propos\/medias\/communiques\/une-incursion-au-coeur-de-ladolescence-dans-un-cerveau-en-pleine-ebullition\/\" \/>\n<meta property=\"og:locale\" content=\"en_US\" \/>\n<meta property=\"og:type\" content=\"article\" \/>\n<meta property=\"og:title\" content=\"Une incursion au c\u0153ur de l\u2019adolescence, dans un cerveau en pleine \u00e9bullition - Communiqu\u00e9 de presse | Mus\u00e9e de la civilisation\" \/>\n<meta property=\"og:description\" content=\"Une incursion au c\u0153ur de l\u2019adolescence, dans un cerveau en pleine \u00e9bullition- communiqu\u00e9 de presse du Mus\u00e9e de la civilisation \u00e0 Qu\u00e9bec.\" \/>\n<meta property=\"og:url\" content=\"https:\/\/mcq.org\/en\/a-propos\/medias\/communiques\/une-incursion-au-coeur-de-ladolescence-dans-un-cerveau-en-pleine-ebullition\/\" \/>\n<meta property=\"og:site_name\" content=\"Mus\u00e9e de la civilisation\" \/>\n<meta property=\"article:publisher\" content=\"https:\/\/www.facebook.com\/mcqorg\" \/>\n<meta property=\"og:image\" content=\"https:\/\/mcq.org\/wp-content\/uploads\/2025\/02\/ados-cerveau-inventifs-carre.jpg\" \/>\n\t<meta property=\"og:image:width\" content=\"600\" \/>\n\t<meta property=\"og:image:height\" content=\"600\" \/>\n\t<meta property=\"og:image:type\" content=\"image\/jpeg\" \/>\n<meta name=\"twitter:card\" content=\"summary_large_image\" \/>\n<meta name=\"twitter:site\" content=\"@mcqorg\" \/>\n<meta name=\"twitter:label1\" content=\"Est. reading time\" \/>\n\t<meta name=\"twitter:data1\" content=\"5 minutes\" \/>\n<!-- \/ Yoast SEO Premium plugin. -->","yoast_head_json":{"title":"Une incursion au c\u0153ur de l\u2019adolescence, dans un cerveau en pleine \u00e9bullition - Communiqu\u00e9 de presse | Mus\u00e9e de la civilisation","description":"Une incursion au c\u0153ur de l\u2019adolescence, dans un cerveau en pleine \u00e9bullition- communiqu\u00e9 de presse du Mus\u00e9e de la civilisation \u00e0 Qu\u00e9bec.","robots":{"index":"index","follow":"follow","max-snippet":"max-snippet:-1","max-image-preview":"max-image-preview:large","max-video-preview":"max-video-preview:-1"},"canonical":"https:\/\/mcq.org\/en\/a-propos\/medias\/communiques\/une-incursion-au-coeur-de-ladolescence-dans-un-cerveau-en-pleine-ebullition\/","og_locale":"en_US","og_type":"article","og_title":"Une incursion au c\u0153ur de l\u2019adolescence, dans un cerveau en pleine \u00e9bullition - Communiqu\u00e9 de presse | Mus\u00e9e de la civilisation","og_description":"Une incursion au c\u0153ur de l\u2019adolescence, dans un cerveau en pleine \u00e9bullition- communiqu\u00e9 de presse du Mus\u00e9e de la civilisation \u00e0 Qu\u00e9bec.","og_url":"https:\/\/mcq.org\/en\/a-propos\/medias\/communiques\/une-incursion-au-coeur-de-ladolescence-dans-un-cerveau-en-pleine-ebullition\/","og_site_name":"Mus\u00e9e de la civilisation","article_publisher":"https:\/\/www.facebook.com\/mcqorg","og_image":[{"width":600,"height":600,"url":"https:\/\/mcq.org\/wp-content\/uploads\/2025\/02\/ados-cerveau-inventifs-carre.jpg","type":"image\/jpeg"}],"twitter_card":"summary_large_image","twitter_site":"@mcqorg","twitter_misc":{"Est. reading time":"5 minutes"},"schema":{"@context":"https:\/\/schema.org","@graph":[{"@type":"WebPage","@id":"https:\/\/mcq.org\/en\/a-propos\/medias\/communiques\/une-incursion-au-coeur-de-ladolescence-dans-un-cerveau-en-pleine-ebullition\/","url":"https:\/\/mcq.org\/en\/a-propos\/medias\/communiques\/une-incursion-au-coeur-de-ladolescence-dans-un-cerveau-en-pleine-ebullition\/","name":"Une incursion au c\u0153ur de l\u2019adolescence, dans un cerveau en pleine \u00e9bullition - Communiqu\u00e9 de presse | Mus\u00e9e de la civilisation","isPartOf":{"@id":"https:\/\/mcq.org\/en\/#website"},"primaryImageOfPage":{"@id":"https:\/\/mcq.org\/en\/a-propos\/medias\/communiques\/une-incursion-au-coeur-de-ladolescence-dans-un-cerveau-en-pleine-ebullition\/#primaryimage"},"image":{"@id":"https:\/\/mcq.org\/en\/a-propos\/medias\/communiques\/une-incursion-au-coeur-de-ladolescence-dans-un-cerveau-en-pleine-ebullition\/#primaryimage"},"thumbnailUrl":"https:\/\/mcq.org\/wp-content\/uploads\/2025\/02\/ados-cerveau-inventifs-carre.jpg","datePublished":"2025-02-25T16:30:00+00:00","description":"Une incursion au c\u0153ur de l\u2019adolescence, dans un cerveau en pleine \u00e9bullition- communiqu\u00e9 de presse du Mus\u00e9e de la civilisation \u00e0 Qu\u00e9bec.","breadcrumb":{"@id":"https:\/\/mcq.org\/en\/a-propos\/medias\/communiques\/une-incursion-au-coeur-de-ladolescence-dans-un-cerveau-en-pleine-ebullition\/#breadcrumb"},"inLanguage":"en-US","potentialAction":[{"@type":"ReadAction","target":["https:\/\/mcq.org\/en\/a-propos\/medias\/communiques\/une-incursion-au-coeur-de-ladolescence-dans-un-cerveau-en-pleine-ebullition\/"]}]},{"@type":"ImageObject","inLanguage":"en-US","@id":"https:\/\/mcq.org\/en\/a-propos\/medias\/communiques\/une-incursion-au-coeur-de-ladolescence-dans-un-cerveau-en-pleine-ebullition\/#primaryimage","url":"https:\/\/mcq.org\/wp-content\/uploads\/2025\/02\/ados-cerveau-inventifs-carre.jpg","contentUrl":"https:\/\/mcq.org\/wp-content\/uploads\/2025\/02\/ados-cerveau-inventifs-carre.jpg","width":600,"height":600,"caption":"Sur un fond jaune flash, des dessins dynamiques d'ampoule, de ballon, de fl\u00e8che et d'\u00e9toile entourent le mot wow."},{"@type":"BreadcrumbList","@id":"https:\/\/mcq.org\/en\/a-propos\/medias\/communiques\/une-incursion-au-coeur-de-ladolescence-dans-un-cerveau-en-pleine-ebullition\/#breadcrumb","itemListElement":[{"@type":"ListItem","position":1,"name":"Home","item":"https:\/\/mcq.org\/en\/"},{"@type":"ListItem","position":2,"name":"Communiqu\u00e9s presse","item":"https:\/\/mcq.org\/en\/a-propos\/medias\/communiques\/"},{"@type":"ListItem","position":3,"name":"Une incursion au c\u0153ur de l\u2019adolescence, dans un cerveau en pleine \u00e9bullition"}]},{"@type":"WebSite","@id":"https:\/\/mcq.org\/en\/#website","url":"https:\/\/mcq.org\/en\/","name":"Mus\u00e9e de la civilisation","description":"Le Mus\u00e9e de la civilisation explore les diff\u00e9rentes facettes de la r\u00e9alit\u00e9 humaine avec sa d\u00e9marche unique qui combine enchantement, connaissance et r\u00e9flexion.","publisher":{"@id":"https:\/\/mcq.org\/en\/#organization"},"alternateName":"MCQ","potentialAction":[{"@type":"SearchAction","target":{"@type":"EntryPoint","urlTemplate":"https:\/\/mcq.org\/en\/?s={search_term_string}"},"query-input":{"@type":"PropertyValueSpecification","valueRequired":true,"valueName":"search_term_string"}}],"inLanguage":"en-US"},{"@type":"Organization","@id":"https:\/\/mcq.org\/en\/#organization","name":"Mus\u00e9e de la civilisation","alternateName":"MCQ","url":"https:\/\/mcq.org\/en\/","logo":{"@type":"ImageObject","inLanguage":"en-US","@id":"https:\/\/mcq.org\/en\/#\/schema\/logo\/image\/","url":"https:\/\/mcq.org\/wp-content\/uploads\/2023\/04\/logo-mcq-300x123-1.png","contentUrl":"https:\/\/mcq.org\/wp-content\/uploads\/2023\/04\/logo-mcq-300x123-1.png","width":300,"height":123,"caption":"Mus\u00e9e de la civilisation"},"image":{"@id":"https:\/\/mcq.org\/en\/#\/schema\/logo\/image\/"},"sameAs":["https:\/\/www.facebook.com\/mcqorg","https:\/\/x.com\/mcqorg","https:\/\/www.instagram.com\/mcqorg\/","https:\/\/www.linkedin.com\/company\/mcqorg\/"]}]}},"_links":{"self":[{"href":"https:\/\/mcq.org\/en\/wp-json\/wp\/v2\/presse\/20976","targetHints":{"allow":["GET"]}}],"collection":[{"href":"https:\/\/mcq.org\/en\/wp-json\/wp\/v2\/presse"}],"about":[{"href":"https:\/\/mcq.org\/en\/wp-json\/wp\/v2\/types\/presse"}],"version-history":[{"count":1,"href":"https:\/\/mcq.org\/en\/wp-json\/wp\/v2\/presse\/20976\/revisions"}],"predecessor-version":[{"id":20977,"href":"https:\/\/mcq.org\/en\/wp-json\/wp\/v2\/presse\/20976\/revisions\/20977"}],"wp:featuredmedia":[{"embeddable":true,"href":"https:\/\/mcq.org\/en\/wp-json\/wp\/v2\/media\/20434"}],"wp:attachment":[{"href":"https:\/\/mcq.org\/en\/wp-json\/wp\/v2\/media?parent=20976"}],"wp:term":[{"taxonomy":"comm-tax","embeddable":true,"href":"https:\/\/mcq.org\/en\/wp-json\/wp\/v2\/comm-tax?post=20976"}],"curies":[{"name":"wp","href":"https:\/\/api.w.org\/{rel}","templated":true}]}}