{"id":20826,"date":"2025-02-17T14:25:27","date_gmt":"2025-02-17T19:25:27","guid":{"rendered":"https:\/\/mcq.org\/?post_type=presse&#038;p=20826"},"modified":"2025-02-17T14:26:33","modified_gmt":"2025-02-17T19:26:33","slug":"la-lutte-a-lhonneur-au-musee-de-la-civilisation-pour-la-relache","status":"publish","type":"presse","link":"https:\/\/mcq.org\/en\/a-propos\/medias\/communiques\/la-lutte-a-lhonneur-au-musee-de-la-civilisation-pour-la-relache\/","title":{"rendered":"La lutte \u00e0 l&#8217;honneur au Mus\u00e9e de la civilisation pour la rel\u00e2che"},"content":{"rendered":"<div  class=\"container contenu-centre\">\n  <div class=\"row justify-content-center\">\n    <div class=\"col-lg-10 col-xl-8\">\n      \n        \n\n<p>Pendant la semaine de rel\u00e2che, petits et grands sauteront \u00e0 pieds joints dans l\u2019univers \u00e9clat\u00e9 de la lutte\u2009! Inspir\u00e9es par l\u2019exposition <a href=\"https:\/\/mcq.org\/decouvrir\/expositions\/lutte-le-quebec-dans-larene\/\"><strong><em>Lutte. Le Qu\u00e9bec dans l\u2019ar\u00e8ne<\/em><\/strong><\/a>, de nombreuses activit\u00e9s sp\u00e9ciales seront offertes toute la semaine, du 1<sup>er<\/sup> au 9 mars 2025. Ce sera \u00e9galement le moment de d\u00e9couvrir ou de revisiter cette exposition con\u00e7ue et r\u00e9alis\u00e9e conjointement avec la compagnie de cr\u00e9ation <a href=\"https:\/\/exmachina.ca\/\" target=\"_blank\" rel=\"noopener\">Ex Machina<\/a> et son directeur artistique Robert Lepage, avant qu\u2019elle ne ferme ses portes le 20 avril prochain.<\/p>\n<p>Spectacle, \u00e9cole de lutte, quiz, ateliers, bricolage\u2026 il y aura de tout pour d\u00e9couvrir cette discipline fascinante ou nourrir sa passion pour cet art extr\u00eame\u2009!<\/p>\n<p>La programmation sp\u00e9ciale de la rel\u00e2che, pr\u00e9sent\u00e9e par <a href=\"http:\/\/hydroquebec.com\/\" target=\"_blank\" rel=\"noopener\">Hydro-Qu\u00e9bec,<\/a> est un incontournable pour les familles qui sont nombreuses \u00e0 en profiter, ann\u00e9e apr\u00e8s ann\u00e9e. Pour l\u2019occasion, le Mus\u00e9e est ouvert tous les jours, y compris le lundi. Toutes les activit\u00e9s sont incluses avec le droit d\u2019entr\u00e9e et ont lieu dans diff\u00e9rents endroits du Mus\u00e9e, en continu ou \u00e0 diff\u00e9rents moments en cours de journ\u00e9e. Un rabais allant jusqu\u2019\u00e0 3\u00a0$ s\u2019applique lors de l\u2019achat des billets en ligne.<\/p>\n<p><a href=\"https:\/\/mcq.org\/decouvrir\/programmations-speciales\/relache-au-musee\/\"><strong>Programmation<\/strong><\/a><\/p>\n<p><strong>Spectacle <em>Combat <br \/><\/em><\/strong>Dans le hall du Mus\u00e9e, deux lutteurs s\u2019affrontent dans un duel acrobatique\u2009! Perch\u00e9 du haut d\u2019un m\u00e2t, l\u2019arbitre-musicien anime la foule et sollicite son aide pour d\u00e9terminer le gagnant apr\u00e8s les trois rounds du combat. Pouce vers le haut ou pouce vers le bas, tout le monde pourra voter\u2009! Pour tous.\u00a0<\/p>\n<p><strong>Animation <em>Autour du ring<\/em><\/strong><strong><em>\u202f<\/em><\/strong><strong><em>: guide du parfait public <br \/><\/em><\/strong>Les spectateurs et spectatrices sont des atouts indispensables aux combats de lutte. Exercez-vous \u00e0 devenir la foule la plus incroyable de l\u2019univers\u2009! Pour tous.\u00a0<\/p>\n<p><strong>\u00c9cole de lutte Orange Dynamite<\/strong>, pr\u00e9sent\u00e9e par Hydro-Qu\u00e9bec<br \/>Dans cet atelier anim\u00e9 par G\u00e9n\u00e9ral Patente, prenez part aux cours sp\u00e9ciaux de l\u2019\u00e9cole de lutte Orange Dynamite\u2009! Dans un gymnase d\u2019entrainement sp\u00e9cialement d\u00e9di\u00e9 \u00e0 la d\u00e9couverte du monde de la lutte, vous serez invit\u00e9s \u00e0 d\u00e9montrer vos habilet\u00e9s. Tir au poignet, attitude de lutteur, psychologie du ring, vous en sortirez transform\u00e9s\u2009! Pour les 8 ans et plus.<\/p>\n<p><strong>Quiz <em>100\u00a0% lutte<\/em> <br \/><\/strong>Ce quiz permet de tester vos connaissances sur la lutte, un univers fascinant qui surprend assur\u00e9ment\u2009! De quel pays vient la lutte Capoiera\u2009? Qui est le plus grand lutteur\u2009? Qui sera couronn\u00e9 m\u00e9ga-ultra champion mondial de lutte du Mus\u00e9e de la civilisation\u2009? Pour les 8 ans et plus. \u00a0<\/p>\n<p><strong>Animation <em>Science des illusions<br \/><\/em><\/strong>Miroirs, r\u00e9flexions, lumi\u00e8re\u2026 D\u00e9couvrez les secrets de la science derri\u00e8re les illusions propos\u00e9es dans l\u2019exposition <em>Lutte. Le Qu\u00e9bec dans l\u2019ar\u00e8ne<\/em>. Des guides vous attendront aux diff\u00e9rentes tables de d\u00e9monstrations dans l\u2019exposition. Pour les 8 ans et plus.<\/p>\n<p><strong>Qu\u00eate <em>\u00c9tampe ton lutteur\u2009!<\/em>\u00a0 <br \/><\/strong>Partez \u00e0 la recherche de quatre \u00e9l\u00e9ments surprenants r\u00e9partis \u00e0 travers les expositions du Mus\u00e9e \u00e0 l\u2019aide des indices propos\u00e9s. Trouvez les r\u00e9ponses et compl\u00e9tez une illustration de lutteur en obtenant des \u00e9tampes\u2009! Pour les 6 ans et plus.<\/p>\n<p><strong>Atelier de cr\u00e9ation de vid\u00e9o image par image\u00a0 <br \/><\/strong>Avec l\u2019aide d\u2019un ou d\u2019une guide, cr\u00e9ez votre petit combat de lutte en animation image par image (<em>stop motion<\/em>). De super figurines articul\u00e9es et accessoires amusants vous attendent\u2009! Pour les 6 ans et plus.<\/p>\n<p><strong>Atelier de bricolage et coloriage <br \/><\/strong>Laissez libre cours \u00e0 votre imagination pour cr\u00e9er et d\u00e9corer votre propre ceinture de lutte\u2009! Pour tous.<\/p>\n<p><strong>Projection de prises de lutte <br \/><\/strong>Installez-vous confortablement pour une pause cin\u00e9ma et assistez \u00e0 la projection des prises de lutte les plus populaires\u2009! Pour tous.\u00a0<\/p>\n<p><strong>Journ\u00e9es des partenaires de <em>Ma maison<\/em><\/strong> &#8211; 4 et 5 mars<br \/><a href=\"https:\/\/www.viacapitalevendu.com\/\" target=\"_blank\" rel=\"noopener\">Via Capitale<\/a> et <a href=\"https:\/\/www.kaleido.ca\/fr\/\" target=\"_blank\" rel=\"noopener\">Kaleido<\/a> offrent un atelier de bricolage et une activit\u00e9 de coloriage au chevalet g\u00e9ant. Les enfants pourront \u00e9galement rencontrer la mascotte Brio et participer au concours des partenaires.<\/p>\n\n\n          <\/div>\n  <\/div>\n<\/div>\n\n\n<p><\/p>\n","protected":false},"excerpt":{"rendered":"","protected":false},"featured_media":20322,"parent":0,"menu_order":0,"template":"","comm-tax":[8],"class_list":["post-20826","presse","type-presse","status-publish","has-post-thumbnail","hentry","comm-tax-communique"],"acf":[],"yoast_head":"<!-- This site is optimized with the Yoast SEO Premium plugin v27.3 (Yoast SEO v27.3) - https:\/\/yoast.com\/product\/yoast-seo-premium-wordpress\/ -->\n<title>La lutte \u00e0 l&#039;honneur au Mus\u00e9e de la civilisation pour la rel\u00e2che - Communiqu\u00e9 de presse | Mus\u00e9e de la civilisation<\/title>\n<meta name=\"description\" content=\"La lutte \u00e0 l&#039;honneur au Mus\u00e9e de la civilisation pour la rel\u00e2che- communiqu\u00e9 de presse du Mus\u00e9e de la civilisation \u00e0 Qu\u00e9bec.\" \/>\n<meta name=\"robots\" content=\"index, follow, max-snippet:-1, max-image-preview:large, max-video-preview:-1\" \/>\n<link rel=\"canonical\" href=\"https:\/\/mcq.org\/en\/a-propos\/medias\/communiques\/la-lutte-a-lhonneur-au-musee-de-la-civilisation-pour-la-relache\/\" \/>\n<meta property=\"og:locale\" content=\"en_US\" \/>\n<meta property=\"og:type\" content=\"article\" \/>\n<meta property=\"og:title\" content=\"La lutte \u00e0 l&#039;honneur au Mus\u00e9e de la civilisation pour la rel\u00e2che - Communiqu\u00e9 de presse | Mus\u00e9e de la civilisation\" \/>\n<meta property=\"og:description\" content=\"La lutte \u00e0 l&#039;honneur au Mus\u00e9e de la civilisation pour la rel\u00e2che- communiqu\u00e9 de presse du Mus\u00e9e de la civilisation \u00e0 Qu\u00e9bec.\" \/>\n<meta property=\"og:url\" content=\"https:\/\/mcq.org\/en\/a-propos\/medias\/communiques\/la-lutte-a-lhonneur-au-musee-de-la-civilisation-pour-la-relache\/\" \/>\n<meta property=\"og:site_name\" content=\"Mus\u00e9e de la civilisation\" \/>\n<meta property=\"article:publisher\" content=\"https:\/\/www.facebook.com\/mcqorg\" \/>\n<meta property=\"article:modified_time\" content=\"2025-02-17T19:26:33+00:00\" \/>\n<meta property=\"og:image\" content=\"https:\/\/mcq.org\/wp-content\/uploads\/2025\/01\/relache-2025-carre-partage.jpg\" \/>\n\t<meta property=\"og:image:width\" content=\"600\" \/>\n\t<meta property=\"og:image:height\" content=\"600\" \/>\n\t<meta property=\"og:image:type\" content=\"image\/jpeg\" \/>\n<meta name=\"twitter:card\" content=\"summary_large_image\" \/>\n<meta name=\"twitter:site\" content=\"@mcqorg\" \/>\n<meta name=\"twitter:label1\" content=\"Est. reading time\" \/>\n\t<meta name=\"twitter:data1\" content=\"4 minutes\" \/>\n<!-- \/ Yoast SEO Premium plugin. -->","yoast_head_json":{"title":"La lutte \u00e0 l'honneur au Mus\u00e9e de la civilisation pour la rel\u00e2che - Communiqu\u00e9 de presse | Mus\u00e9e de la civilisation","description":"La lutte \u00e0 l'honneur au Mus\u00e9e de la civilisation pour la rel\u00e2che- communiqu\u00e9 de presse du Mus\u00e9e de la civilisation \u00e0 Qu\u00e9bec.","robots":{"index":"index","follow":"follow","max-snippet":"max-snippet:-1","max-image-preview":"max-image-preview:large","max-video-preview":"max-video-preview:-1"},"canonical":"https:\/\/mcq.org\/en\/a-propos\/medias\/communiques\/la-lutte-a-lhonneur-au-musee-de-la-civilisation-pour-la-relache\/","og_locale":"en_US","og_type":"article","og_title":"La lutte \u00e0 l'honneur au Mus\u00e9e de la civilisation pour la rel\u00e2che - Communiqu\u00e9 de presse | Mus\u00e9e de la civilisation","og_description":"La lutte \u00e0 l'honneur au Mus\u00e9e de la civilisation pour la rel\u00e2che- communiqu\u00e9 de presse du Mus\u00e9e de la civilisation \u00e0 Qu\u00e9bec.","og_url":"https:\/\/mcq.org\/en\/a-propos\/medias\/communiques\/la-lutte-a-lhonneur-au-musee-de-la-civilisation-pour-la-relache\/","og_site_name":"Mus\u00e9e de la civilisation","article_publisher":"https:\/\/www.facebook.com\/mcqorg","article_modified_time":"2025-02-17T19:26:33+00:00","og_image":[{"width":600,"height":600,"url":"https:\/\/mcq.org\/wp-content\/uploads\/2025\/01\/relache-2025-carre-partage.jpg","type":"image\/jpeg"}],"twitter_card":"summary_large_image","twitter_site":"@mcqorg","twitter_misc":{"Est. reading time":"4 minutes"},"schema":{"@context":"https:\/\/schema.org","@graph":[{"@type":"WebPage","@id":"https:\/\/mcq.org\/en\/a-propos\/medias\/communiques\/la-lutte-a-lhonneur-au-musee-de-la-civilisation-pour-la-relache\/","url":"https:\/\/mcq.org\/en\/a-propos\/medias\/communiques\/la-lutte-a-lhonneur-au-musee-de-la-civilisation-pour-la-relache\/","name":"La lutte \u00e0 l'honneur au Mus\u00e9e de la civilisation pour la rel\u00e2che - Communiqu\u00e9 de presse | Mus\u00e9e de la civilisation","isPartOf":{"@id":"https:\/\/mcq.org\/en\/#website"},"primaryImageOfPage":{"@id":"https:\/\/mcq.org\/en\/a-propos\/medias\/communiques\/la-lutte-a-lhonneur-au-musee-de-la-civilisation-pour-la-relache\/#primaryimage"},"image":{"@id":"https:\/\/mcq.org\/en\/a-propos\/medias\/communiques\/la-lutte-a-lhonneur-au-musee-de-la-civilisation-pour-la-relache\/#primaryimage"},"thumbnailUrl":"https:\/\/mcq.org\/wp-content\/uploads\/2025\/01\/relache-2025-carre-partage.jpg","datePublished":"2025-02-17T19:25:27+00:00","dateModified":"2025-02-17T19:26:33+00:00","description":"La lutte \u00e0 l'honneur au Mus\u00e9e de la civilisation pour la rel\u00e2che- communiqu\u00e9 de presse du Mus\u00e9e de la civilisation \u00e0 Qu\u00e9bec.","breadcrumb":{"@id":"https:\/\/mcq.org\/en\/a-propos\/medias\/communiques\/la-lutte-a-lhonneur-au-musee-de-la-civilisation-pour-la-relache\/#breadcrumb"},"inLanguage":"en-US","potentialAction":[{"@type":"ReadAction","target":["https:\/\/mcq.org\/en\/a-propos\/medias\/communiques\/la-lutte-a-lhonneur-au-musee-de-la-civilisation-pour-la-relache\/"]}]},{"@type":"ImageObject","inLanguage":"en-US","@id":"https:\/\/mcq.org\/en\/a-propos\/medias\/communiques\/la-lutte-a-lhonneur-au-musee-de-la-civilisation-pour-la-relache\/#primaryimage","url":"https:\/\/mcq.org\/wp-content\/uploads\/2025\/01\/relache-2025-carre-partage.jpg","contentUrl":"https:\/\/mcq.org\/wp-content\/uploads\/2025\/01\/relache-2025-carre-partage.jpg","width":600,"height":600,"caption":"Illustrations de lutteurs color\u00e9s devant un mur de c\u00e9l\u00e9brit\u00e9s de vrais lutteurs en noir et blanc"},{"@type":"BreadcrumbList","@id":"https:\/\/mcq.org\/en\/a-propos\/medias\/communiques\/la-lutte-a-lhonneur-au-musee-de-la-civilisation-pour-la-relache\/#breadcrumb","itemListElement":[{"@type":"ListItem","position":1,"name":"Home","item":"https:\/\/mcq.org\/en\/"},{"@type":"ListItem","position":2,"name":"Communiqu\u00e9s presse","item":"https:\/\/mcq.org\/en\/a-propos\/medias\/communiques\/"},{"@type":"ListItem","position":3,"name":"La lutte \u00e0 l&rsquo;honneur au Mus\u00e9e de la civilisation pour la rel\u00e2che"}]},{"@type":"WebSite","@id":"https:\/\/mcq.org\/en\/#website","url":"https:\/\/mcq.org\/en\/","name":"Mus\u00e9e de la civilisation","description":"Le Mus\u00e9e de la civilisation explore les diff\u00e9rentes facettes de la r\u00e9alit\u00e9 humaine avec sa d\u00e9marche unique qui combine enchantement, connaissance et r\u00e9flexion.","publisher":{"@id":"https:\/\/mcq.org\/en\/#organization"},"alternateName":"MCQ","potentialAction":[{"@type":"SearchAction","target":{"@type":"EntryPoint","urlTemplate":"https:\/\/mcq.org\/en\/?s={search_term_string}"},"query-input":{"@type":"PropertyValueSpecification","valueRequired":true,"valueName":"search_term_string"}}],"inLanguage":"en-US"},{"@type":"Organization","@id":"https:\/\/mcq.org\/en\/#organization","name":"Mus\u00e9e de la civilisation","alternateName":"MCQ","url":"https:\/\/mcq.org\/en\/","logo":{"@type":"ImageObject","inLanguage":"en-US","@id":"https:\/\/mcq.org\/en\/#\/schema\/logo\/image\/","url":"https:\/\/mcq.org\/wp-content\/uploads\/2023\/04\/logo-mcq-300x123-1.png","contentUrl":"https:\/\/mcq.org\/wp-content\/uploads\/2023\/04\/logo-mcq-300x123-1.png","width":300,"height":123,"caption":"Mus\u00e9e de la civilisation"},"image":{"@id":"https:\/\/mcq.org\/en\/#\/schema\/logo\/image\/"},"sameAs":["https:\/\/www.facebook.com\/mcqorg","https:\/\/x.com\/mcqorg","https:\/\/www.instagram.com\/mcqorg\/","https:\/\/www.linkedin.com\/company\/mcqorg\/"]}]}},"_links":{"self":[{"href":"https:\/\/mcq.org\/en\/wp-json\/wp\/v2\/presse\/20826","targetHints":{"allow":["GET"]}}],"collection":[{"href":"https:\/\/mcq.org\/en\/wp-json\/wp\/v2\/presse"}],"about":[{"href":"https:\/\/mcq.org\/en\/wp-json\/wp\/v2\/types\/presse"}],"version-history":[{"count":2,"href":"https:\/\/mcq.org\/en\/wp-json\/wp\/v2\/presse\/20826\/revisions"}],"predecessor-version":[{"id":20828,"href":"https:\/\/mcq.org\/en\/wp-json\/wp\/v2\/presse\/20826\/revisions\/20828"}],"wp:featuredmedia":[{"embeddable":true,"href":"https:\/\/mcq.org\/en\/wp-json\/wp\/v2\/media\/20322"}],"wp:attachment":[{"href":"https:\/\/mcq.org\/en\/wp-json\/wp\/v2\/media?parent=20826"}],"wp:term":[{"taxonomy":"comm-tax","embeddable":true,"href":"https:\/\/mcq.org\/en\/wp-json\/wp\/v2\/comm-tax?post=20826"}],"curies":[{"name":"wp","href":"https:\/\/api.w.org\/{rel}","templated":true}]}}