{"id":19842,"date":"2024-12-19T08:05:00","date_gmt":"2024-12-19T13:05:00","guid":{"rendered":"https:\/\/mcq.org\/?post_type=presse&#038;p=19842"},"modified":"2024-12-18T15:21:06","modified_gmt":"2024-12-18T20:21:06","slug":"une-programmation-des-fetes-ancree-dans-lhiver-et-les-traditions-quebecoises","status":"publish","type":"presse","link":"https:\/\/mcq.org\/en\/a-propos\/medias\/communiques\/une-programmation-des-fetes-ancree-dans-lhiver-et-les-traditions-quebecoises\/","title":{"rendered":"Une programmation des F\u00eates ancr\u00e9e dans l\u2019hiver et les traditions qu\u00e9b\u00e9coises"},"content":{"rendered":"<div  class=\"container contenu-centre\">\n  <div class=\"row justify-content-center\">\n    <div class=\"col-lg-10 col-xl-8\">\n      \n        \n\n<p>La <strong>programmation des F\u00eates <\/strong>du <strong>Mus\u00e9e de la civilisation<\/strong> emballera sans aucun doute les petits et les grands encore cette ann\u00e9e, notamment par le biais d\u2019activit\u00e9s toutes sp\u00e9ciales inspir\u00e9es de la nouvelle exposition permanente <a href=\"https:\/\/mcq.org\/decouvrir\/expositions\/le-quebec-autrement-dit\/\"><strong><em>Le Qu\u00e9bec, autrement dit<\/em><\/strong><\/a>. S\u2019\u00e9chelonnant du 21\u00a0d\u00e9cembre au 5\u00a0janvier, cette programmation festive et ludique s\u2019ajoutera aux expositions en cours et \u00e0 leurs activit\u00e9s culturelles et \u00e9ducatives respectives, dont <a href=\"https:\/\/mcq.org\/decouvrir\/expositions\/foules\/\"><strong><em>Foules. Laboratoire humain<\/em><\/strong><\/a> qui fait son entr\u00e9e au Mus\u00e9e juste \u00e0 temps pour les vacances et <a href=\"https:\/\/mcq.org\/decouvrir\/expositions\/sur-paroles\/\"><strong><em>Sur paroles. Le son du rap queb<\/em><\/strong><\/a>, pr\u00e9sent\u00e9e en prolongation durant les F\u00eates.<\/p>\n<p>Le Mus\u00e9e sera ouvert tous les jours, de 10\u00a0h \u00e0 17\u00a0h, du 21\u00a0d\u00e9cembre au 5\u00a0janvier, \u00e0 l\u2019exception du 25\u00a0d\u00e9cembre et du 1<sup>er<\/sup> janvier. De plus, il est possible d\u2019\u00e9conomiser jusqu\u2019\u00e0 3\u00a0$ \u00e0 l\u2019achat d\u2019un <a href=\"http:\/\/boutique.mcq.org\">billet en ligne<\/a> .<\/p>\n<h3><strong>Des traditions tout en musique<\/strong><\/h3>\n<p>Le public pourra plonger dans l\u2019esprit des F\u00eates d\u2019autrefois\u2026 la musique \u00e9tant au c\u0153ur de la programmation sp\u00e9ciale\u2009!<\/p>\n<p><a href=\"https:\/\/mcq.org\/decouvrir\/activites\/musique-chants-et-danse-traditionnels\/\"><em>Musique, chants et danse traditionnels<\/em><\/a>, 26 au 31\u00a0d\u00e9cembre, Hall du Mus\u00e9e &#8211; Gratuit<\/p>\n<p>La musique traditionnelle qu\u00e9b\u00e9coise sera \u00e0 l\u2019honneur durant cette animation-spectacle pr\u00e9sent\u00e9e quatre fois par jour en collaboration avec \u00e8s TRAD, le Centre de valorisation du patrimoine vivant. En plus de manipuler cuill\u00e8res et bonhomme gigueur, les familles chanteront et danseront avec les artistes Marie-Capucine Maldaque-Mathieu et Martin Aucoin sur des airs bien de chez nous.<\/p>\n<p><a href=\"https:\/\/mcq.org\/decouvrir\/activites\/le-solstice-des-insoumis\/\"><em>Le solstice des insoumis<\/em><\/a><em>, <\/em>21\u00a0d\u00e9cembre \u00e0 20\u00a0h, Chapelle du S\u00e9minaire \u2013 <a href=\"https:\/\/lepointdevente.com\/billets\/stradasolstice\">Billets en vente<\/a><\/p>\n<p>Le trio Malka et le ch\u0153ur Colindatori, dirig\u00e9 par Gabrielle Bouthillier, permettront aux spectateurs et spectatrices de replonger dans les No\u00ebls d\u2019antan \u00e0 l\u2019occasion de la plus longue nuit de l\u2019ann\u00e9e. Cette production Strada, pr\u00e9sent\u00e9e dans le cadre de sa s\u00e9rie de musique du monde <em>Musica Mundo<\/em>, se tiendra \u00e0 la Chapelle du S\u00e9minaire, dont la r\u00e9ouverture officielle a eu lieu le 10\u00a0d\u00e9cembre dernier.<\/p>\n<h3><strong>Boules de neige, patinoire et festin savoureux<\/strong><\/h3>\n<p>Un hiver qu\u00e9b\u00e9cois ne serait pas un hiver sans les patinoires de quartier et les ch\u00e2teaux forts\u2009! Le Mus\u00e9e prendra des airs de ruelles anim\u00e9es gr\u00e2ce \u00e0 deux activit\u00e9s bien distinctes. Et comme le sport ouvre l\u2019app\u00e9tit, le Mus\u00e9e proposera \u00e9galement au public un buffet des F\u00eates\u2026 en feutrine\u2009!<\/p>\n<p><a href=\"https:\/\/mcq.org\/decouvrir\/activites\/tenir-le-fort\/\"><em>Tenir le fort<\/em><\/a>, 26\u00a0d\u00e9cembre au 5\u00a0janvier, Le Belv\u00e9d\u00e8re &#8211; Gratuit<br \/>Avec des bo\u00eetes en carton, les enfants et leur famille construiront un ch\u00e2teau fort puis testeront leurs habilet\u00e9s au lancer de la balle de neige.<\/p>\n<p><a href=\"https:\/\/mcq.org\/decouvrir\/activites\/la-patinoire-du-quartier\/\"><em>La patinoire du quartier<\/em><\/a>, 26\u00a0d\u00e9cembre au 5\u00a0janvier, Coin rencontre \u2013 Gratuit<br \/>Les familles apprendront \u00e0 contr\u00f4ler les balles et \u00e0 d\u00e9velopper leur coordination tout en s\u2019amusant durant des parties de mini-hockey sur genoux.<\/p>\n<p><a href=\"https:\/\/mcq.org\/decouvrir\/activites\/doux-festin\/\"><em>Doux festin<\/em><em>\u2009<\/em><em>!<\/em><\/a>, 26\u00a0d\u00e9cembre au 5\u00a0janvier, Voie libre \u2013 Gratuit<br \/>En compagnie du Mus\u00e9e ambulant, les petits et les grands participeront \u00e0 la cr\u00e9ation d\u2019un somptueux repas en feutrine inspir\u00e9 par le buffet tricot\u00e9 du collectif Colifichet.<\/p>\n<h3><strong>Visite comment\u00e9e \u00e0 la saveur des F\u00eates<\/strong><\/h3>\n<p>Avec deux d\u00e9parts par jour, en partance du Mus\u00e9e, le public aura acc\u00e8s \u00e0 des <a href=\"https:\/\/mcq.org\/decouvrir\/activites\/visite-de-place-royale\/\">visites guid\u00e9es de Place-Royale<\/a>, un endroit charg\u00e9 d\u2019histoires in\u00e9dites, de personnages et d\u2019\u00e9v\u00e9nements marquants. L\u2019activit\u00e9 sera gratuite avec le droit d\u2019entr\u00e9e au Mus\u00e9e et les inscriptions se feront au comptoir d\u2019information.<\/p>\n<h3><strong>Une foule d\u2019expositions et encore plus d\u2019activit\u00e9s<\/strong><strong>\u2009<\/strong><strong>!<\/strong><\/h3>\n<p>En plus de d\u00e9couvrir les expositions en cours, les visiteurs et visiteuses pourront participer \u00e0 des ateliers \u00e9ducatifs ou des visites comment\u00e9es en lien avec celles-ci.<\/p>\n<ul>\n<li><strong><em> Laboratoire humain<\/em><\/strong>, la toute nouvelle exposition du Mus\u00e9e, d\u00e9cortique les nombreux ph\u00e9nom\u00e8nes collectifs qui \u00e9mergent des interactions des individus au c\u0153ur d\u2019une foule. Comment s\u2019\u00e9tudient les foules compactes des grands rassemblements\u2009? \u00c0 quelles r\u00e8gles cach\u00e9es ob\u00e9issons-nous, sans le savoir, lorsque nous sommes entour\u00e9s d\u2019autres personnes\u2009? Objet de nombreuses critiques, la foule a souvent \u00e9t\u00e9 per\u00e7ue dans l\u2019imaginaire collectif comme une \u00e9trange cr\u00e9ature. <em>Foules. Laboratoire humain<\/em> entend ainsi d\u00e9construire cette image n\u00e9gative. Activit\u00e9s\u00a0: atelier \u00e9ducatif <a href=\"https:\/\/mcq.org\/decouvrir\/activites\/dans-ma-bulle\/\"><em>Dans ma bulle<\/em><\/a> et <a href=\"https:\/\/mcq.org\/decouvrir\/activites\/foules-laboratoire-humain\/\">visite comment\u00e9e<\/a>.<br \/><br \/><\/li>\n<li><strong><em>Sur paroles. Le son du rap queb &#8211; <\/em><\/strong>Exposition prolong\u00e9e jusqu\u2019au 5 janvier<br \/>\u00c0 travers un parcours sonore immersif, <em style=\"font-size: revert; color: var(--bs-body-color);\">Sur paroles. Le son du rap queb<\/em><span style=\"font-size: revert; color: var(--bs-body-color);\"> retrace l\u2019histoire de la culture hip-hop au Qu\u00e9bec, ses artisans et artisanes, et comment leurs luttes et leurs propos ont influenc\u00e9 la soci\u00e9t\u00e9 au fil du temps. L\u2019exposition a \u00e9t\u00e9 con\u00e7ue et r\u00e9alis\u00e9e conjointement avec l\u2019artiste hip-hop et historien ind\u00e9pendant Webster. Activit\u00e9\u00a0: atelier \u00e9ducatif <\/span><a style=\"font-size: revert;\" href=\"https:\/\/mcq.org\/decouvrir\/activites\/beatlab-2\/\"><em>BeatLab<\/em><\/a><span style=\"font-size: revert; color: var(--bs-body-color);\">.<\/span><\/li>\n<\/ul>\n<p><a href=\"https:\/\/mcq.org\/decouvrir\/programmations-speciales\/programmation-des-fetes\/\">Programmation compl\u00e8te<\/a><\/p>\n<p>\u00a0<\/p>\n<h3><strong>Le c\u0153ur \u00e0 la f\u00eate, partout au Mus\u00e9e<\/strong><strong>\u2009<\/strong><strong>!<\/strong><\/h3>\n<p>Chaleureux et r\u00e9confortant, l\u2019Espace saveurs par Nollen sera l\u2019endroit id\u00e9al pour prendre une pause entre deux activit\u00e9s du Mus\u00e9e. Un menu \u00e0 la fois raffin\u00e9 et diversifi\u00e9 y est propos\u00e9 pour celles et ceux qui souhaitent casser la cro\u00fbte. Et surtout, il ne faut pas bouder son plaisir\u2009! Une magnifique carte de breuvages chauds \u00e0 th\u00e9matique des F\u00eates est actuellement offerte, incluant le latte au caramel ou aux biscuits sp\u00e9culoos, le chocolat chaud aux guimauves grill\u00e9es et le matcha latte orange et vanille.<\/p>\n<p>De son c\u00f4t\u00e9, la Boutique du Mus\u00e9e regorge d\u2019id\u00e9es cadeaux inspir\u00e9es des diff\u00e9rentes expositions. Nich\u00e9e dans les caves vo\u00fbt\u00e9es de la Guillaume-Est\u00e8be, construite en 1752, la Boutique poss\u00e8de une architecture qui vaut \u00e0 elle seule le d\u00e9tour\u2009! Install\u00e9 cet automne, un nouveau module d\u2019interpr\u00e9tation des vo\u00fbtes permettra au public d\u2019en apprendre plus sur leur vocation au fil du temps.<\/p>\n\n\n          <\/div>\n  <\/div>\n<\/div>\n\n\n<p><\/p>\n","protected":false},"excerpt":{"rendered":"","protected":false},"featured_media":19585,"parent":0,"menu_order":0,"template":"","comm-tax":[8],"class_list":["post-19842","presse","type-presse","status-publish","has-post-thumbnail","hentry","comm-tax-communique"],"acf":[],"yoast_head":"<!-- This site is optimized with the Yoast SEO Premium plugin v27.3 (Yoast SEO v27.3) - https:\/\/yoast.com\/product\/yoast-seo-premium-wordpress\/ -->\n<title>Une programmation des F\u00eates ancr\u00e9e dans l\u2019hiver et les traditions qu\u00e9b\u00e9coises - Communiqu\u00e9 de presse | Mus\u00e9e de la civilisation<\/title>\n<meta name=\"description\" content=\"Une programmation des F\u00eates ancr\u00e9e dans l\u2019hiver et les traditions qu\u00e9b\u00e9coises- communiqu\u00e9 de presse du Mus\u00e9e de la civilisation \u00e0 Qu\u00e9bec.\" \/>\n<meta name=\"robots\" content=\"index, follow, max-snippet:-1, max-image-preview:large, max-video-preview:-1\" \/>\n<link rel=\"canonical\" href=\"https:\/\/mcq.org\/en\/a-propos\/medias\/communiques\/une-programmation-des-fetes-ancree-dans-lhiver-et-les-traditions-quebecoises\/\" \/>\n<meta property=\"og:locale\" content=\"en_US\" \/>\n<meta property=\"og:type\" content=\"article\" \/>\n<meta property=\"og:title\" content=\"Une programmation des F\u00eates ancr\u00e9e dans l\u2019hiver et les traditions qu\u00e9b\u00e9coises - Communiqu\u00e9 de presse | Mus\u00e9e de la civilisation\" \/>\n<meta property=\"og:description\" content=\"Une programmation des F\u00eates ancr\u00e9e dans l\u2019hiver et les traditions qu\u00e9b\u00e9coises- communiqu\u00e9 de presse du Mus\u00e9e de la civilisation \u00e0 Qu\u00e9bec.\" \/>\n<meta property=\"og:url\" content=\"https:\/\/mcq.org\/en\/a-propos\/medias\/communiques\/une-programmation-des-fetes-ancree-dans-lhiver-et-les-traditions-quebecoises\/\" \/>\n<meta property=\"og:site_name\" content=\"Mus\u00e9e de la civilisation\" \/>\n<meta property=\"article:publisher\" content=\"https:\/\/www.facebook.com\/mcqorg\" \/>\n<meta property=\"og:image\" content=\"https:\/\/mcq.org\/wp-content\/uploads\/2024\/12\/visuel-fetes-2024.png\" \/>\n\t<meta property=\"og:image:width\" content=\"600\" \/>\n\t<meta property=\"og:image:height\" content=\"600\" \/>\n\t<meta property=\"og:image:type\" content=\"image\/png\" \/>\n<meta name=\"twitter:card\" content=\"summary_large_image\" \/>\n<meta name=\"twitter:site\" content=\"@mcqorg\" \/>\n<meta name=\"twitter:label1\" content=\"Est. reading time\" \/>\n\t<meta name=\"twitter:data1\" content=\"5 minutes\" \/>\n<!-- \/ Yoast SEO Premium plugin. -->","yoast_head_json":{"title":"Une programmation des F\u00eates ancr\u00e9e dans l\u2019hiver et les traditions qu\u00e9b\u00e9coises - Communiqu\u00e9 de presse | Mus\u00e9e de la civilisation","description":"Une programmation des F\u00eates ancr\u00e9e dans l\u2019hiver et les traditions qu\u00e9b\u00e9coises- communiqu\u00e9 de presse du Mus\u00e9e de la civilisation \u00e0 Qu\u00e9bec.","robots":{"index":"index","follow":"follow","max-snippet":"max-snippet:-1","max-image-preview":"max-image-preview:large","max-video-preview":"max-video-preview:-1"},"canonical":"https:\/\/mcq.org\/en\/a-propos\/medias\/communiques\/une-programmation-des-fetes-ancree-dans-lhiver-et-les-traditions-quebecoises\/","og_locale":"en_US","og_type":"article","og_title":"Une programmation des F\u00eates ancr\u00e9e dans l\u2019hiver et les traditions qu\u00e9b\u00e9coises - Communiqu\u00e9 de presse | Mus\u00e9e de la civilisation","og_description":"Une programmation des F\u00eates ancr\u00e9e dans l\u2019hiver et les traditions qu\u00e9b\u00e9coises- communiqu\u00e9 de presse du Mus\u00e9e de la civilisation \u00e0 Qu\u00e9bec.","og_url":"https:\/\/mcq.org\/en\/a-propos\/medias\/communiques\/une-programmation-des-fetes-ancree-dans-lhiver-et-les-traditions-quebecoises\/","og_site_name":"Mus\u00e9e de la civilisation","article_publisher":"https:\/\/www.facebook.com\/mcqorg","og_image":[{"width":600,"height":600,"url":"https:\/\/mcq.org\/wp-content\/uploads\/2024\/12\/visuel-fetes-2024.png","type":"image\/png"}],"twitter_card":"summary_large_image","twitter_site":"@mcqorg","twitter_misc":{"Est. reading time":"5 minutes"},"schema":{"@context":"https:\/\/schema.org","@graph":[{"@type":"WebPage","@id":"https:\/\/mcq.org\/en\/a-propos\/medias\/communiques\/une-programmation-des-fetes-ancree-dans-lhiver-et-les-traditions-quebecoises\/","url":"https:\/\/mcq.org\/en\/a-propos\/medias\/communiques\/une-programmation-des-fetes-ancree-dans-lhiver-et-les-traditions-quebecoises\/","name":"Une programmation des F\u00eates ancr\u00e9e dans l\u2019hiver et les traditions qu\u00e9b\u00e9coises - Communiqu\u00e9 de presse | Mus\u00e9e de la civilisation","isPartOf":{"@id":"https:\/\/mcq.org\/en\/#website"},"primaryImageOfPage":{"@id":"https:\/\/mcq.org\/en\/a-propos\/medias\/communiques\/une-programmation-des-fetes-ancree-dans-lhiver-et-les-traditions-quebecoises\/#primaryimage"},"image":{"@id":"https:\/\/mcq.org\/en\/a-propos\/medias\/communiques\/une-programmation-des-fetes-ancree-dans-lhiver-et-les-traditions-quebecoises\/#primaryimage"},"thumbnailUrl":"https:\/\/mcq.org\/wp-content\/uploads\/2024\/12\/visuel-fetes-2024.png","datePublished":"2024-12-19T13:05:00+00:00","description":"Une programmation des F\u00eates ancr\u00e9e dans l\u2019hiver et les traditions qu\u00e9b\u00e9coises- communiqu\u00e9 de presse du Mus\u00e9e de la civilisation \u00e0 Qu\u00e9bec.","breadcrumb":{"@id":"https:\/\/mcq.org\/en\/a-propos\/medias\/communiques\/une-programmation-des-fetes-ancree-dans-lhiver-et-les-traditions-quebecoises\/#breadcrumb"},"inLanguage":"en-US","potentialAction":[{"@type":"ReadAction","target":["https:\/\/mcq.org\/en\/a-propos\/medias\/communiques\/une-programmation-des-fetes-ancree-dans-lhiver-et-les-traditions-quebecoises\/"]}]},{"@type":"ImageObject","inLanguage":"en-US","@id":"https:\/\/mcq.org\/en\/a-propos\/medias\/communiques\/une-programmation-des-fetes-ancree-dans-lhiver-et-les-traditions-quebecoises\/#primaryimage","url":"https:\/\/mcq.org\/wp-content\/uploads\/2024\/12\/visuel-fetes-2024.png","contentUrl":"https:\/\/mcq.org\/wp-content\/uploads\/2024\/12\/visuel-fetes-2024.png","width":600,"height":600,"caption":"Photographies en noir et blanc d'une famille entour\u00e9 de dessins color\u00e9s d'un sapin et de cadeaux"},{"@type":"BreadcrumbList","@id":"https:\/\/mcq.org\/en\/a-propos\/medias\/communiques\/une-programmation-des-fetes-ancree-dans-lhiver-et-les-traditions-quebecoises\/#breadcrumb","itemListElement":[{"@type":"ListItem","position":1,"name":"Home","item":"https:\/\/mcq.org\/en\/"},{"@type":"ListItem","position":2,"name":"Communiqu\u00e9s presse","item":"https:\/\/mcq.org\/en\/a-propos\/medias\/communiques\/"},{"@type":"ListItem","position":3,"name":"Une programmation des F\u00eates ancr\u00e9e dans l\u2019hiver et les traditions qu\u00e9b\u00e9coises"}]},{"@type":"WebSite","@id":"https:\/\/mcq.org\/en\/#website","url":"https:\/\/mcq.org\/en\/","name":"Mus\u00e9e de la civilisation","description":"Le Mus\u00e9e de la civilisation explore les diff\u00e9rentes facettes de la r\u00e9alit\u00e9 humaine avec sa d\u00e9marche unique qui combine enchantement, connaissance et r\u00e9flexion.","publisher":{"@id":"https:\/\/mcq.org\/en\/#organization"},"alternateName":"MCQ","potentialAction":[{"@type":"SearchAction","target":{"@type":"EntryPoint","urlTemplate":"https:\/\/mcq.org\/en\/?s={search_term_string}"},"query-input":{"@type":"PropertyValueSpecification","valueRequired":true,"valueName":"search_term_string"}}],"inLanguage":"en-US"},{"@type":"Organization","@id":"https:\/\/mcq.org\/en\/#organization","name":"Mus\u00e9e de la civilisation","alternateName":"MCQ","url":"https:\/\/mcq.org\/en\/","logo":{"@type":"ImageObject","inLanguage":"en-US","@id":"https:\/\/mcq.org\/en\/#\/schema\/logo\/image\/","url":"https:\/\/mcq.org\/wp-content\/uploads\/2023\/04\/logo-mcq-300x123-1.png","contentUrl":"https:\/\/mcq.org\/wp-content\/uploads\/2023\/04\/logo-mcq-300x123-1.png","width":300,"height":123,"caption":"Mus\u00e9e de la civilisation"},"image":{"@id":"https:\/\/mcq.org\/en\/#\/schema\/logo\/image\/"},"sameAs":["https:\/\/www.facebook.com\/mcqorg","https:\/\/x.com\/mcqorg","https:\/\/www.instagram.com\/mcqorg\/","https:\/\/www.linkedin.com\/company\/mcqorg\/"]}]}},"_links":{"self":[{"href":"https:\/\/mcq.org\/en\/wp-json\/wp\/v2\/presse\/19842","targetHints":{"allow":["GET"]}}],"collection":[{"href":"https:\/\/mcq.org\/en\/wp-json\/wp\/v2\/presse"}],"about":[{"href":"https:\/\/mcq.org\/en\/wp-json\/wp\/v2\/types\/presse"}],"version-history":[{"count":2,"href":"https:\/\/mcq.org\/en\/wp-json\/wp\/v2\/presse\/19842\/revisions"}],"predecessor-version":[{"id":19845,"href":"https:\/\/mcq.org\/en\/wp-json\/wp\/v2\/presse\/19842\/revisions\/19845"}],"wp:featuredmedia":[{"embeddable":true,"href":"https:\/\/mcq.org\/en\/wp-json\/wp\/v2\/media\/19585"}],"wp:attachment":[{"href":"https:\/\/mcq.org\/en\/wp-json\/wp\/v2\/media?parent=19842"}],"wp:term":[{"taxonomy":"comm-tax","embeddable":true,"href":"https:\/\/mcq.org\/en\/wp-json\/wp\/v2\/comm-tax?post=19842"}],"curies":[{"name":"wp","href":"https:\/\/api.w.org\/{rel}","templated":true}]}}