{"id":19693,"date":"2024-12-10T09:28:05","date_gmt":"2024-12-10T14:28:05","guid":{"rendered":"https:\/\/mcq.org\/?post_type=presse&#038;p=19693"},"modified":"2024-12-10T13:52:15","modified_gmt":"2024-12-10T18:52:15","slug":"apres-trois-ans-de-travaux-de-restauration-la-chapelle-du-seminaire-de-quebec-a-recouvre-sa-splendeur-dantan-et-reprend-ses-activites","status":"publish","type":"presse","link":"https:\/\/mcq.org\/en\/a-propos\/medias\/communiques\/apres-trois-ans-de-travaux-de-restauration-la-chapelle-du-seminaire-de-quebec-a-recouvre-sa-splendeur-dantan-et-reprend-ses-activites\/","title":{"rendered":"Apr\u00e8s trois ans de travaux de restauration la Chapelle du S\u00e9minaire de Qu\u00e9bec a recouvr\u00e9 sa splendeur d\u2019antan et reprend ses activit\u00e9s"},"content":{"rendered":"<div  class=\"container contenu-centre\">\n  <div class=\"row justify-content-center\">\n    <div class=\"col-lg-10 col-xl-8\">\n      \n        \n\n<p>Ferm\u00e9e depuis l\u2019automne 2021 pour d\u2019importants travaux de restauration, la Chapelle du S\u00e9minaire de Qu\u00e9bec accueille \u00e0 nouveau des activit\u00e9s de m\u00e9diation culturelle et des r\u00e9ceptions priv\u00e9es. D\u00e9barrass\u00e9 de la poussi\u00e8re incrust\u00e9e de m\u00eame que des traces de la suie laiss\u00e9es par plus de 90 ans d\u2019utilisation quotidienne d\u2019encens, de chandelles et de cierges requise lors des c\u00e9l\u00e9brations religieuses, son somptueux d\u00e9cor d\u2019inspiration Second Empire a recouvr\u00e9 sa splendeur d\u2019antan. Le Mus\u00e9e de la civilisation aura investi un peu plus de 5,2 M$ dans ce travail colossal, accompli minutieusement en collaboration avec le Centre de conservation du Qu\u00e9bec du minist\u00e8re de la Culture et des Communications.\u00a0<\/p>\n<p><strong>Citations<\/strong><\/p>\n<p>\u00ab Je me r\u00e9jouis que les portes de la Chapelle s\u2019ouvrent \u00e0 nouveau afin que toutes et tous puissent d\u00e9couvrir l\u2019ampleur du travail effectu\u00e9 par les \u00e9quipes chevronn\u00e9es du Centre de conservation du Qu\u00e9bec et du Mus\u00e9e de la civilisation. Ces derni\u00e8res ont su redonner aux lieux leur lustre d\u2019antan, et en plus de s\u2019assurer de la p\u00e9rennit\u00e9 de tous les \u00e9l\u00e9ments magistraux qu\u2019on y retrouve et qui t\u00e9moignent de notre histoire collective. Je souhaite \u00e0 tous de venir (re)d\u00e9couvrir la Chapelle du S\u00e9minaire, t\u00e9moin important de l\u2019histoire du Qu\u00e9bec. \u00bb &#8211; <strong><em>Mathieu Lacombe, ministre de la Culture et des Communications, ministre responsable de la Jeunesse et ministre responsable de la r\u00e9gion de l&#8217;Outaouais<\/em><\/strong><\/p>\n<p>\u00ab C\u2019est l\u2019ensemble des Qu\u00e9b\u00e9coises et Qu\u00e9b\u00e9cois qui pourront b\u00e9n\u00e9ficier du travail exceptionnel de nos experts en restauration dans le magnifique lieu que constitue la Chapelle du S\u00e9minaire. Je vous invite vivement \u00e0 venir profiter des activit\u00e9s qui seront offertes dans ce lieu historique. \u00bb &#8211; <strong><em>Samuel Poulin, adjoint parlementaire au ministre de la Culture et des Communications et d\u00e9put\u00e9 de Beauce-Sud <\/em><\/strong><\/p>\n<p>\u00ab Quel bonheur de pouvoir rendre la Chapelle du S\u00e9minaire \u00e0 la communaut\u00e9 qui pourra en appr\u00e9cier toute la beaut\u00e9 artistique et la port\u00e9e historique par le biais d\u2019une riche programmation d\u2019activit\u00e9s de m\u00e9diation culturelle. Je tiens \u00e0 saluer le professionnalisme remarquable des sp\u00e9cialistes en conservation et en restauration qui ont mis en commun leurs connaissances pour que ce joyau du patrimoine religieux demeure p\u00e9renne pour les g\u00e9n\u00e9rations actuelles et futures. \u00bb &#8211; <strong><em>Julie Lemieux, directrice g\u00e9n\u00e9rale, Mus\u00e9e de la civilisation<\/em><\/strong><\/p>\n<h3>Faits saillants<\/h3>\n<p><strong>\u00c9l\u00e9ments restaur\u00e9s\u00a0:<\/strong><\/p>\n<ul>\n<li>Planchers de c\u00e9ramique du ch\u0153ur, de la nef, et des bas-c\u00f4t\u00e9s;<\/li>\n<li>Ensemble du d\u00e9cor peint;<\/li>\n<li>Ma\u00eetre-autel du ch\u0153ur, autels lat\u00e9raux et collat\u00e9raux;<\/li>\n<li>Balustrade;<\/li>\n<li>Bordures de marbre du ch\u0153ur et de la nef;<\/li>\n<li>Sculptures de marbre et reliquaires;<\/li>\n<li>Vitraux;<\/li>\n<li>Toiles peintes maroufl\u00e9es.<\/li>\n<\/ul>\n<p>L\u2019ancienne chapelle a \u00e9t\u00e9 d\u00e9truite compl\u00e8tement par un incendie en 1888. La pr\u00e9sente Chapelle du S\u00e9minaire a \u00e9t\u00e9 b\u00e9nie en 1900. Elle est l\u2019\u0153uvre de Joseph-Ferdinand Peachy (1830-1903), architecte tr\u00e8s actif et de grande renomm\u00e9e \u00e0 Qu\u00e9bec au 19<sup>e<\/sup> si\u00e8cle. Pour \u00e9laborer ses plans il s\u2019est inspir\u00e9 du style Second Empire de l\u2019\u00e9glise de la Trinit\u00e9 de Paris.<\/p>\n<p>L\u2019ensemble de son d\u00e9cor en trompe-l\u2019\u0153il est peint sur de la t\u00f4le m\u00e9tallique afin de la prot\u00e9ger des incendies, fr\u00e9quents \u00e0 l\u2019\u00e9poque.<\/p>\n<p>La Chapelle du S\u00e9minaire est dot\u00e9e d\u2019un orgue Casavant de 1930 et d\u2019une r\u00e9plique de l\u2019orgue Richard, fabriqu\u00e9 en 1753 pour la Basilique-cath\u00e9drale Notre-Dame de Qu\u00e9bec et d\u00e9truit en 1759. Le grand donateur et m\u00e9lomane, M. Hubert Laforge a cr\u00e9\u00e9, avec sa d\u00e9funte \u00e9pouse, un fonds sp\u00e9cialement d\u00e9di\u00e9 \u00e0 la mise en valeur de la musique ancienne interpr\u00e9t\u00e9e sur l\u2019orgue Richard.<\/p>\n<p>\u00c0 la suite de son don consid\u00e9rable, l\u2019homme de th\u00e9\u00e2tre Roland Lepage a souhait\u00e9 que le lieu reprenne son nom d\u2019origine, soit la Chapelle du S\u00e9minaire depuis 2021.<\/p>\n<p>Une grande partie de l\u2019impressionnante collection de reliques du S\u00e9minaire est expos\u00e9e \u00e0 la Chapelle du S\u00e9minaire, ce qui en fait l\u2019un des endroits o\u00f9 on retrouve le plus de reliques au Canada.<\/p>\n<p>Une riche programmation de concerts est pr\u00e9vue pour les prochains mois dont une s\u00e9rie \u00e9labor\u00e9e en collaboration avec le Conservatoire de musique de Qu\u00e9bec.<\/p>\n<p>On dit que la Chapelle du S\u00e9minaire est d\u00e9saffect\u00e9e, car on n\u2019y pratique plus le culte religieux depuis 1992.<\/p>\n<p><strong>Liens connexes<\/strong><\/p>\n<p>Centre de conservation du Qu\u00e9bec, minist\u00e8re de la Culture et des Communications : <a href=\"http:\/\/ccq.gouv.qc.ca\" target=\"_blank\" rel=\"noopener\">ccq.gouv.qc.ca<\/a><\/p>\n\n\n          <\/div>\n  <\/div>\n<\/div>\n\n\n<p><\/p>\n","protected":false},"excerpt":{"rendered":"","protected":false},"featured_media":19700,"parent":0,"menu_order":0,"template":"","comm-tax":[8],"class_list":["post-19693","presse","type-presse","status-publish","has-post-thumbnail","hentry","comm-tax-communique"],"acf":[],"yoast_head":"<!-- This site is optimized with the Yoast SEO Premium plugin v27.3 (Yoast SEO v27.3) - https:\/\/yoast.com\/product\/yoast-seo-premium-wordpress\/ -->\n<title>Apr\u00e8s trois ans de travaux de restauration la Chapelle du S\u00e9minaire de Qu\u00e9bec a recouvr\u00e9 sa splendeur d\u2019antan et reprend ses activit\u00e9s - Communiqu\u00e9 de presse | Mus\u00e9e de la civilisation<\/title>\n<meta name=\"description\" content=\"Apr\u00e8s trois ans de travaux de restauration la Chapelle du S\u00e9minaire de Qu\u00e9bec a recouvr\u00e9 sa splendeur d\u2019antan et reprend ses activit\u00e9s- communiqu\u00e9 de presse du Mus\u00e9e de la civilisation \u00e0 Qu\u00e9bec.\" \/>\n<meta name=\"robots\" content=\"index, follow, max-snippet:-1, max-image-preview:large, max-video-preview:-1\" \/>\n<link rel=\"canonical\" href=\"https:\/\/mcq.org\/en\/a-propos\/medias\/communiques\/apres-trois-ans-de-travaux-de-restauration-la-chapelle-du-seminaire-de-quebec-a-recouvre-sa-splendeur-dantan-et-reprend-ses-activites\/\" \/>\n<meta property=\"og:locale\" content=\"en_US\" \/>\n<meta property=\"og:type\" content=\"article\" \/>\n<meta property=\"og:title\" content=\"Apr\u00e8s trois ans de travaux de restauration la Chapelle du S\u00e9minaire de Qu\u00e9bec a recouvr\u00e9 sa splendeur d\u2019antan et reprend ses activit\u00e9s - Communiqu\u00e9 de presse | Mus\u00e9e de la civilisation\" \/>\n<meta property=\"og:description\" content=\"Apr\u00e8s trois ans de travaux de restauration la Chapelle du S\u00e9minaire de Qu\u00e9bec a recouvr\u00e9 sa splendeur d\u2019antan et reprend ses activit\u00e9s- communiqu\u00e9 de presse du Mus\u00e9e de la civilisation \u00e0 Qu\u00e9bec.\" \/>\n<meta property=\"og:url\" content=\"https:\/\/mcq.org\/en\/a-propos\/medias\/communiques\/apres-trois-ans-de-travaux-de-restauration-la-chapelle-du-seminaire-de-quebec-a-recouvre-sa-splendeur-dantan-et-reprend-ses-activites\/\" \/>\n<meta property=\"og:site_name\" content=\"Mus\u00e9e de la civilisation\" \/>\n<meta property=\"article:publisher\" content=\"https:\/\/www.facebook.com\/mcqorg\" \/>\n<meta property=\"article:modified_time\" content=\"2024-12-10T18:52:15+00:00\" \/>\n<meta property=\"og:image\" content=\"https:\/\/mcq.org\/wp-content\/uploads\/2024\/12\/presse-reouverture-chapelle.jpg\" \/>\n\t<meta property=\"og:image:width\" content=\"600\" \/>\n\t<meta property=\"og:image:height\" content=\"600\" \/>\n\t<meta property=\"og:image:type\" content=\"image\/jpeg\" \/>\n<meta name=\"twitter:card\" content=\"summary_large_image\" \/>\n<meta name=\"twitter:site\" content=\"@mcqorg\" \/>\n<meta name=\"twitter:label1\" content=\"Est. reading time\" \/>\n\t<meta name=\"twitter:data1\" content=\"4 minutes\" \/>\n<!-- \/ Yoast SEO Premium plugin. -->","yoast_head_json":{"title":"Apr\u00e8s trois ans de travaux de restauration la Chapelle du S\u00e9minaire de Qu\u00e9bec a recouvr\u00e9 sa splendeur d\u2019antan et reprend ses activit\u00e9s - Communiqu\u00e9 de presse | Mus\u00e9e de la civilisation","description":"Apr\u00e8s trois ans de travaux de restauration la Chapelle du S\u00e9minaire de Qu\u00e9bec a recouvr\u00e9 sa splendeur d\u2019antan et reprend ses activit\u00e9s- communiqu\u00e9 de presse du Mus\u00e9e de la civilisation \u00e0 Qu\u00e9bec.","robots":{"index":"index","follow":"follow","max-snippet":"max-snippet:-1","max-image-preview":"max-image-preview:large","max-video-preview":"max-video-preview:-1"},"canonical":"https:\/\/mcq.org\/en\/a-propos\/medias\/communiques\/apres-trois-ans-de-travaux-de-restauration-la-chapelle-du-seminaire-de-quebec-a-recouvre-sa-splendeur-dantan-et-reprend-ses-activites\/","og_locale":"en_US","og_type":"article","og_title":"Apr\u00e8s trois ans de travaux de restauration la Chapelle du S\u00e9minaire de Qu\u00e9bec a recouvr\u00e9 sa splendeur d\u2019antan et reprend ses activit\u00e9s - Communiqu\u00e9 de presse | Mus\u00e9e de la civilisation","og_description":"Apr\u00e8s trois ans de travaux de restauration la Chapelle du S\u00e9minaire de Qu\u00e9bec a recouvr\u00e9 sa splendeur d\u2019antan et reprend ses activit\u00e9s- communiqu\u00e9 de presse du Mus\u00e9e de la civilisation \u00e0 Qu\u00e9bec.","og_url":"https:\/\/mcq.org\/en\/a-propos\/medias\/communiques\/apres-trois-ans-de-travaux-de-restauration-la-chapelle-du-seminaire-de-quebec-a-recouvre-sa-splendeur-dantan-et-reprend-ses-activites\/","og_site_name":"Mus\u00e9e de la civilisation","article_publisher":"https:\/\/www.facebook.com\/mcqorg","article_modified_time":"2024-12-10T18:52:15+00:00","og_image":[{"width":600,"height":600,"url":"https:\/\/mcq.org\/wp-content\/uploads\/2024\/12\/presse-reouverture-chapelle.jpg","type":"image\/jpeg"}],"twitter_card":"summary_large_image","twitter_site":"@mcqorg","twitter_misc":{"Est. reading time":"4 minutes"},"schema":{"@context":"https:\/\/schema.org","@graph":[{"@type":"WebPage","@id":"https:\/\/mcq.org\/en\/a-propos\/medias\/communiques\/apres-trois-ans-de-travaux-de-restauration-la-chapelle-du-seminaire-de-quebec-a-recouvre-sa-splendeur-dantan-et-reprend-ses-activites\/","url":"https:\/\/mcq.org\/en\/a-propos\/medias\/communiques\/apres-trois-ans-de-travaux-de-restauration-la-chapelle-du-seminaire-de-quebec-a-recouvre-sa-splendeur-dantan-et-reprend-ses-activites\/","name":"Apr\u00e8s trois ans de travaux de restauration la Chapelle du S\u00e9minaire de Qu\u00e9bec a recouvr\u00e9 sa splendeur d\u2019antan et reprend ses activit\u00e9s - Communiqu\u00e9 de presse | Mus\u00e9e de la civilisation","isPartOf":{"@id":"https:\/\/mcq.org\/en\/#website"},"primaryImageOfPage":{"@id":"https:\/\/mcq.org\/en\/a-propos\/medias\/communiques\/apres-trois-ans-de-travaux-de-restauration-la-chapelle-du-seminaire-de-quebec-a-recouvre-sa-splendeur-dantan-et-reprend-ses-activites\/#primaryimage"},"image":{"@id":"https:\/\/mcq.org\/en\/a-propos\/medias\/communiques\/apres-trois-ans-de-travaux-de-restauration-la-chapelle-du-seminaire-de-quebec-a-recouvre-sa-splendeur-dantan-et-reprend-ses-activites\/#primaryimage"},"thumbnailUrl":"https:\/\/mcq.org\/wp-content\/uploads\/2024\/12\/presse-reouverture-chapelle.jpg","datePublished":"2024-12-10T14:28:05+00:00","dateModified":"2024-12-10T18:52:15+00:00","description":"Apr\u00e8s trois ans de travaux de restauration la Chapelle du S\u00e9minaire de Qu\u00e9bec a recouvr\u00e9 sa splendeur d\u2019antan et reprend ses activit\u00e9s- communiqu\u00e9 de presse du Mus\u00e9e de la civilisation \u00e0 Qu\u00e9bec.","breadcrumb":{"@id":"https:\/\/mcq.org\/en\/a-propos\/medias\/communiques\/apres-trois-ans-de-travaux-de-restauration-la-chapelle-du-seminaire-de-quebec-a-recouvre-sa-splendeur-dantan-et-reprend-ses-activites\/#breadcrumb"},"inLanguage":"en-US","potentialAction":[{"@type":"ReadAction","target":["https:\/\/mcq.org\/en\/a-propos\/medias\/communiques\/apres-trois-ans-de-travaux-de-restauration-la-chapelle-du-seminaire-de-quebec-a-recouvre-sa-splendeur-dantan-et-reprend-ses-activites\/"]}]},{"@type":"ImageObject","inLanguage":"en-US","@id":"https:\/\/mcq.org\/en\/a-propos\/medias\/communiques\/apres-trois-ans-de-travaux-de-restauration-la-chapelle-du-seminaire-de-quebec-a-recouvre-sa-splendeur-dantan-et-reprend-ses-activites\/#primaryimage","url":"https:\/\/mcq.org\/wp-content\/uploads\/2024\/12\/presse-reouverture-chapelle.jpg","contentUrl":"https:\/\/mcq.org\/wp-content\/uploads\/2024\/12\/presse-reouverture-chapelle.jpg","width":600,"height":600,"caption":"Vue en plong\u00e9e du choeur de la chapelle"},{"@type":"BreadcrumbList","@id":"https:\/\/mcq.org\/en\/a-propos\/medias\/communiques\/apres-trois-ans-de-travaux-de-restauration-la-chapelle-du-seminaire-de-quebec-a-recouvre-sa-splendeur-dantan-et-reprend-ses-activites\/#breadcrumb","itemListElement":[{"@type":"ListItem","position":1,"name":"Home","item":"https:\/\/mcq.org\/en\/"},{"@type":"ListItem","position":2,"name":"Communiqu\u00e9s presse","item":"https:\/\/mcq.org\/en\/a-propos\/medias\/communiques\/"},{"@type":"ListItem","position":3,"name":"Apr\u00e8s trois ans de travaux de restauration la Chapelle du S\u00e9minaire de Qu\u00e9bec a recouvr\u00e9 sa splendeur d\u2019antan et reprend ses activit\u00e9s"}]},{"@type":"WebSite","@id":"https:\/\/mcq.org\/en\/#website","url":"https:\/\/mcq.org\/en\/","name":"Mus\u00e9e de la civilisation","description":"Le Mus\u00e9e de la civilisation explore les diff\u00e9rentes facettes de la r\u00e9alit\u00e9 humaine avec sa d\u00e9marche unique qui combine enchantement, connaissance et r\u00e9flexion.","publisher":{"@id":"https:\/\/mcq.org\/en\/#organization"},"alternateName":"MCQ","potentialAction":[{"@type":"SearchAction","target":{"@type":"EntryPoint","urlTemplate":"https:\/\/mcq.org\/en\/?s={search_term_string}"},"query-input":{"@type":"PropertyValueSpecification","valueRequired":true,"valueName":"search_term_string"}}],"inLanguage":"en-US"},{"@type":"Organization","@id":"https:\/\/mcq.org\/en\/#organization","name":"Mus\u00e9e de la civilisation","alternateName":"MCQ","url":"https:\/\/mcq.org\/en\/","logo":{"@type":"ImageObject","inLanguage":"en-US","@id":"https:\/\/mcq.org\/en\/#\/schema\/logo\/image\/","url":"https:\/\/mcq.org\/wp-content\/uploads\/2023\/04\/logo-mcq-300x123-1.png","contentUrl":"https:\/\/mcq.org\/wp-content\/uploads\/2023\/04\/logo-mcq-300x123-1.png","width":300,"height":123,"caption":"Mus\u00e9e de la civilisation"},"image":{"@id":"https:\/\/mcq.org\/en\/#\/schema\/logo\/image\/"},"sameAs":["https:\/\/www.facebook.com\/mcqorg","https:\/\/x.com\/mcqorg","https:\/\/www.instagram.com\/mcqorg\/","https:\/\/www.linkedin.com\/company\/mcqorg\/"]}]}},"_links":{"self":[{"href":"https:\/\/mcq.org\/en\/wp-json\/wp\/v2\/presse\/19693","targetHints":{"allow":["GET"]}}],"collection":[{"href":"https:\/\/mcq.org\/en\/wp-json\/wp\/v2\/presse"}],"about":[{"href":"https:\/\/mcq.org\/en\/wp-json\/wp\/v2\/types\/presse"}],"version-history":[{"count":2,"href":"https:\/\/mcq.org\/en\/wp-json\/wp\/v2\/presse\/19693\/revisions"}],"predecessor-version":[{"id":19706,"href":"https:\/\/mcq.org\/en\/wp-json\/wp\/v2\/presse\/19693\/revisions\/19706"}],"wp:featuredmedia":[{"embeddable":true,"href":"https:\/\/mcq.org\/en\/wp-json\/wp\/v2\/media\/19700"}],"wp:attachment":[{"href":"https:\/\/mcq.org\/en\/wp-json\/wp\/v2\/media?parent=19693"}],"wp:term":[{"taxonomy":"comm-tax","embeddable":true,"href":"https:\/\/mcq.org\/en\/wp-json\/wp\/v2\/comm-tax?post=19693"}],"curies":[{"name":"wp","href":"https:\/\/api.w.org\/{rel}","templated":true}]}}