{"id":19658,"date":"2024-12-09T08:22:51","date_gmt":"2024-12-09T13:22:51","guid":{"rendered":"https:\/\/mcq.org\/?post_type=presse&#038;p=19658"},"modified":"2024-12-09T15:25:11","modified_gmt":"2024-12-09T20:25:11","slug":"barbie-un-phenomene-de-societe-qui-prend-sa-place-dans-les-collections-nationales","status":"publish","type":"presse","link":"https:\/\/mcq.org\/en\/a-propos\/medias\/communiques\/barbie-un-phenomene-de-societe-qui-prend-sa-place-dans-les-collections-nationales\/","title":{"rendered":"Barbie\u00a0: un ph\u00e9nom\u00e8ne de soci\u00e9t\u00e9 qui prend sa place dans les collections nationales"},"content":{"rendered":"<div  class=\"container contenu-centre\">\n  <div class=\"row justify-content-center\">\n    <div class=\"col-lg-10 col-xl-8\">\n      \n        \n\n<p>Le Mus\u00e9e de la civilisation a pr\u00e9sent\u00e9 aujourd\u2019hui une s\u00e9lection de poup\u00e9es, v\u00eatements et accessoires Barbie qui int\u00e8grent les collections nationales. Ce corpus est compl\u00e9t\u00e9 par quelques biens associ\u00e9s \u00e0 la collectionneuse et donatrice, Sylvie Longpr\u00e9. Cette nouvelle acquisition r\u00e9pond \u00e0 deux priorit\u00e9s de collectionnement du Mus\u00e9e, soit de mettre en perspective les rep\u00e8res socioculturels et les r\u00e9alit\u00e9s propres aux diff\u00e9rents groupes composant la mosa\u00efque sociale, notamment les groupes minoritaires et marginalis\u00e9s, ainsi que de rendre compte d\u2019enjeux contemporains qui questionnent et mobilisent la soci\u00e9t\u00e9. Une partie de cette donation sera pr\u00e9sent\u00e9e dans une exposition, en cours de cr\u00e9ation, pr\u00e9vue pour 2026 portant sur le th\u00e8me du plaisir.<\/p>\n<p>Trois dimensions ont guid\u00e9 la s\u00e9lection de ces objets, dans une approche globale de repr\u00e9sentativit\u00e9 et de pertinence. D\u2019abord, l\u2019arriv\u00e9e de la poup\u00e9e Barbie dans l\u2019histoire des jouets marque un tournant, offrant une autre perspective alors que les poup\u00e9es repr\u00e9sentent exclusivement des b\u00e9b\u00e9s ou des enfants.<\/p>\n<p>Ensuite, le ph\u00e9nom\u00e8ne Barbie, auquel le Qu\u00e9bec n\u2019a pas \u00e9chapp\u00e9, peut \u00eatre observ\u00e9 comme un reflet de la soci\u00e9t\u00e9 nord-am\u00e9ricaine et de ses transformations apr\u00e8s la Deuxi\u00e8me Guerre mondiale, permettant des r\u00e9flexions sur des enjeux tels que la place des femmes, le consum\u00e9risme de biens et de loisirs tout comme les notions de diversit\u00e9, d\u2019inclusion et de repr\u00e9sentativit\u00e9.<\/p>\n<p>Enfin, le rapport de la donatrice Sylvie Longpr\u00e9 \u00e0 Barbie, d\u2019un point de vue anthropologique, permet de comprendre la relation plus personnelle qu\u2019on entretient avec les jouets de notre enfance et comment cela peut influencer notre parcours. \u00c0 cet effet, pr\u00e8s de la moiti\u00e9 des objets s\u00e9lectionn\u00e9s proviennent de l\u2019enfance de la donatrice, ce qui bonifie leur port\u00e9e affective, sans oublier que, dans une perspective documentaire, la d\u00e9marche de la collectionneuse a fait l\u2019objet de plusieurs reportages \u00e9crits et t\u00e9l\u00e9visuels.<\/p>\n<p>La donation comprend 22 poup\u00e9es Barbie, 16 ensembles de v\u00eatements et 7 accessoires ainsi que quelques documents et 2 ensembles de v\u00eatements pour femme identiques \u00e0 ceux de Barbie.<\/p>\n<p><strong>\u00ab\u2009<\/strong>Cette s\u00e9lection li\u00e9e au ph\u00e9nom\u00e8ne Barbie s\u2019av\u00e8re incontournable dans une collection de jouets d\u2019un mus\u00e9e de soci\u00e9t\u00e9 au Qu\u00e9bec. Depuis les ann\u00e9es 1960, la grande majorit\u00e9 des enfants qu\u00e9b\u00e9cois, principalement des fillettes, ont jou\u00e9 \u00e0 la Barbie. Bien plus qu\u2019un jouet, Barbie est le miroir de notre soci\u00e9t\u00e9 de consommation et de l\u2019\u00e9volution du statut de la femme. Si les premi\u00e8res Barbies sont infirmi\u00e8res, h\u00f4tesses de l\u2019air ou ballerines, elles deviennent astronautes, chirurgiennes ou candidates \u00e0 la pr\u00e9sidence des \u00c9tats-Unis jusqu\u2019\u00e0 cheminer vers la repr\u00e9sentation d\u2019une soci\u00e9t\u00e9 plus inclusive.\u2009\u00bb &#8211; <strong><em>Luc St-Amand, directeur des collections par int\u00e9rim, Mus\u00e9e de la civilisation<\/em><\/strong><\/p>\n<p>\u00ab\u2009C\u2019est un grand honneur pour moi de savoir que ma passion permet aujourd\u2019hui de documenter un pan de l\u2019histoire des jouets, et de la place de Barbie dans l\u2019\u00e9volution de la soci\u00e9t\u00e9. Cette donation est aussi une fa\u00e7on de dire toute l\u2019importance de cultiver notre c\u0153ur d\u2019enfant et cette capacit\u00e9 d\u2019\u00e9merveillement, qui donne bien souvent un sens inattendu aux choses et permet de voir le monde diff\u00e9remment.\u2009\u00bb &#8211; <strong><em>Sylvie Longpr\u00e9, collectionneuse et donatrice <\/em><\/strong><\/p>\n<p><strong>Informations additionnelles<\/strong><\/p>\n<ul>\n<li>Le Mus\u00e9e de la civilisation a sous sa responsabilit\u00e9 plus de <a href=\"https:\/\/collections.mcq.org\/\">225\u202f000 objets<\/a> qui rendent compte des milieux de vie, du quotidien, du travail, des savoirs et savoir-faire, des loisirs, des aspirations, des accomplissements et des relations au monde des occupants du territoire qu\u00e9b\u00e9cois. Ils sont entrepos\u00e9s au <a href=\"https:\/\/mcq.org\/collections\/reserves\/\">Centre national de conservation et d\u2019\u00e9tudes des collections<\/a> \u00e0 Qu\u00e9bec et r\u00e9partis dans neuf vo\u00fbtes selon leur composition.<\/li>\n<li>Barbie fait son apparition au salon de jouets de New York en mars 1959. Sa cr\u00e9atrice, et cofondatrice de la compagnie Mattel, Ruth Handler, s\u2019est inspir\u00e9e de la poup\u00e9e allemande Lili, produit d\u00e9riv\u00e9 d\u2019une bande dessin\u00e9e pour adultes. Elle nomme sa poup\u00e9e Barbie d\u2019apr\u00e8s le pr\u00e9nom de sa fille Barbara.<\/li>\n<li>Au fil des ans, Barbie pratique plus de 250 activit\u00e9s et professions afin de v\u00e9hiculer aux jeunes filles, selon Mattel, le message qu\u2019elles peuvent tout faire.<\/li>\n<li>Ayant su s\u2019adapter \u00e0 son \u00e9poque, Barbie connait un \u00e9norme succ\u00e8s commercial qui perdure. Les ventes atteignent 86 millions en 2021 tandis que la poup\u00e9e rev\u00eat le statut d\u2019ic\u00f4ne de la culture populaire am\u00e9ricaine.<\/li>\n<li>Sylvie Longpr\u00e9 nait en 1957 et re\u00e7oit sa premi\u00e8re Barbie \u00e0 l\u2019\u00e2ge de 6 ans. Sa collection regroupe aujourd\u2019hui plus de 800 poup\u00e9es, sans compter les v\u00eatements et les accessoires.<\/li>\n<\/ul>\n\n\n          <\/div>\n  <\/div>\n<\/div>\n\n\n<p><\/p>\n","protected":false},"excerpt":{"rendered":"","protected":false},"featured_media":19690,"parent":0,"menu_order":0,"template":"","comm-tax":[8],"class_list":["post-19658","presse","type-presse","status-publish","has-post-thumbnail","hentry","comm-tax-communique"],"acf":[],"yoast_head":"<!-- This site is optimized with the Yoast SEO Premium plugin v27.3 (Yoast SEO v27.3) - https:\/\/yoast.com\/product\/yoast-seo-premium-wordpress\/ -->\n<title>Barbie\u00a0: un ph\u00e9nom\u00e8ne de soci\u00e9t\u00e9 qui prend sa place dans les collections nationales - Communiqu\u00e9 de presse | Mus\u00e9e de la civilisation<\/title>\n<meta name=\"description\" content=\"Barbie\u00a0: un ph\u00e9nom\u00e8ne de soci\u00e9t\u00e9 qui prend sa place dans les collections nationales- communiqu\u00e9 de presse du Mus\u00e9e de la civilisation \u00e0 Qu\u00e9bec.\" \/>\n<meta name=\"robots\" content=\"index, follow, max-snippet:-1, max-image-preview:large, max-video-preview:-1\" \/>\n<link rel=\"canonical\" href=\"https:\/\/mcq.org\/en\/a-propos\/medias\/communiques\/barbie-un-phenomene-de-societe-qui-prend-sa-place-dans-les-collections-nationales\/\" \/>\n<meta property=\"og:locale\" content=\"en_US\" \/>\n<meta property=\"og:type\" content=\"article\" \/>\n<meta property=\"og:title\" content=\"Barbie\u00a0: un ph\u00e9nom\u00e8ne de soci\u00e9t\u00e9 qui prend sa place dans les collections nationales - Communiqu\u00e9 de presse | Mus\u00e9e de la civilisation\" \/>\n<meta property=\"og:description\" content=\"Barbie\u00a0: un ph\u00e9nom\u00e8ne de soci\u00e9t\u00e9 qui prend sa place dans les collections nationales- communiqu\u00e9 de presse du Mus\u00e9e de la civilisation \u00e0 Qu\u00e9bec.\" \/>\n<meta property=\"og:url\" content=\"https:\/\/mcq.org\/en\/a-propos\/medias\/communiques\/barbie-un-phenomene-de-societe-qui-prend-sa-place-dans-les-collections-nationales\/\" \/>\n<meta property=\"og:site_name\" content=\"Mus\u00e9e de la civilisation\" \/>\n<meta property=\"article:publisher\" content=\"https:\/\/www.facebook.com\/mcqorg\" \/>\n<meta property=\"article:modified_time\" content=\"2024-12-09T20:25:11+00:00\" \/>\n<meta property=\"og:image\" content=\"https:\/\/mcq.org\/wp-content\/uploads\/2024\/12\/presse-donation-barbie-2poupees.jpg\" \/>\n\t<meta property=\"og:image:width\" content=\"600\" \/>\n\t<meta property=\"og:image:height\" content=\"600\" \/>\n\t<meta property=\"og:image:type\" content=\"image\/jpeg\" \/>\n<meta name=\"twitter:card\" content=\"summary_large_image\" \/>\n<meta name=\"twitter:site\" content=\"@mcqorg\" \/>\n<meta name=\"twitter:label1\" content=\"Est. reading time\" \/>\n\t<meta name=\"twitter:data1\" content=\"4 minutes\" \/>\n<!-- \/ Yoast SEO Premium plugin. -->","yoast_head_json":{"title":"Barbie\u00a0: un ph\u00e9nom\u00e8ne de soci\u00e9t\u00e9 qui prend sa place dans les collections nationales - Communiqu\u00e9 de presse | Mus\u00e9e de la civilisation","description":"Barbie\u00a0: un ph\u00e9nom\u00e8ne de soci\u00e9t\u00e9 qui prend sa place dans les collections nationales- communiqu\u00e9 de presse du Mus\u00e9e de la civilisation \u00e0 Qu\u00e9bec.","robots":{"index":"index","follow":"follow","max-snippet":"max-snippet:-1","max-image-preview":"max-image-preview:large","max-video-preview":"max-video-preview:-1"},"canonical":"https:\/\/mcq.org\/en\/a-propos\/medias\/communiques\/barbie-un-phenomene-de-societe-qui-prend-sa-place-dans-les-collections-nationales\/","og_locale":"en_US","og_type":"article","og_title":"Barbie\u00a0: un ph\u00e9nom\u00e8ne de soci\u00e9t\u00e9 qui prend sa place dans les collections nationales - Communiqu\u00e9 de presse | Mus\u00e9e de la civilisation","og_description":"Barbie\u00a0: un ph\u00e9nom\u00e8ne de soci\u00e9t\u00e9 qui prend sa place dans les collections nationales- communiqu\u00e9 de presse du Mus\u00e9e de la civilisation \u00e0 Qu\u00e9bec.","og_url":"https:\/\/mcq.org\/en\/a-propos\/medias\/communiques\/barbie-un-phenomene-de-societe-qui-prend-sa-place-dans-les-collections-nationales\/","og_site_name":"Mus\u00e9e de la civilisation","article_publisher":"https:\/\/www.facebook.com\/mcqorg","article_modified_time":"2024-12-09T20:25:11+00:00","og_image":[{"width":600,"height":600,"url":"https:\/\/mcq.org\/wp-content\/uploads\/2024\/12\/presse-donation-barbie-2poupees.jpg","type":"image\/jpeg"}],"twitter_card":"summary_large_image","twitter_site":"@mcqorg","twitter_misc":{"Est. reading time":"4 minutes"},"schema":{"@context":"https:\/\/schema.org","@graph":[{"@type":"WebPage","@id":"https:\/\/mcq.org\/en\/a-propos\/medias\/communiques\/barbie-un-phenomene-de-societe-qui-prend-sa-place-dans-les-collections-nationales\/","url":"https:\/\/mcq.org\/en\/a-propos\/medias\/communiques\/barbie-un-phenomene-de-societe-qui-prend-sa-place-dans-les-collections-nationales\/","name":"Barbie\u00a0: un ph\u00e9nom\u00e8ne de soci\u00e9t\u00e9 qui prend sa place dans les collections nationales - Communiqu\u00e9 de presse | Mus\u00e9e de la civilisation","isPartOf":{"@id":"https:\/\/mcq.org\/en\/#website"},"primaryImageOfPage":{"@id":"https:\/\/mcq.org\/en\/a-propos\/medias\/communiques\/barbie-un-phenomene-de-societe-qui-prend-sa-place-dans-les-collections-nationales\/#primaryimage"},"image":{"@id":"https:\/\/mcq.org\/en\/a-propos\/medias\/communiques\/barbie-un-phenomene-de-societe-qui-prend-sa-place-dans-les-collections-nationales\/#primaryimage"},"thumbnailUrl":"https:\/\/mcq.org\/wp-content\/uploads\/2024\/12\/presse-donation-barbie-2poupees.jpg","datePublished":"2024-12-09T13:22:51+00:00","dateModified":"2024-12-09T20:25:11+00:00","description":"Barbie\u00a0: un ph\u00e9nom\u00e8ne de soci\u00e9t\u00e9 qui prend sa place dans les collections nationales- communiqu\u00e9 de presse du Mus\u00e9e de la civilisation \u00e0 Qu\u00e9bec.","breadcrumb":{"@id":"https:\/\/mcq.org\/en\/a-propos\/medias\/communiques\/barbie-un-phenomene-de-societe-qui-prend-sa-place-dans-les-collections-nationales\/#breadcrumb"},"inLanguage":"en-US","potentialAction":[{"@type":"ReadAction","target":["https:\/\/mcq.org\/en\/a-propos\/medias\/communiques\/barbie-un-phenomene-de-societe-qui-prend-sa-place-dans-les-collections-nationales\/"]}]},{"@type":"ImageObject","inLanguage":"en-US","@id":"https:\/\/mcq.org\/en\/a-propos\/medias\/communiques\/barbie-un-phenomene-de-societe-qui-prend-sa-place-dans-les-collections-nationales\/#primaryimage","url":"https:\/\/mcq.org\/wp-content\/uploads\/2024\/12\/presse-donation-barbie-2poupees.jpg","contentUrl":"https:\/\/mcq.org\/wp-content\/uploads\/2024\/12\/presse-donation-barbie-2poupees.jpg","width":600,"height":600,"caption":"deux poup\u00e9es Barbie sur fond noir avec des accessoires au dessus de leurs t\u00eates. Celle de droite a les cheveux courts blonds et porte un ensemble d'\u00e9t\u00e9 dor\u00e9, celle de droite a les cheveux bruns aux \u00e9paules et porte un maillot vert, rose et blanc."},{"@type":"BreadcrumbList","@id":"https:\/\/mcq.org\/en\/a-propos\/medias\/communiques\/barbie-un-phenomene-de-societe-qui-prend-sa-place-dans-les-collections-nationales\/#breadcrumb","itemListElement":[{"@type":"ListItem","position":1,"name":"Home","item":"https:\/\/mcq.org\/en\/"},{"@type":"ListItem","position":2,"name":"Communiqu\u00e9s presse","item":"https:\/\/mcq.org\/en\/a-propos\/medias\/communiques\/"},{"@type":"ListItem","position":3,"name":"Barbie\u00a0: un ph\u00e9nom\u00e8ne de soci\u00e9t\u00e9 qui prend sa place dans les collections nationales"}]},{"@type":"WebSite","@id":"https:\/\/mcq.org\/en\/#website","url":"https:\/\/mcq.org\/en\/","name":"Mus\u00e9e de la civilisation","description":"Le Mus\u00e9e de la civilisation explore les diff\u00e9rentes facettes de la r\u00e9alit\u00e9 humaine avec sa d\u00e9marche unique qui combine enchantement, connaissance et r\u00e9flexion.","publisher":{"@id":"https:\/\/mcq.org\/en\/#organization"},"alternateName":"MCQ","potentialAction":[{"@type":"SearchAction","target":{"@type":"EntryPoint","urlTemplate":"https:\/\/mcq.org\/en\/?s={search_term_string}"},"query-input":{"@type":"PropertyValueSpecification","valueRequired":true,"valueName":"search_term_string"}}],"inLanguage":"en-US"},{"@type":"Organization","@id":"https:\/\/mcq.org\/en\/#organization","name":"Mus\u00e9e de la civilisation","alternateName":"MCQ","url":"https:\/\/mcq.org\/en\/","logo":{"@type":"ImageObject","inLanguage":"en-US","@id":"https:\/\/mcq.org\/en\/#\/schema\/logo\/image\/","url":"https:\/\/mcq.org\/wp-content\/uploads\/2023\/04\/logo-mcq-300x123-1.png","contentUrl":"https:\/\/mcq.org\/wp-content\/uploads\/2023\/04\/logo-mcq-300x123-1.png","width":300,"height":123,"caption":"Mus\u00e9e de la civilisation"},"image":{"@id":"https:\/\/mcq.org\/en\/#\/schema\/logo\/image\/"},"sameAs":["https:\/\/www.facebook.com\/mcqorg","https:\/\/x.com\/mcqorg","https:\/\/www.instagram.com\/mcqorg\/","https:\/\/www.linkedin.com\/company\/mcqorg\/"]}]}},"_links":{"self":[{"href":"https:\/\/mcq.org\/en\/wp-json\/wp\/v2\/presse\/19658","targetHints":{"allow":["GET"]}}],"collection":[{"href":"https:\/\/mcq.org\/en\/wp-json\/wp\/v2\/presse"}],"about":[{"href":"https:\/\/mcq.org\/en\/wp-json\/wp\/v2\/types\/presse"}],"version-history":[{"count":3,"href":"https:\/\/mcq.org\/en\/wp-json\/wp\/v2\/presse\/19658\/revisions"}],"predecessor-version":[{"id":19663,"href":"https:\/\/mcq.org\/en\/wp-json\/wp\/v2\/presse\/19658\/revisions\/19663"}],"wp:featuredmedia":[{"embeddable":true,"href":"https:\/\/mcq.org\/en\/wp-json\/wp\/v2\/media\/19690"}],"wp:attachment":[{"href":"https:\/\/mcq.org\/en\/wp-json\/wp\/v2\/media?parent=19658"}],"wp:term":[{"taxonomy":"comm-tax","embeddable":true,"href":"https:\/\/mcq.org\/en\/wp-json\/wp\/v2\/comm-tax?post=19658"}],"curies":[{"name":"wp","href":"https:\/\/api.w.org\/{rel}","templated":true}]}}