{"id":19362,"date":"2024-11-25T16:36:08","date_gmt":"2024-11-25T21:36:08","guid":{"rendered":"https:\/\/mcq.org\/?post_type=presse&#038;p=19362"},"modified":"2024-11-25T16:36:09","modified_gmt":"2024-11-25T21:36:09","slug":"le-grand-banquet-de-la-fondation-fete-ses-20-ans","status":"publish","type":"presse","link":"https:\/\/mcq.org\/en\/a-propos\/medias\/communiques\/le-grand-banquet-de-la-fondation-fete-ses-20-ans\/","title":{"rendered":"Le Grand Banquet de la Fondation f\u00eate ses 20 ans"},"content":{"rendered":"<div  class=\"container contenu-centre\">\n  <div class=\"row justify-content-center\">\n    <div class=\"col-lg-10 col-xl-8\">\n      \n        \n\n<p>C\u2019est dans une ambiance \u00e9tincelante et festive que s\u2019est tenue, vendredi dernier, la 20<sup>e<\/sup>\u00a0\u00e9dition du Grand Banquet de la Fondation du Mus\u00e9e de la civilisation, sous la copr\u00e9sidence d\u2019honneur de Gr\u00e9goire Baillargeon, pr\u00e9sident de BMO Groupe financier, Qu\u00e9bec, et de France Margaret B\u00e9langer, pr\u00e9sidente, Sports et divertissement du Groupe CH. Un b\u00e9n\u00e9fice record de 536\u2009000\u00a0$ a \u00e9t\u00e9 amass\u00e9, soulignant de belle fa\u00e7on cet anniversaire important\u2009! Cette 20<sup>e<\/sup>\u00a0\u00e9dition toute sp\u00e9ciale du Grand Banquet, anim\u00e9e par \u00c9lyse Marquis, a r\u00e9uni plus de 475\u00a0convives dans le Hall du Mus\u00e9e. Au programme\u00a0: cocktail d\u2019accueil, repas gastronomique 4\u00a0services, cr\u00e9\u00e9 par le chef Joseph Sarrazin du restaurant Le Quarante 7, encans silencieux et \u00e0 la cri\u00e9e ainsi qu\u2019une fin de soir\u00e9e color\u00e9e tout en musique avec l\u2019auteur-compositeur-interpr\u00e8te Damien Robitaille.<\/p>\n<p>Cet \u00e9v\u00e9nement incontournable du milieu des affaires et de la philanthropie permet chaque ann\u00e9e, et ce depuis 20\u00a0ans, de financer l\u2019accueil de milliers de jeunes et de leur famille. Pour plusieurs de ces jeunes, une sortie au Mus\u00e9e est moins accessible et pourtant, ce contact avec la culture, dans un lieu qui ouvre sur le monde et les perspectives, est essentiel au d\u00e9veloppement individuel et collectif. Cet amour de la culture et cette volont\u00e9 de la rendre accessible au plus grand nombre sont les motivations qui guident la Fondation et rassemblent ses nombreux donateurs et nombreuses donatrices.<\/p>\n<p>La Fondation du Mus\u00e9e de la civilisation tient \u00e0 remercier ses partenaires principaux\u00a0: <a href=\"https:\/\/www.atkinsrealis.com\/\" target=\"_blank\" rel=\"noopener\">AtkinsR\u00e9alis<\/a>, <a href=\"https:\/\/www.bell.ca\/Accueil\" target=\"_blank\" rel=\"noopener\">Bell<\/a>, <a href=\"https:\/\/www.beneva.ca\/fr\" target=\"_blank\" rel=\"noopener\">Beneva<\/a>, <a href=\"https:\/\/bombardier.com\/fr\" target=\"_blank\" rel=\"noopener\">Bombardier<\/a>, <a href=\"https:\/\/www.canambridges.com\/fr\/\" target=\"_blank\" rel=\"noopener\">Canam Ponts Canada<\/a>, <a href=\"https:\/\/www.cdpq.com\/fr\" target=\"_blank\" rel=\"noopener\">CDPQ<\/a>, <a href=\"https:\/\/ia.ca\/\" target=\"_blank\" rel=\"noopener\">iA Groupe financier<\/a>, <a href=\"https:\/\/www.quebecor.com\/\" target=\"_blank\" rel=\"noopener\">Qu\u00e9becor M\u00e9dia,<\/a> <a href=\"https:\/\/www.rcgt.com\/fr\/\" target=\"_blank\" rel=\"noopener\">Raymond Chabot Grant Thornton<\/a> et <a href=\"https:\/\/www.sagard.com\/\" target=\"_blank\" rel=\"noopener\">Sagard<\/a> ainsi que ses partenaires collaborateurs, <a href=\"https:\/\/www.lequarante7.com\/\" target=\"_blank\" rel=\"noopener\">Le Quarante 7<\/a> et la <a href=\"https:\/\/www.saq.com\/\" target=\"_blank\" rel=\"noopener\">SAQ<\/a>.<\/p>\n<p><strong>Citations<\/strong><\/p>\n<p>\u00ab\u2009Le Mus\u00e9e de la civilisation est profond\u00e9ment inclusif. Il s\u2019engage \u00e0 favoriser un dialogue social et cherche \u00e0 sensibiliser au vivre-ensemble, ce qui, plus que jamais, est important. C\u2019est tout cela que soutient la Fondation du Mus\u00e9e, avec cette attention particuli\u00e8re accord\u00e9e aux personnes moins favoris\u00e9es. La Fondation a la conviction que la culture est un bien collectif qui doit \u00eatre partag\u00e9 sans limites.\u2009\u00bb<br \/><em>\u2013\u00a0Olga Farman, associ\u00e9e directrice du bureau de Qu\u00e9bec, Norton Rose Fulbright et pr\u00e9sidente du conseil d\u2019administration de la Fondation du Mus\u00e9e de la civilisation<\/em><\/p>\n<p>\u00ab\u2009Cette soir\u00e9e est une opportunit\u00e9 de contribuer activement \u00e0 la pr\u00e9servation de notre histoire, tout en soutenant le Mus\u00e9e, une institution qui joue un r\u00f4le n\u00e9vralgique dans l\u2019\u00e9ducation et la diffusion de la culture chez nos jeunes, ici, dans ma ville natale. La Banque de Montr\u00e9al est fi\u00e8re de soutenir la Fondation depuis maintenant 19\u00a0ans.\u2009\u00bb<br \/><em>\u2013\u00a0Gr\u00e9goire Baillargeon, pr\u00e9sident BMO Groupe financier, Qu\u00e9bec et copr\u00e9sident d\u2019honneur<\/em> du Grand Banquet<\/p>\n<p>\u00ab\u2009Unir nos forces pour allumer des \u00e9tincelles dans les yeux des enfants de tous les horizons en leur donnant acc\u00e8s \u00e0 des exp\u00e9riences uniques, et surtout m\u00e9morables, peut certainement faire une diff\u00e9rence positive dans leur parcours. En mesurant les actions pos\u00e9es par la Fondation, notamment en raison des succ\u00e8s remport\u00e9s par son Grand Banquet, depuis deux d\u00e9cennies, j\u2019y crois plus que jamais\u2009!\u2009\u00bb<br \/><em>\u2013\u00a0France Margaret B\u00e9langer, pr\u00e9sidente Sports et divertissement, Groupe CH et copr\u00e9sidente d\u2019honneur du Grand Banquet<\/em><\/p>\n<p>Le prochain Grand Banquet aura lieu le 21\u00a0novembre 2025 sous la pr\u00e9sidence d\u2019honneur de monsieur Jean-Francois Chalifoux, pr\u00e9sident et chef de la direction de Beneva.<\/p>\n<p><strong>\u00c0 propos de la <a href=\"https:\/\/mcq.org\/soutenir\/fondation\/a-propos\/\">Fondation du Mus\u00e9e de la civilisation<\/a><\/strong><br \/><br \/>L\u2019impact de la culture est ind\u00e9niable dans le d\u00e9veloppement social et \u00e9ducatif des individus, particuli\u00e8rement des enfants, peu importe le milieu d\u2019o\u00f9 ils viennent, et \u00e0 plus forte raison en situation de besoins particuliers. La Fondation du Mus\u00e9e de la civilisation se donne pour mission, depuis plus de 30\u00a0ans, de soutenir l\u2019accessibilit\u00e9 aux activit\u00e9s du Mus\u00e9e \u00e0 des personnes aux horizons vari\u00e9s afin de leur faire vivre une exp\u00e9rience positive et enrichissante, tout en assurant la p\u00e9rennit\u00e9 du fonctionnement de l\u2019organisation.<\/p>\n<p>Cr\u00e9dit photo\u00a0: St\u00e9phane Bourgeois, photographe<\/p>\n<p>Pour plus d\u2019informations sur le Grand Banquet de la Fondation du Mus\u00e9e de la civilisation\u00a0:<\/p>\n<p>Marie-\u00c8ve Abran\u00a0: 418\u00a0643-2158, poste\u00a0320\u2009; courriel\u00a0: <a href=\"mailto:marie-eve.abran@mcq.org\">marie-eve.abran@mcq.org<\/a><\/p>\n\n\n          <\/div>\n  <\/div>\n<\/div>","protected":false},"excerpt":{"rendered":"","protected":false},"featured_media":19360,"parent":0,"menu_order":0,"template":"","comm-tax":[8],"class_list":["post-19362","presse","type-presse","status-publish","has-post-thumbnail","hentry","comm-tax-communique"],"acf":[],"yoast_head":"<!-- This site is optimized with the Yoast SEO Premium plugin v27.3 (Yoast SEO v27.3) - https:\/\/yoast.com\/product\/yoast-seo-premium-wordpress\/ -->\n<title>Le Grand Banquet de la Fondation f\u00eate ses 20 ans - Communiqu\u00e9 de presse | Mus\u00e9e de la civilisation<\/title>\n<meta name=\"description\" content=\"Le Grand Banquet de la Fondation f\u00eate ses 20 ans- communiqu\u00e9 de presse du Mus\u00e9e de la civilisation \u00e0 Qu\u00e9bec.\" \/>\n<meta name=\"robots\" content=\"index, follow, max-snippet:-1, max-image-preview:large, max-video-preview:-1\" \/>\n<link rel=\"canonical\" href=\"https:\/\/mcq.org\/en\/a-propos\/medias\/communiques\/le-grand-banquet-de-la-fondation-fete-ses-20-ans\/\" \/>\n<meta property=\"og:locale\" content=\"en_US\" \/>\n<meta property=\"og:type\" content=\"article\" \/>\n<meta property=\"og:title\" content=\"Le Grand Banquet de la Fondation f\u00eate ses 20 ans - Communiqu\u00e9 de presse | Mus\u00e9e de la civilisation\" \/>\n<meta property=\"og:description\" content=\"Le Grand Banquet de la Fondation f\u00eate ses 20 ans- communiqu\u00e9 de presse du Mus\u00e9e de la civilisation \u00e0 Qu\u00e9bec.\" \/>\n<meta property=\"og:url\" content=\"https:\/\/mcq.org\/en\/a-propos\/medias\/communiques\/le-grand-banquet-de-la-fondation-fete-ses-20-ans\/\" \/>\n<meta property=\"og:site_name\" content=\"Mus\u00e9e de la civilisation\" \/>\n<meta property=\"article:publisher\" content=\"https:\/\/www.facebook.com\/mcqorg\" \/>\n<meta property=\"article:modified_time\" content=\"2024-11-25T21:36:09+00:00\" \/>\n<meta property=\"og:image\" content=\"https:\/\/mcq.org\/wp-content\/uploads\/2024\/11\/grandbanquet-2024-bilan.jpg\" \/>\n\t<meta property=\"og:image:width\" content=\"600\" \/>\n\t<meta property=\"og:image:height\" content=\"600\" \/>\n\t<meta property=\"og:image:type\" content=\"image\/jpeg\" \/>\n<meta name=\"twitter:card\" content=\"summary_large_image\" \/>\n<meta name=\"twitter:site\" content=\"@mcqorg\" \/>\n<meta name=\"twitter:label1\" content=\"Est. reading time\" \/>\n\t<meta name=\"twitter:data1\" content=\"4 minutes\" \/>\n<!-- \/ Yoast SEO Premium plugin. -->","yoast_head_json":{"title":"Le Grand Banquet de la Fondation f\u00eate ses 20 ans - Communiqu\u00e9 de presse | Mus\u00e9e de la civilisation","description":"Le Grand Banquet de la Fondation f\u00eate ses 20 ans- communiqu\u00e9 de presse du Mus\u00e9e de la civilisation \u00e0 Qu\u00e9bec.","robots":{"index":"index","follow":"follow","max-snippet":"max-snippet:-1","max-image-preview":"max-image-preview:large","max-video-preview":"max-video-preview:-1"},"canonical":"https:\/\/mcq.org\/en\/a-propos\/medias\/communiques\/le-grand-banquet-de-la-fondation-fete-ses-20-ans\/","og_locale":"en_US","og_type":"article","og_title":"Le Grand Banquet de la Fondation f\u00eate ses 20 ans - Communiqu\u00e9 de presse | Mus\u00e9e de la civilisation","og_description":"Le Grand Banquet de la Fondation f\u00eate ses 20 ans- communiqu\u00e9 de presse du Mus\u00e9e de la civilisation \u00e0 Qu\u00e9bec.","og_url":"https:\/\/mcq.org\/en\/a-propos\/medias\/communiques\/le-grand-banquet-de-la-fondation-fete-ses-20-ans\/","og_site_name":"Mus\u00e9e de la civilisation","article_publisher":"https:\/\/www.facebook.com\/mcqorg","article_modified_time":"2024-11-25T21:36:09+00:00","og_image":[{"width":600,"height":600,"url":"https:\/\/mcq.org\/wp-content\/uploads\/2024\/11\/grandbanquet-2024-bilan.jpg","type":"image\/jpeg"}],"twitter_card":"summary_large_image","twitter_site":"@mcqorg","twitter_misc":{"Est. reading time":"4 minutes"},"schema":{"@context":"https:\/\/schema.org","@graph":[{"@type":"WebPage","@id":"https:\/\/mcq.org\/en\/a-propos\/medias\/communiques\/le-grand-banquet-de-la-fondation-fete-ses-20-ans\/","url":"https:\/\/mcq.org\/en\/a-propos\/medias\/communiques\/le-grand-banquet-de-la-fondation-fete-ses-20-ans\/","name":"Le Grand Banquet de la Fondation f\u00eate ses 20 ans - Communiqu\u00e9 de presse | Mus\u00e9e de la civilisation","isPartOf":{"@id":"https:\/\/mcq.org\/en\/#website"},"primaryImageOfPage":{"@id":"https:\/\/mcq.org\/en\/a-propos\/medias\/communiques\/le-grand-banquet-de-la-fondation-fete-ses-20-ans\/#primaryimage"},"image":{"@id":"https:\/\/mcq.org\/en\/a-propos\/medias\/communiques\/le-grand-banquet-de-la-fondation-fete-ses-20-ans\/#primaryimage"},"thumbnailUrl":"https:\/\/mcq.org\/wp-content\/uploads\/2024\/11\/grandbanquet-2024-bilan.jpg","datePublished":"2024-11-25T21:36:08+00:00","dateModified":"2024-11-25T21:36:09+00:00","description":"Le Grand Banquet de la Fondation f\u00eate ses 20 ans- communiqu\u00e9 de presse du Mus\u00e9e de la civilisation \u00e0 Qu\u00e9bec.","breadcrumb":{"@id":"https:\/\/mcq.org\/en\/a-propos\/medias\/communiques\/le-grand-banquet-de-la-fondation-fete-ses-20-ans\/#breadcrumb"},"inLanguage":"en-US","potentialAction":[{"@type":"ReadAction","target":["https:\/\/mcq.org\/en\/a-propos\/medias\/communiques\/le-grand-banquet-de-la-fondation-fete-ses-20-ans\/"]}]},{"@type":"ImageObject","inLanguage":"en-US","@id":"https:\/\/mcq.org\/en\/a-propos\/medias\/communiques\/le-grand-banquet-de-la-fondation-fete-ses-20-ans\/#primaryimage","url":"https:\/\/mcq.org\/wp-content\/uploads\/2024\/11\/grandbanquet-2024-bilan.jpg","contentUrl":"https:\/\/mcq.org\/wp-content\/uploads\/2024\/11\/grandbanquet-2024-bilan.jpg","width":600,"height":600,"caption":"Personnes attabl\u00e9es dans le hall du Mus\u00e9e lors de la 20e \u00e9dition du Grand Banquet de la Fondation du Mus\u00e9e de la civlisation"},{"@type":"BreadcrumbList","@id":"https:\/\/mcq.org\/en\/a-propos\/medias\/communiques\/le-grand-banquet-de-la-fondation-fete-ses-20-ans\/#breadcrumb","itemListElement":[{"@type":"ListItem","position":1,"name":"Home","item":"https:\/\/mcq.org\/en\/"},{"@type":"ListItem","position":2,"name":"Communiqu\u00e9s presse","item":"https:\/\/mcq.org\/en\/a-propos\/medias\/communiques\/"},{"@type":"ListItem","position":3,"name":"Le Grand Banquet de la Fondation f\u00eate ses 20 ans"}]},{"@type":"WebSite","@id":"https:\/\/mcq.org\/en\/#website","url":"https:\/\/mcq.org\/en\/","name":"Mus\u00e9e de la civilisation","description":"Le Mus\u00e9e de la civilisation explore les diff\u00e9rentes facettes de la r\u00e9alit\u00e9 humaine avec sa d\u00e9marche unique qui combine enchantement, connaissance et r\u00e9flexion.","publisher":{"@id":"https:\/\/mcq.org\/en\/#organization"},"alternateName":"MCQ","potentialAction":[{"@type":"SearchAction","target":{"@type":"EntryPoint","urlTemplate":"https:\/\/mcq.org\/en\/?s={search_term_string}"},"query-input":{"@type":"PropertyValueSpecification","valueRequired":true,"valueName":"search_term_string"}}],"inLanguage":"en-US"},{"@type":"Organization","@id":"https:\/\/mcq.org\/en\/#organization","name":"Mus\u00e9e de la civilisation","alternateName":"MCQ","url":"https:\/\/mcq.org\/en\/","logo":{"@type":"ImageObject","inLanguage":"en-US","@id":"https:\/\/mcq.org\/en\/#\/schema\/logo\/image\/","url":"https:\/\/mcq.org\/wp-content\/uploads\/2023\/04\/logo-mcq-300x123-1.png","contentUrl":"https:\/\/mcq.org\/wp-content\/uploads\/2023\/04\/logo-mcq-300x123-1.png","width":300,"height":123,"caption":"Mus\u00e9e de la civilisation"},"image":{"@id":"https:\/\/mcq.org\/en\/#\/schema\/logo\/image\/"},"sameAs":["https:\/\/www.facebook.com\/mcqorg","https:\/\/x.com\/mcqorg","https:\/\/www.instagram.com\/mcqorg\/","https:\/\/www.linkedin.com\/company\/mcqorg\/"]}]}},"_links":{"self":[{"href":"https:\/\/mcq.org\/en\/wp-json\/wp\/v2\/presse\/19362","targetHints":{"allow":["GET"]}}],"collection":[{"href":"https:\/\/mcq.org\/en\/wp-json\/wp\/v2\/presse"}],"about":[{"href":"https:\/\/mcq.org\/en\/wp-json\/wp\/v2\/types\/presse"}],"version-history":[{"count":1,"href":"https:\/\/mcq.org\/en\/wp-json\/wp\/v2\/presse\/19362\/revisions"}],"predecessor-version":[{"id":19363,"href":"https:\/\/mcq.org\/en\/wp-json\/wp\/v2\/presse\/19362\/revisions\/19363"}],"wp:featuredmedia":[{"embeddable":true,"href":"https:\/\/mcq.org\/en\/wp-json\/wp\/v2\/media\/19360"}],"wp:attachment":[{"href":"https:\/\/mcq.org\/en\/wp-json\/wp\/v2\/media?parent=19362"}],"wp:term":[{"taxonomy":"comm-tax","embeddable":true,"href":"https:\/\/mcq.org\/en\/wp-json\/wp\/v2\/comm-tax?post=19362"}],"curies":[{"name":"wp","href":"https:\/\/api.w.org\/{rel}","templated":true}]}}