{"id":19214,"date":"2024-11-13T16:21:12","date_gmt":"2024-11-13T21:21:12","guid":{"rendered":"https:\/\/mcq.org\/?post_type=presse&#038;p=19214"},"modified":"2024-11-13T16:21:13","modified_gmt":"2024-11-13T21:21:13","slug":"julie-lemieux-nommee-directrice-generale-du-musee-de-la-civilisation","status":"publish","type":"presse","link":"https:\/\/mcq.org\/en\/a-propos\/medias\/communiques\/julie-lemieux-nommee-directrice-generale-du-musee-de-la-civilisation\/","title":{"rendered":"Julie Lemieux nomm\u00e9e directrice g\u00e9n\u00e9rale du Mus\u00e9e de la civilisation"},"content":{"rendered":"<div  class=\"container contenu-centre\">\n  <div class=\"row justify-content-center\">\n    <div class=\"col-lg-10 col-xl-8\">\n      \n        \n\n<p>Le pr\u00e9sident du conseil d&#8217;administration du Mus\u00e9e de la civilisation \u00e0 Qu\u00e9bec, monsieur Michel Dallaire, est heureux d\u2019annoncer la nomination, par le Conseil des ministres, de madame Julie Lemieux au poste de directrice g\u00e9n\u00e9rale de cette institution mus\u00e9ale nationale. Elle succ\u00e8de \u00e0 monsieur St\u00e9phan La Roche, qui a quitt\u00e9 ces fonctions le mois dernier, apr\u00e8s deux mandats bien remplis. Nomm\u00e9e pour cinq ans, madame Lemieux joindra les rangs de sa nouvelle \u00e9quipe le 9 d\u00e9cembre prochain.<\/p>\n<p><strong>Citations<\/strong><\/p>\n<p>\u00ab\u00a0Je me r\u00e9jouis au plus haut point de l\u2019arriv\u00e9e de Julie \u00e0 la t\u00eate de la formidable \u00e9quipe du Mus\u00e9e de la civilisation. Au fil de son impressionnante carri\u00e8re, elle s\u2019est toujours r\u00e9v\u00e9l\u00e9e comme \u00e9tant une fid\u00e8le partenaire et une solide alli\u00e9e de notre institution. Apr\u00e8s son passage en politique municipale, elle a second\u00e9 le Mus\u00e9e dans sa vaste r\u00e9flexion visant la transformation du Mus\u00e9e de l\u2019Am\u00e9rique francophone, la mise en valeur du site historique du S\u00e9minaire de Qu\u00e9bec et de ses exceptionnelles collections tout en occupant le r\u00f4le de secr\u00e9taire g\u00e9n\u00e9rale du Mus\u00e9e de la civilisation. Le conseil d\u2019administration lui r\u00e9it\u00e8re aujourd\u2019hui toute sa confiance pour confirmer les orientations du Mus\u00e9e et assurer son d\u00e9veloppement. Je tiens aussi \u00e0 f\u00e9liciter les membres du comit\u00e9 de s\u00e9lection pour la rigueur avec laquelle le dossier a \u00e9t\u00e9 pilot\u00e9 tout au long du processus. J\u2019aimerais \u00e9galement remercier et saluer l\u2019\u0153uvre de St\u00e9phan La Roche, un visionnaire cr\u00e9atif, et un leader aussi inspirant que mobilisateur.\u00a0\u00bb &#8211; <em>Michel Dallaire, pr\u00e9sident du conseil d&#8217;administration du Mus\u00e9e de la civilisation<\/em><\/p>\n<p>\u00ab\u00a0J\u2019ai un attachement profond pour le Mus\u00e9e de la civilisation. Depuis sa fondation, cette institution culturelle innovante fait partie int\u00e9grante de mon environnement comme citoyenne et passionn\u00e9e de culture. Lors de mon passage en son sein, en 2018 et 2019, j\u2019ai pu me familiariser avec son fonctionnement, prendre part \u00e0 l\u2019\u00e9laboration de certaines de ses orientations, mesurer les enjeux actuels et les d\u00e9fis futurs. Mais j\u2019ai surtout \u00e9t\u00e9 impressionn\u00e9e par les gens cr\u00e9atifs et engag\u00e9s qui font battre son c\u0153ur. Int\u00e9grer une telle \u00e9quipe, pouvoir mettre \u00e0 nouveau mes exp\u00e9riences professionnelles au service du Mus\u00e9e et \u0153uvrer quotidiennement \u00e0 son avancement repr\u00e9sentent une aventure unique. Je remercie sinc\u00e8rement le conseil d\u2019administration du Mus\u00e9e ainsi que le gouvernement du Qu\u00e9bec de m\u2019offrir l\u2019immense privil\u00e8ge de la vivre pleinement.\u00a0\u00bb &#8211; <em>Julie Lemieux, nouvelle directrice g\u00e9n\u00e9rale du Mus\u00e9e de la civilisation<\/em><\/p>\n<p><strong>Biographie de Julie Lemieux<\/strong><\/p>\n<p>D\u00e9tentrice d\u2019un baccalaur\u00e9at en droit de l\u2019Universit\u00e9 Laval, Julie Lemieux a \u00e9t\u00e9 journaliste pendant 17 ans, d\u2019abord au journal Le Droit d\u2019Ottawa puis au quotidien Le Soleil. De 2009 \u00e0 2017, elle a \u00e9t\u00e9 conseill\u00e8re municipale \u00e0 la Ville de Qu\u00e9bec et a occup\u00e9 les fonctions strat\u00e9giques de vice-pr\u00e9sidente au sein du comit\u00e9 ex\u00e9cutif. Elle a pilot\u00e9 de nombreux dossiers complexes et a su insuffler sa dynamique vision au d\u00e9veloppement de la culture, de l\u2019am\u00e9nagement, du patrimoine, des arts publics et du r\u00e9seau des biblioth\u00e8ques.<\/p>\n<p>Apr\u00e8s avoir quitt\u00e9 la politique et apr\u00e8s son passage au Mus\u00e9e de la civilisation, madame Lemieux a \u00e9t\u00e9 pr\u00e9sidente-directrice g\u00e9n\u00e9rale chez Op\u00e9ration Enfant Soleil, puis a rejoint l\u2019\u00e9quipe de Radio-Canada Qu\u00e9bec en avril 2022 \u00e0 titre de directrice r\u00e9gionale, avant d\u2019occuper les fonctions de pr\u00e9sidente et cheffe de la direction \u00e0 la Fondation du CHU de Qu\u00e9bec. Elle est autant appr\u00e9ci\u00e9e pour ses qualit\u00e9s de leader strat\u00e9gique orient\u00e9e vers les r\u00e9sultats que pour sa d\u00e9termination, sa cr\u00e9ativit\u00e9 et sa bienveillance.<\/p>\n<p><strong>\u00c0 propos du Mus\u00e9e de la civilisation<\/strong><\/p>\n<p>Au cours des 36 derni\u00e8res ann\u00e9es, le Mus\u00e9e de la civilisation \u00e0 Qu\u00e9bec a su se tailler une place plus qu\u2019enviable au sein du secteur mus\u00e9al national et international. Cette institution culturelle phare du Qu\u00e9bec est reconnue notamment pour l\u2019expertise et le savoir-faire exceptionnels de son \u00e9quipe aguerrie, qui \u0153uvre quotidiennement \u00e0 cr\u00e9er l\u2019extraordinaire pour l\u2019ensemble des publics qui la fr\u00e9quentent. L\u2019originalit\u00e9 de ses expositions, amalgam\u00e9e \u00e0 la qualit\u00e9 de son offre de m\u00e9diation culturelle et \u00e9ducation, fait r\u00e9f\u00e9rence en mati\u00e8re de mus\u00e9ologie contemporaine. Cr\u00e9ateur d&#8217;une nouvelle forme de diffusion culturelle, le Mus\u00e9e de la civilisation a enregistr\u00e9 plus de 21 millions d\u2019entr\u00e9es \u00e0 ses portes depuis son ouverture en octobre 1988. C\u2019est l\u2019un mus\u00e9es les plus fr\u00e9quent\u00e9s au pays.<\/p>\n<p>Julie Lemieux est la cinqui\u00e8me personne nomm\u00e9e \u00e0 la t\u00eate du Mus\u00e9e de la civilisation depuis 1988, et la seconde femme apr\u00e8s Claire Simard, qui a occup\u00e9 ces fonctions de 2001 \u00e0 2009.<\/p>\n\n\n          <\/div>\n  <\/div>\n<\/div>","protected":false},"excerpt":{"rendered":"","protected":false},"featured_media":19216,"parent":0,"menu_order":0,"template":"","comm-tax":[8],"class_list":["post-19214","presse","type-presse","status-publish","has-post-thumbnail","hentry","comm-tax-communique"],"acf":[],"yoast_head":"<!-- This site is optimized with the Yoast SEO Premium plugin v27.3 (Yoast SEO v27.3) - https:\/\/yoast.com\/product\/yoast-seo-premium-wordpress\/ -->\n<title>Julie Lemieux nomm\u00e9e directrice g\u00e9n\u00e9rale du Mus\u00e9e de la civilisation - Communiqu\u00e9 de presse | Mus\u00e9e de la civilisation<\/title>\n<meta name=\"description\" content=\"Julie Lemieux nomm\u00e9e directrice g\u00e9n\u00e9rale du Mus\u00e9e de la civilisation- communiqu\u00e9 de presse du Mus\u00e9e de la civilisation \u00e0 Qu\u00e9bec.\" \/>\n<meta name=\"robots\" content=\"index, follow, max-snippet:-1, max-image-preview:large, max-video-preview:-1\" \/>\n<link rel=\"canonical\" href=\"https:\/\/mcq.org\/en\/a-propos\/medias\/communiques\/julie-lemieux-nommee-directrice-generale-du-musee-de-la-civilisation\/\" \/>\n<meta property=\"og:locale\" content=\"en_US\" \/>\n<meta property=\"og:type\" content=\"article\" \/>\n<meta property=\"og:title\" content=\"Julie Lemieux nomm\u00e9e directrice g\u00e9n\u00e9rale du Mus\u00e9e de la civilisation - Communiqu\u00e9 de presse | Mus\u00e9e de la civilisation\" \/>\n<meta property=\"og:description\" content=\"Julie Lemieux nomm\u00e9e directrice g\u00e9n\u00e9rale du Mus\u00e9e de la civilisation- communiqu\u00e9 de presse du Mus\u00e9e de la civilisation \u00e0 Qu\u00e9bec.\" \/>\n<meta property=\"og:url\" content=\"https:\/\/mcq.org\/en\/a-propos\/medias\/communiques\/julie-lemieux-nommee-directrice-generale-du-musee-de-la-civilisation\/\" \/>\n<meta property=\"og:site_name\" content=\"Mus\u00e9e de la civilisation\" \/>\n<meta property=\"article:publisher\" content=\"https:\/\/www.facebook.com\/mcqorg\" \/>\n<meta property=\"article:modified_time\" content=\"2024-11-13T21:21:13+00:00\" \/>\n<meta property=\"og:image\" content=\"https:\/\/mcq.org\/wp-content\/uploads\/2024\/11\/nomination-dg-julie-lemieux.jpg\" \/>\n\t<meta property=\"og:image:width\" content=\"600\" \/>\n\t<meta property=\"og:image:height\" content=\"600\" \/>\n\t<meta property=\"og:image:type\" content=\"image\/jpeg\" \/>\n<meta name=\"twitter:card\" content=\"summary_large_image\" \/>\n<meta name=\"twitter:site\" content=\"@mcqorg\" \/>\n<meta name=\"twitter:label1\" content=\"Est. reading time\" \/>\n\t<meta name=\"twitter:data1\" content=\"4 minutes\" \/>\n<!-- \/ Yoast SEO Premium plugin. -->","yoast_head_json":{"title":"Julie Lemieux nomm\u00e9e directrice g\u00e9n\u00e9rale du Mus\u00e9e de la civilisation - Communiqu\u00e9 de presse | Mus\u00e9e de la civilisation","description":"Julie Lemieux nomm\u00e9e directrice g\u00e9n\u00e9rale du Mus\u00e9e de la civilisation- communiqu\u00e9 de presse du Mus\u00e9e de la civilisation \u00e0 Qu\u00e9bec.","robots":{"index":"index","follow":"follow","max-snippet":"max-snippet:-1","max-image-preview":"max-image-preview:large","max-video-preview":"max-video-preview:-1"},"canonical":"https:\/\/mcq.org\/en\/a-propos\/medias\/communiques\/julie-lemieux-nommee-directrice-generale-du-musee-de-la-civilisation\/","og_locale":"en_US","og_type":"article","og_title":"Julie Lemieux nomm\u00e9e directrice g\u00e9n\u00e9rale du Mus\u00e9e de la civilisation - Communiqu\u00e9 de presse | Mus\u00e9e de la civilisation","og_description":"Julie Lemieux nomm\u00e9e directrice g\u00e9n\u00e9rale du Mus\u00e9e de la civilisation- communiqu\u00e9 de presse du Mus\u00e9e de la civilisation \u00e0 Qu\u00e9bec.","og_url":"https:\/\/mcq.org\/en\/a-propos\/medias\/communiques\/julie-lemieux-nommee-directrice-generale-du-musee-de-la-civilisation\/","og_site_name":"Mus\u00e9e de la civilisation","article_publisher":"https:\/\/www.facebook.com\/mcqorg","article_modified_time":"2024-11-13T21:21:13+00:00","og_image":[{"width":600,"height":600,"url":"https:\/\/mcq.org\/wp-content\/uploads\/2024\/11\/nomination-dg-julie-lemieux.jpg","type":"image\/jpeg"}],"twitter_card":"summary_large_image","twitter_site":"@mcqorg","twitter_misc":{"Est. reading time":"4 minutes"},"schema":{"@context":"https:\/\/schema.org","@graph":[{"@type":"WebPage","@id":"https:\/\/mcq.org\/en\/a-propos\/medias\/communiques\/julie-lemieux-nommee-directrice-generale-du-musee-de-la-civilisation\/","url":"https:\/\/mcq.org\/en\/a-propos\/medias\/communiques\/julie-lemieux-nommee-directrice-generale-du-musee-de-la-civilisation\/","name":"Julie Lemieux nomm\u00e9e directrice g\u00e9n\u00e9rale du Mus\u00e9e de la civilisation - Communiqu\u00e9 de presse | Mus\u00e9e de la civilisation","isPartOf":{"@id":"https:\/\/mcq.org\/en\/#website"},"primaryImageOfPage":{"@id":"https:\/\/mcq.org\/en\/a-propos\/medias\/communiques\/julie-lemieux-nommee-directrice-generale-du-musee-de-la-civilisation\/#primaryimage"},"image":{"@id":"https:\/\/mcq.org\/en\/a-propos\/medias\/communiques\/julie-lemieux-nommee-directrice-generale-du-musee-de-la-civilisation\/#primaryimage"},"thumbnailUrl":"https:\/\/mcq.org\/wp-content\/uploads\/2024\/11\/nomination-dg-julie-lemieux.jpg","datePublished":"2024-11-13T21:21:12+00:00","dateModified":"2024-11-13T21:21:13+00:00","description":"Julie Lemieux nomm\u00e9e directrice g\u00e9n\u00e9rale du Mus\u00e9e de la civilisation- communiqu\u00e9 de presse du Mus\u00e9e de la civilisation \u00e0 Qu\u00e9bec.","breadcrumb":{"@id":"https:\/\/mcq.org\/en\/a-propos\/medias\/communiques\/julie-lemieux-nommee-directrice-generale-du-musee-de-la-civilisation\/#breadcrumb"},"inLanguage":"en-US","potentialAction":[{"@type":"ReadAction","target":["https:\/\/mcq.org\/en\/a-propos\/medias\/communiques\/julie-lemieux-nommee-directrice-generale-du-musee-de-la-civilisation\/"]}]},{"@type":"ImageObject","inLanguage":"en-US","@id":"https:\/\/mcq.org\/en\/a-propos\/medias\/communiques\/julie-lemieux-nommee-directrice-generale-du-musee-de-la-civilisation\/#primaryimage","url":"https:\/\/mcq.org\/wp-content\/uploads\/2024\/11\/nomination-dg-julie-lemieux.jpg","contentUrl":"https:\/\/mcq.org\/wp-content\/uploads\/2024\/11\/nomination-dg-julie-lemieux.jpg","width":600,"height":600,"caption":"Portrait de Julie Lemieux, directrice-g\u00e9n\u00e9rale du Mus\u00e9e"},{"@type":"BreadcrumbList","@id":"https:\/\/mcq.org\/en\/a-propos\/medias\/communiques\/julie-lemieux-nommee-directrice-generale-du-musee-de-la-civilisation\/#breadcrumb","itemListElement":[{"@type":"ListItem","position":1,"name":"Home","item":"https:\/\/mcq.org\/en\/"},{"@type":"ListItem","position":2,"name":"Communiqu\u00e9s presse","item":"https:\/\/mcq.org\/en\/a-propos\/medias\/communiques\/"},{"@type":"ListItem","position":3,"name":"Julie Lemieux nomm\u00e9e directrice g\u00e9n\u00e9rale du Mus\u00e9e de la civilisation"}]},{"@type":"WebSite","@id":"https:\/\/mcq.org\/en\/#website","url":"https:\/\/mcq.org\/en\/","name":"Mus\u00e9e de la civilisation","description":"Le Mus\u00e9e de la civilisation explore les diff\u00e9rentes facettes de la r\u00e9alit\u00e9 humaine avec sa d\u00e9marche unique qui combine enchantement, connaissance et r\u00e9flexion.","publisher":{"@id":"https:\/\/mcq.org\/en\/#organization"},"alternateName":"MCQ","potentialAction":[{"@type":"SearchAction","target":{"@type":"EntryPoint","urlTemplate":"https:\/\/mcq.org\/en\/?s={search_term_string}"},"query-input":{"@type":"PropertyValueSpecification","valueRequired":true,"valueName":"search_term_string"}}],"inLanguage":"en-US"},{"@type":"Organization","@id":"https:\/\/mcq.org\/en\/#organization","name":"Mus\u00e9e de la civilisation","alternateName":"MCQ","url":"https:\/\/mcq.org\/en\/","logo":{"@type":"ImageObject","inLanguage":"en-US","@id":"https:\/\/mcq.org\/en\/#\/schema\/logo\/image\/","url":"https:\/\/mcq.org\/wp-content\/uploads\/2023\/04\/logo-mcq-300x123-1.png","contentUrl":"https:\/\/mcq.org\/wp-content\/uploads\/2023\/04\/logo-mcq-300x123-1.png","width":300,"height":123,"caption":"Mus\u00e9e de la civilisation"},"image":{"@id":"https:\/\/mcq.org\/en\/#\/schema\/logo\/image\/"},"sameAs":["https:\/\/www.facebook.com\/mcqorg","https:\/\/x.com\/mcqorg","https:\/\/www.instagram.com\/mcqorg\/","https:\/\/www.linkedin.com\/company\/mcqorg\/"]}]}},"_links":{"self":[{"href":"https:\/\/mcq.org\/en\/wp-json\/wp\/v2\/presse\/19214","targetHints":{"allow":["GET"]}}],"collection":[{"href":"https:\/\/mcq.org\/en\/wp-json\/wp\/v2\/presse"}],"about":[{"href":"https:\/\/mcq.org\/en\/wp-json\/wp\/v2\/types\/presse"}],"version-history":[{"count":2,"href":"https:\/\/mcq.org\/en\/wp-json\/wp\/v2\/presse\/19214\/revisions"}],"predecessor-version":[{"id":19219,"href":"https:\/\/mcq.org\/en\/wp-json\/wp\/v2\/presse\/19214\/revisions\/19219"}],"wp:featuredmedia":[{"embeddable":true,"href":"https:\/\/mcq.org\/en\/wp-json\/wp\/v2\/media\/19216"}],"wp:attachment":[{"href":"https:\/\/mcq.org\/en\/wp-json\/wp\/v2\/media?parent=19214"}],"wp:term":[{"taxonomy":"comm-tax","embeddable":true,"href":"https:\/\/mcq.org\/en\/wp-json\/wp\/v2\/comm-tax?post=19214"}],"curies":[{"name":"wp","href":"https:\/\/api.w.org\/{rel}","templated":true}]}}