{"id":19146,"date":"2024-11-07T14:25:03","date_gmt":"2024-11-07T19:25:03","guid":{"rendered":"https:\/\/mcq.org\/?post_type=presse&#038;p=19146"},"modified":"2024-11-07T14:31:20","modified_gmt":"2024-11-07T19:31:20","slug":"le-2e-dimanche-du-mois-le-musee-de-la-civilisation-offre-une-programmation-familiale-bonifiee","status":"publish","type":"presse","link":"https:\/\/mcq.org\/en\/a-propos\/medias\/communiques\/le-2e-dimanche-du-mois-le-musee-de-la-civilisation-offre-une-programmation-familiale-bonifiee\/","title":{"rendered":"Le 2e dimanche du mois, le Mus\u00e9e de la civilisation offre une programmation familiale bonifi\u00e9e"},"content":{"rendered":"<div  class=\"container contenu-centre\">\n  <div class=\"row justify-content-center\">\n    <div class=\"col-lg-10 col-xl-8\">\n      \n        \n\n<p>Chaque deuxi\u00e8me dimanche du mois, le Mus\u00e9e de la civilisation bonifie son offre familiale en y ajoutant des activit\u00e9s captivantes destin\u00e9es \u00e0 cette client\u00e8le qui lui tient particuli\u00e8rement \u00e0 c\u0153ur. Ce nouveau rendez-vous familial, pr\u00e9sent\u00e9 par la <a href=\"\/soutenir\/fondation\/\">Fondation du Mus\u00e9e de la civilisation<\/a>, commence ce <strong>dimanche 10 novembre<\/strong> et il y en a pour tous les go\u00fbts\u2009! Certaines activit\u00e9s sont gratuites, d\u2019autres sont incluses avec le droit d\u2019entr\u00e9e au Mus\u00e9e. Un rendez-vous familial mensuel \u00e0 ne pas manquer jusqu\u2019en mai 2025!<br \/><br \/><\/p>\n<p><strong>ACTIVIT\u00c9S INCLUSES AVEC LE DROIT D\u2019ENTR\u00c9E<\/strong><\/p>\n<p><strong><em>La mission du Roy<\/em> \u2013 Exposition <em>Le Qu\u00e9bec, autrement dit <\/em><\/strong>\u2013 Pour les jeunes de 5 ans et plus<\/p>\n<p>Sur une immense carte, tel un jeu de soci\u00e9t\u00e9, les familles doivent aider le grand navigateur Jacques Cartier \u00e0 trouver de l\u2019or et des diamants \u00e0 rapporter au roi de France, malgr\u00e9 les dangers et les obstacles. Activit\u00e9 offerte par la\u00a0<a href=\"https:\/\/www.capitale.gouv.qc.ca\/\" target=\"_blank\" rel=\"noopener\">Commission de la capitale nationale du Qu\u00e9bec<\/a>.<\/p>\n<p><strong><em>11 questions pour 11 nations<\/em> \u2013 Exposition C<em>\u2019est notre histoire. Premi\u00e8res Nations et Inuit du 21<sup>e<\/sup> si\u00e8cle <\/em><\/strong>\u2013 Pour les jeunes de 5 ans et plus<\/p>\n<p>Rien de mieux qu\u2019une visite en compagnie d\u2019un ou d\u2019une guide pour \u00e9changer sur les 11 nations pr\u00e9sentes au Qu\u00e9bec.<em>\u00a0<\/em><\/p>\n<p><strong><em>BeatLab<\/em> \u2013 Exposition<em> Sur paroles. Le son du rap queb <\/em><\/strong>\u2013 Pour les jeunes de 8 ans et plus<\/p>\n<p>Voici l\u2019opportunit\u00e9 id\u00e9ale de construire un rythme, de l\u2019\u00e9chantillon \u00e0 la m\u00e9lodie, \u00e0 l\u2019aide d\u2019ordinateurs, de consoles MIDI et de sons pr\u00e9enregistr\u00e9s.<\/p>\n<p><strong><em>Ma maison <\/em>\u2013 Exposition jeunesse<\/strong> \u2013 Pour les jeunes de 3 \u00e0 8 ans<\/p>\n<p>Une maison o\u00f9 l\u2019ordinaire devient extraordinaire et o\u00f9 de magnifiques objets de collection y sont mis en valeur!\u2009<br \/><br \/><\/p>\n<p><strong>ACTIVIT\u00c9S GRATUITES <\/strong><\/p>\n<p><strong><em>Cin\u00e9ma en famille avec l\u2019ONF<\/em> \u2013 Auditorium Roland-Arpin<\/strong> \u2013 Pour les jeunes de 9 ans et plus<\/p>\n<p>Cin\u00e9ma d\u2019animation, fiction ou documentaire, plongez en famille dans la fascinante histoire de l\u2019<a href=\"https:\/\/www.onf.ca\/\" target=\"_blank\" rel=\"noopener\">ONF<\/a> \u00e0 travers diff\u00e9rents th\u00e8mes. Ce dimanche 10 novembre\u00a0: <em>Les gar\u00e7ons et filles\u00a0: m\u00eame combat\u2009! <\/em>Au programme\u00a0:<em> Foufou<\/em> (1\u00a0min.)\/<em>Les tacots <\/em>(22\u00a0min.)\/<em>La danse des brutes <\/em>(10\u00a0min.)\/<em>Imparfaite<\/em> (12\u00a0min.)\/<em>Le syndrome de la tortue <\/em>(4\u00a0min.).<\/p>\n<p><strong><em>Initiation \u00e0 la danse hip-hop<\/em> \u2013 Espace collectif <em>Voie libre<\/em><\/strong> \u2013 Pour les jeunes de 9 ans et plus<\/p>\n<p>En compagnie du <a href=\"https:\/\/www.studiopartytime.com\/\" target=\"_blank\" rel=\"noopener\">Studio Party Time<\/a>, d\u00e9couvrez des mouvements de la danse hip-hop!<\/p>\n\n\n          <\/div>\n  <\/div>\n<\/div>","protected":false},"excerpt":{"rendered":"","protected":false},"featured_media":19069,"parent":0,"menu_order":0,"template":"","comm-tax":[8],"class_list":["post-19146","presse","type-presse","status-publish","has-post-thumbnail","hentry","comm-tax-communique"],"acf":[],"yoast_head":"<!-- This site is optimized with the Yoast SEO Premium plugin v27.3 (Yoast SEO v27.3) - https:\/\/yoast.com\/product\/yoast-seo-premium-wordpress\/ -->\n<title>Le 2e dimanche du mois, le Mus\u00e9e de la civilisation offre une programmation familiale bonifi\u00e9e - Communiqu\u00e9 de presse | Mus\u00e9e de la civilisation<\/title>\n<meta name=\"description\" content=\"Le 2e dimanche du mois, le Mus\u00e9e de la civilisation offre une programmation familiale bonifi\u00e9e- communiqu\u00e9 de presse du Mus\u00e9e de la civilisation \u00e0 Qu\u00e9bec.\" \/>\n<meta name=\"robots\" content=\"index, follow, max-snippet:-1, max-image-preview:large, max-video-preview:-1\" \/>\n<link rel=\"canonical\" href=\"https:\/\/mcq.org\/en\/a-propos\/medias\/communiques\/le-2e-dimanche-du-mois-le-musee-de-la-civilisation-offre-une-programmation-familiale-bonifiee\/\" \/>\n<meta property=\"og:locale\" content=\"en_US\" \/>\n<meta property=\"og:type\" content=\"article\" \/>\n<meta property=\"og:title\" content=\"Le 2e dimanche du mois, le Mus\u00e9e de la civilisation offre une programmation familiale bonifi\u00e9e - Communiqu\u00e9 de presse | Mus\u00e9e de la civilisation\" \/>\n<meta property=\"og:description\" content=\"Le 2e dimanche du mois, le Mus\u00e9e de la civilisation offre une programmation familiale bonifi\u00e9e- communiqu\u00e9 de presse du Mus\u00e9e de la civilisation \u00e0 Qu\u00e9bec.\" \/>\n<meta property=\"og:url\" content=\"https:\/\/mcq.org\/en\/a-propos\/medias\/communiques\/le-2e-dimanche-du-mois-le-musee-de-la-civilisation-offre-une-programmation-familiale-bonifiee\/\" \/>\n<meta property=\"og:site_name\" content=\"Mus\u00e9e de la civilisation\" \/>\n<meta property=\"article:publisher\" content=\"https:\/\/www.facebook.com\/mcqorg\" \/>\n<meta property=\"article:modified_time\" content=\"2024-11-07T19:31:20+00:00\" \/>\n<meta property=\"og:image\" content=\"https:\/\/mcq.org\/wp-content\/uploads\/2024\/10\/dimanche-famille.jpg\" \/>\n\t<meta property=\"og:image:width\" content=\"600\" \/>\n\t<meta property=\"og:image:height\" content=\"600\" \/>\n\t<meta property=\"og:image:type\" content=\"image\/jpeg\" \/>\n<meta name=\"twitter:card\" content=\"summary_large_image\" \/>\n<meta name=\"twitter:site\" content=\"@mcqorg\" \/>\n<meta name=\"twitter:label1\" content=\"Est. reading time\" \/>\n\t<meta name=\"twitter:data1\" content=\"3 minutes\" \/>\n<!-- \/ Yoast SEO Premium plugin. -->","yoast_head_json":{"title":"Le 2e dimanche du mois, le Mus\u00e9e de la civilisation offre une programmation familiale bonifi\u00e9e - Communiqu\u00e9 de presse | Mus\u00e9e de la civilisation","description":"Le 2e dimanche du mois, le Mus\u00e9e de la civilisation offre une programmation familiale bonifi\u00e9e- communiqu\u00e9 de presse du Mus\u00e9e de la civilisation \u00e0 Qu\u00e9bec.","robots":{"index":"index","follow":"follow","max-snippet":"max-snippet:-1","max-image-preview":"max-image-preview:large","max-video-preview":"max-video-preview:-1"},"canonical":"https:\/\/mcq.org\/en\/a-propos\/medias\/communiques\/le-2e-dimanche-du-mois-le-musee-de-la-civilisation-offre-une-programmation-familiale-bonifiee\/","og_locale":"en_US","og_type":"article","og_title":"Le 2e dimanche du mois, le Mus\u00e9e de la civilisation offre une programmation familiale bonifi\u00e9e - Communiqu\u00e9 de presse | Mus\u00e9e de la civilisation","og_description":"Le 2e dimanche du mois, le Mus\u00e9e de la civilisation offre une programmation familiale bonifi\u00e9e- communiqu\u00e9 de presse du Mus\u00e9e de la civilisation \u00e0 Qu\u00e9bec.","og_url":"https:\/\/mcq.org\/en\/a-propos\/medias\/communiques\/le-2e-dimanche-du-mois-le-musee-de-la-civilisation-offre-une-programmation-familiale-bonifiee\/","og_site_name":"Mus\u00e9e de la civilisation","article_publisher":"https:\/\/www.facebook.com\/mcqorg","article_modified_time":"2024-11-07T19:31:20+00:00","og_image":[{"width":600,"height":600,"url":"https:\/\/mcq.org\/wp-content\/uploads\/2024\/10\/dimanche-famille.jpg","type":"image\/jpeg"}],"twitter_card":"summary_large_image","twitter_site":"@mcqorg","twitter_misc":{"Est. reading time":"3 minutes"},"schema":{"@context":"https:\/\/schema.org","@graph":[{"@type":"WebPage","@id":"https:\/\/mcq.org\/en\/a-propos\/medias\/communiques\/le-2e-dimanche-du-mois-le-musee-de-la-civilisation-offre-une-programmation-familiale-bonifiee\/","url":"https:\/\/mcq.org\/en\/a-propos\/medias\/communiques\/le-2e-dimanche-du-mois-le-musee-de-la-civilisation-offre-une-programmation-familiale-bonifiee\/","name":"Le 2e dimanche du mois, le Mus\u00e9e de la civilisation offre une programmation familiale bonifi\u00e9e - Communiqu\u00e9 de presse | Mus\u00e9e de la civilisation","isPartOf":{"@id":"https:\/\/mcq.org\/en\/#website"},"primaryImageOfPage":{"@id":"https:\/\/mcq.org\/en\/a-propos\/medias\/communiques\/le-2e-dimanche-du-mois-le-musee-de-la-civilisation-offre-une-programmation-familiale-bonifiee\/#primaryimage"},"image":{"@id":"https:\/\/mcq.org\/en\/a-propos\/medias\/communiques\/le-2e-dimanche-du-mois-le-musee-de-la-civilisation-offre-une-programmation-familiale-bonifiee\/#primaryimage"},"thumbnailUrl":"https:\/\/mcq.org\/wp-content\/uploads\/2024\/10\/dimanche-famille.png","datePublished":"2024-11-07T19:25:03+00:00","dateModified":"2024-11-07T19:31:20+00:00","description":"Le 2e dimanche du mois, le Mus\u00e9e de la civilisation offre une programmation familiale bonifi\u00e9e- communiqu\u00e9 de presse du Mus\u00e9e de la civilisation \u00e0 Qu\u00e9bec.","breadcrumb":{"@id":"https:\/\/mcq.org\/en\/a-propos\/medias\/communiques\/le-2e-dimanche-du-mois-le-musee-de-la-civilisation-offre-une-programmation-familiale-bonifiee\/#breadcrumb"},"inLanguage":"en-US","potentialAction":[{"@type":"ReadAction","target":["https:\/\/mcq.org\/en\/a-propos\/medias\/communiques\/le-2e-dimanche-du-mois-le-musee-de-la-civilisation-offre-une-programmation-familiale-bonifiee\/"]}]},{"@type":"ImageObject","inLanguage":"en-US","@id":"https:\/\/mcq.org\/en\/a-propos\/medias\/communiques\/le-2e-dimanche-du-mois-le-musee-de-la-civilisation-offre-une-programmation-familiale-bonifiee\/#primaryimage","url":"https:\/\/mcq.org\/wp-content\/uploads\/2024\/10\/dimanche-famille.png","contentUrl":"https:\/\/mcq.org\/wp-content\/uploads\/2024\/10\/dimanche-famille.png","width":600,"height":600,"caption":"Image en noir et blanc d'une famille en visite au Mus\u00e9e."},{"@type":"BreadcrumbList","@id":"https:\/\/mcq.org\/en\/a-propos\/medias\/communiques\/le-2e-dimanche-du-mois-le-musee-de-la-civilisation-offre-une-programmation-familiale-bonifiee\/#breadcrumb","itemListElement":[{"@type":"ListItem","position":1,"name":"Home","item":"https:\/\/mcq.org\/en\/"},{"@type":"ListItem","position":2,"name":"Communiqu\u00e9s presse","item":"https:\/\/mcq.org\/en\/a-propos\/medias\/communiques\/"},{"@type":"ListItem","position":3,"name":"Le 2e dimanche du mois, le Mus\u00e9e de la civilisation offre une programmation familiale bonifi\u00e9e"}]},{"@type":"WebSite","@id":"https:\/\/mcq.org\/en\/#website","url":"https:\/\/mcq.org\/en\/","name":"Mus\u00e9e de la civilisation","description":"Le Mus\u00e9e de la civilisation explore les diff\u00e9rentes facettes de la r\u00e9alit\u00e9 humaine avec sa d\u00e9marche unique qui combine enchantement, connaissance et r\u00e9flexion.","publisher":{"@id":"https:\/\/mcq.org\/en\/#organization"},"alternateName":"MCQ","potentialAction":[{"@type":"SearchAction","target":{"@type":"EntryPoint","urlTemplate":"https:\/\/mcq.org\/en\/?s={search_term_string}"},"query-input":{"@type":"PropertyValueSpecification","valueRequired":true,"valueName":"search_term_string"}}],"inLanguage":"en-US"},{"@type":"Organization","@id":"https:\/\/mcq.org\/en\/#organization","name":"Mus\u00e9e de la civilisation","alternateName":"MCQ","url":"https:\/\/mcq.org\/en\/","logo":{"@type":"ImageObject","inLanguage":"en-US","@id":"https:\/\/mcq.org\/en\/#\/schema\/logo\/image\/","url":"https:\/\/mcq.org\/wp-content\/uploads\/2023\/04\/logo-mcq-300x123-1.png","contentUrl":"https:\/\/mcq.org\/wp-content\/uploads\/2023\/04\/logo-mcq-300x123-1.png","width":300,"height":123,"caption":"Mus\u00e9e de la civilisation"},"image":{"@id":"https:\/\/mcq.org\/en\/#\/schema\/logo\/image\/"},"sameAs":["https:\/\/www.facebook.com\/mcqorg","https:\/\/x.com\/mcqorg","https:\/\/www.instagram.com\/mcqorg\/","https:\/\/www.linkedin.com\/company\/mcqorg\/"]}]}},"_links":{"self":[{"href":"https:\/\/mcq.org\/en\/wp-json\/wp\/v2\/presse\/19146","targetHints":{"allow":["GET"]}}],"collection":[{"href":"https:\/\/mcq.org\/en\/wp-json\/wp\/v2\/presse"}],"about":[{"href":"https:\/\/mcq.org\/en\/wp-json\/wp\/v2\/types\/presse"}],"version-history":[{"count":4,"href":"https:\/\/mcq.org\/en\/wp-json\/wp\/v2\/presse\/19146\/revisions"}],"predecessor-version":[{"id":19151,"href":"https:\/\/mcq.org\/en\/wp-json\/wp\/v2\/presse\/19146\/revisions\/19151"}],"wp:featuredmedia":[{"embeddable":true,"href":"https:\/\/mcq.org\/en\/wp-json\/wp\/v2\/media\/19069"}],"wp:attachment":[{"href":"https:\/\/mcq.org\/en\/wp-json\/wp\/v2\/media?parent=19146"}],"wp:term":[{"taxonomy":"comm-tax","embeddable":true,"href":"https:\/\/mcq.org\/en\/wp-json\/wp\/v2\/comm-tax?post=19146"}],"curies":[{"name":"wp","href":"https:\/\/api.w.org\/{rel}","templated":true}]}}