{"id":18812,"date":"2024-10-16T10:48:54","date_gmt":"2024-10-16T14:48:54","guid":{"rendered":"https:\/\/mcq.org\/?post_type=presse&#038;p=18812"},"modified":"2024-10-16T10:49:48","modified_gmt":"2024-10-16T14:49:48","slug":"lhalloween-prolongee-au-1er-novembre-au-musee-de-la-civilisatio","status":"publish","type":"presse","link":"https:\/\/mcq.org\/en\/a-propos\/medias\/communiques\/lhalloween-prolongee-au-1er-novembre-au-musee-de-la-civilisatio\/","title":{"rendered":"l&#8217;Halloween prolong\u00e9e au 1er novembre au Mus\u00e9e de la civilisation"},"content":{"rendered":"<div  class=\"container contenu-centre\">\n  <div class=\"row justify-content-center\">\n    <div class=\"col-lg-10 col-xl-8\">\n      \n        \n\n<p>Ne rangez surtout pas vos costumes au lendemain de l\u2019Halloween, car la f\u00eate se prolonge au Mus\u00e9e de la civilisation, de 19\u00a0h \u00e0 22\u00a0h, le vendredi 1<sup>er<\/sup> novembre. En famille ou entre amis, vivez une soir\u00e9e inoubliable et remplie d\u2019activit\u00e9s sous la th\u00e9matique de la<em> lucha libre<\/em> (lutte mexicaine) avec un bar \u00e0 nachos, des Jarritos, les traditionnels bonbons et\u2026 des mariachis\u2009!<\/p>\n<p>Avant de bricoler leur masque de <em>luchardor<\/em> personnalis\u00e9, petits et grands enfants devront mener <strong>une dr\u00f4le d\u2019enqu\u00eate<\/strong> et amasser divers \u00e9l\u00e9ments dispers\u00e9s \u00e0 travers le Mus\u00e9e notamment dans les expositions <em>Lutte. Le Qu\u00e9bec dans l\u2019ar\u00e8ne<\/em> et <em>Le Qu\u00e9bec, autrement dit<\/em>. Apr\u00e8s avoir immortalis\u00e9 leur \u0153uvre au <strong>coin photo<\/strong> et particip\u00e9 au combat de <strong>pi\u00f1atas<\/strong>, ils auront droit au spectacle <em>Combat\u2009! <\/em>avec le Th\u00e9\u00e2tre \u00e0 Tempo. Dans l\u2019ar\u00e8ne, deux adversaires aux allures de<em> luchadores<\/em> s\u2019affrontent dans un duel acrobatique\u2009! Perch\u00e9 du haut d\u2019un m\u00e2t, l\u2019arbitre musicien anime la foule et sollicite son aide pour d\u00e9terminer le gagnant apr\u00e8s les trois rounds du combat. Pouce vers le haut ou pouce vers le bas, tout le monde en sort gagnant pour aller danser avec Dj Cooleur et DJ Grand Fou.<\/p>\n<h3>Tarifs (tx incluses)<\/h3>\n<p><strong>R\u00e9guliers :<\/strong> <br \/>Adulte 24 $ <br \/>Enfant (17 ans et moins) 14 $<br \/>Famille (2 adultes et nombre illimit\u00e9 d\u2019enfants de 17 ans et moins) 70 $<\/p>\n<p><strong>Abonn\u00e9(e)<\/strong> <br \/>Adulte 20 $<br \/>Enfant (17 ans et moins) 10 $ <br \/>Famille (2 adultes et nombre illimit\u00e9 d\u2019enfants de 17 ans et moins)\u00a0 60 $<\/p>\n<p>D\u00e9p\u00eachez-vous de r\u00e9server vos places au <a href=\"https:\/\/boutique.mcq.org\/shop\/activity\/408\">https:\/\/mcq.org\/activites<\/a>. C\u2019est un rendez-vous familial \u00e0 ne pas manquer le vendredi 1<sup>er<\/sup> novembre, d\u00e8s 19\u00a0h, au Mus\u00e9e de la civilisation\u2009!<\/p>\n\n\n          <\/div>\n  <\/div>\n<\/div>","protected":false},"excerpt":{"rendered":"","protected":false},"featured_media":18580,"parent":0,"menu_order":0,"template":"","comm-tax":[8],"class_list":["post-18812","presse","type-presse","status-publish","has-post-thumbnail","hentry","comm-tax-communique"],"acf":[],"yoast_head":"<!-- This site is optimized with the Yoast SEO Premium plugin v27.3 (Yoast SEO v27.3) - https:\/\/yoast.com\/product\/yoast-seo-premium-wordpress\/ -->\n<title>l&#039;Halloween prolong\u00e9e au 1er novembre au Mus\u00e9e de la civilisation - Communiqu\u00e9 de presse | Mus\u00e9e de la civilisation<\/title>\n<meta name=\"description\" content=\"l&#039;Halloween prolong\u00e9e au 1er novembre au Mus\u00e9e de la civilisation- communiqu\u00e9 de presse du Mus\u00e9e de la civilisation \u00e0 Qu\u00e9bec.\" \/>\n<meta name=\"robots\" content=\"index, follow, max-snippet:-1, max-image-preview:large, max-video-preview:-1\" \/>\n<link rel=\"canonical\" href=\"https:\/\/mcq.org\/en\/a-propos\/medias\/communiques\/lhalloween-prolongee-au-1er-novembre-au-musee-de-la-civilisatio\/\" \/>\n<meta property=\"og:locale\" content=\"en_US\" \/>\n<meta property=\"og:type\" content=\"article\" \/>\n<meta property=\"og:title\" content=\"l&#039;Halloween prolong\u00e9e au 1er novembre au Mus\u00e9e de la civilisation - Communiqu\u00e9 de presse | Mus\u00e9e de la civilisation\" \/>\n<meta property=\"og:description\" content=\"l&#039;Halloween prolong\u00e9e au 1er novembre au Mus\u00e9e de la civilisation- communiqu\u00e9 de presse du Mus\u00e9e de la civilisation \u00e0 Qu\u00e9bec.\" \/>\n<meta property=\"og:url\" content=\"https:\/\/mcq.org\/en\/a-propos\/medias\/communiques\/lhalloween-prolongee-au-1er-novembre-au-musee-de-la-civilisatio\/\" \/>\n<meta property=\"og:site_name\" content=\"Mus\u00e9e de la civilisation\" \/>\n<meta property=\"article:publisher\" content=\"https:\/\/www.facebook.com\/mcqorg\" \/>\n<meta property=\"article:modified_time\" content=\"2024-10-16T14:49:48+00:00\" \/>\n<meta property=\"og:image\" content=\"https:\/\/mcq.org\/wp-content\/uploads\/2024\/09\/Halloween_600x600_01.jpg\" \/>\n\t<meta property=\"og:image:width\" content=\"600\" \/>\n\t<meta property=\"og:image:height\" content=\"600\" \/>\n\t<meta property=\"og:image:type\" content=\"image\/jpeg\" \/>\n<meta name=\"twitter:card\" content=\"summary_large_image\" \/>\n<meta name=\"twitter:site\" content=\"@mcqorg\" \/>\n<meta name=\"twitter:label1\" content=\"Est. reading time\" \/>\n\t<meta name=\"twitter:data1\" content=\"2 minutes\" \/>\n<!-- \/ Yoast SEO Premium plugin. -->","yoast_head_json":{"title":"l'Halloween prolong\u00e9e au 1er novembre au Mus\u00e9e de la civilisation - Communiqu\u00e9 de presse | Mus\u00e9e de la civilisation","description":"l'Halloween prolong\u00e9e au 1er novembre au Mus\u00e9e de la civilisation- communiqu\u00e9 de presse du Mus\u00e9e de la civilisation \u00e0 Qu\u00e9bec.","robots":{"index":"index","follow":"follow","max-snippet":"max-snippet:-1","max-image-preview":"max-image-preview:large","max-video-preview":"max-video-preview:-1"},"canonical":"https:\/\/mcq.org\/en\/a-propos\/medias\/communiques\/lhalloween-prolongee-au-1er-novembre-au-musee-de-la-civilisatio\/","og_locale":"en_US","og_type":"article","og_title":"l'Halloween prolong\u00e9e au 1er novembre au Mus\u00e9e de la civilisation - Communiqu\u00e9 de presse | Mus\u00e9e de la civilisation","og_description":"l'Halloween prolong\u00e9e au 1er novembre au Mus\u00e9e de la civilisation- communiqu\u00e9 de presse du Mus\u00e9e de la civilisation \u00e0 Qu\u00e9bec.","og_url":"https:\/\/mcq.org\/en\/a-propos\/medias\/communiques\/lhalloween-prolongee-au-1er-novembre-au-musee-de-la-civilisatio\/","og_site_name":"Mus\u00e9e de la civilisation","article_publisher":"https:\/\/www.facebook.com\/mcqorg","article_modified_time":"2024-10-16T14:49:48+00:00","og_image":[{"width":600,"height":600,"url":"https:\/\/mcq.org\/wp-content\/uploads\/2024\/09\/Halloween_600x600_01.jpg","type":"image\/jpeg"}],"twitter_card":"summary_large_image","twitter_site":"@mcqorg","twitter_misc":{"Est. reading time":"2 minutes"},"schema":{"@context":"https:\/\/schema.org","@graph":[{"@type":"WebPage","@id":"https:\/\/mcq.org\/en\/a-propos\/medias\/communiques\/lhalloween-prolongee-au-1er-novembre-au-musee-de-la-civilisatio\/","url":"https:\/\/mcq.org\/en\/a-propos\/medias\/communiques\/lhalloween-prolongee-au-1er-novembre-au-musee-de-la-civilisatio\/","name":"l'Halloween prolong\u00e9e au 1er novembre au Mus\u00e9e de la civilisation - Communiqu\u00e9 de presse | Mus\u00e9e de la civilisation","isPartOf":{"@id":"https:\/\/mcq.org\/en\/#website"},"primaryImageOfPage":{"@id":"https:\/\/mcq.org\/en\/a-propos\/medias\/communiques\/lhalloween-prolongee-au-1er-novembre-au-musee-de-la-civilisatio\/#primaryimage"},"image":{"@id":"https:\/\/mcq.org\/en\/a-propos\/medias\/communiques\/lhalloween-prolongee-au-1er-novembre-au-musee-de-la-civilisatio\/#primaryimage"},"thumbnailUrl":"https:\/\/mcq.org\/wp-content\/uploads\/2024\/09\/Halloween_600x600_01.jpg","datePublished":"2024-10-16T14:48:54+00:00","dateModified":"2024-10-16T14:49:48+00:00","description":"l'Halloween prolong\u00e9e au 1er novembre au Mus\u00e9e de la civilisation- communiqu\u00e9 de presse du Mus\u00e9e de la civilisation \u00e0 Qu\u00e9bec.","breadcrumb":{"@id":"https:\/\/mcq.org\/en\/a-propos\/medias\/communiques\/lhalloween-prolongee-au-1er-novembre-au-musee-de-la-civilisatio\/#breadcrumb"},"inLanguage":"en-US","potentialAction":[{"@type":"ReadAction","target":["https:\/\/mcq.org\/en\/a-propos\/medias\/communiques\/lhalloween-prolongee-au-1er-novembre-au-musee-de-la-civilisatio\/"]}]},{"@type":"ImageObject","inLanguage":"en-US","@id":"https:\/\/mcq.org\/en\/a-propos\/medias\/communiques\/lhalloween-prolongee-au-1er-novembre-au-musee-de-la-civilisatio\/#primaryimage","url":"https:\/\/mcq.org\/wp-content\/uploads\/2024\/09\/Halloween_600x600_01.jpg","contentUrl":"https:\/\/mcq.org\/wp-content\/uploads\/2024\/09\/Halloween_600x600_01.jpg","width":600,"height":600,"caption":"image d'un enfant avec un gilet kangourou jaune moutarde qui porte un masque de lutteur mexicain avec en arri\u00e8re-plan une photo noir et blanc d'anciens lutteurs sur laquelle a \u00e9t\u00e9 appos\u00e9 un masque de lutteur mexicain \u00e0 la place de leur t\u00eate"},{"@type":"BreadcrumbList","@id":"https:\/\/mcq.org\/en\/a-propos\/medias\/communiques\/lhalloween-prolongee-au-1er-novembre-au-musee-de-la-civilisatio\/#breadcrumb","itemListElement":[{"@type":"ListItem","position":1,"name":"Home","item":"https:\/\/mcq.org\/en\/"},{"@type":"ListItem","position":2,"name":"Communiqu\u00e9s presse","item":"https:\/\/mcq.org\/en\/a-propos\/medias\/communiques\/"},{"@type":"ListItem","position":3,"name":"l&#8217;Halloween prolong\u00e9e au 1er novembre au Mus\u00e9e de la civilisation"}]},{"@type":"WebSite","@id":"https:\/\/mcq.org\/en\/#website","url":"https:\/\/mcq.org\/en\/","name":"Mus\u00e9e de la civilisation","description":"Le Mus\u00e9e de la civilisation explore les diff\u00e9rentes facettes de la r\u00e9alit\u00e9 humaine avec sa d\u00e9marche unique qui combine enchantement, connaissance et r\u00e9flexion.","publisher":{"@id":"https:\/\/mcq.org\/en\/#organization"},"alternateName":"MCQ","potentialAction":[{"@type":"SearchAction","target":{"@type":"EntryPoint","urlTemplate":"https:\/\/mcq.org\/en\/?s={search_term_string}"},"query-input":{"@type":"PropertyValueSpecification","valueRequired":true,"valueName":"search_term_string"}}],"inLanguage":"en-US"},{"@type":"Organization","@id":"https:\/\/mcq.org\/en\/#organization","name":"Mus\u00e9e de la civilisation","alternateName":"MCQ","url":"https:\/\/mcq.org\/en\/","logo":{"@type":"ImageObject","inLanguage":"en-US","@id":"https:\/\/mcq.org\/en\/#\/schema\/logo\/image\/","url":"https:\/\/mcq.org\/wp-content\/uploads\/2023\/04\/logo-mcq-300x123-1.png","contentUrl":"https:\/\/mcq.org\/wp-content\/uploads\/2023\/04\/logo-mcq-300x123-1.png","width":300,"height":123,"caption":"Mus\u00e9e de la civilisation"},"image":{"@id":"https:\/\/mcq.org\/en\/#\/schema\/logo\/image\/"},"sameAs":["https:\/\/www.facebook.com\/mcqorg","https:\/\/x.com\/mcqorg","https:\/\/www.instagram.com\/mcqorg\/","https:\/\/www.linkedin.com\/company\/mcqorg\/"]}]}},"_links":{"self":[{"href":"https:\/\/mcq.org\/en\/wp-json\/wp\/v2\/presse\/18812","targetHints":{"allow":["GET"]}}],"collection":[{"href":"https:\/\/mcq.org\/en\/wp-json\/wp\/v2\/presse"}],"about":[{"href":"https:\/\/mcq.org\/en\/wp-json\/wp\/v2\/types\/presse"}],"version-history":[{"count":3,"href":"https:\/\/mcq.org\/en\/wp-json\/wp\/v2\/presse\/18812\/revisions"}],"predecessor-version":[{"id":18815,"href":"https:\/\/mcq.org\/en\/wp-json\/wp\/v2\/presse\/18812\/revisions\/18815"}],"wp:featuredmedia":[{"embeddable":true,"href":"https:\/\/mcq.org\/en\/wp-json\/wp\/v2\/media\/18580"}],"wp:attachment":[{"href":"https:\/\/mcq.org\/en\/wp-json\/wp\/v2\/media?parent=18812"}],"wp:term":[{"taxonomy":"comm-tax","embeddable":true,"href":"https:\/\/mcq.org\/en\/wp-json\/wp\/v2\/comm-tax?post=18812"}],"curies":[{"name":"wp","href":"https:\/\/api.w.org\/{rel}","templated":true}]}}