{"id":18768,"date":"2024-10-10T07:30:00","date_gmt":"2024-10-10T11:30:00","guid":{"rendered":"https:\/\/mcq.org\/?post_type=presse&#038;p=18768"},"modified":"2024-10-09T16:48:26","modified_gmt":"2024-10-09T20:48:26","slug":"le-musee-de-la-civilisation-recipiendaire-du-prix-excellence-de-la-societe-des-musees-du-quebec-pour-unique-en-son-genre","status":"publish","type":"presse","link":"https:\/\/mcq.org\/en\/a-propos\/medias\/communiques\/le-musee-de-la-civilisation-recipiendaire-du-prix-excellence-de-la-societe-des-musees-du-quebec-pour-unique-en-son-genre\/","title":{"rendered":"Le Mus\u00e9e de la civilisation r\u00e9cipiendaire du prix excellence de la Soci\u00e9t\u00e9 des mus\u00e9es du Qu\u00e9bec pour Unique en son genre"},"content":{"rendered":"<div  class=\"container contenu-centre\">\n  <div class=\"row justify-content-center\">\n    <div class=\"col-lg-10 col-xl-8\">\n      \n        \n\n<p>Le Mus\u00e9e de la civilisation a remport\u00e9, hier soir, le Prix Excellence pour l\u2019audacieuse et pertinente exposition <em>Unique en son genre<\/em> lors du congr\u00e8s de la <a href=\"https:\/\/www.musees.qc.ca\/\" target=\"_blank\" rel=\"noopener\">Soci\u00e9t\u00e9 des mus\u00e9es du Qu\u00e9bec<\/a> (SMQ), qui se tenait \u00e0 Trois-Rivi\u00e8res.<\/p>\n<p><a href=\"https:\/\/www.smq.qc.ca\/fr\/professionnel\/activites-services\/prix-smq.html\">Les Prix Excellence<\/a> visent \u00e0 reconna\u00eetre, stimuler et r\u00e9compenser l\u2019excellence de la pratique mus\u00e9ale au Qu\u00e9bec en mettant \u00e0 l\u2019honneur les r\u00e9alisations des membres de la SMQ ayant contribu\u00e9, de fa\u00e7on significative, \u00e0 l\u2019avancement de la mus\u00e9ologie qu\u00e9b\u00e9coise. <em>Unique en son genre<\/em> a \u00e9t\u00e9 con\u00e7ue et r\u00e9alis\u00e9e par le Mus\u00e9e de la civilisation, pr\u00e9sent\u00e9e par le <a href=\"https:\/\/www.td.com\/ca\/fr\" target=\"_blank\" rel=\"noopener\">Groupe Banque TD<\/a> avec la collaboration <a href=\"https:\/\/quebec.ubisoft.com\/fr\/\" target=\"_blank\" rel=\"noopener\">d\u2019Ubisoft<\/a>.<\/p>\n<p>\u00ab\u2009Permettez-moi de voir en cette reconnaissance un magnifique cadeau qui arrive tout juste au moment o\u00f9 mon mandat au Mus\u00e9e de la civilisation se termine. Je l\u2019accueille tel un t\u00e9moignage de l\u2019excellence des projets et de l\u2019expertise de ce Mus\u00e9e qui m\u2019est si cher, en remerciant et f\u00e9licitant chaleureusement toute l\u2019\u00e9quipe qui a con\u00e7u cette exposition. Je suis heureux de laisser une institution en sant\u00e9, rayonnante et inspirante pour la communaut\u00e9 mus\u00e9ale, et je me r\u00e9jouis particuli\u00e8rement que soient reconnues l\u2019importance et la valeur de l\u2019exposition <em>Unique en son genre<\/em>, qui est une invitation \u00e0 l\u2019ouverture et \u00e0 la bienveillance.\u2009\u00bb <strong><em>St\u00e9phan La Roche, pr\u00e9sident-directeur g\u00e9n\u00e9ral du Mus\u00e9e de la civilisation<\/em><\/strong><\/p>\n<p>Pour m\u00e9moire, mentionnons que le Mus\u00e9e de la civilisation a remport\u00e9 en 2022 le Prix Excellence de la SMQ pour l\u2019exposition <em><a href=\"https:\/\/mcq.org\/decouvrir\/expositions\/o-merde\/\">\u00d4 merde!<\/a>,<\/em> pr\u00e9sent\u00e9e par <a href=\"https:\/\/www.h2oinnovation.com\/fr\/\" target=\"_blank\" rel=\"noopener\">H\u2082O Innovation<\/a> avec la collaboration de <a href=\"https:\/\/www.recyc-quebec.gouv.qc.ca\/\" target=\"_blank\" rel=\"noopener\">RECYC-QU\u00c9BEC<\/a> et <a href=\"https:\/\/www.cascades.com\/fr\" target=\"_blank\" rel=\"noopener\">Cascades<\/a>, ainsi que la participation de <a href=\"https:\/\/www.lescabinets.com\/\" target=\"_blank\" rel=\"noopener\">Les Cabinets<\/a> et du <a href=\"https:\/\/www.fairmont.fr\/frontenac-quebec\" target=\"_blank\" rel=\"noopener\">Fairmont Le Ch\u00e2teau Frontenac<\/a>, \u00e0 titre d\u2019h\u00f4tel officiel.<\/p>\n<p>Rappelons \u00e9galement que le Mus\u00e9e de la civilisation recevra, \u00e0 l\u2019occasion du Gala \u00c9mergence de la Fondation \u00c9mergence le 17 octobre prochain, le <a href=\"https:\/\/mcq.org\/a-propos\/medias\/communiques\/la-fondation-emergence-remet-le-prix-janette-bertrand-au-musee-de-la-civilisation-pour-lexposition-unique-en-son-genre\/#:~:text=%C3%80%20propos%20d'Unique%20en%20son%20genre&amp;text=%C3%80%20travers%20le%20prisme%20de,%C3%A0%20voir%20et%20%C3%A0%20reconna%C3%AEtre.\">Prix Janette-Bertrand<\/a> pour l\u2019exposition <em>Unique en son genre. <\/em><\/p>\n<h3><strong>\u00c0 propos d\u2019<a href=\"https:\/\/mcq.org\/decouvrir\/expositions\/unique-en-son-genre\/\"><em>Unique en son genre<\/em> <\/a><\/strong><\/h3>\n<p>S\u2019int\u00e9ressant \u00e0 toutes les questions ayant un impact sur le vivre-ensemble, le Mus\u00e9e de la civilisation, mus\u00e9e de soci\u00e9t\u00e9, propose un dialogue social, ouvert et bienveillant avec <em>Unique en son genre<\/em>. Con\u00e7ue et r\u00e9alis\u00e9e par le Mus\u00e9e de la civilisation, pr\u00e9sent\u00e9e par le Groupe Banque TD avec la collaboration d\u2019Ubisoft, du 18 mai 2023 au 14 avril 2024 au Mus\u00e9e de la civilisation, cette exposition permet d\u2019explorer l\u2019immense diversit\u00e9 des exp\u00e9riences li\u00e9es aux identit\u00e9s de genre et met en lumi\u00e8re comment ces derni\u00e8res se sont transform\u00e9es dans le temps et selon les cultures, au Qu\u00e9bec comme ailleurs. \u00c0 travers le prisme de la biologie, de l\u2019anthropologie et de l\u2019histoire, port\u00e9s par toute une s\u00e9rie d\u2019objets, de t\u00e9moignages et d\u2019installations artistiques, les contenus qu\u2019on y explore nous ram\u00e8nent \u00e0 la dimension humaine et refl\u00e8tent mille et un visages, \u00e0 voir et \u00e0 reconna\u00eetre.<\/p>\n\n\n          <\/div>\n  <\/div>\n<\/div>","protected":false},"excerpt":{"rendered":"","protected":false},"featured_media":5961,"parent":0,"menu_order":0,"template":"","comm-tax":[8],"class_list":["post-18768","presse","type-presse","status-publish","has-post-thumbnail","hentry","comm-tax-communique"],"acf":[],"yoast_head":"<!-- This site is optimized with the Yoast SEO Premium plugin v27.3 (Yoast SEO v27.3) - https:\/\/yoast.com\/product\/yoast-seo-premium-wordpress\/ -->\n<title>Le Mus\u00e9e de la civilisation r\u00e9cipiendaire du prix excellence de la Soci\u00e9t\u00e9 des mus\u00e9es du Qu\u00e9bec pour Unique en son genre - Communiqu\u00e9 de presse | Mus\u00e9e de la civilisation<\/title>\n<meta name=\"description\" content=\"Le Mus\u00e9e de la civilisation r\u00e9cipiendaire du prix excellence de la Soci\u00e9t\u00e9 des mus\u00e9es du Qu\u00e9bec pour Unique en son genre- communiqu\u00e9 de presse du Mus\u00e9e de la civilisation \u00e0 Qu\u00e9bec.\" \/>\n<meta name=\"robots\" content=\"index, follow, max-snippet:-1, max-image-preview:large, max-video-preview:-1\" \/>\n<link rel=\"canonical\" href=\"https:\/\/mcq.org\/en\/a-propos\/medias\/communiques\/le-musee-de-la-civilisation-recipiendaire-du-prix-excellence-de-la-societe-des-musees-du-quebec-pour-unique-en-son-genre\/\" \/>\n<meta property=\"og:locale\" content=\"en_US\" \/>\n<meta property=\"og:type\" content=\"article\" \/>\n<meta property=\"og:title\" content=\"Le Mus\u00e9e de la civilisation r\u00e9cipiendaire du prix excellence de la Soci\u00e9t\u00e9 des mus\u00e9es du Qu\u00e9bec pour Unique en son genre - Communiqu\u00e9 de presse | Mus\u00e9e de la civilisation\" \/>\n<meta property=\"og:description\" content=\"Le Mus\u00e9e de la civilisation r\u00e9cipiendaire du prix excellence de la Soci\u00e9t\u00e9 des mus\u00e9es du Qu\u00e9bec pour Unique en son genre- communiqu\u00e9 de presse du Mus\u00e9e de la civilisation \u00e0 Qu\u00e9bec.\" \/>\n<meta property=\"og:url\" content=\"https:\/\/mcq.org\/en\/a-propos\/medias\/communiques\/le-musee-de-la-civilisation-recipiendaire-du-prix-excellence-de-la-societe-des-musees-du-quebec-pour-unique-en-son-genre\/\" \/>\n<meta property=\"og:site_name\" content=\"Mus\u00e9e de la civilisation\" \/>\n<meta property=\"article:publisher\" content=\"https:\/\/www.facebook.com\/mcqorg\" \/>\n<meta property=\"og:image\" content=\"https:\/\/mcq.org\/wp-content\/uploads\/2023\/05\/unique-genre-presse-600x600.jpg?ver=1686688222\" \/>\n\t<meta property=\"og:image:width\" content=\"600\" \/>\n\t<meta property=\"og:image:height\" content=\"600\" \/>\n\t<meta property=\"og:image:type\" content=\"image\/jpeg\" \/>\n<meta name=\"twitter:card\" content=\"summary_large_image\" \/>\n<meta name=\"twitter:site\" content=\"@mcqorg\" \/>\n<meta name=\"twitter:label1\" content=\"Est. reading time\" \/>\n\t<meta name=\"twitter:data1\" content=\"3 minutes\" \/>\n<!-- \/ Yoast SEO Premium plugin. -->","yoast_head_json":{"title":"Le Mus\u00e9e de la civilisation r\u00e9cipiendaire du prix excellence de la Soci\u00e9t\u00e9 des mus\u00e9es du Qu\u00e9bec pour Unique en son genre - Communiqu\u00e9 de presse | Mus\u00e9e de la civilisation","description":"Le Mus\u00e9e de la civilisation r\u00e9cipiendaire du prix excellence de la Soci\u00e9t\u00e9 des mus\u00e9es du Qu\u00e9bec pour Unique en son genre- communiqu\u00e9 de presse du Mus\u00e9e de la civilisation \u00e0 Qu\u00e9bec.","robots":{"index":"index","follow":"follow","max-snippet":"max-snippet:-1","max-image-preview":"max-image-preview:large","max-video-preview":"max-video-preview:-1"},"canonical":"https:\/\/mcq.org\/en\/a-propos\/medias\/communiques\/le-musee-de-la-civilisation-recipiendaire-du-prix-excellence-de-la-societe-des-musees-du-quebec-pour-unique-en-son-genre\/","og_locale":"en_US","og_type":"article","og_title":"Le Mus\u00e9e de la civilisation r\u00e9cipiendaire du prix excellence de la Soci\u00e9t\u00e9 des mus\u00e9es du Qu\u00e9bec pour Unique en son genre - Communiqu\u00e9 de presse | Mus\u00e9e de la civilisation","og_description":"Le Mus\u00e9e de la civilisation r\u00e9cipiendaire du prix excellence de la Soci\u00e9t\u00e9 des mus\u00e9es du Qu\u00e9bec pour Unique en son genre- communiqu\u00e9 de presse du Mus\u00e9e de la civilisation \u00e0 Qu\u00e9bec.","og_url":"https:\/\/mcq.org\/en\/a-propos\/medias\/communiques\/le-musee-de-la-civilisation-recipiendaire-du-prix-excellence-de-la-societe-des-musees-du-quebec-pour-unique-en-son-genre\/","og_site_name":"Mus\u00e9e de la civilisation","article_publisher":"https:\/\/www.facebook.com\/mcqorg","og_image":[{"width":600,"height":600,"url":"https:\/\/mcq.org\/wp-content\/uploads\/2023\/05\/unique-genre-presse-600x600.jpg?ver=1686688222","type":"image\/jpeg"}],"twitter_card":"summary_large_image","twitter_site":"@mcqorg","twitter_misc":{"Est. reading time":"3 minutes"},"schema":{"@context":"https:\/\/schema.org","@graph":[{"@type":"WebPage","@id":"https:\/\/mcq.org\/en\/a-propos\/medias\/communiques\/le-musee-de-la-civilisation-recipiendaire-du-prix-excellence-de-la-societe-des-musees-du-quebec-pour-unique-en-son-genre\/","url":"https:\/\/mcq.org\/en\/a-propos\/medias\/communiques\/le-musee-de-la-civilisation-recipiendaire-du-prix-excellence-de-la-societe-des-musees-du-quebec-pour-unique-en-son-genre\/","name":"Le Mus\u00e9e de la civilisation r\u00e9cipiendaire du prix excellence de la Soci\u00e9t\u00e9 des mus\u00e9es du Qu\u00e9bec pour Unique en son genre - Communiqu\u00e9 de presse | Mus\u00e9e de la civilisation","isPartOf":{"@id":"https:\/\/mcq.org\/en\/#website"},"primaryImageOfPage":{"@id":"https:\/\/mcq.org\/en\/a-propos\/medias\/communiques\/le-musee-de-la-civilisation-recipiendaire-du-prix-excellence-de-la-societe-des-musees-du-quebec-pour-unique-en-son-genre\/#primaryimage"},"image":{"@id":"https:\/\/mcq.org\/en\/a-propos\/medias\/communiques\/le-musee-de-la-civilisation-recipiendaire-du-prix-excellence-de-la-societe-des-musees-du-quebec-pour-unique-en-son-genre\/#primaryimage"},"thumbnailUrl":"https:\/\/mcq.org\/wp-content\/uploads\/2023\/05\/unique-genre-presse-600x600.jpg?ver=1686688222","datePublished":"2024-10-10T11:30:00+00:00","description":"Le Mus\u00e9e de la civilisation r\u00e9cipiendaire du prix excellence de la Soci\u00e9t\u00e9 des mus\u00e9es du Qu\u00e9bec pour Unique en son genre- communiqu\u00e9 de presse du Mus\u00e9e de la civilisation \u00e0 Qu\u00e9bec.","breadcrumb":{"@id":"https:\/\/mcq.org\/en\/a-propos\/medias\/communiques\/le-musee-de-la-civilisation-recipiendaire-du-prix-excellence-de-la-societe-des-musees-du-quebec-pour-unique-en-son-genre\/#breadcrumb"},"inLanguage":"en-US","potentialAction":[{"@type":"ReadAction","target":["https:\/\/mcq.org\/en\/a-propos\/medias\/communiques\/le-musee-de-la-civilisation-recipiendaire-du-prix-excellence-de-la-societe-des-musees-du-quebec-pour-unique-en-son-genre\/"]}]},{"@type":"ImageObject","inLanguage":"en-US","@id":"https:\/\/mcq.org\/en\/a-propos\/medias\/communiques\/le-musee-de-la-civilisation-recipiendaire-du-prix-excellence-de-la-societe-des-musees-du-quebec-pour-unique-en-son-genre\/#primaryimage","url":"https:\/\/mcq.org\/wp-content\/uploads\/2023\/05\/unique-genre-presse-600x600.jpg?ver=1686688222","contentUrl":"https:\/\/mcq.org\/wp-content\/uploads\/2023\/05\/unique-genre-presse-600x600.jpg?ver=1686688222","width":600,"height":600,"caption":"Signature visuelle de l'exposition Unique en son genre pr\u00e9sentant une personne avec un filtre passant du rose au bleu."},{"@type":"BreadcrumbList","@id":"https:\/\/mcq.org\/en\/a-propos\/medias\/communiques\/le-musee-de-la-civilisation-recipiendaire-du-prix-excellence-de-la-societe-des-musees-du-quebec-pour-unique-en-son-genre\/#breadcrumb","itemListElement":[{"@type":"ListItem","position":1,"name":"Home","item":"https:\/\/mcq.org\/en\/"},{"@type":"ListItem","position":2,"name":"Communiqu\u00e9s presse","item":"https:\/\/mcq.org\/en\/a-propos\/medias\/communiques\/"},{"@type":"ListItem","position":3,"name":"Le Mus\u00e9e de la civilisation r\u00e9cipiendaire du prix excellence de la Soci\u00e9t\u00e9 des mus\u00e9es du Qu\u00e9bec pour Unique en son genre"}]},{"@type":"WebSite","@id":"https:\/\/mcq.org\/en\/#website","url":"https:\/\/mcq.org\/en\/","name":"Mus\u00e9e de la civilisation","description":"Le Mus\u00e9e de la civilisation explore les diff\u00e9rentes facettes de la r\u00e9alit\u00e9 humaine avec sa d\u00e9marche unique qui combine enchantement, connaissance et r\u00e9flexion.","publisher":{"@id":"https:\/\/mcq.org\/en\/#organization"},"alternateName":"MCQ","potentialAction":[{"@type":"SearchAction","target":{"@type":"EntryPoint","urlTemplate":"https:\/\/mcq.org\/en\/?s={search_term_string}"},"query-input":{"@type":"PropertyValueSpecification","valueRequired":true,"valueName":"search_term_string"}}],"inLanguage":"en-US"},{"@type":"Organization","@id":"https:\/\/mcq.org\/en\/#organization","name":"Mus\u00e9e de la civilisation","alternateName":"MCQ","url":"https:\/\/mcq.org\/en\/","logo":{"@type":"ImageObject","inLanguage":"en-US","@id":"https:\/\/mcq.org\/en\/#\/schema\/logo\/image\/","url":"https:\/\/mcq.org\/wp-content\/uploads\/2023\/04\/logo-mcq-300x123-1.png","contentUrl":"https:\/\/mcq.org\/wp-content\/uploads\/2023\/04\/logo-mcq-300x123-1.png","width":300,"height":123,"caption":"Mus\u00e9e de la civilisation"},"image":{"@id":"https:\/\/mcq.org\/en\/#\/schema\/logo\/image\/"},"sameAs":["https:\/\/www.facebook.com\/mcqorg","https:\/\/x.com\/mcqorg","https:\/\/www.instagram.com\/mcqorg\/","https:\/\/www.linkedin.com\/company\/mcqorg\/"]}]}},"_links":{"self":[{"href":"https:\/\/mcq.org\/en\/wp-json\/wp\/v2\/presse\/18768","targetHints":{"allow":["GET"]}}],"collection":[{"href":"https:\/\/mcq.org\/en\/wp-json\/wp\/v2\/presse"}],"about":[{"href":"https:\/\/mcq.org\/en\/wp-json\/wp\/v2\/types\/presse"}],"version-history":[{"count":1,"href":"https:\/\/mcq.org\/en\/wp-json\/wp\/v2\/presse\/18768\/revisions"}],"predecessor-version":[{"id":18769,"href":"https:\/\/mcq.org\/en\/wp-json\/wp\/v2\/presse\/18768\/revisions\/18769"}],"wp:featuredmedia":[{"embeddable":true,"href":"https:\/\/mcq.org\/en\/wp-json\/wp\/v2\/media\/5961"}],"wp:attachment":[{"href":"https:\/\/mcq.org\/en\/wp-json\/wp\/v2\/media?parent=18768"}],"wp:term":[{"taxonomy":"comm-tax","embeddable":true,"href":"https:\/\/mcq.org\/en\/wp-json\/wp\/v2\/comm-tax?post=18768"}],"curies":[{"name":"wp","href":"https:\/\/api.w.org\/{rel}","templated":true}]}}