{"id":18503,"date":"2024-09-24T10:41:27","date_gmt":"2024-09-24T14:41:27","guid":{"rendered":"https:\/\/mcq.org\/?post_type=presse&#038;p=18503"},"modified":"2024-09-24T10:41:27","modified_gmt":"2024-09-24T14:41:27","slug":"les-27-28-et-29-septembre-acces-gratuit-a-lexposition-le-quebec-autrement-dit-au-musee-de-la-civilisation","status":"publish","type":"presse","link":"https:\/\/mcq.org\/en\/a-propos\/medias\/communiques\/les-27-28-et-29-septembre-acces-gratuit-a-lexposition-le-quebec-autrement-dit-au-musee-de-la-civilisation\/","title":{"rendered":"Les 27, 28 et 29 septembre, acc\u00e8s gratuit \u00e0 l\u2019exposition Le Qu\u00e9bec, autrement dit au Mus\u00e9e de la civilisation"},"content":{"rendered":"<div  class=\"container contenu-centre\">\n  <div class=\"row justify-content-center\">\n    <div class=\"col-lg-10 col-xl-8\">\n      \n        \n\n<p>Pour c\u00e9l\u00e9brer de belle fa\u00e7on l\u2019\u00e9dition 2024 des <a href=\"https:\/\/www.journeesdelaculture.qc.ca\/\" target=\"_blank\" rel=\"noopener\">Journ\u00e9es de la culture<\/a>, le Mus\u00e9e de la civilisation invite la population, les 27, 28 et 29 septembre, \u00e0 parcourir tout \u00e0 fait gratuitement <a href=\"https:\/\/mcq.org\/decouvrir\/expositions\/le-quebec-autrement-dit\/\"><em>Le Qu\u00e9bec, autrement dit<\/em><\/a>, sa nouvelle exposition de r\u00e9f\u00e9rence sur l\u2019\u00e9volution de la soci\u00e9t\u00e9 qu\u00e9b\u00e9coise qui s\u2019adresse \u00e0 tous les groupes d\u2019\u00e2ge. En effet, en plus de riches contenus historiques, sociaux, culturels et politiques illustr\u00e9s par quelque 1\u2009300\u00a0objets, les familles pourront participer \u00e0 l\u2019atelier <em>La mission du Roy<\/em> tandis que les plus petits chercheront les \u00e9cureuils coquins cach\u00e9s dans l\u2019exposition. <em>Une exposition con\u00e7ue et r\u00e9alis\u00e9e par le Mus\u00e9e de la civilisation avec le soutien financier du <a href=\"https:\/\/www.mcc.gouv.qc.ca\/\" target=\"_blank\" rel=\"noopener\">minist\u00e8re de la Culture et des Communications<\/a>. <\/em>Le Qu\u00e9bec, autrement dit<em> est pr\u00e9sent\u00e9e en collaboration avec la <a href=\"https:\/\/www.capitale.gouv.qc.ca\/\" target=\"_blank\" rel=\"noopener\">Commission de la capitale nationale du Qu\u00e9bec<\/a> et <a href=\"https:\/\/www.alimentsduquebec.com\/\" target=\"_blank\" rel=\"noopener\">Aliments du Qu\u00e9bec<\/a><\/em><em>.<\/em>\u00a0<\/p>\n<p>L\u2019un des aspects les plus remarquables de cette exposition est le fait qu\u2019elle a \u00e9t\u00e9 r\u00e9alis\u00e9e dans un esprit de concertation amalgam\u00e9 \u00e0 une ferme volont\u00e9 d\u2019accueillir la parole de chaque partie prenante, dont celle des 11 peuples autochtones pr\u00e9sents au Qu\u00e9bec. Tout au long de l\u2019exposition, leur culture, leur histoire, leur voix sont int\u00e9gr\u00e9es aux diff\u00e9rents th\u00e8mes tout comme leur nom, souvent originel, choisi pour se d\u00e9signer. \u00c0 une semaine de la Journ\u00e9e nationale de la v\u00e9rit\u00e9 et de la r\u00e9conciliation, pourquoi ne pas commencer \u00e0 se familiariser avec ces d\u00e9nominations\u00a0:<\/p>\n<ul>\n<li>Anicinapek (Algonquins)<\/li>\n<li>Atikamekw Nehirowisiwok (se prononce <em>n\u00e9-i-ro-oui-si-wok<\/em>)<\/li>\n<li>Eeyou\/Eenou (Cris)<\/li>\n<li>Hurons-Wendat<\/li>\n<li>Innus\/Ilnus (Montagnais)<\/li>\n<li>Inuit<\/li>\n<li>Kanien&#8217;keh\u00e1:ka (Mohawks &#8211; se prononce <em>ka-ni-enne-qu\u00e9-ah-ka)<\/em><\/li>\n<li>Mi\u2019gmaq<\/li>\n<li>Naskapis<\/li>\n<li>W8banaki (Ab\u00e9naquis \u2013 se prononce <em>ouon-ba-na-qu\u00e9-aque<\/em>)<\/li>\n<li>Wolastoqiyik Wahsipekuk (Mal\u00e9cites \u2013 se prononce <em>wo-las-to-qui<\/em> et <em>wa-ship-kuk<\/em>)<\/li>\n<\/ul>\n<h3><em>Voie libre<\/em>\u00a0: l\u2019espace collectif accessible gratuitement en tout temps<\/h3>\n<p>Le th\u00e8me de la rencontre percole jusque dans l\u2019espace collectif <em>Voie libre<\/em> o\u00f9 sont propos\u00e9es des mani\u00e8res d\u2019\u00eatre et de faire pour que les rencontres d\u2019aujourd\u2019hui soient bienveillantes. En plus de marquer le d\u00e9but de l\u2019acc\u00e8s gratuit en tout temps \u00e0 cet espace, les Journ\u00e9es de la culture seront l\u2019occasion de s\u2019initier aux outils de la pens\u00e9e, de prendre part \u00e0 un atelier offert par <a href=\"https:\/\/www.lachicanerie.com\/\"><em>La Chicanerie<\/em><\/a> pour d\u00e9velopper une meilleure conscience de soi et des autres dans des situations de conflits et de collaboration et finalement de jouer avec l\u2019\u0153uvre <em>Trompe-oreille<\/em>.<\/p>\n\n\n          <\/div>\n  <\/div>\n<\/div>\n\n\n<p><\/p>\n","protected":false},"excerpt":{"rendered":"","protected":false},"featured_media":0,"parent":0,"menu_order":0,"template":"","comm-tax":[8],"class_list":["post-18503","presse","type-presse","status-publish","hentry","comm-tax-communique"],"acf":[],"yoast_head":"<!-- This site is optimized with the Yoast SEO Premium plugin v27.3 (Yoast SEO v27.3) - https:\/\/yoast.com\/product\/yoast-seo-premium-wordpress\/ -->\n<title>Les 27, 28 et 29 septembre, acc\u00e8s gratuit \u00e0 l\u2019exposition Le Qu\u00e9bec, autrement dit au Mus\u00e9e de la civilisation - Communiqu\u00e9 de presse | Mus\u00e9e de la civilisation<\/title>\n<meta name=\"description\" content=\"Les 27, 28 et 29 septembre, acc\u00e8s gratuit \u00e0 l\u2019exposition Le Qu\u00e9bec, autrement dit au Mus\u00e9e de la civilisation- communiqu\u00e9 de presse du Mus\u00e9e de la civilisation \u00e0 Qu\u00e9bec.\" \/>\n<meta name=\"robots\" content=\"index, follow, max-snippet:-1, max-image-preview:large, max-video-preview:-1\" \/>\n<link rel=\"canonical\" href=\"https:\/\/mcq.org\/en\/a-propos\/medias\/communiques\/les-27-28-et-29-septembre-acces-gratuit-a-lexposition-le-quebec-autrement-dit-au-musee-de-la-civilisation\/\" \/>\n<meta property=\"og:locale\" content=\"en_US\" \/>\n<meta property=\"og:type\" content=\"article\" \/>\n<meta property=\"og:title\" content=\"Les 27, 28 et 29 septembre, acc\u00e8s gratuit \u00e0 l\u2019exposition Le Qu\u00e9bec, autrement dit au Mus\u00e9e de la civilisation - Communiqu\u00e9 de presse | Mus\u00e9e de la civilisation\" \/>\n<meta property=\"og:description\" content=\"Les 27, 28 et 29 septembre, acc\u00e8s gratuit \u00e0 l\u2019exposition Le Qu\u00e9bec, autrement dit au Mus\u00e9e de la civilisation- communiqu\u00e9 de presse du Mus\u00e9e de la civilisation \u00e0 Qu\u00e9bec.\" \/>\n<meta property=\"og:url\" content=\"https:\/\/mcq.org\/en\/a-propos\/medias\/communiques\/les-27-28-et-29-septembre-acces-gratuit-a-lexposition-le-quebec-autrement-dit-au-musee-de-la-civilisation\/\" \/>\n<meta property=\"og:site_name\" content=\"Mus\u00e9e de la civilisation\" \/>\n<meta property=\"article:publisher\" content=\"https:\/\/www.facebook.com\/mcqorg\" \/>\n<meta property=\"og:image\" content=\"https:\/\/mcq.org\/wp-content\/uploads\/2024\/09\/journees_culture_2024_600x600pix.jpg\" \/>\n\t<meta property=\"og:image:width\" content=\"600\" \/>\n\t<meta property=\"og:image:height\" content=\"600\" \/>\n\t<meta property=\"og:image:type\" content=\"image\/jpeg\" \/>\n<meta name=\"twitter:card\" content=\"summary_large_image\" \/>\n<meta name=\"twitter:site\" content=\"@mcqorg\" \/>\n<meta name=\"twitter:label1\" content=\"Est. reading time\" \/>\n\t<meta name=\"twitter:data1\" content=\"3 minutes\" \/>\n<!-- \/ Yoast SEO Premium plugin. -->","yoast_head_json":{"title":"Les 27, 28 et 29 septembre, acc\u00e8s gratuit \u00e0 l\u2019exposition Le Qu\u00e9bec, autrement dit au Mus\u00e9e de la civilisation - Communiqu\u00e9 de presse | Mus\u00e9e de la civilisation","description":"Les 27, 28 et 29 septembre, acc\u00e8s gratuit \u00e0 l\u2019exposition Le Qu\u00e9bec, autrement dit au Mus\u00e9e de la civilisation- communiqu\u00e9 de presse du Mus\u00e9e de la civilisation \u00e0 Qu\u00e9bec.","robots":{"index":"index","follow":"follow","max-snippet":"max-snippet:-1","max-image-preview":"max-image-preview:large","max-video-preview":"max-video-preview:-1"},"canonical":"https:\/\/mcq.org\/en\/a-propos\/medias\/communiques\/les-27-28-et-29-septembre-acces-gratuit-a-lexposition-le-quebec-autrement-dit-au-musee-de-la-civilisation\/","og_locale":"en_US","og_type":"article","og_title":"Les 27, 28 et 29 septembre, acc\u00e8s gratuit \u00e0 l\u2019exposition Le Qu\u00e9bec, autrement dit au Mus\u00e9e de la civilisation - Communiqu\u00e9 de presse | Mus\u00e9e de la civilisation","og_description":"Les 27, 28 et 29 septembre, acc\u00e8s gratuit \u00e0 l\u2019exposition Le Qu\u00e9bec, autrement dit au Mus\u00e9e de la civilisation- communiqu\u00e9 de presse du Mus\u00e9e de la civilisation \u00e0 Qu\u00e9bec.","og_url":"https:\/\/mcq.org\/en\/a-propos\/medias\/communiques\/les-27-28-et-29-septembre-acces-gratuit-a-lexposition-le-quebec-autrement-dit-au-musee-de-la-civilisation\/","og_site_name":"Mus\u00e9e de la civilisation","article_publisher":"https:\/\/www.facebook.com\/mcqorg","og_image":[{"width":600,"height":600,"url":"https:\/\/mcq.org\/wp-content\/uploads\/2024\/09\/journees_culture_2024_600x600pix.jpg","type":"image\/jpeg"}],"twitter_card":"summary_large_image","twitter_site":"@mcqorg","twitter_misc":{"Est. reading time":"3 minutes"},"schema":{"@context":"https:\/\/schema.org","@graph":[{"@type":"WebPage","@id":"https:\/\/mcq.org\/en\/a-propos\/medias\/communiques\/les-27-28-et-29-septembre-acces-gratuit-a-lexposition-le-quebec-autrement-dit-au-musee-de-la-civilisation\/","url":"https:\/\/mcq.org\/en\/a-propos\/medias\/communiques\/les-27-28-et-29-septembre-acces-gratuit-a-lexposition-le-quebec-autrement-dit-au-musee-de-la-civilisation\/","name":"Les 27, 28 et 29 septembre, acc\u00e8s gratuit \u00e0 l\u2019exposition Le Qu\u00e9bec, autrement dit au Mus\u00e9e de la civilisation - Communiqu\u00e9 de presse | Mus\u00e9e de la civilisation","isPartOf":{"@id":"https:\/\/mcq.org\/en\/#website"},"datePublished":"2024-09-24T14:41:27+00:00","description":"Les 27, 28 et 29 septembre, acc\u00e8s gratuit \u00e0 l\u2019exposition Le Qu\u00e9bec, autrement dit au Mus\u00e9e de la civilisation- communiqu\u00e9 de presse du Mus\u00e9e de la civilisation \u00e0 Qu\u00e9bec.","breadcrumb":{"@id":"https:\/\/mcq.org\/en\/a-propos\/medias\/communiques\/les-27-28-et-29-septembre-acces-gratuit-a-lexposition-le-quebec-autrement-dit-au-musee-de-la-civilisation\/#breadcrumb"},"inLanguage":"en-US","potentialAction":[{"@type":"ReadAction","target":["https:\/\/mcq.org\/en\/a-propos\/medias\/communiques\/les-27-28-et-29-septembre-acces-gratuit-a-lexposition-le-quebec-autrement-dit-au-musee-de-la-civilisation\/"]}]},{"@type":"BreadcrumbList","@id":"https:\/\/mcq.org\/en\/a-propos\/medias\/communiques\/les-27-28-et-29-septembre-acces-gratuit-a-lexposition-le-quebec-autrement-dit-au-musee-de-la-civilisation\/#breadcrumb","itemListElement":[{"@type":"ListItem","position":1,"name":"Home","item":"https:\/\/mcq.org\/en\/"},{"@type":"ListItem","position":2,"name":"Communiqu\u00e9s presse","item":"https:\/\/mcq.org\/en\/a-propos\/medias\/communiques\/"},{"@type":"ListItem","position":3,"name":"Les 27, 28 et 29 septembre, acc\u00e8s gratuit \u00e0 l\u2019exposition Le Qu\u00e9bec, autrement dit au Mus\u00e9e de la civilisation"}]},{"@type":"WebSite","@id":"https:\/\/mcq.org\/en\/#website","url":"https:\/\/mcq.org\/en\/","name":"Mus\u00e9e de la civilisation","description":"Le Mus\u00e9e de la civilisation explore les diff\u00e9rentes facettes de la r\u00e9alit\u00e9 humaine avec sa d\u00e9marche unique qui combine enchantement, connaissance et r\u00e9flexion.","publisher":{"@id":"https:\/\/mcq.org\/en\/#organization"},"alternateName":"MCQ","potentialAction":[{"@type":"SearchAction","target":{"@type":"EntryPoint","urlTemplate":"https:\/\/mcq.org\/en\/?s={search_term_string}"},"query-input":{"@type":"PropertyValueSpecification","valueRequired":true,"valueName":"search_term_string"}}],"inLanguage":"en-US"},{"@type":"Organization","@id":"https:\/\/mcq.org\/en\/#organization","name":"Mus\u00e9e de la civilisation","alternateName":"MCQ","url":"https:\/\/mcq.org\/en\/","logo":{"@type":"ImageObject","inLanguage":"en-US","@id":"https:\/\/mcq.org\/en\/#\/schema\/logo\/image\/","url":"https:\/\/mcq.org\/wp-content\/uploads\/2023\/04\/logo-mcq-300x123-1.png","contentUrl":"https:\/\/mcq.org\/wp-content\/uploads\/2023\/04\/logo-mcq-300x123-1.png","width":300,"height":123,"caption":"Mus\u00e9e de la civilisation"},"image":{"@id":"https:\/\/mcq.org\/en\/#\/schema\/logo\/image\/"},"sameAs":["https:\/\/www.facebook.com\/mcqorg","https:\/\/x.com\/mcqorg","https:\/\/www.instagram.com\/mcqorg\/","https:\/\/www.linkedin.com\/company\/mcqorg\/"]}]}},"_links":{"self":[{"href":"https:\/\/mcq.org\/en\/wp-json\/wp\/v2\/presse\/18503","targetHints":{"allow":["GET"]}}],"collection":[{"href":"https:\/\/mcq.org\/en\/wp-json\/wp\/v2\/presse"}],"about":[{"href":"https:\/\/mcq.org\/en\/wp-json\/wp\/v2\/types\/presse"}],"version-history":[{"count":2,"href":"https:\/\/mcq.org\/en\/wp-json\/wp\/v2\/presse\/18503\/revisions"}],"predecessor-version":[{"id":18505,"href":"https:\/\/mcq.org\/en\/wp-json\/wp\/v2\/presse\/18503\/revisions\/18505"}],"wp:attachment":[{"href":"https:\/\/mcq.org\/en\/wp-json\/wp\/v2\/media?parent=18503"}],"wp:term":[{"taxonomy":"comm-tax","embeddable":true,"href":"https:\/\/mcq.org\/en\/wp-json\/wp\/v2\/comm-tax?post=18503"}],"curies":[{"name":"wp","href":"https:\/\/api.w.org\/{rel}","templated":true}]}}