{"id":18394,"date":"2024-09-13T15:25:21","date_gmt":"2024-09-13T19:25:21","guid":{"rendered":"https:\/\/mcq.org\/?post_type=presse&#038;p=18394"},"modified":"2024-09-13T15:27:08","modified_gmt":"2024-09-13T19:27:08","slug":"les-heros-du-volisee-de-rome-prolongent-leur-sejour-au-musee-de-la-civilisation","status":"publish","type":"presse","link":"https:\/\/mcq.org\/en\/a-propos\/medias\/communiques\/les-heros-du-volisee-de-rome-prolongent-leur-sejour-au-musee-de-la-civilisation\/","title":{"rendered":"Les h\u00e9ros du Colis\u00e9e de Rome prolongent leur s\u00e9jour au Mus\u00e9e de la civilisation"},"content":{"rendered":"<div  class=\"container contenu-centre\">\n  <div class=\"row justify-content-center\">\n    <div class=\"col-lg-10 col-xl-8\">\n      \n        \n\n<p>\u00c0 la suite du succ\u00e8s retentissant de <a href=\"https:\/\/mcq.org\/decouvrir\/expositions\/gladiateurs-heros-du-colisee\/\"><em>Gladiateurs\u00a0: H\u00e9ros du Colis\u00e9e<\/em><\/a>, le Mus\u00e9e de la civilisation est heureux d\u2019annoncer que celle-ci sera prolong\u00e9e jusqu\u2019au 14 octobre. Une occasion unique pour plonger dans l\u2019univers fascinant de ces combattants l\u00e9gendaires.\u00a0<\/p>\n<p>Est-ce que tous les gladiateurs connaissaient une fin tragique\u2009? Quel \u00e9tait leur entra\u00eenement\u2009? Quel personnage c\u00e9l\u00e8bre a r\u00e9ellement exist\u00e9\u2009? Vous trouverez r\u00e9ponse \u00e0 ces questions et plus encore en parcourant cette impressionnante exposition internationale, arriv\u00e9e tout droit de l\u2019Italie.<\/p>\n<p>Pour pousser l\u2019exp\u00e9rience un peu plus loin, les familles pourront participer \u00e0 une activit\u00e9 \u00e9ducative, <a href=\"https:\/\/mcq.org\/decouvrir\/activites\/une-journee-au-ludus\/\"><em>Une journ\u00e9e au Ludus<\/em><\/a>, qui permet de plonger dans la vie quotidienne des gladiateurs, les samedis et dimanches en continu. Inclus avec le droit d\u2019entr\u00e9e. Pour les 8 ans et plus.<\/p>\n<p>\u00c9galement \u00e0 ne pas manquer, le mercredi 18 septembre \u00e0 19\u00a0h, une conf\u00e9rence de Pierre-Luc Brisson, <a href=\"https:\/\/mcq.org\/decouvrir\/activites\/gladiateurs-heros-du-colisee-entre-mythe-et-histoire\/\"><em>Gladiateurs, h\u00e9ros du Colis\u00e9e\u00a0: entre mythe et histoire<\/em><\/a>, qui vous invite \u00e0 aller au-del\u00e0 de l\u2019imaginaire trompeur souvent v\u00e9hicul\u00e9 par la litt\u00e9rature et le cin\u00e9ma et \u00e0 d\u00e9couvrir les aspects plus r\u00e9els de la vie des gladiateurs. Tarif r\u00e9gulier\u00a0: 12\u00a0$. Gratuit pour les abonn\u00e9(e)s et les \u00e9tudiant(e)s. R\u00e9servation requise.<\/p>\n<p><em>Cette exposition est con\u00e7ue et produite par Contemporanea Progetti et Expona, organis\u00e9e par la Dre Rossella Rea, arch\u00e9ologue et ancienne directrice du Colis\u00e9e de Rome, en collaboration avec la Dre Federica Rinaldi (Parc arch\u00e9ologique du Colis\u00e9e, Rome), la Dre Sara Colantonio et la Dre Carlotta Caruso (Mus\u00e9e National Romain, Rome).<\/em><\/p>\n<h3><strong>\u00c0 venir\u2026<\/strong><\/h3>\n<p>En d\u00e9cembre, le Mus\u00e9e de la civilisation accueillera <a href=\"https:\/\/mcq.org\/decouvrir\/expositions\/foules\/\"><em>Foules<\/em><\/a> (titre de travail), une exposition qui fut pr\u00e9sent\u00e9e du 18 octobre 2022 au 6 ao\u00fbt 2023 \u00e0 la Cit\u00e9 des sciences et de l\u2019industrie \u00e0 Paris.<\/p>\n<p>Tout le monde a d\u00e9j\u00e0 eu une bonne ou une mauvaise exp\u00e9rience de la foule. Au milieu des autres, nous nous sentons parfois empreints d\u2019enthousiasme et d\u2019autres fois, bouscul\u00e9s dans tous les sens. De ces interactions \u00e9mergent de nombreux ph\u00e9nom\u00e8nes collectifs qui seront d\u00e9cortiqu\u00e9s dans cette exposition<em>, <\/em>en s\u2019appuyant sur les plus r\u00e9cents principes de la recherche interdisciplinaire.<\/p>\n<p><em>Une exposition con\u00e7ue par la Cit\u00e9 des Sciences et de l\u2019Industrie, en partenariat avec le Max Planck Institute for Human Development et adapt\u00e9e par le Mus\u00e9e de la civilisation. <\/em><\/p>\n<p>Toujours \u00e0 l\u2019aff\u00fbt de grandes expositions internationales en tourn\u00e9e \u00e0 travers le monde, le Mus\u00e9e de la civilisation est \u00e9galement fier de pr\u00e9senter, en juillet 2025, <a href=\"https:\/\/mcq.org\/a-propos\/medias\/communiques\/titanic-lexposition-presentee-en-exclusivite-canadienne-au-musee-de-la-civilisation-en-2025\/\"><em>Titanic, l\u2019exposition,<\/em><\/a> qui mettra en lumi\u00e8re la construction et l\u2019organisation de la vie \u00e0 bord de ce mythique transatlantique, le plus c\u00e9l\u00e8bre du 20<sup>e<\/sup> si\u00e8cle. Cette exposition est une r\u00e9alisation de Musealia, une firme espagnole reconnue sur la sc\u00e8ne internationale, depuis maintenant plus de 20 ans, qui se d\u00e9marque par ses projets sur des \u00e9v\u00e9nements historiques significatifs et pour la gamme d\u2019\u00e9motions qu\u2019ils font vivre aux publics.<\/p>\n<p>C\u2019est gr\u00e2ce au soutien de 500\u2009000\u00a0$, issu de l\u2019Entente de d\u00e9veloppement culturel dans le cadre de la Mesure d\u2019aide financi\u00e8re \u00e0 l\u2019intention des mus\u00e9es d\u2019\u00c9tat, que cette exposition sera pr\u00e9sent\u00e9e \u00e0 Qu\u00e9bec en exclusivit\u00e9 canadienne. Rappelons que <em>Gladiateurs\u00a0: H\u00e9ros du Colis\u00e9e<\/em> a pu b\u00e9n\u00e9ficier de ce m\u00eame financement.<\/p>\n\n\n          <\/div>\n  <\/div>\n<\/div>","protected":false},"excerpt":{"rendered":"","protected":false},"featured_media":0,"parent":0,"menu_order":0,"template":"","comm-tax":[8],"class_list":["post-18394","presse","type-presse","status-publish","hentry","comm-tax-communique"],"acf":[],"yoast_head":"<!-- This site is optimized with the Yoast SEO Premium plugin v27.3 (Yoast SEO v27.3) - https:\/\/yoast.com\/product\/yoast-seo-premium-wordpress\/ -->\n<title>Les h\u00e9ros du Colis\u00e9e de Rome prolongent leur s\u00e9jour au Mus\u00e9e de la civilisation - Communiqu\u00e9 de presse | Mus\u00e9e de la civilisation<\/title>\n<meta name=\"description\" content=\"Les h\u00e9ros du Colis\u00e9e de Rome prolongent leur s\u00e9jour au Mus\u00e9e de la civilisation- communiqu\u00e9 de presse du Mus\u00e9e de la civilisation \u00e0 Qu\u00e9bec.\" \/>\n<meta name=\"robots\" content=\"index, follow, max-snippet:-1, max-image-preview:large, max-video-preview:-1\" \/>\n<link rel=\"canonical\" href=\"https:\/\/mcq.org\/en\/a-propos\/medias\/communiques\/les-heros-du-volisee-de-rome-prolongent-leur-sejour-au-musee-de-la-civilisation\/\" \/>\n<meta property=\"og:locale\" content=\"en_US\" \/>\n<meta property=\"og:type\" content=\"article\" \/>\n<meta property=\"og:title\" content=\"Les h\u00e9ros du Colis\u00e9e de Rome prolongent leur s\u00e9jour au Mus\u00e9e de la civilisation - Communiqu\u00e9 de presse | Mus\u00e9e de la civilisation\" \/>\n<meta property=\"og:description\" content=\"Les h\u00e9ros du Colis\u00e9e de Rome prolongent leur s\u00e9jour au Mus\u00e9e de la civilisation- communiqu\u00e9 de presse du Mus\u00e9e de la civilisation \u00e0 Qu\u00e9bec.\" \/>\n<meta property=\"og:url\" content=\"https:\/\/mcq.org\/en\/a-propos\/medias\/communiques\/les-heros-du-volisee-de-rome-prolongent-leur-sejour-au-musee-de-la-civilisation\/\" \/>\n<meta property=\"og:site_name\" content=\"Mus\u00e9e de la civilisation\" \/>\n<meta property=\"article:publisher\" content=\"https:\/\/www.facebook.com\/mcqorg\" \/>\n<meta property=\"article:modified_time\" content=\"2024-09-13T19:27:08+00:00\" \/>\n<meta property=\"og:image\" content=\"https:\/\/mcq.org\/wp-content\/uploads\/2024\/06\/inauguration-gladiateurs.jpg\" \/>\n\t<meta property=\"og:image:width\" content=\"600\" \/>\n\t<meta property=\"og:image:height\" content=\"600\" \/>\n\t<meta property=\"og:image:type\" content=\"image\/jpeg\" \/>\n<meta name=\"twitter:card\" content=\"summary_large_image\" \/>\n<meta name=\"twitter:site\" content=\"@mcqorg\" \/>\n<meta name=\"twitter:label1\" content=\"Est. reading time\" \/>\n\t<meta name=\"twitter:data1\" content=\"3 minutes\" \/>\n<!-- \/ Yoast SEO Premium plugin. -->","yoast_head_json":{"title":"Les h\u00e9ros du Colis\u00e9e de Rome prolongent leur s\u00e9jour au Mus\u00e9e de la civilisation - Communiqu\u00e9 de presse | Mus\u00e9e de la civilisation","description":"Les h\u00e9ros du Colis\u00e9e de Rome prolongent leur s\u00e9jour au Mus\u00e9e de la civilisation- communiqu\u00e9 de presse du Mus\u00e9e de la civilisation \u00e0 Qu\u00e9bec.","robots":{"index":"index","follow":"follow","max-snippet":"max-snippet:-1","max-image-preview":"max-image-preview:large","max-video-preview":"max-video-preview:-1"},"canonical":"https:\/\/mcq.org\/en\/a-propos\/medias\/communiques\/les-heros-du-volisee-de-rome-prolongent-leur-sejour-au-musee-de-la-civilisation\/","og_locale":"en_US","og_type":"article","og_title":"Les h\u00e9ros du Colis\u00e9e de Rome prolongent leur s\u00e9jour au Mus\u00e9e de la civilisation - Communiqu\u00e9 de presse | Mus\u00e9e de la civilisation","og_description":"Les h\u00e9ros du Colis\u00e9e de Rome prolongent leur s\u00e9jour au Mus\u00e9e de la civilisation- communiqu\u00e9 de presse du Mus\u00e9e de la civilisation \u00e0 Qu\u00e9bec.","og_url":"https:\/\/mcq.org\/en\/a-propos\/medias\/communiques\/les-heros-du-volisee-de-rome-prolongent-leur-sejour-au-musee-de-la-civilisation\/","og_site_name":"Mus\u00e9e de la civilisation","article_publisher":"https:\/\/www.facebook.com\/mcqorg","article_modified_time":"2024-09-13T19:27:08+00:00","og_image":[{"width":600,"height":600,"url":"https:\/\/mcq.org\/wp-content\/uploads\/2024\/06\/inauguration-gladiateurs.jpg","type":"image\/jpeg"}],"twitter_card":"summary_large_image","twitter_site":"@mcqorg","twitter_misc":{"Est. reading time":"3 minutes"},"schema":{"@context":"https:\/\/schema.org","@graph":[{"@type":"WebPage","@id":"https:\/\/mcq.org\/en\/a-propos\/medias\/communiques\/les-heros-du-volisee-de-rome-prolongent-leur-sejour-au-musee-de-la-civilisation\/","url":"https:\/\/mcq.org\/en\/a-propos\/medias\/communiques\/les-heros-du-volisee-de-rome-prolongent-leur-sejour-au-musee-de-la-civilisation\/","name":"Les h\u00e9ros du Colis\u00e9e de Rome prolongent leur s\u00e9jour au Mus\u00e9e de la civilisation - Communiqu\u00e9 de presse | Mus\u00e9e de la civilisation","isPartOf":{"@id":"https:\/\/mcq.org\/en\/#website"},"datePublished":"2024-09-13T19:25:21+00:00","dateModified":"2024-09-13T19:27:08+00:00","description":"Les h\u00e9ros du Colis\u00e9e de Rome prolongent leur s\u00e9jour au Mus\u00e9e de la civilisation- communiqu\u00e9 de presse du Mus\u00e9e de la civilisation \u00e0 Qu\u00e9bec.","breadcrumb":{"@id":"https:\/\/mcq.org\/en\/a-propos\/medias\/communiques\/les-heros-du-volisee-de-rome-prolongent-leur-sejour-au-musee-de-la-civilisation\/#breadcrumb"},"inLanguage":"en-US","potentialAction":[{"@type":"ReadAction","target":["https:\/\/mcq.org\/en\/a-propos\/medias\/communiques\/les-heros-du-volisee-de-rome-prolongent-leur-sejour-au-musee-de-la-civilisation\/"]}]},{"@type":"BreadcrumbList","@id":"https:\/\/mcq.org\/en\/a-propos\/medias\/communiques\/les-heros-du-volisee-de-rome-prolongent-leur-sejour-au-musee-de-la-civilisation\/#breadcrumb","itemListElement":[{"@type":"ListItem","position":1,"name":"Home","item":"https:\/\/mcq.org\/en\/"},{"@type":"ListItem","position":2,"name":"Communiqu\u00e9s presse","item":"https:\/\/mcq.org\/en\/a-propos\/medias\/communiques\/"},{"@type":"ListItem","position":3,"name":"Les h\u00e9ros du Colis\u00e9e de Rome prolongent leur s\u00e9jour au Mus\u00e9e de la civilisation"}]},{"@type":"WebSite","@id":"https:\/\/mcq.org\/en\/#website","url":"https:\/\/mcq.org\/en\/","name":"Mus\u00e9e de la civilisation","description":"Le Mus\u00e9e de la civilisation explore les diff\u00e9rentes facettes de la r\u00e9alit\u00e9 humaine avec sa d\u00e9marche unique qui combine enchantement, connaissance et r\u00e9flexion.","publisher":{"@id":"https:\/\/mcq.org\/en\/#organization"},"alternateName":"MCQ","potentialAction":[{"@type":"SearchAction","target":{"@type":"EntryPoint","urlTemplate":"https:\/\/mcq.org\/en\/?s={search_term_string}"},"query-input":{"@type":"PropertyValueSpecification","valueRequired":true,"valueName":"search_term_string"}}],"inLanguage":"en-US"},{"@type":"Organization","@id":"https:\/\/mcq.org\/en\/#organization","name":"Mus\u00e9e de la civilisation","alternateName":"MCQ","url":"https:\/\/mcq.org\/en\/","logo":{"@type":"ImageObject","inLanguage":"en-US","@id":"https:\/\/mcq.org\/en\/#\/schema\/logo\/image\/","url":"https:\/\/mcq.org\/wp-content\/uploads\/2023\/04\/logo-mcq-300x123-1.png","contentUrl":"https:\/\/mcq.org\/wp-content\/uploads\/2023\/04\/logo-mcq-300x123-1.png","width":300,"height":123,"caption":"Mus\u00e9e de la civilisation"},"image":{"@id":"https:\/\/mcq.org\/en\/#\/schema\/logo\/image\/"},"sameAs":["https:\/\/www.facebook.com\/mcqorg","https:\/\/x.com\/mcqorg","https:\/\/www.instagram.com\/mcqorg\/","https:\/\/www.linkedin.com\/company\/mcqorg\/"]}]}},"_links":{"self":[{"href":"https:\/\/mcq.org\/en\/wp-json\/wp\/v2\/presse\/18394","targetHints":{"allow":["GET"]}}],"collection":[{"href":"https:\/\/mcq.org\/en\/wp-json\/wp\/v2\/presse"}],"about":[{"href":"https:\/\/mcq.org\/en\/wp-json\/wp\/v2\/types\/presse"}],"version-history":[{"count":2,"href":"https:\/\/mcq.org\/en\/wp-json\/wp\/v2\/presse\/18394\/revisions"}],"predecessor-version":[{"id":18396,"href":"https:\/\/mcq.org\/en\/wp-json\/wp\/v2\/presse\/18394\/revisions\/18396"}],"wp:attachment":[{"href":"https:\/\/mcq.org\/en\/wp-json\/wp\/v2\/media?parent=18394"}],"wp:term":[{"taxonomy":"comm-tax","embeddable":true,"href":"https:\/\/mcq.org\/en\/wp-json\/wp\/v2\/comm-tax?post=18394"}],"curies":[{"name":"wp","href":"https:\/\/api.w.org\/{rel}","templated":true}]}}