{"id":18236,"date":"2024-09-05T13:39:32","date_gmt":"2024-09-05T17:39:32","guid":{"rendered":"https:\/\/mcq.org\/?post_type=presse&#038;p=18236"},"modified":"2024-09-05T13:42:53","modified_gmt":"2024-09-05T17:42:53","slug":"la-fondation-emergence-remet-le-prix-janette-bertrand-au-musee-de-la-civilisation-pour-lexposition-unique-en-son-genre","status":"publish","type":"presse","link":"https:\/\/mcq.org\/en\/a-propos\/medias\/communiques\/la-fondation-emergence-remet-le-prix-janette-bertrand-au-musee-de-la-civilisation-pour-lexposition-unique-en-son-genre\/","title":{"rendered":"La Fondation \u00c9mergence remet le prix Janette-Bertrand au Mus\u00e9e pour l\u2019exposition Unique en son genre"},"content":{"rendered":"<div  class=\"container contenu-centre\">\n  <div class=\"row justify-content-center\">\n    <div class=\"col-lg-10 col-xl-8\">\n      \n        \n\n<p>\u00c0 l\u2019occasion de son Gala \u00c9mergence, qui marque la 22<sup>e<\/sup> \u00e9dition de sa remise de prix traditionnelle, sous le th\u00e8me \u00ab Tapis Rouge \u00c9mergence : C\u00e9l\u00e9brons l\u2019engagement et les diversit\u00e9s \u00bb, la <a href=\"https:\/\/www.fondationemergence.org\/\">Fondation \u00c9mergence<\/a> remettra, le 17 octobre prochain, le Prix Janette-Bertrand au Mus\u00e9e de la civilisation pour l\u2019exposition <em>Unique en son genre.<\/em> La Fondation reconna\u00eet ainsi la capacit\u00e9 qu\u2019a eue le Mus\u00e9e \u00e0 r\u00e9unir de nombreux partenaires communautaires et scientifiques dans ce projet, de m\u00eame que la grande qualit\u00e9 artistique et l\u2019audace de cette exposition\u2026 unique en son genre! Le Mus\u00e9e de la civilisation est fier et touch\u00e9 de cette reconnaissance et f\u00e9licite \u00e9galement les autres laur\u00e9ats annonc\u00e9s aujourd\u2019hui par la Fondation.<\/p>\n<p>\u00ab\u2009Le Mus\u00e9e de la civilisation est un mus\u00e9e de soci\u00e9t\u00e9 qui place toujours l\u2019humain au centre de ses pr\u00e9occupations. S\u2019inscrivant dans le mouvement international qui vise \u00e0 garantir une plus grande inclusion dans les mus\u00e9es, cette exposition constitue une premi\u00e8re \u00e0 l\u2019\u00e9chelle du Qu\u00e9bec et du Canada. Le Mus\u00e9e a fait preuve de courage en proposant ce th\u00e8me sensible, qu\u2019il a su aborder avec pr\u00e9caution et p\u00e9dagogie, dans une sinc\u00e8re volont\u00e9 de favoriser l\u2019ouverture et la bienveillance. Nous remercions la Fondation \u00c9mergence pour cette reconnaissance, qui nous donne le sentiment d\u2019avoir fait \u0153uvre utile.\u2009\u00bb <strong><em>St\u00e9phan La Roche, pr\u00e9sident-directeur g\u00e9n\u00e9ral, Mus\u00e9e de la civilisation<\/em><\/strong><\/p>\n<h3>\u00c0 propos d<em>\u2019Unique en son genre <\/em><\/h3>\n<p>S\u2019int\u00e9ressant \u00e0 toutes les questions ayant un impact sur le vivre-ensemble, le Mus\u00e9e de la civilisation, mus\u00e9e de soci\u00e9t\u00e9, propose un dialogue social, ouvert et bienveillant avec <a href=\"_wp_link_placeholder\" data-wplink-edit=\"true\"><em>Unique en son genre<\/em>.<\/a> Con\u00e7ue et r\u00e9alis\u00e9e par le Mus\u00e9e de la civilisation, pr\u00e9sent\u00e9e par le Groupe Banque TD avec la collaboration d\u2019Ubisoft du 18 mai 2023 au 14 avril 2024 au Mus\u00e9e de la civilisation, cette exposition permet d\u2019explorer l\u2019immense diversit\u00e9 des exp\u00e9riences li\u00e9es aux genres et met en lumi\u00e8re comment ces derni\u00e8res se sont transform\u00e9es dans le temps et selon les cultures, au Qu\u00e9bec comme ailleurs. \u00c0 travers le prisme de la biologie, de l\u2019anthropologie et de l\u2019histoire, port\u00e9s par toute une s\u00e9rie d\u2019objets, de t\u00e9moignages et d\u2019installations artistiques, les contenus qu\u2019on y explore nous ram\u00e8nent \u00e0 la dimension humaine et refl\u00e8tent mille et un visages, \u00e0 voir et \u00e0 reconna\u00eetre.<\/p>\n<h3>\u00c0 propos de la Fondation \u00c9mergence<\/h3>\n<p>La Fondation \u00c9mergence \u0153uvre contre l\u2019homophobie et la transphobie \u00e0 travers diff\u00e9rents programmes de sensibilisation comme la<strong> Journ\u00e9e internationale contre l\u2019homophobie et la transphobie<\/strong>, qui a lieu le 17 mai et dont elle est l\u2019initiatrice\u2009; <strong>ProAlli\u00e9<\/strong>, pour l\u2019inclusion des personnes LGBTQ+ dans les milieux de travail\u2009; Pour que vieillir soit gai, pour les droits des personnes a\u00een\u00e9es LGBTQ+\u2009; <strong>Famille choisie<\/strong>, qui vise \u00e0 conscientiser aux r\u00e9alit\u00e9s des personnes proches aidantes LGBTQ+\u2009; et <strong>En finir avec les th\u00e9rapies de conversion<\/strong>, qui vise \u00e0 sensibiliser et informer afin de pr\u00e9venir, d\u00e9celer et intervenir contre les pratiques de th\u00e9rapie de conversion.<\/p>\n\n\n          <\/div>\n  <\/div>\n<\/div>","protected":false},"excerpt":{"rendered":"","protected":false},"featured_media":5961,"parent":0,"menu_order":0,"template":"","comm-tax":[8],"class_list":["post-18236","presse","type-presse","status-publish","has-post-thumbnail","hentry","comm-tax-communique"],"acf":[],"yoast_head":"<!-- This site is optimized with the Yoast SEO Premium plugin v27.3 (Yoast SEO v27.3) - https:\/\/yoast.com\/product\/yoast-seo-premium-wordpress\/ -->\n<title>La Fondation \u00c9mergence remet le prix Janette-Bertrand au Mus\u00e9e pour l\u2019exposition Unique en son genre - Communiqu\u00e9 de presse | Mus\u00e9e de la civilisation<\/title>\n<meta name=\"description\" content=\"La Fondation \u00c9mergence remet le prix Janette-Bertrand au Mus\u00e9e pour l\u2019exposition Unique en son genre- communiqu\u00e9 de presse du Mus\u00e9e de la civilisation \u00e0 Qu\u00e9bec.\" \/>\n<meta name=\"robots\" content=\"index, follow, max-snippet:-1, max-image-preview:large, max-video-preview:-1\" \/>\n<link rel=\"canonical\" href=\"https:\/\/mcq.org\/en\/a-propos\/medias\/communiques\/la-fondation-emergence-remet-le-prix-janette-bertrand-au-musee-de-la-civilisation-pour-lexposition-unique-en-son-genre\/\" \/>\n<meta property=\"og:locale\" content=\"en_US\" \/>\n<meta property=\"og:type\" content=\"article\" \/>\n<meta property=\"og:title\" content=\"La Fondation \u00c9mergence remet le prix Janette-Bertrand au Mus\u00e9e pour l\u2019exposition Unique en son genre - Communiqu\u00e9 de presse | Mus\u00e9e de la civilisation\" \/>\n<meta property=\"og:description\" content=\"La Fondation \u00c9mergence remet le prix Janette-Bertrand au Mus\u00e9e pour l\u2019exposition Unique en son genre- communiqu\u00e9 de presse du Mus\u00e9e de la civilisation \u00e0 Qu\u00e9bec.\" \/>\n<meta property=\"og:url\" content=\"https:\/\/mcq.org\/en\/a-propos\/medias\/communiques\/la-fondation-emergence-remet-le-prix-janette-bertrand-au-musee-de-la-civilisation-pour-lexposition-unique-en-son-genre\/\" \/>\n<meta property=\"og:site_name\" content=\"Mus\u00e9e de la civilisation\" \/>\n<meta property=\"article:publisher\" content=\"https:\/\/www.facebook.com\/mcqorg\" \/>\n<meta property=\"article:modified_time\" content=\"2024-09-05T17:42:53+00:00\" \/>\n<meta property=\"og:image\" content=\"https:\/\/mcq.org\/wp-content\/uploads\/2023\/05\/unique-genre-presse-600x600.jpg?ver=1686688222\" \/>\n\t<meta property=\"og:image:width\" content=\"600\" \/>\n\t<meta property=\"og:image:height\" content=\"600\" \/>\n\t<meta property=\"og:image:type\" content=\"image\/jpeg\" \/>\n<meta name=\"twitter:card\" content=\"summary_large_image\" \/>\n<meta name=\"twitter:site\" content=\"@mcqorg\" \/>\n<meta name=\"twitter:label1\" content=\"Est. reading time\" \/>\n\t<meta name=\"twitter:data1\" content=\"3 minutes\" \/>\n<!-- \/ Yoast SEO Premium plugin. -->","yoast_head_json":{"title":"La Fondation \u00c9mergence remet le prix Janette-Bertrand au Mus\u00e9e pour l\u2019exposition Unique en son genre - Communiqu\u00e9 de presse | Mus\u00e9e de la civilisation","description":"La Fondation \u00c9mergence remet le prix Janette-Bertrand au Mus\u00e9e pour l\u2019exposition Unique en son genre- communiqu\u00e9 de presse du Mus\u00e9e de la civilisation \u00e0 Qu\u00e9bec.","robots":{"index":"index","follow":"follow","max-snippet":"max-snippet:-1","max-image-preview":"max-image-preview:large","max-video-preview":"max-video-preview:-1"},"canonical":"https:\/\/mcq.org\/en\/a-propos\/medias\/communiques\/la-fondation-emergence-remet-le-prix-janette-bertrand-au-musee-de-la-civilisation-pour-lexposition-unique-en-son-genre\/","og_locale":"en_US","og_type":"article","og_title":"La Fondation \u00c9mergence remet le prix Janette-Bertrand au Mus\u00e9e pour l\u2019exposition Unique en son genre - Communiqu\u00e9 de presse | Mus\u00e9e de la civilisation","og_description":"La Fondation \u00c9mergence remet le prix Janette-Bertrand au Mus\u00e9e pour l\u2019exposition Unique en son genre- communiqu\u00e9 de presse du Mus\u00e9e de la civilisation \u00e0 Qu\u00e9bec.","og_url":"https:\/\/mcq.org\/en\/a-propos\/medias\/communiques\/la-fondation-emergence-remet-le-prix-janette-bertrand-au-musee-de-la-civilisation-pour-lexposition-unique-en-son-genre\/","og_site_name":"Mus\u00e9e de la civilisation","article_publisher":"https:\/\/www.facebook.com\/mcqorg","article_modified_time":"2024-09-05T17:42:53+00:00","og_image":[{"width":600,"height":600,"url":"https:\/\/mcq.org\/wp-content\/uploads\/2023\/05\/unique-genre-presse-600x600.jpg?ver=1686688222","type":"image\/jpeg"}],"twitter_card":"summary_large_image","twitter_site":"@mcqorg","twitter_misc":{"Est. reading time":"3 minutes"},"schema":{"@context":"https:\/\/schema.org","@graph":[{"@type":"WebPage","@id":"https:\/\/mcq.org\/en\/a-propos\/medias\/communiques\/la-fondation-emergence-remet-le-prix-janette-bertrand-au-musee-de-la-civilisation-pour-lexposition-unique-en-son-genre\/","url":"https:\/\/mcq.org\/en\/a-propos\/medias\/communiques\/la-fondation-emergence-remet-le-prix-janette-bertrand-au-musee-de-la-civilisation-pour-lexposition-unique-en-son-genre\/","name":"La Fondation \u00c9mergence remet le prix Janette-Bertrand au Mus\u00e9e pour l\u2019exposition Unique en son genre - Communiqu\u00e9 de presse | Mus\u00e9e de la civilisation","isPartOf":{"@id":"https:\/\/mcq.org\/en\/#website"},"primaryImageOfPage":{"@id":"https:\/\/mcq.org\/en\/a-propos\/medias\/communiques\/la-fondation-emergence-remet-le-prix-janette-bertrand-au-musee-de-la-civilisation-pour-lexposition-unique-en-son-genre\/#primaryimage"},"image":{"@id":"https:\/\/mcq.org\/en\/a-propos\/medias\/communiques\/la-fondation-emergence-remet-le-prix-janette-bertrand-au-musee-de-la-civilisation-pour-lexposition-unique-en-son-genre\/#primaryimage"},"thumbnailUrl":"https:\/\/mcq.org\/wp-content\/uploads\/2023\/05\/unique-genre-presse-600x600.jpg?ver=1686688222","datePublished":"2024-09-05T17:39:32+00:00","dateModified":"2024-09-05T17:42:53+00:00","description":"La Fondation \u00c9mergence remet le prix Janette-Bertrand au Mus\u00e9e pour l\u2019exposition Unique en son genre- communiqu\u00e9 de presse du Mus\u00e9e de la civilisation \u00e0 Qu\u00e9bec.","breadcrumb":{"@id":"https:\/\/mcq.org\/en\/a-propos\/medias\/communiques\/la-fondation-emergence-remet-le-prix-janette-bertrand-au-musee-de-la-civilisation-pour-lexposition-unique-en-son-genre\/#breadcrumb"},"inLanguage":"en-US","potentialAction":[{"@type":"ReadAction","target":["https:\/\/mcq.org\/en\/a-propos\/medias\/communiques\/la-fondation-emergence-remet-le-prix-janette-bertrand-au-musee-de-la-civilisation-pour-lexposition-unique-en-son-genre\/"]}]},{"@type":"ImageObject","inLanguage":"en-US","@id":"https:\/\/mcq.org\/en\/a-propos\/medias\/communiques\/la-fondation-emergence-remet-le-prix-janette-bertrand-au-musee-de-la-civilisation-pour-lexposition-unique-en-son-genre\/#primaryimage","url":"https:\/\/mcq.org\/wp-content\/uploads\/2023\/05\/unique-genre-presse-600x600.jpg?ver=1686688222","contentUrl":"https:\/\/mcq.org\/wp-content\/uploads\/2023\/05\/unique-genre-presse-600x600.jpg?ver=1686688222","width":600,"height":600,"caption":"Signature visuelle de l'exposition Unique en son genre pr\u00e9sentant une personne avec un filtre passant du rose au bleu."},{"@type":"BreadcrumbList","@id":"https:\/\/mcq.org\/en\/a-propos\/medias\/communiques\/la-fondation-emergence-remet-le-prix-janette-bertrand-au-musee-de-la-civilisation-pour-lexposition-unique-en-son-genre\/#breadcrumb","itemListElement":[{"@type":"ListItem","position":1,"name":"Home","item":"https:\/\/mcq.org\/en\/"},{"@type":"ListItem","position":2,"name":"Communiqu\u00e9s presse","item":"https:\/\/mcq.org\/en\/a-propos\/medias\/communiques\/"},{"@type":"ListItem","position":3,"name":"La Fondation \u00c9mergence remet le prix Janette-Bertrand au Mus\u00e9e pour l\u2019exposition Unique en son genre"}]},{"@type":"WebSite","@id":"https:\/\/mcq.org\/en\/#website","url":"https:\/\/mcq.org\/en\/","name":"Mus\u00e9e de la civilisation","description":"Le Mus\u00e9e de la civilisation explore les diff\u00e9rentes facettes de la r\u00e9alit\u00e9 humaine avec sa d\u00e9marche unique qui combine enchantement, connaissance et r\u00e9flexion.","publisher":{"@id":"https:\/\/mcq.org\/en\/#organization"},"alternateName":"MCQ","potentialAction":[{"@type":"SearchAction","target":{"@type":"EntryPoint","urlTemplate":"https:\/\/mcq.org\/en\/?s={search_term_string}"},"query-input":{"@type":"PropertyValueSpecification","valueRequired":true,"valueName":"search_term_string"}}],"inLanguage":"en-US"},{"@type":"Organization","@id":"https:\/\/mcq.org\/en\/#organization","name":"Mus\u00e9e de la civilisation","alternateName":"MCQ","url":"https:\/\/mcq.org\/en\/","logo":{"@type":"ImageObject","inLanguage":"en-US","@id":"https:\/\/mcq.org\/en\/#\/schema\/logo\/image\/","url":"https:\/\/mcq.org\/wp-content\/uploads\/2023\/04\/logo-mcq-300x123-1.png","contentUrl":"https:\/\/mcq.org\/wp-content\/uploads\/2023\/04\/logo-mcq-300x123-1.png","width":300,"height":123,"caption":"Mus\u00e9e de la civilisation"},"image":{"@id":"https:\/\/mcq.org\/en\/#\/schema\/logo\/image\/"},"sameAs":["https:\/\/www.facebook.com\/mcqorg","https:\/\/x.com\/mcqorg","https:\/\/www.instagram.com\/mcqorg\/","https:\/\/www.linkedin.com\/company\/mcqorg\/"]}]}},"_links":{"self":[{"href":"https:\/\/mcq.org\/en\/wp-json\/wp\/v2\/presse\/18236","targetHints":{"allow":["GET"]}}],"collection":[{"href":"https:\/\/mcq.org\/en\/wp-json\/wp\/v2\/presse"}],"about":[{"href":"https:\/\/mcq.org\/en\/wp-json\/wp\/v2\/types\/presse"}],"version-history":[{"count":2,"href":"https:\/\/mcq.org\/en\/wp-json\/wp\/v2\/presse\/18236\/revisions"}],"predecessor-version":[{"id":18239,"href":"https:\/\/mcq.org\/en\/wp-json\/wp\/v2\/presse\/18236\/revisions\/18239"}],"wp:featuredmedia":[{"embeddable":true,"href":"https:\/\/mcq.org\/en\/wp-json\/wp\/v2\/media\/5961"}],"wp:attachment":[{"href":"https:\/\/mcq.org\/en\/wp-json\/wp\/v2\/media?parent=18236"}],"wp:term":[{"taxonomy":"comm-tax","embeddable":true,"href":"https:\/\/mcq.org\/en\/wp-json\/wp\/v2\/comm-tax?post=18236"}],"curies":[{"name":"wp","href":"https:\/\/api.w.org\/{rel}","templated":true}]}}