{"id":17987,"date":"2024-08-27T09:47:57","date_gmt":"2024-08-27T13:47:57","guid":{"rendered":"https:\/\/mcq.org\/?post_type=presse&#038;p=17987"},"modified":"2024-10-03T11:47:12","modified_gmt":"2024-10-03T15:47:12","slug":"lexposition-ssur-paroles-le-son-du-rap-queb-en-supplementaire-et-un-automne-hip-hop-au-musee-de-la-civilisation","status":"publish","type":"presse","link":"https:\/\/mcq.org\/en\/a-propos\/medias\/communiques\/lexposition-ssur-paroles-le-son-du-rap-queb-en-supplementaire-et-un-automne-hip-hop-au-musee-de-la-civilisation\/","title":{"rendered":"L\u2019exposition Sur paroles. Le son du rap queb en suppl\u00e9mentaire et un automne hip-hop au Mus\u00e9e de la civilisation!"},"content":{"rendered":"<div  class=\"container contenu-centre\">\n  <div class=\"row justify-content-center\">\n    <div class=\"col-lg-10 col-xl-8\">\n      \n        \n\n<p>L\u2019automne au Mus\u00e9e de la civilisation se poursuit sous le signe de l\u2019\u00e9clectisme avec une <a href=\"https:\/\/mcq.org\/decouvrir\/expositions\/\">programmation compl\u00e8tement \u00e9clat\u00e9e<\/a> qui conjugue les th\u00e8mes de la lutte, de la soci\u00e9t\u00e9 qu\u00e9b\u00e9coise, des gladiateurs et du hip-hop\u2009!<\/p>\n<h3><em>Sur paroles. Le son du rap queb<\/em> en suppl\u00e9mentaire<\/h3>\n<p>D\u2019ailleurs, en raison de son immense succ\u00e8s, l\u2019exposition <a href=\"https:\/\/mcq.org\/decouvrir\/expositions\/sur-paroles\/\"><em>Sur paroles\u00a0: le son du rap queb<\/em><\/a>, con\u00e7ue et r\u00e9alis\u00e9e avec Webster, est prolong\u00e9e jusqu\u2019au 5 janvier 2025\u2009! Rappelons que le son est au c\u0153ur de cette exp\u00e9rience de visite nouveau genre gr\u00e2ce au <a href=\"https:\/\/mcq.org\/espace-professionnel\/incubateur\/initiatives\/parcours-sonore-immersif\/\">dispositif d\u2019exp\u00e9rience sonore augment\u00e9e<\/a> cr\u00e9\u00e9 pour cette exposition.<\/p>\n<p>\u00c9coutez Webster <a href=\"https:\/\/www.instagram.com\/reel\/C_LI_2_RobY\/\">ici<\/a>.<\/p>\n<p>Dans la foul\u00e9e de cette prolongation, le Mus\u00e9e continuera de faire honneur \u00e0 la culture hip-hop du Qu\u00e9bec en proposant diff\u00e9rents rendez-vous qui permettront de plonger t\u00eate premi\u00e8re dans cet univers :<\/p>\n<h3>Spectacle d\u2019ALACLAIR ENSEMBLE<\/h3>\n<p>Le 8 novembre prochain, Alaclair Ensemble sera en <a href=\"https:\/\/mcq.org\/decouvrir\/activites\/soiree-m-avec-alaclair-ensemble\/?d=2024-11-08\">spectacle<\/a> au profit de la Fondation du Mus\u00e9e de la civilisation. La troupe postrigodon bas-canadienne fera vibrer les murs du Mus\u00e9e au son de ses grands classiques et des chansons de son plus r\u00e9cent album LAIT PATERNEL.<\/p>\n<h3>Conf\u00e9rence-spectacle <em>Une journ\u00e9e au son du rap queb!<\/em><\/h3>\n<p>Le 29 ao\u00fbt, le Mus\u00e9e pr\u00e9sentera un <a href=\"https:\/\/mcq.org\/decouvrir\/activites\/invisibilisation-du-hip-hop-une-histoire-socio-musicale\/\">\u00e9change<\/a> enrichissant sur l\u2019\u00e9volution et l\u2019avenir de la culture hip-hop au Qu\u00e9bec, sur sa capacit\u00e9 \u00e0 promouvoir la diversit\u00e9 culturelle et sur sa contribution unique \u00e0 la sc\u00e8ne musicale d\u2019ici et d\u2019ailleurs\u2009! Une table ronde qui r\u00e9unira des acteurs de renom de l\u2019industrie comme Webster, Marc-Andr\u00e9 Anzueto, Rico Rich et Erika Zarya.<\/p>\n<p>La soir\u00e9e se poursuivra avec un <a href=\"https:\/\/mcq.org\/decouvrir\/activites\/exploration-musicale-du-hip-hop-quebecois-avec-socalled-et-invites\/\">spectacle<\/a> d\u2019exploration musicale du hip-hop qu\u00e9b\u00e9cois avec l\u2019artiste Socalled, pianiste, accord\u00e9oniste et r\u00e9alisateur. Cet \u00e9v\u00e9nement GRATUIT (r\u00e9servation requise) est pr\u00e9sent\u00e9 en collaboration avec l\u2019Institut national de la recherche scientifique (INRS), dans le cadre de l\u2019\u00c9cole d\u2019\u00e9t\u00e9 sur l\u2019\u00e9cosyst\u00e8me musical qu\u00e9b\u00e9cois et la d\u00e9couvrabilit\u00e9 culturelle de l\u2019INRS et de l\u2019Universit\u00e9 Laval.<\/p>\n<h3>Nouvelle exposition internationale en d\u00e9cembre<\/h3>\n<p>Le Mus\u00e9e conviera les publics, en d\u00e9cembre, \u00e0 d\u00e9couvrir une nouvelle exposition internationale\u00a0: <a href=\"https:\/\/mcq.org\/decouvrir\/expositions\/foules\/\"><em>Foules<\/em><\/a> (titre de travail). Cette exposition, qui fut pr\u00e9sent\u00e9e \u00e0 la <a href=\"https:\/\/www.cite-sciences.fr\/fr\/accueil\" target=\"_blank\" rel=\"noopener\">Cit\u00e9 des sciences et de l\u2019industrie de Paris<\/a> d\u2019octobre 2022 \u00e0 janvier 2024, s\u2019int\u00e9resse au ph\u00e9nom\u00e8ne des foules, au comportement des \u00eatres humains \u00e0 l\u2019int\u00e9rieur de celles-ci, \u00e0 leurs m\u00e9canismes et r\u00e9percussions sur la soci\u00e9t\u00e9. \u00c0 suivre\u2026<\/p>\n\n\n          <\/div>\n  <\/div>\n<\/div>","protected":false},"excerpt":{"rendered":"","protected":false},"featured_media":17984,"parent":0,"menu_order":0,"template":"","comm-tax":[8],"class_list":["post-17987","presse","type-presse","status-publish","has-post-thumbnail","hentry","comm-tax-communique"],"acf":[],"yoast_head":"<!-- This site is optimized with the Yoast SEO Premium plugin v27.3 (Yoast SEO v27.3) - https:\/\/yoast.com\/product\/yoast-seo-premium-wordpress\/ -->\n<title>L\u2019exposition Sur paroles. Le son du rap queb en suppl\u00e9mentaire et un automne hip-hop au Mus\u00e9e de la civilisation! - Communiqu\u00e9 de presse | Mus\u00e9e de la civilisation<\/title>\n<meta name=\"description\" content=\"L\u2019exposition Sur paroles. Le son du rap queb en suppl\u00e9mentaire et un automne hip-hop au Mus\u00e9e de la civilisation!- communiqu\u00e9 de presse du Mus\u00e9e de la civilisation \u00e0 Qu\u00e9bec.\" \/>\n<meta name=\"robots\" content=\"index, follow, max-snippet:-1, max-image-preview:large, max-video-preview:-1\" \/>\n<link rel=\"canonical\" href=\"https:\/\/mcq.org\/en\/a-propos\/medias\/communiques\/lexposition-ssur-paroles-le-son-du-rap-queb-en-supplementaire-et-un-automne-hip-hop-au-musee-de-la-civilisation\/\" \/>\n<meta property=\"og:locale\" content=\"en_US\" \/>\n<meta property=\"og:type\" content=\"article\" \/>\n<meta property=\"og:title\" content=\"L\u2019exposition Sur paroles. Le son du rap queb en suppl\u00e9mentaire et un automne hip-hop au Mus\u00e9e de la civilisation! - Communiqu\u00e9 de presse | Mus\u00e9e de la civilisation\" \/>\n<meta property=\"og:description\" content=\"L\u2019exposition Sur paroles. Le son du rap queb en suppl\u00e9mentaire et un automne hip-hop au Mus\u00e9e de la civilisation!- communiqu\u00e9 de presse du Mus\u00e9e de la civilisation \u00e0 Qu\u00e9bec.\" \/>\n<meta property=\"og:url\" content=\"https:\/\/mcq.org\/en\/a-propos\/medias\/communiques\/lexposition-ssur-paroles-le-son-du-rap-queb-en-supplementaire-et-un-automne-hip-hop-au-musee-de-la-civilisation\/\" \/>\n<meta property=\"og:site_name\" content=\"Mus\u00e9e de la civilisation\" \/>\n<meta property=\"article:publisher\" content=\"https:\/\/www.facebook.com\/mcqorg\" \/>\n<meta property=\"article:modified_time\" content=\"2024-10-03T15:47:12+00:00\" \/>\n<meta property=\"og:image\" content=\"https:\/\/mcq.org\/wp-content\/uploads\/2024\/08\/sur-paroles-prolongation.jpg\" \/>\n\t<meta property=\"og:image:width\" content=\"600\" \/>\n\t<meta property=\"og:image:height\" content=\"600\" \/>\n\t<meta property=\"og:image:type\" content=\"image\/jpeg\" \/>\n<meta name=\"twitter:card\" content=\"summary_large_image\" \/>\n<meta name=\"twitter:site\" content=\"@mcqorg\" \/>\n<meta name=\"twitter:label1\" content=\"Est. reading time\" \/>\n\t<meta name=\"twitter:data1\" content=\"3 minutes\" \/>\n<!-- \/ Yoast SEO Premium plugin. -->","yoast_head_json":{"title":"L\u2019exposition Sur paroles. Le son du rap queb en suppl\u00e9mentaire et un automne hip-hop au Mus\u00e9e de la civilisation! - Communiqu\u00e9 de presse | Mus\u00e9e de la civilisation","description":"L\u2019exposition Sur paroles. Le son du rap queb en suppl\u00e9mentaire et un automne hip-hop au Mus\u00e9e de la civilisation!- communiqu\u00e9 de presse du Mus\u00e9e de la civilisation \u00e0 Qu\u00e9bec.","robots":{"index":"index","follow":"follow","max-snippet":"max-snippet:-1","max-image-preview":"max-image-preview:large","max-video-preview":"max-video-preview:-1"},"canonical":"https:\/\/mcq.org\/en\/a-propos\/medias\/communiques\/lexposition-ssur-paroles-le-son-du-rap-queb-en-supplementaire-et-un-automne-hip-hop-au-musee-de-la-civilisation\/","og_locale":"en_US","og_type":"article","og_title":"L\u2019exposition Sur paroles. Le son du rap queb en suppl\u00e9mentaire et un automne hip-hop au Mus\u00e9e de la civilisation! - Communiqu\u00e9 de presse | Mus\u00e9e de la civilisation","og_description":"L\u2019exposition Sur paroles. Le son du rap queb en suppl\u00e9mentaire et un automne hip-hop au Mus\u00e9e de la civilisation!- communiqu\u00e9 de presse du Mus\u00e9e de la civilisation \u00e0 Qu\u00e9bec.","og_url":"https:\/\/mcq.org\/en\/a-propos\/medias\/communiques\/lexposition-ssur-paroles-le-son-du-rap-queb-en-supplementaire-et-un-automne-hip-hop-au-musee-de-la-civilisation\/","og_site_name":"Mus\u00e9e de la civilisation","article_publisher":"https:\/\/www.facebook.com\/mcqorg","article_modified_time":"2024-10-03T15:47:12+00:00","og_image":[{"width":600,"height":600,"url":"https:\/\/mcq.org\/wp-content\/uploads\/2024\/08\/sur-paroles-prolongation.jpg","type":"image\/jpeg"}],"twitter_card":"summary_large_image","twitter_site":"@mcqorg","twitter_misc":{"Est. reading time":"3 minutes"},"schema":{"@context":"https:\/\/schema.org","@graph":[{"@type":"WebPage","@id":"https:\/\/mcq.org\/en\/a-propos\/medias\/communiques\/lexposition-ssur-paroles-le-son-du-rap-queb-en-supplementaire-et-un-automne-hip-hop-au-musee-de-la-civilisation\/","url":"https:\/\/mcq.org\/en\/a-propos\/medias\/communiques\/lexposition-ssur-paroles-le-son-du-rap-queb-en-supplementaire-et-un-automne-hip-hop-au-musee-de-la-civilisation\/","name":"L\u2019exposition Sur paroles. Le son du rap queb en suppl\u00e9mentaire et un automne hip-hop au Mus\u00e9e de la civilisation! - Communiqu\u00e9 de presse | Mus\u00e9e de la civilisation","isPartOf":{"@id":"https:\/\/mcq.org\/en\/#website"},"primaryImageOfPage":{"@id":"https:\/\/mcq.org\/en\/a-propos\/medias\/communiques\/lexposition-ssur-paroles-le-son-du-rap-queb-en-supplementaire-et-un-automne-hip-hop-au-musee-de-la-civilisation\/#primaryimage"},"image":{"@id":"https:\/\/mcq.org\/en\/a-propos\/medias\/communiques\/lexposition-ssur-paroles-le-son-du-rap-queb-en-supplementaire-et-un-automne-hip-hop-au-musee-de-la-civilisation\/#primaryimage"},"thumbnailUrl":"https:\/\/mcq.org\/wp-content\/uploads\/2024\/08\/sur-paroles-prolongation.jpg","datePublished":"2024-08-27T13:47:57+00:00","dateModified":"2024-10-03T15:47:12+00:00","description":"L\u2019exposition Sur paroles. Le son du rap queb en suppl\u00e9mentaire et un automne hip-hop au Mus\u00e9e de la civilisation!- communiqu\u00e9 de presse du Mus\u00e9e de la civilisation \u00e0 Qu\u00e9bec.","breadcrumb":{"@id":"https:\/\/mcq.org\/en\/a-propos\/medias\/communiques\/lexposition-ssur-paroles-le-son-du-rap-queb-en-supplementaire-et-un-automne-hip-hop-au-musee-de-la-civilisation\/#breadcrumb"},"inLanguage":"en-US","potentialAction":[{"@type":"ReadAction","target":["https:\/\/mcq.org\/en\/a-propos\/medias\/communiques\/lexposition-ssur-paroles-le-son-du-rap-queb-en-supplementaire-et-un-automne-hip-hop-au-musee-de-la-civilisation\/"]}]},{"@type":"ImageObject","inLanguage":"en-US","@id":"https:\/\/mcq.org\/en\/a-propos\/medias\/communiques\/lexposition-ssur-paroles-le-son-du-rap-queb-en-supplementaire-et-un-automne-hip-hop-au-musee-de-la-civilisation\/#primaryimage","url":"https:\/\/mcq.org\/wp-content\/uploads\/2024\/08\/sur-paroles-prolongation.jpg","contentUrl":"https:\/\/mcq.org\/wp-content\/uploads\/2024\/08\/sur-paroles-prolongation.jpg","width":600,"height":600,"caption":"Montage de plusieurs photos en noir et blanc d'artistes hip-hop du Qu\u00e9bec. Par dessus est \u00e9crit En suppl\u00e9mentaire jusqu'au 5 janvier."},{"@type":"BreadcrumbList","@id":"https:\/\/mcq.org\/en\/a-propos\/medias\/communiques\/lexposition-ssur-paroles-le-son-du-rap-queb-en-supplementaire-et-un-automne-hip-hop-au-musee-de-la-civilisation\/#breadcrumb","itemListElement":[{"@type":"ListItem","position":1,"name":"Home","item":"https:\/\/mcq.org\/en\/"},{"@type":"ListItem","position":2,"name":"Communiqu\u00e9s presse","item":"https:\/\/mcq.org\/en\/a-propos\/medias\/communiques\/"},{"@type":"ListItem","position":3,"name":"L\u2019exposition Sur paroles. Le son du rap queb en suppl\u00e9mentaire et un automne hip-hop au Mus\u00e9e de la civilisation!"}]},{"@type":"WebSite","@id":"https:\/\/mcq.org\/en\/#website","url":"https:\/\/mcq.org\/en\/","name":"Mus\u00e9e de la civilisation","description":"Le Mus\u00e9e de la civilisation explore les diff\u00e9rentes facettes de la r\u00e9alit\u00e9 humaine avec sa d\u00e9marche unique qui combine enchantement, connaissance et r\u00e9flexion.","publisher":{"@id":"https:\/\/mcq.org\/en\/#organization"},"alternateName":"MCQ","potentialAction":[{"@type":"SearchAction","target":{"@type":"EntryPoint","urlTemplate":"https:\/\/mcq.org\/en\/?s={search_term_string}"},"query-input":{"@type":"PropertyValueSpecification","valueRequired":true,"valueName":"search_term_string"}}],"inLanguage":"en-US"},{"@type":"Organization","@id":"https:\/\/mcq.org\/en\/#organization","name":"Mus\u00e9e de la civilisation","alternateName":"MCQ","url":"https:\/\/mcq.org\/en\/","logo":{"@type":"ImageObject","inLanguage":"en-US","@id":"https:\/\/mcq.org\/en\/#\/schema\/logo\/image\/","url":"https:\/\/mcq.org\/wp-content\/uploads\/2023\/04\/logo-mcq-300x123-1.png","contentUrl":"https:\/\/mcq.org\/wp-content\/uploads\/2023\/04\/logo-mcq-300x123-1.png","width":300,"height":123,"caption":"Mus\u00e9e de la civilisation"},"image":{"@id":"https:\/\/mcq.org\/en\/#\/schema\/logo\/image\/"},"sameAs":["https:\/\/www.facebook.com\/mcqorg","https:\/\/x.com\/mcqorg","https:\/\/www.instagram.com\/mcqorg\/","https:\/\/www.linkedin.com\/company\/mcqorg\/"]}]}},"_links":{"self":[{"href":"https:\/\/mcq.org\/en\/wp-json\/wp\/v2\/presse\/17987","targetHints":{"allow":["GET"]}}],"collection":[{"href":"https:\/\/mcq.org\/en\/wp-json\/wp\/v2\/presse"}],"about":[{"href":"https:\/\/mcq.org\/en\/wp-json\/wp\/v2\/types\/presse"}],"version-history":[{"count":3,"href":"https:\/\/mcq.org\/en\/wp-json\/wp\/v2\/presse\/17987\/revisions"}],"predecessor-version":[{"id":18709,"href":"https:\/\/mcq.org\/en\/wp-json\/wp\/v2\/presse\/17987\/revisions\/18709"}],"wp:featuredmedia":[{"embeddable":true,"href":"https:\/\/mcq.org\/en\/wp-json\/wp\/v2\/media\/17984"}],"wp:attachment":[{"href":"https:\/\/mcq.org\/en\/wp-json\/wp\/v2\/media?parent=17987"}],"wp:term":[{"taxonomy":"comm-tax","embeddable":true,"href":"https:\/\/mcq.org\/en\/wp-json\/wp\/v2\/comm-tax?post=17987"}],"curies":[{"name":"wp","href":"https:\/\/api.w.org\/{rel}","templated":true}]}}