{"id":17401,"date":"2024-07-02T09:30:00","date_gmt":"2024-07-02T13:30:00","guid":{"rendered":"https:\/\/mcq.org\/?post_type=presse&#038;p=17401"},"modified":"2024-07-02T15:19:30","modified_gmt":"2024-07-02T19:19:30","slug":"des-objets-lies-au-spectacle-memorable-du-17-juillet-2023-des-cowboys-fringants-sur-les-plaines-entrent-dans-les-collections-du-musee-de-la-civilisation","status":"publish","type":"presse","link":"https:\/\/mcq.org\/en\/a-propos\/medias\/communiques\/des-objets-lies-au-spectacle-memorable-du-17-juillet-2023-des-cowboys-fringants-sur-les-plaines-entrent-dans-les-collections-du-musee-de-la-civilisation\/","title":{"rendered":"Des objets li\u00e9s au spectacle m\u00e9morable du 17 juillet 2023 des Cowboys Fringants sur les plaines entrent dans les collections du Mus\u00e9e de la civilisation"},"content":{"rendered":"<div  class=\"container contenu-centre\">\n  <div class=\"row justify-content-center\">\n    <div class=\"col-lg-10 col-xl-8\">\n      \n        \n\n<p>\u00c0 quelques heures de l\u2019ouverture de l\u2019\u00e9dition 2024 du <a href=\"https:\/\/www.feq.ca\/\" target=\"_blank\" rel=\"noopener\">Festival d\u2019\u00e9t\u00e9 de Qu\u00e9bec<\/a> (FEQ), le Mus\u00e9e de la civilisation est heureux d\u2019annoncer que des objets li\u00e9s au spectacle historique du 17 juillet 2023, sur les plaines d\u2019Abraham, sont officiellement entr\u00e9s dans ses collections. En posant cet acte symbolique de donation, les artistes, qui ont fait vibrer le c\u0153ur et touch\u00e9 l\u2019\u00e2me de milliers de personnes au cours cette soir\u00e9e m\u00e9morable, s\u2019assurent de conserver une trace mat\u00e9rielle de ces pr\u00e9cieux moments qui demeureront \u00e0 jamais grav\u00e9s dans la m\u00e9moire collective.<\/p>\n<p>La donation est compos\u00e9e de v\u00eatements port\u00e9s lors de l\u2019\u00e9v\u00e9nement par les membres du groupe <a href=\"https:\/\/www.cowboysfringants.com\/\" target=\"_blank\" rel=\"noopener\">Les Cowboys Fringants<\/a>\u00a0: la cravate du chanteur Karl Tremblay, la robe rose de la violoniste Marie-Anik L\u00e9pine, le t-shirt du guitariste et auteur-compositeur principal, Jean-Fran\u00e7ois Pauz\u00e9, et les chaussures du bassiste J\u00e9r\u00f4me Dupras. <a href=\"https:\/\/www.saradufour.com\/\" target=\"_blank\" rel=\"noopener\">Sara Dufour<\/a> a aussi offert son justaucorps, son n\u0153ud papillon, ses shorts et ses bottes. Tous ces artistes, de m\u00eame que <a href=\"https:\/\/www.robertcharlebois.com\/\" target=\"_blank\" rel=\"noopener\">Robert Charlebois<\/a> et Louise Forestier, ont sign\u00e9 la liste de toutes les chansons qu\u2019ils avaient choisies d\u2019interpr\u00e9ter pour l\u2019occasion. La maison de g\u00e9rance d\u2019artistes <a href=\"http:\/\/latribu.ca\/fr\" target=\"_blank\" rel=\"noopener\">La Tribu<\/a> a compl\u00e9t\u00e9 la donation avec une carte d\u2019acc\u00e8s \u00e0 l\u2019arri\u00e8re-sc\u00e8ne que toute l\u2019\u00e9quipe de production des Cowboys Fringants devait porter.<\/p>\n<p><strong>Citations\u00a0:<\/strong><\/p>\n<p>\u00ab\u2009Nous ne pouvions passer \u00e0 c\u00f4t\u00e9 de ce spectacle qui, d\u00e8s l\u2019annonce de son report, a pris une ampleur insoup\u00e7onn\u00e9e, une dimension sociale dont la pertinence \u00e9tait criante pour un mus\u00e9e de soci\u00e9t\u00e9 comme le n\u00f4tre. J\u2019y \u00e9tais personnellement et, d\u00e8s les premi\u00e8res notes, nous avons compris que le spectacle du 17 juillet 2023 entrait dans la cat\u00e9gorie des grands spectacles mythiques du Qu\u00e9bec. Je remercie sinc\u00e8rement et chaleureusement les artistes d\u2019avoir compris l\u2019importance symbolique de notre demande et l\u2019\u00e9quipe du FEQ qui a grandement facilit\u00e9 les contacts avec eux.\u2009\u00bb <strong><em>St\u00e9phan La Roche, pr\u00e9sident-directeur g\u00e9n\u00e9ral du Mus\u00e9e de la civilisation <\/em><\/strong><\/p>\n<p><strong><em>\u00a0<\/em><\/strong><\/p>\n<p>\u00ab\u2009Nous sommes profond\u00e9ment honor\u00e9s que ce moment, qui a marqu\u00e9 notre festival et nos festivaliers, trouve une nouvelle r\u00e9sonance au sein du Mus\u00e9e de la civilisation. Lorsque l\u2019\u00e9quipe a donn\u00e9 une deuxi\u00e8me chance \u00e0 ce spectacle &#8211; que des milliers de <em>fans<\/em> attendaient \u2013 nous nous doutions bien de l\u2019importance de la soir\u00e9e. Le MCQ nous confirme la port\u00e9e historique de ce report. C\u2019est une reconnaissance pour les nombreux intervenants impliqu\u00e9s, qui ont collabor\u00e9 activement \u00e0 rendre le tout possible.\u2009\u00bb <strong><em>Nicolas Racine, pr\u00e9sident-directeur g\u00e9n\u00e9ral du FEQ<\/em><\/strong><\/p>\n<p>En entrant dans les collections sous la responsabilit\u00e9 du Mus\u00e9e, ces t\u00e9moins tangibles d\u2019un moment charni\u00e8re tant pour les artistes que pour la musique au Qu\u00e9bec seront conserv\u00e9s de fa\u00e7on p\u00e9renne.<\/p>\n<p style=\"text-align: center;\">\u2013\u00a030\u00a0\u2013<\/p>\n\n\n          <\/div>\n  <\/div>\n<\/div>","protected":false},"excerpt":{"rendered":"","protected":false},"featured_media":17414,"parent":0,"menu_order":0,"template":"","comm-tax":[8],"class_list":["post-17401","presse","type-presse","status-publish","has-post-thumbnail","hentry","comm-tax-communique"],"acf":[],"yoast_head":"<!-- This site is optimized with the Yoast SEO Premium plugin v27.3 (Yoast SEO v27.3) - https:\/\/yoast.com\/product\/yoast-seo-premium-wordpress\/ -->\n<title>Des objets li\u00e9s au spectacle m\u00e9morable du 17 juillet 2023 des Cowboys Fringants sur les plaines entrent dans les collections du Mus\u00e9e de la civilisation - Communiqu\u00e9 de presse | Mus\u00e9e de la civilisation<\/title>\n<meta name=\"description\" content=\"Des objets li\u00e9s au spectacle m\u00e9morable du 17 juillet 2023 des Cowboys Fringants sur les plaines entrent dans les collections du Mus\u00e9e de la civilisation- communiqu\u00e9 de presse du Mus\u00e9e de la civilisation \u00e0 Qu\u00e9bec.\" \/>\n<meta name=\"robots\" content=\"index, follow, max-snippet:-1, max-image-preview:large, max-video-preview:-1\" \/>\n<link rel=\"canonical\" href=\"https:\/\/mcq.org\/en\/a-propos\/medias\/communiques\/des-objets-lies-au-spectacle-memorable-du-17-juillet-2023-des-cowboys-fringants-sur-les-plaines-entrent-dans-les-collections-du-musee-de-la-civilisation\/\" \/>\n<meta property=\"og:locale\" content=\"en_US\" \/>\n<meta property=\"og:type\" content=\"article\" \/>\n<meta property=\"og:title\" content=\"Des objets li\u00e9s au spectacle m\u00e9morable du 17 juillet 2023 des Cowboys Fringants sur les plaines entrent dans les collections du Mus\u00e9e de la civilisation - Communiqu\u00e9 de presse | Mus\u00e9e de la civilisation\" \/>\n<meta property=\"og:description\" content=\"Des objets li\u00e9s au spectacle m\u00e9morable du 17 juillet 2023 des Cowboys Fringants sur les plaines entrent dans les collections du Mus\u00e9e de la civilisation- communiqu\u00e9 de presse du Mus\u00e9e de la civilisation \u00e0 Qu\u00e9bec.\" \/>\n<meta property=\"og:url\" content=\"https:\/\/mcq.org\/en\/a-propos\/medias\/communiques\/des-objets-lies-au-spectacle-memorable-du-17-juillet-2023-des-cowboys-fringants-sur-les-plaines-entrent-dans-les-collections-du-musee-de-la-civilisation\/\" \/>\n<meta property=\"og:site_name\" content=\"Mus\u00e9e de la civilisation\" \/>\n<meta property=\"article:publisher\" content=\"https:\/\/www.facebook.com\/mcqorg\" \/>\n<meta property=\"article:modified_time\" content=\"2024-07-02T19:19:30+00:00\" \/>\n<meta property=\"og:image\" content=\"https:\/\/mcq.org\/wp-content\/uploads\/2024\/07\/donation-cowboys-fringants.jpg\" \/>\n\t<meta property=\"og:image:width\" content=\"600\" \/>\n\t<meta property=\"og:image:height\" content=\"600\" \/>\n\t<meta property=\"og:image:type\" content=\"image\/jpeg\" \/>\n<meta name=\"twitter:card\" content=\"summary_large_image\" \/>\n<meta name=\"twitter:site\" content=\"@mcqorg\" \/>\n<meta name=\"twitter:label1\" content=\"Est. reading time\" \/>\n\t<meta name=\"twitter:data1\" content=\"3 minutes\" \/>\n<!-- \/ Yoast SEO Premium plugin. -->","yoast_head_json":{"title":"Des objets li\u00e9s au spectacle m\u00e9morable du 17 juillet 2023 des Cowboys Fringants sur les plaines entrent dans les collections du Mus\u00e9e de la civilisation - Communiqu\u00e9 de presse | Mus\u00e9e de la civilisation","description":"Des objets li\u00e9s au spectacle m\u00e9morable du 17 juillet 2023 des Cowboys Fringants sur les plaines entrent dans les collections du Mus\u00e9e de la civilisation- communiqu\u00e9 de presse du Mus\u00e9e de la civilisation \u00e0 Qu\u00e9bec.","robots":{"index":"index","follow":"follow","max-snippet":"max-snippet:-1","max-image-preview":"max-image-preview:large","max-video-preview":"max-video-preview:-1"},"canonical":"https:\/\/mcq.org\/en\/a-propos\/medias\/communiques\/des-objets-lies-au-spectacle-memorable-du-17-juillet-2023-des-cowboys-fringants-sur-les-plaines-entrent-dans-les-collections-du-musee-de-la-civilisation\/","og_locale":"en_US","og_type":"article","og_title":"Des objets li\u00e9s au spectacle m\u00e9morable du 17 juillet 2023 des Cowboys Fringants sur les plaines entrent dans les collections du Mus\u00e9e de la civilisation - Communiqu\u00e9 de presse | Mus\u00e9e de la civilisation","og_description":"Des objets li\u00e9s au spectacle m\u00e9morable du 17 juillet 2023 des Cowboys Fringants sur les plaines entrent dans les collections du Mus\u00e9e de la civilisation- communiqu\u00e9 de presse du Mus\u00e9e de la civilisation \u00e0 Qu\u00e9bec.","og_url":"https:\/\/mcq.org\/en\/a-propos\/medias\/communiques\/des-objets-lies-au-spectacle-memorable-du-17-juillet-2023-des-cowboys-fringants-sur-les-plaines-entrent-dans-les-collections-du-musee-de-la-civilisation\/","og_site_name":"Mus\u00e9e de la civilisation","article_publisher":"https:\/\/www.facebook.com\/mcqorg","article_modified_time":"2024-07-02T19:19:30+00:00","og_image":[{"width":600,"height":600,"url":"https:\/\/mcq.org\/wp-content\/uploads\/2024\/07\/donation-cowboys-fringants.jpg","type":"image\/jpeg"}],"twitter_card":"summary_large_image","twitter_site":"@mcqorg","twitter_misc":{"Est. reading time":"3 minutes"},"schema":{"@context":"https:\/\/schema.org","@graph":[{"@type":"WebPage","@id":"https:\/\/mcq.org\/en\/a-propos\/medias\/communiques\/des-objets-lies-au-spectacle-memorable-du-17-juillet-2023-des-cowboys-fringants-sur-les-plaines-entrent-dans-les-collections-du-musee-de-la-civilisation\/","url":"https:\/\/mcq.org\/en\/a-propos\/medias\/communiques\/des-objets-lies-au-spectacle-memorable-du-17-juillet-2023-des-cowboys-fringants-sur-les-plaines-entrent-dans-les-collections-du-musee-de-la-civilisation\/","name":"Des objets li\u00e9s au spectacle m\u00e9morable du 17 juillet 2023 des Cowboys Fringants sur les plaines entrent dans les collections du Mus\u00e9e de la civilisation - Communiqu\u00e9 de presse | Mus\u00e9e de la civilisation","isPartOf":{"@id":"https:\/\/mcq.org\/en\/#website"},"primaryImageOfPage":{"@id":"https:\/\/mcq.org\/en\/a-propos\/medias\/communiques\/des-objets-lies-au-spectacle-memorable-du-17-juillet-2023-des-cowboys-fringants-sur-les-plaines-entrent-dans-les-collections-du-musee-de-la-civilisation\/#primaryimage"},"image":{"@id":"https:\/\/mcq.org\/en\/a-propos\/medias\/communiques\/des-objets-lies-au-spectacle-memorable-du-17-juillet-2023-des-cowboys-fringants-sur-les-plaines-entrent-dans-les-collections-du-musee-de-la-civilisation\/#primaryimage"},"thumbnailUrl":"https:\/\/mcq.org\/wp-content\/uploads\/2024\/07\/donation-cowboys-fringants.jpg","datePublished":"2024-07-02T13:30:00+00:00","dateModified":"2024-07-02T19:19:30+00:00","description":"Des objets li\u00e9s au spectacle m\u00e9morable du 17 juillet 2023 des Cowboys Fringants sur les plaines entrent dans les collections du Mus\u00e9e de la civilisation- communiqu\u00e9 de presse du Mus\u00e9e de la civilisation \u00e0 Qu\u00e9bec.","breadcrumb":{"@id":"https:\/\/mcq.org\/en\/a-propos\/medias\/communiques\/des-objets-lies-au-spectacle-memorable-du-17-juillet-2023-des-cowboys-fringants-sur-les-plaines-entrent-dans-les-collections-du-musee-de-la-civilisation\/#breadcrumb"},"inLanguage":"en-US","potentialAction":[{"@type":"ReadAction","target":["https:\/\/mcq.org\/en\/a-propos\/medias\/communiques\/des-objets-lies-au-spectacle-memorable-du-17-juillet-2023-des-cowboys-fringants-sur-les-plaines-entrent-dans-les-collections-du-musee-de-la-civilisation\/"]}]},{"@type":"ImageObject","inLanguage":"en-US","@id":"https:\/\/mcq.org\/en\/a-propos\/medias\/communiques\/des-objets-lies-au-spectacle-memorable-du-17-juillet-2023-des-cowboys-fringants-sur-les-plaines-entrent-dans-les-collections-du-musee-de-la-civilisation\/#primaryimage","url":"https:\/\/mcq.org\/wp-content\/uploads\/2024\/07\/donation-cowboys-fringants.jpg","contentUrl":"https:\/\/mcq.org\/wp-content\/uploads\/2024\/07\/donation-cowboys-fringants.jpg","width":600,"height":600,"caption":"Sur des mannequins sur pied, une robe rose, une cravate verte et blanc, un chandail \u00e0 manches courtes noirs et des souliers blancs. Ce sont les v\u00eatements port\u00e9s par les Cowboys Fringans lors du spectacle du 17 juillet 2023."},{"@type":"BreadcrumbList","@id":"https:\/\/mcq.org\/en\/a-propos\/medias\/communiques\/des-objets-lies-au-spectacle-memorable-du-17-juillet-2023-des-cowboys-fringants-sur-les-plaines-entrent-dans-les-collections-du-musee-de-la-civilisation\/#breadcrumb","itemListElement":[{"@type":"ListItem","position":1,"name":"Home","item":"https:\/\/mcq.org\/en\/"},{"@type":"ListItem","position":2,"name":"Communiqu\u00e9s presse","item":"https:\/\/mcq.org\/en\/a-propos\/medias\/communiques\/"},{"@type":"ListItem","position":3,"name":"Des objets li\u00e9s au spectacle m\u00e9morable du 17 juillet 2023 des Cowboys Fringants sur les plaines entrent dans les collections du Mus\u00e9e de la civilisation"}]},{"@type":"WebSite","@id":"https:\/\/mcq.org\/en\/#website","url":"https:\/\/mcq.org\/en\/","name":"Mus\u00e9e de la civilisation","description":"Le Mus\u00e9e de la civilisation explore les diff\u00e9rentes facettes de la r\u00e9alit\u00e9 humaine avec sa d\u00e9marche unique qui combine enchantement, connaissance et r\u00e9flexion.","publisher":{"@id":"https:\/\/mcq.org\/en\/#organization"},"alternateName":"MCQ","potentialAction":[{"@type":"SearchAction","target":{"@type":"EntryPoint","urlTemplate":"https:\/\/mcq.org\/en\/?s={search_term_string}"},"query-input":{"@type":"PropertyValueSpecification","valueRequired":true,"valueName":"search_term_string"}}],"inLanguage":"en-US"},{"@type":"Organization","@id":"https:\/\/mcq.org\/en\/#organization","name":"Mus\u00e9e de la civilisation","alternateName":"MCQ","url":"https:\/\/mcq.org\/en\/","logo":{"@type":"ImageObject","inLanguage":"en-US","@id":"https:\/\/mcq.org\/en\/#\/schema\/logo\/image\/","url":"https:\/\/mcq.org\/wp-content\/uploads\/2023\/04\/logo-mcq-300x123-1.png","contentUrl":"https:\/\/mcq.org\/wp-content\/uploads\/2023\/04\/logo-mcq-300x123-1.png","width":300,"height":123,"caption":"Mus\u00e9e de la civilisation"},"image":{"@id":"https:\/\/mcq.org\/en\/#\/schema\/logo\/image\/"},"sameAs":["https:\/\/www.facebook.com\/mcqorg","https:\/\/x.com\/mcqorg","https:\/\/www.instagram.com\/mcqorg\/","https:\/\/www.linkedin.com\/company\/mcqorg\/"]}]}},"_links":{"self":[{"href":"https:\/\/mcq.org\/en\/wp-json\/wp\/v2\/presse\/17401","targetHints":{"allow":["GET"]}}],"collection":[{"href":"https:\/\/mcq.org\/en\/wp-json\/wp\/v2\/presse"}],"about":[{"href":"https:\/\/mcq.org\/en\/wp-json\/wp\/v2\/types\/presse"}],"version-history":[{"count":3,"href":"https:\/\/mcq.org\/en\/wp-json\/wp\/v2\/presse\/17401\/revisions"}],"predecessor-version":[{"id":17409,"href":"https:\/\/mcq.org\/en\/wp-json\/wp\/v2\/presse\/17401\/revisions\/17409"}],"wp:featuredmedia":[{"embeddable":true,"href":"https:\/\/mcq.org\/en\/wp-json\/wp\/v2\/media\/17414"}],"wp:attachment":[{"href":"https:\/\/mcq.org\/en\/wp-json\/wp\/v2\/media?parent=17401"}],"wp:term":[{"taxonomy":"comm-tax","embeddable":true,"href":"https:\/\/mcq.org\/en\/wp-json\/wp\/v2\/comm-tax?post=17401"}],"curies":[{"name":"wp","href":"https:\/\/api.w.org\/{rel}","templated":true}]}}