{"id":17010,"date":"2024-06-11T11:30:00","date_gmt":"2024-06-11T15:30:00","guid":{"rendered":"https:\/\/mcq.org\/?post_type=presse&#038;p=17010"},"modified":"2024-07-09T12:14:04","modified_gmt":"2024-07-09T16:14:04","slug":"fondation-du-musee-de-la-civilisation-une-annee-2023-2024-dynamique-et-changement-a-la-presidence-du-conseil-dadministration","status":"publish","type":"presse","link":"https:\/\/mcq.org\/en\/a-propos\/medias\/communiques\/fondation-du-musee-de-la-civilisation-une-annee-2023-2024-dynamique-et-changement-a-la-presidence-du-conseil-dadministration\/","title":{"rendered":"Fondation du Mus\u00e9e de la civilisation\u00a0: une ann\u00e9e 2023-2024 dynamique et changement \u00e0 la pr\u00e9sidence du conseil d\u2019administration"},"content":{"rendered":"<div  class=\"container contenu-centre\">\n  <div class=\"row justify-content-center\">\n    <div class=\"col-lg-10 col-xl-8\">\n      \n        \n\n<p>La Fondation du Mus\u00e9e de la civilisation est plus en forme que jamais. Elle attire de nouveaux donateurs et donatrices, ses \u00e9v\u00e9nements font salle comble, son impact ne cesse de cro\u00eetre et son regard est plus que jamais tourn\u00e9 vers l\u2019avenir, avec de grands projets devant elle, dont La Maison des sciences. Par ailleurs, au cours des 5 derni\u00e8res ann\u00e9es, les actifs de la Fondation ont tripl\u00e9, ce qui d\u00e9montre sa vitalit\u00e9. Fond\u00e9e le 17 avril 1991, son soutien au Mus\u00e9e de la civilisation s\u2019\u00e9l\u00e8ve \u00e0 ce jour \u00e0 8<strong>\u00a0<\/strong>037<strong>\u00a0<\/strong>211<strong>\u00a0<\/strong>$. Pr\u00e8s de 70<strong>\u00a0<\/strong>% de cette somme a \u00e9t\u00e9 d\u00e9di\u00e9e \u00e0 la programmation, l\u2019accessibilit\u00e9, la jeunesse et l\u2019\u00e9ducation. Elle a aussi contribu\u00e9 \u00e0 accueillir plus de trois millions d\u2019enfants au Mus\u00e9e de la civilisation depuis le d\u00e9but de ses activit\u00e9s.<\/p>\n<p>En 2023-2024, la Fondation s\u2019est dot\u00e9e d\u2019une nouvelle image de marque dynamique qui la repr\u00e9sente bien afin de d\u00e9velopper un positionnement fort qui demeure en coh\u00e9sion avec celui du Mus\u00e9e de la civilisation. Cette volont\u00e9 d\u2019articuler son langage graphique sur une identit\u00e9 visuelle qui lui est propre a aussi men\u00e9 \u00e0 la cr\u00e9ation d\u2019un nouveau logo.<\/p>\n<p>Cette ann\u00e9e, 4<strong>\u00a0<\/strong>026<strong>\u00a0<\/strong>187<strong>\u00a0<\/strong>$ ont \u00e9t\u00e9 amass\u00e9s gr\u00e2ce \u00e0 la g\u00e9n\u00e9rosit\u00e9 de 633 donateurs et donatrices. Tous les \u00e9v\u00e9nements de la Fondation furent un v\u00e9ritable succ\u00e8s. Mentionnons le Grand Banquet qui s\u2019est tenu sous la pr\u00e9sidence d\u2019honneur de monsieur Paul Desmarais III, pr\u00e9sident-directeur g\u00e9n\u00e9ral de Sagard, et qui a permis d\u2019amasser un b\u00e9n\u00e9fice net record de 500<strong>\u00a0<\/strong>000<strong>\u00a0<\/strong>$. C\u2019est \u00e9galement \u00e0 cette occasion que fut d\u00e9voil\u00e9 un r\u00e9sultat spectaculaire de 5,5<strong>\u00a0<\/strong>M$ pour la campagne de financement de La Maison des sciences, atteint en un temps record, d\u00e9passant l\u2019objectif initial de 5<strong>\u00a0<\/strong>M$.<\/p>\n<p>C\u2019est au terme de cette fructueuse ann\u00e9e que le pr\u00e9sident du conseil d\u2019administration de la Fondation, Claude Choquette, a annonc\u00e9 son d\u00e9part. M<sup>e<\/sup> Olga Farman, associ\u00e9e directrice du bureau de Qu\u00e9bec de Norton Rose Fulbright, et membre du conseil d\u2019administration depuis pr\u00e8s de 5 ans, lui succ\u00e8dera \u00e0 la pr\u00e9sidence.<\/p>\n<p>\u00ab\u00a0Ces neuf ann\u00e9es ont \u00e9t\u00e9 extraordinairement humaines, profondes et enrichissantes et je souhaite maintenant permettre \u00e0 une autre personne de c\u0153ur d\u2019avoir la chance de vivre cette exp\u00e9rience. Dans mes engagements, j\u2019ai toujours souhait\u00e9 \u00eatre ancr\u00e9 dans l\u2019action. Au fil de mes implications, je cherche \u00e0 faire une r\u00e9elle et concr\u00e8te diff\u00e9rence. Ma motivation na\u00eet de valeurs qui me sont ch\u00e8res<strong>\u00a0<\/strong>: \u00e9ducation, accessibilit\u00e9 et inclusion. La Fondation du Mus\u00e9e de la civilisation partage et v\u00e9hicule magnifiquement ces valeurs. C\u2019est pourquoi je m\u2019y suis tout de suite senti chez moi. Merci \u00e0 toute la formidable \u00e9quipe de la Fondation et \u00e0 chaque membre du conseil d\u2019administration que j\u2019ai c\u00f4toy\u00e9 dans cette belle aventure.<strong>\u00a0<\/strong>\u00bb<br \/><strong><em>Claude Choquette, <\/em><\/strong><strong><em>FCPA, <\/em><\/strong><strong><em>pr\u00e9sident, HDG et Groupe Le Massif, <\/em><\/strong><strong><em>pr\u00e9sident sortant du conseil d\u2019administration de la Fondation du Mus\u00e9e de la civilisation<\/em><\/strong><\/p>\n<p>\u00ab\u00a0Je tiens \u00e0 souligner la contribution exceptionnelle de Claude Choquette, qui a su transformer la mission de la Fondation, qui nous est si ch\u00e8re, en la dotant d\u2019une approche clairement bas\u00e9e sur l\u2019\u00e9ducation et l\u2019accessibilit\u00e9 \u00e0 la culture, particuli\u00e8rement pour les enfants provenant de milieux moins favoris\u00e9s. Je salue et remercie le conseil d\u2019administration actuel, ensemble, nous allons poursuivre et perp\u00e9tuer ces avanc\u00e9es importantes qui ont men\u00e9 la Fondation o\u00f9 elle est aujourd\u2019hui\u00a0: fortement implant\u00e9e dans le c\u0153ur de centaines de donateurs et donatrices et forte d\u2019une rayonnante notori\u00e9t\u00e9 aupr\u00e8s des milieux d\u2019influence.\u00a0\u00bb<br \/><strong><em>M<sup>e<\/sup> Olga Farman, associ\u00e9e directrice, bureau de Qu\u00e9bec, Norton Rose Fulbright et nouvelle pr\u00e9sidente du conseil d\u2019administration du Mus\u00e9e de la civilisation<\/em><\/strong><\/p>\n<p>La Fondation remercie chaleureusement le membre sortant Daniel Tremblay, consultant chez Bell M\u00e9dia, pour sa pr\u00e9cieuse contribution.<\/p>\n<p><strong>Membres du conseil d\u2019administration 2024-2025<\/strong><\/p>\n<p>PR\u00c9SIDENTE<br \/><strong>M<sup>e<\/sup> Olga Farman<br \/><\/strong>Associ\u00e9 directrie du bureau de Qu\u00e9bec, Norton Rose Fulbright<\/p>\n<p>VICE-PR\u00c9SIDENTE<br \/><strong>M\u00e9lissa Gilbert, FCPA, ASC<br \/><\/strong>Vice-pr\u00e9sidente ex\u00e9cutive et leader<br \/>Affaires financi\u00e8res, Beneva<\/p>\n<p>TR\u00c9SORI\u00c8RE<br \/><strong>Marie-France Delisle, M. Sc<br \/><\/strong>Gestionnaire de portefeuille | \u00c9quipe Delisle Simard, Gestion priv\u00e9e CIBC<\/p>\n<p><strong>Michel Biron<br \/><\/strong>Directeur secteur public, Est du Canada, Microsoft<\/p>\n<p><strong>M<sup>e<\/sup> David F. Blair, C.M, AD. <\/strong><strong>E<br \/><\/strong>Associ\u00e9, McCarthy T\u00e9trault<\/p>\n<p><strong>Dominique Brown<br \/><\/strong>Pr\u00e9sident, Chocolats Favoris<\/p>\n<p><strong>Vincent Cliche, CIM<br \/><\/strong>Gestionnaire de portefeuille, Financi\u00e8re Banque Nationale<\/p>\n<p><strong>Albert Dang-Vu<br \/><\/strong>Pr\u00e9sident, Premier Tech Digital, Copr\u00e9sident, Mirego<\/p>\n<p><strong>Fran\u00e7ois Ducharme<br \/><\/strong>Associ\u00e9 fondateur et<br \/>directeur g\u00e9n\u00e9ral du bureau de Qu\u00e9bec, TACT Intelligence-conseil<\/p>\n<p><strong>Caroline M\u00e9nard<br \/><\/strong>Pr\u00e9sidente et associ\u00e9e, Brio Boutique de Management<\/p>\n<p>SECR\u00c9TAIRE<br \/>Non-administrateur<br \/><strong>Yann Dubor<br \/><\/strong>Directeur de la mise en march\u00e9 et du m\u00e9c\u00e9nat, Mus\u00e9e de la civilisation<\/p>\n<p><strong>St\u00e9phan La Roche<br \/><\/strong>Pr\u00e9sident-directeur g\u00e9n\u00e9ral, Mus\u00e9e de la civilisation<\/p>\n<p>OBSERVATRICE<br \/>Non-administratrice<br \/><strong>M<sup>e<\/sup> Caroline Tardif<br \/><\/strong>Avocate, Stein Monast<br \/>Vice-pr\u00e9sidente du comit\u00e9 G\u00e9n\u00e9ration M<\/p>\n<p>\u00c0 propos de la Fondation du Mus\u00e9e de la civilisation\u00a0: <a href=\"https:\/\/mcq.org\/soutenir\/fondation\/\">https:\/\/mcq.org\/soutenir\/fondation\/<\/a><\/p>\n<p><a href=\"\/wp-content\/uploads\/2024\/06\/rapport-activites-fondation-mcq-2023-2024-1.pdf\">Rapport d\u2019activit\u00e9s 2023-2024<\/a><\/p>\n<p style=\"text-align: center;\">\u00a0&#8211; 30 &#8211;<\/p>\n\n\n          <\/div>\n  <\/div>\n<\/div>","protected":false},"excerpt":{"rendered":"","protected":false},"featured_media":17030,"parent":0,"menu_order":0,"template":"","comm-tax":[8],"class_list":["post-17010","presse","type-presse","status-publish","has-post-thumbnail","hentry","comm-tax-communique"],"acf":[],"yoast_head":"<!-- This site is optimized with the Yoast SEO Premium plugin v27.3 (Yoast SEO v27.3) - https:\/\/yoast.com\/product\/yoast-seo-premium-wordpress\/ -->\n<title>Fondation du Mus\u00e9e de la civilisation\u00a0: une ann\u00e9e 2023-2024 dynamique et changement \u00e0 la pr\u00e9sidence du conseil d\u2019administration - Communiqu\u00e9 de presse | Mus\u00e9e de la civilisation<\/title>\n<meta name=\"description\" content=\"Fondation du Mus\u00e9e de la civilisation\u00a0: une ann\u00e9e 2023-2024 dynamique et changement \u00e0 la pr\u00e9sidence du conseil d\u2019administration- communiqu\u00e9 de presse du Mus\u00e9e de la civilisation \u00e0 Qu\u00e9bec.\" \/>\n<meta name=\"robots\" content=\"index, follow, max-snippet:-1, max-image-preview:large, max-video-preview:-1\" \/>\n<link rel=\"canonical\" href=\"https:\/\/mcq.org\/en\/a-propos\/medias\/communiques\/fondation-du-musee-de-la-civilisation-une-annee-2023-2024-dynamique-et-changement-a-la-presidence-du-conseil-dadministration\/\" \/>\n<meta property=\"og:locale\" content=\"en_US\" \/>\n<meta property=\"og:type\" content=\"article\" \/>\n<meta property=\"og:title\" content=\"Fondation du Mus\u00e9e de la civilisation\u00a0: une ann\u00e9e 2023-2024 dynamique et changement \u00e0 la pr\u00e9sidence du conseil d\u2019administration - Communiqu\u00e9 de presse | Mus\u00e9e de la civilisation\" \/>\n<meta property=\"og:description\" content=\"Fondation du Mus\u00e9e de la civilisation\u00a0: une ann\u00e9e 2023-2024 dynamique et changement \u00e0 la pr\u00e9sidence du conseil d\u2019administration- communiqu\u00e9 de presse du Mus\u00e9e de la civilisation \u00e0 Qu\u00e9bec.\" \/>\n<meta property=\"og:url\" content=\"https:\/\/mcq.org\/en\/a-propos\/medias\/communiques\/fondation-du-musee-de-la-civilisation-une-annee-2023-2024-dynamique-et-changement-a-la-presidence-du-conseil-dadministration\/\" \/>\n<meta property=\"og:site_name\" content=\"Mus\u00e9e de la civilisation\" \/>\n<meta property=\"article:publisher\" content=\"https:\/\/www.facebook.com\/mcqorg\" \/>\n<meta property=\"article:modified_time\" content=\"2024-07-09T16:14:04+00:00\" \/>\n<meta property=\"og:image\" content=\"https:\/\/mcq.org\/wp-content\/uploads\/2024\/06\/fondation-claude-choquette-olga-farman.jpg\" \/>\n\t<meta property=\"og:image:width\" content=\"600\" \/>\n\t<meta property=\"og:image:height\" content=\"600\" \/>\n\t<meta property=\"og:image:type\" content=\"image\/jpeg\" \/>\n<meta name=\"twitter:card\" content=\"summary_large_image\" \/>\n<meta name=\"twitter:site\" content=\"@mcqorg\" \/>\n<meta name=\"twitter:label1\" content=\"Est. reading time\" \/>\n\t<meta name=\"twitter:data1\" content=\"5 minutes\" \/>\n<!-- \/ Yoast SEO Premium plugin. -->","yoast_head_json":{"title":"Fondation du Mus\u00e9e de la civilisation\u00a0: une ann\u00e9e 2023-2024 dynamique et changement \u00e0 la pr\u00e9sidence du conseil d\u2019administration - Communiqu\u00e9 de presse | Mus\u00e9e de la civilisation","description":"Fondation du Mus\u00e9e de la civilisation\u00a0: une ann\u00e9e 2023-2024 dynamique et changement \u00e0 la pr\u00e9sidence du conseil d\u2019administration- communiqu\u00e9 de presse du Mus\u00e9e de la civilisation \u00e0 Qu\u00e9bec.","robots":{"index":"index","follow":"follow","max-snippet":"max-snippet:-1","max-image-preview":"max-image-preview:large","max-video-preview":"max-video-preview:-1"},"canonical":"https:\/\/mcq.org\/en\/a-propos\/medias\/communiques\/fondation-du-musee-de-la-civilisation-une-annee-2023-2024-dynamique-et-changement-a-la-presidence-du-conseil-dadministration\/","og_locale":"en_US","og_type":"article","og_title":"Fondation du Mus\u00e9e de la civilisation\u00a0: une ann\u00e9e 2023-2024 dynamique et changement \u00e0 la pr\u00e9sidence du conseil d\u2019administration - Communiqu\u00e9 de presse | Mus\u00e9e de la civilisation","og_description":"Fondation du Mus\u00e9e de la civilisation\u00a0: une ann\u00e9e 2023-2024 dynamique et changement \u00e0 la pr\u00e9sidence du conseil d\u2019administration- communiqu\u00e9 de presse du Mus\u00e9e de la civilisation \u00e0 Qu\u00e9bec.","og_url":"https:\/\/mcq.org\/en\/a-propos\/medias\/communiques\/fondation-du-musee-de-la-civilisation-une-annee-2023-2024-dynamique-et-changement-a-la-presidence-du-conseil-dadministration\/","og_site_name":"Mus\u00e9e de la civilisation","article_publisher":"https:\/\/www.facebook.com\/mcqorg","article_modified_time":"2024-07-09T16:14:04+00:00","og_image":[{"width":600,"height":600,"url":"https:\/\/mcq.org\/wp-content\/uploads\/2024\/06\/fondation-claude-choquette-olga-farman.jpg","type":"image\/jpeg"}],"twitter_card":"summary_large_image","twitter_site":"@mcqorg","twitter_misc":{"Est. reading time":"5 minutes"},"schema":{"@context":"https:\/\/schema.org","@graph":[{"@type":"WebPage","@id":"https:\/\/mcq.org\/en\/a-propos\/medias\/communiques\/fondation-du-musee-de-la-civilisation-une-annee-2023-2024-dynamique-et-changement-a-la-presidence-du-conseil-dadministration\/","url":"https:\/\/mcq.org\/en\/a-propos\/medias\/communiques\/fondation-du-musee-de-la-civilisation-une-annee-2023-2024-dynamique-et-changement-a-la-presidence-du-conseil-dadministration\/","name":"Fondation du Mus\u00e9e de la civilisation\u00a0: une ann\u00e9e 2023-2024 dynamique et changement \u00e0 la pr\u00e9sidence du conseil d\u2019administration - Communiqu\u00e9 de presse | Mus\u00e9e de la civilisation","isPartOf":{"@id":"https:\/\/mcq.org\/en\/#website"},"primaryImageOfPage":{"@id":"https:\/\/mcq.org\/en\/a-propos\/medias\/communiques\/fondation-du-musee-de-la-civilisation-une-annee-2023-2024-dynamique-et-changement-a-la-presidence-du-conseil-dadministration\/#primaryimage"},"image":{"@id":"https:\/\/mcq.org\/en\/a-propos\/medias\/communiques\/fondation-du-musee-de-la-civilisation-une-annee-2023-2024-dynamique-et-changement-a-la-presidence-du-conseil-dadministration\/#primaryimage"},"thumbnailUrl":"https:\/\/mcq.org\/wp-content\/uploads\/2024\/06\/fondation-claude-choquette-olga-farman.jpg","datePublished":"2024-06-11T15:30:00+00:00","dateModified":"2024-07-09T16:14:04+00:00","description":"Fondation du Mus\u00e9e de la civilisation\u00a0: une ann\u00e9e 2023-2024 dynamique et changement \u00e0 la pr\u00e9sidence du conseil d\u2019administration- communiqu\u00e9 de presse du Mus\u00e9e de la civilisation \u00e0 Qu\u00e9bec.","breadcrumb":{"@id":"https:\/\/mcq.org\/en\/a-propos\/medias\/communiques\/fondation-du-musee-de-la-civilisation-une-annee-2023-2024-dynamique-et-changement-a-la-presidence-du-conseil-dadministration\/#breadcrumb"},"inLanguage":"en-US","potentialAction":[{"@type":"ReadAction","target":["https:\/\/mcq.org\/en\/a-propos\/medias\/communiques\/fondation-du-musee-de-la-civilisation-une-annee-2023-2024-dynamique-et-changement-a-la-presidence-du-conseil-dadministration\/"]}]},{"@type":"ImageObject","inLanguage":"en-US","@id":"https:\/\/mcq.org\/en\/a-propos\/medias\/communiques\/fondation-du-musee-de-la-civilisation-une-annee-2023-2024-dynamique-et-changement-a-la-presidence-du-conseil-dadministration\/#primaryimage","url":"https:\/\/mcq.org\/wp-content\/uploads\/2024\/06\/fondation-claude-choquette-olga-farman.jpg","contentUrl":"https:\/\/mcq.org\/wp-content\/uploads\/2024\/06\/fondation-claude-choquette-olga-farman.jpg","width":600,"height":600,"caption":"Claude Choquette et Olga Farman prennent la pose dans le Hall du Mus\u00e9e"},{"@type":"BreadcrumbList","@id":"https:\/\/mcq.org\/en\/a-propos\/medias\/communiques\/fondation-du-musee-de-la-civilisation-une-annee-2023-2024-dynamique-et-changement-a-la-presidence-du-conseil-dadministration\/#breadcrumb","itemListElement":[{"@type":"ListItem","position":1,"name":"Home","item":"https:\/\/mcq.org\/en\/"},{"@type":"ListItem","position":2,"name":"Communiqu\u00e9s presse","item":"https:\/\/mcq.org\/en\/a-propos\/medias\/communiques\/"},{"@type":"ListItem","position":3,"name":"Fondation du Mus\u00e9e de la civilisation\u00a0: une ann\u00e9e 2023-2024 dynamique et changement \u00e0 la pr\u00e9sidence du conseil d\u2019administration"}]},{"@type":"WebSite","@id":"https:\/\/mcq.org\/en\/#website","url":"https:\/\/mcq.org\/en\/","name":"Mus\u00e9e de la civilisation","description":"Le Mus\u00e9e de la civilisation explore les diff\u00e9rentes facettes de la r\u00e9alit\u00e9 humaine avec sa d\u00e9marche unique qui combine enchantement, connaissance et r\u00e9flexion.","publisher":{"@id":"https:\/\/mcq.org\/en\/#organization"},"alternateName":"MCQ","potentialAction":[{"@type":"SearchAction","target":{"@type":"EntryPoint","urlTemplate":"https:\/\/mcq.org\/en\/?s={search_term_string}"},"query-input":{"@type":"PropertyValueSpecification","valueRequired":true,"valueName":"search_term_string"}}],"inLanguage":"en-US"},{"@type":"Organization","@id":"https:\/\/mcq.org\/en\/#organization","name":"Mus\u00e9e de la civilisation","alternateName":"MCQ","url":"https:\/\/mcq.org\/en\/","logo":{"@type":"ImageObject","inLanguage":"en-US","@id":"https:\/\/mcq.org\/en\/#\/schema\/logo\/image\/","url":"https:\/\/mcq.org\/wp-content\/uploads\/2023\/04\/logo-mcq-300x123-1.png","contentUrl":"https:\/\/mcq.org\/wp-content\/uploads\/2023\/04\/logo-mcq-300x123-1.png","width":300,"height":123,"caption":"Mus\u00e9e de la civilisation"},"image":{"@id":"https:\/\/mcq.org\/en\/#\/schema\/logo\/image\/"},"sameAs":["https:\/\/www.facebook.com\/mcqorg","https:\/\/x.com\/mcqorg","https:\/\/www.instagram.com\/mcqorg\/","https:\/\/www.linkedin.com\/company\/mcqorg\/"]}]}},"_links":{"self":[{"href":"https:\/\/mcq.org\/en\/wp-json\/wp\/v2\/presse\/17010","targetHints":{"allow":["GET"]}}],"collection":[{"href":"https:\/\/mcq.org\/en\/wp-json\/wp\/v2\/presse"}],"about":[{"href":"https:\/\/mcq.org\/en\/wp-json\/wp\/v2\/types\/presse"}],"version-history":[{"count":3,"href":"https:\/\/mcq.org\/en\/wp-json\/wp\/v2\/presse\/17010\/revisions"}],"predecessor-version":[{"id":17029,"href":"https:\/\/mcq.org\/en\/wp-json\/wp\/v2\/presse\/17010\/revisions\/17029"}],"wp:featuredmedia":[{"embeddable":true,"href":"https:\/\/mcq.org\/en\/wp-json\/wp\/v2\/media\/17030"}],"wp:attachment":[{"href":"https:\/\/mcq.org\/en\/wp-json\/wp\/v2\/media?parent=17010"}],"wp:term":[{"taxonomy":"comm-tax","embeddable":true,"href":"https:\/\/mcq.org\/en\/wp-json\/wp\/v2\/comm-tax?post=17010"}],"curies":[{"name":"wp","href":"https:\/\/api.w.org\/{rel}","templated":true}]}}